{"id":45994,"date":"2012-07-24T16:06:12","date_gmt":"2012-07-24T14:06:12","guid":{"rendered":"https:\/\/sandzakpress.net\/arhiva\/?p=45994"},"modified":"2012-07-24T16:06:12","modified_gmt":"2012-07-24T14:06:12","slug":"drews-situacija-na-kosovu-nije-stabilna","status":"publish","type":"post","link":"https:\/\/sandzakpress.net\/arhiva\/drews-situacija-na-kosovu-nije-stabilna\/","title":{"rendered":"Drews: Situacija na Kosovu nije stabilna"},"content":{"rendered":"<p><strong><a href=\"https:\/\/sandzakpress.net\/arhiva\/wp-content\/uploads\/2012\/07\/erhard_drews-ap.jpg\"><img loading=\"lazy\" decoding=\"async\" class=\"alignleft size-medium wp-image-45996\" title=\"erhard_drews-ap\" src=\"https:\/\/sandzakpress.net\/arhiva\/wp-content\/uploads\/2012\/07\/erhard_drews-ap-300x200.jpg\" alt=\"\" width=\"300\" height=\"200\" \/><\/a>Kosovo &#8211; Komandant KFOR-a, njema\u010dki general Erhard Drews, izjavio je da situacija na Kosovu nije stabilna.<\/strong><\/p>\n<p>On je u intervjuu za <em>Nordwes-Zeitung<\/em> upozorio kako &#8220;provokacije s jedne i konstantni odgovori druge strane mogu izazvati sukobe \u0161irih razmjera&#8221;.<\/p>\n<p>&#8220;Nismo do\u0161li do kraja puta nasilja na Kosovu&#8221;, kazao je Drews.<\/p>\n<p>On  je dodao kako trenutno ne postoje uvjeti za sigurno smanjenje broja  vojnika KFOR-a na Kosovu, ve\u0107 da je neophodno rije\u0161iti sve nesporazume, a  tek nakon toga razgovarati i o smanjenju kontingenta me\u0111unarodnih  trupa.<\/p>\n<p>Drews je apelirao na njema\u010dku javnost da se ne bazira samo na Afganistan i tamo\u0161nje prisustvo me\u0111unarodnih mirovnih trupa.<\/p>\n<p>&#8220;Kosovski problem nam se odvija tu, pred o\u010dima. Sjetimo se navale izbjeglica sa ovih teritorija u 90-im&#8221;, rekao je Drews.<\/p>\n<p>KFOR  broji oko 5.700 vojnika na Kosovu, a oko 900 pripadnika me\u0111unarodnih  mirovnih trupa dolazi iz Njema\u010dke, prenosi agencija Anadolija.<\/p>\n<p>( <strong>Aljazeera )<br \/>\n<\/strong><\/p>\n","protected":false},"excerpt":{"rendered":"<p>Kosovo &#8211; Komandant KFOR-a, njema\u010dki general Erhard Drews, izjavio je da situacija na Kosovu nije stabilna. On je u intervjuu za Nordwes-Zeitung upozorio kako &#8220;provokacije s jedne i konstantni odgovori druge strane mogu izazvati sukobe \u0161irih razmjera&#8221;. &#8220;Nismo do\u0161li do kraja puta nasilja na Kosovu&#8221;, kazao je Drews. On je dodao kako trenutno ne postoje [&hellip;]<\/p>\n","protected":false},"author":13,"featured_media":45996,"comment_status":"open","ping_status":"open","sticky":false,"template":"","format":"standard","meta":{"footnotes":""},"categories":[2690],"tags":[],"class_list":{"0":"post-45994","1":"post","2":"type-post","3":"status-publish","4":"format-standard","5":"has-post-thumbnail","7":"category-kosovo-gradovi"},"yoast_head":"<!-- This site is optimized with the Yoast SEO Premium plugin v23.1 (Yoast SEO v24.9) - https:\/\/yoast.com\/wordpress\/plugins\/seo\/ -->\n<title>Drews: Situacija na Kosovu nije stabilna<\/title>\n<meta name=\"robots\" content=\"index, follow, max-snippet:-1, max-image-preview:large, max-video-preview:-1\" \/>\n<link rel=\"canonical\" href=\"https:\/\/sandzakpress.net\/arhiva\/drews-situacija-na-kosovu-nije-stabilna\/\" \/>\n<meta property=\"og:locale\" content=\"bs_BA\" \/>\n<meta property=\"og:type\" content=\"article\" \/>\n<meta property=\"og:title\" content=\"Drews: Situacija na Kosovu nije stabilna\" \/>\n<meta property=\"og:description\" content=\"Kosovo &#8211; Komandant KFOR-a, njema\u010dki general Erhard Drews, izjavio je da situacija na Kosovu nije stabilna. On je u intervjuu za Nordwes-Zeitung upozorio kako &#8220;provokacije s jedne i konstantni odgovori druge strane mogu izazvati sukobe \u0161irih razmjera&#8221;. &#8220;Nismo do\u0161li do kraja puta nasilja na Kosovu&#8221;, kazao je Drews. On je dodao kako trenutno ne postoje [&hellip;]\" \/>\n<meta property=\"og:url\" content=\"https:\/\/sandzakpress.net\/arhiva\/drews-situacija-na-kosovu-nije-stabilna\/\" \/>\n<meta property=\"og:site_name\" content=\"Sand\u017eak PRESS\" \/>\n<meta property=\"article:published_time\" content=\"2012-07-24T14:06:12+00:00\" \/>\n<meta property=\"og:image\" content=\"https:\/\/sandzakpress.net\/arhiva\/wp-content\/uploads\/2012\/07\/erhard_drews-ap.jpg\" \/>\n\t<meta property=\"og:image:width\" content=\"616\" \/>\n\t<meta property=\"og:image:height\" content=\"411\" \/>\n\t<meta property=\"og:image:type\" content=\"image\/jpeg\" \/>\n<meta name=\"twitter:card\" content=\"summary_large_image\" \/>\n<meta name=\"twitter:label1\" content=\"Written by\" \/>\n\t<meta name=\"twitter:data1\" content=\"\" \/>\n\t<meta name=\"twitter:label2\" content=\"Est. reading time\" \/>\n\t<meta name=\"twitter:data2\" content=\"1 minuta\" \/>\n<script type=\"application\/ld+json\" class=\"yoast-schema-graph\">{\"@context\":\"https:\/\/schema.org\",\"@graph\":[{\"@type\":\"Article\",\"@id\":\"https:\/\/sandzakpress.net\/arhiva\/drews-situacija-na-kosovu-nije-stabilna\/#article\",\"isPartOf\":{\"@id\":\"https:\/\/sandzakpress.net\/arhiva\/drews-situacija-na-kosovu-nije-stabilna\/\"},\"author\":{\"name\":\"\",\"@id\":\"\"},\"headline\":\"Drews: Situacija na Kosovu nije stabilna\",\"datePublished\":\"2012-07-24T14:06:12+00:00\",\"mainEntityOfPage\":{\"@id\":\"https:\/\/sandzakpress.net\/arhiva\/drews-situacija-na-kosovu-nije-stabilna\/\"},\"wordCount\":156,\"commentCount\":0,\"publisher\":{\"@id\":\"https:\/\/sandzakpress.net\/arhiva\/#\/schema\/person\/6e72b67d6e51910a1117b3b483ba20bd\"},\"image\":{\"@id\":\"https:\/\/sandzakpress.net\/arhiva\/drews-situacija-na-kosovu-nije-stabilna\/#primaryimage\"},\"thumbnailUrl\":\"https:\/\/sandzakpress.net\/arhiva\/wp-content\/uploads\/2012\/07\/erhard_drews-ap.jpg\",\"articleSection\":[\"Kosovo\"],\"inLanguage\":\"bs-BA\",\"potentialAction\":[{\"@type\":\"CommentAction\",\"name\":\"Comment\",\"target\":[\"https:\/\/sandzakpress.net\/arhiva\/drews-situacija-na-kosovu-nije-stabilna\/#respond\"]}]},{\"@type\":\"WebPage\",\"@id\":\"https:\/\/sandzakpress.net\/arhiva\/drews-situacija-na-kosovu-nije-stabilna\/\",\"url\":\"https:\/\/sandzakpress.net\/arhiva\/drews-situacija-na-kosovu-nije-stabilna\/\",\"name\":\"Drews: Situacija na Kosovu nije stabilna\",\"isPartOf\":{\"@id\":\"https:\/\/sandzakpress.net\/arhiva\/#website\"},\"primaryImageOfPage\":{\"@id\":\"https:\/\/sandzakpress.net\/arhiva\/drews-situacija-na-kosovu-nije-stabilna\/#primaryimage\"},\"image\":{\"@id\":\"https:\/\/sandzakpress.net\/arhiva\/drews-situacija-na-kosovu-nije-stabilna\/#primaryimage\"},\"thumbnailUrl\":\"https:\/\/sandzakpress.net\/arhiva\/wp-content\/uploads\/2012\/07\/erhard_drews-ap.jpg\",\"datePublished\":\"2012-07-24T14:06:12+00:00\",\"breadcrumb\":{\"@id\":\"https:\/\/sandzakpress.net\/arhiva\/drews-situacija-na-kosovu-nije-stabilna\/#breadcrumb\"},\"inLanguage\":\"bs-BA\",\"potentialAction\":[{\"@type\":\"ReadAction\",\"target\":[\"https:\/\/sandzakpress.net\/arhiva\/drews-situacija-na-kosovu-nije-stabilna\/\"]}]},{\"@type\":\"ImageObject\",\"inLanguage\":\"bs-BA\",\"@id\":\"https:\/\/sandzakpress.net\/arhiva\/drews-situacija-na-kosovu-nije-stabilna\/#primaryimage\",\"url\":\"https:\/\/sandzakpress.net\/arhiva\/wp-content\/uploads\/2012\/07\/erhard_drews-ap.jpg\",\"contentUrl\":\"https:\/\/sandzakpress.net\/arhiva\/wp-content\/uploads\/2012\/07\/erhard_drews-ap.jpg\",\"width\":616,\"height\":411},{\"@type\":\"BreadcrumbList\",\"@id\":\"https:\/\/sandzakpress.net\/arhiva\/drews-situacija-na-kosovu-nije-stabilna\/#breadcrumb\",\"itemListElement\":[{\"@type\":\"ListItem\",\"position\":1,\"name\":\"Home\",\"item\":\"https:\/\/sandzakpress.net\/arhiva\/\"},{\"@type\":\"ListItem\",\"position\":2,\"name\":\"Drews: Situacija na Kosovu nije stabilna\"}]},{\"@type\":\"WebSite\",\"@id\":\"https:\/\/sandzakpress.net\/arhiva\/#website\",\"url\":\"https:\/\/sandzakpress.net\/arhiva\/\",\"name\":\"Sand\u017eak PRESS\",\"description\":\"Prve elektronske novine u Sand\u017eaku\",\"publisher\":{\"@id\":\"https:\/\/sandzakpress.net\/arhiva\/#\/schema\/person\/6e72b67d6e51910a1117b3b483ba20bd\"},\"potentialAction\":[{\"@type\":\"SearchAction\",\"target\":{\"@type\":\"EntryPoint\",\"urlTemplate\":\"https:\/\/sandzakpress.net\/arhiva\/?s={search_term_string}\"},\"query-input\":{\"@type\":\"PropertyValueSpecification\",\"valueRequired\":true,\"valueName\":\"search_term_string\"}}],\"inLanguage\":\"bs-BA\"},{\"@type\":[\"Person\",\"Organization\"],\"@id\":\"https:\/\/sandzakpress.net\/arhiva\/#\/schema\/person\/6e72b67d6e51910a1117b3b483ba20bd\",\"name\":\"Kul\",\"image\":{\"@type\":\"ImageObject\",\"inLanguage\":\"bs-BA\",\"@id\":\"https:\/\/sandzakpress.net\/arhiva\/#\/schema\/person\/image\/\",\"url\":\"https:\/\/secure.gravatar.com\/avatar\/42263f39aa27ac04c43cab85c280eb2e?s=96&d=mm&r=pg\",\"contentUrl\":\"https:\/\/secure.gravatar.com\/avatar\/42263f39aa27ac04c43cab85c280eb2e?s=96&d=mm&r=pg\",\"caption\":\"Kul\"},\"logo\":{\"@id\":\"https:\/\/sandzakpress.net\/arhiva\/#\/schema\/person\/image\/\"}},{\"@type\":\"Person\",\"@id\":\"\",\"url\":\"https:\/\/sandzakpress.net\/arhiva\/author\/\"}]}<\/script>\n<!-- \/ Yoast SEO Premium plugin. -->","yoast_head_json":{"title":"Drews: Situacija na Kosovu nije stabilna","robots":{"index":"index","follow":"follow","max-snippet":"max-snippet:-1","max-image-preview":"max-image-preview:large","max-video-preview":"max-video-preview:-1"},"canonical":"https:\/\/sandzakpress.net\/arhiva\/drews-situacija-na-kosovu-nije-stabilna\/","og_locale":"bs_BA","og_type":"article","og_title":"Drews: Situacija na Kosovu nije stabilna","og_description":"Kosovo &#8211; Komandant KFOR-a, njema\u010dki general Erhard Drews, izjavio je da situacija na Kosovu nije stabilna. On je u intervjuu za Nordwes-Zeitung upozorio kako &#8220;provokacije s jedne i konstantni odgovori druge strane mogu izazvati sukobe \u0161irih razmjera&#8221;. &#8220;Nismo do\u0161li do kraja puta nasilja na Kosovu&#8221;, kazao je Drews. On je dodao kako trenutno ne postoje [&hellip;]","og_url":"https:\/\/sandzakpress.net\/arhiva\/drews-situacija-na-kosovu-nije-stabilna\/","og_site_name":"Sand\u017eak PRESS","article_published_time":"2012-07-24T14:06:12+00:00","og_image":[{"width":616,"height":411,"url":"https:\/\/sandzakpress.net\/arhiva\/wp-content\/uploads\/2012\/07\/erhard_drews-ap.jpg","type":"image\/jpeg"}],"twitter_card":"summary_large_image","twitter_misc":{"Written by":"","Est. reading time":"1 minuta"},"schema":{"@context":"https:\/\/schema.org","@graph":[{"@type":"Article","@id":"https:\/\/sandzakpress.net\/arhiva\/drews-situacija-na-kosovu-nije-stabilna\/#article","isPartOf":{"@id":"https:\/\/sandzakpress.net\/arhiva\/drews-situacija-na-kosovu-nije-stabilna\/"},"author":{"name":"","@id":""},"headline":"Drews: Situacija na Kosovu nije stabilna","datePublished":"2012-07-24T14:06:12+00:00","mainEntityOfPage":{"@id":"https:\/\/sandzakpress.net\/arhiva\/drews-situacija-na-kosovu-nije-stabilna\/"},"wordCount":156,"commentCount":0,"publisher":{"@id":"https:\/\/sandzakpress.net\/arhiva\/#\/schema\/person\/6e72b67d6e51910a1117b3b483ba20bd"},"image":{"@id":"https:\/\/sandzakpress.net\/arhiva\/drews-situacija-na-kosovu-nije-stabilna\/#primaryimage"},"thumbnailUrl":"https:\/\/sandzakpress.net\/arhiva\/wp-content\/uploads\/2012\/07\/erhard_drews-ap.jpg","articleSection":["Kosovo"],"inLanguage":"bs-BA","potentialAction":[{"@type":"CommentAction","name":"Comment","target":["https:\/\/sandzakpress.net\/arhiva\/drews-situacija-na-kosovu-nije-stabilna\/#respond"]}]},{"@type":"WebPage","@id":"https:\/\/sandzakpress.net\/arhiva\/drews-situacija-na-kosovu-nije-stabilna\/","url":"https:\/\/sandzakpress.net\/arhiva\/drews-situacija-na-kosovu-nije-stabilna\/","name":"Drews: Situacija na Kosovu nije stabilna","isPartOf":{"@id":"https:\/\/sandzakpress.net\/arhiva\/#website"},"primaryImageOfPage":{"@id":"https:\/\/sandzakpress.net\/arhiva\/drews-situacija-na-kosovu-nije-stabilna\/#primaryimage"},"image":{"@id":"https:\/\/sandzakpress.net\/arhiva\/drews-situacija-na-kosovu-nije-stabilna\/#primaryimage"},"thumbnailUrl":"https:\/\/sandzakpress.net\/arhiva\/wp-content\/uploads\/2012\/07\/erhard_drews-ap.jpg","datePublished":"2012-07-24T14:06:12+00:00","breadcrumb":{"@id":"https:\/\/sandzakpress.net\/arhiva\/drews-situacija-na-kosovu-nije-stabilna\/#breadcrumb"},"inLanguage":"bs-BA","potentialAction":[{"@type":"ReadAction","target":["https:\/\/sandzakpress.net\/arhiva\/drews-situacija-na-kosovu-nije-stabilna\/"]}]},{"@type":"ImageObject","inLanguage":"bs-BA","@id":"https:\/\/sandzakpress.net\/arhiva\/drews-situacija-na-kosovu-nije-stabilna\/#primaryimage","url":"https:\/\/sandzakpress.net\/arhiva\/wp-content\/uploads\/2012\/07\/erhard_drews-ap.jpg","contentUrl":"https:\/\/sandzakpress.net\/arhiva\/wp-content\/uploads\/2012\/07\/erhard_drews-ap.jpg","width":616,"height":411},{"@type":"BreadcrumbList","@id":"https:\/\/sandzakpress.net\/arhiva\/drews-situacija-na-kosovu-nije-stabilna\/#breadcrumb","itemListElement":[{"@type":"ListItem","position":1,"name":"Home","item":"https:\/\/sandzakpress.net\/arhiva\/"},{"@type":"ListItem","position":2,"name":"Drews: Situacija na Kosovu nije stabilna"}]},{"@type":"WebSite","@id":"https:\/\/sandzakpress.net\/arhiva\/#website","url":"https:\/\/sandzakpress.net\/arhiva\/","name":"Sand\u017eak PRESS","description":"Prve elektronske novine u Sand\u017eaku","publisher":{"@id":"https:\/\/sandzakpress.net\/arhiva\/#\/schema\/person\/6e72b67d6e51910a1117b3b483ba20bd"},"potentialAction":[{"@type":"SearchAction","target":{"@type":"EntryPoint","urlTemplate":"https:\/\/sandzakpress.net\/arhiva\/?s={search_term_string}"},"query-input":{"@type":"PropertyValueSpecification","valueRequired":true,"valueName":"search_term_string"}}],"inLanguage":"bs-BA"},{"@type":["Person","Organization"],"@id":"https:\/\/sandzakpress.net\/arhiva\/#\/schema\/person\/6e72b67d6e51910a1117b3b483ba20bd","name":"Kul","image":{"@type":"ImageObject","inLanguage":"bs-BA","@id":"https:\/\/sandzakpress.net\/arhiva\/#\/schema\/person\/image\/","url":"https:\/\/secure.gravatar.com\/avatar\/42263f39aa27ac04c43cab85c280eb2e?s=96&d=mm&r=pg","contentUrl":"https:\/\/secure.gravatar.com\/avatar\/42263f39aa27ac04c43cab85c280eb2e?s=96&d=mm&r=pg","caption":"Kul"},"logo":{"@id":"https:\/\/sandzakpress.net\/arhiva\/#\/schema\/person\/image\/"}},{"@type":"Person","@id":"","url":"https:\/\/sandzakpress.net\/arhiva\/author\/"}]}},"_links":{"self":[{"href":"https:\/\/sandzakpress.net\/arhiva\/wp-json\/wp\/v2\/posts\/45994"}],"collection":[{"href":"https:\/\/sandzakpress.net\/arhiva\/wp-json\/wp\/v2\/posts"}],"about":[{"href":"https:\/\/sandzakpress.net\/arhiva\/wp-json\/wp\/v2\/types\/post"}],"author":[{"embeddable":true,"href":"https:\/\/sandzakpress.net\/arhiva\/wp-json\/wp\/v2\/users\/13"}],"replies":[{"embeddable":true,"href":"https:\/\/sandzakpress.net\/arhiva\/wp-json\/wp\/v2\/comments?post=45994"}],"version-history":[{"count":0,"href":"https:\/\/sandzakpress.net\/arhiva\/wp-json\/wp\/v2\/posts\/45994\/revisions"}],"wp:featuredmedia":[{"embeddable":true,"href":"https:\/\/sandzakpress.net\/arhiva\/wp-json\/wp\/v2\/media\/45996"}],"wp:attachment":[{"href":"https:\/\/sandzakpress.net\/arhiva\/wp-json\/wp\/v2\/media?parent=45994"}],"wp:term":[{"taxonomy":"category","embeddable":true,"href":"https:\/\/sandzakpress.net\/arhiva\/wp-json\/wp\/v2\/categories?post=45994"},{"taxonomy":"post_tag","embeddable":true,"href":"https:\/\/sandzakpress.net\/arhiva\/wp-json\/wp\/v2\/tags?post=45994"}],"curies":[{"name":"wp","href":"https:\/\/api.w.org\/{rel}","templated":true}]}}