{"id":45975,"date":"2012-07-24T15:54:53","date_gmt":"2012-07-24T13:54:53","guid":{"rendered":"https:\/\/sandzakpress.net\/arhiva\/?p=45975"},"modified":"2012-07-24T15:57:21","modified_gmt":"2012-07-24T13:57:21","slug":"masovna-tuca-u-sarajevu-izmedu-zeljeznicara-i-maribora-video","status":"publish","type":"post","link":"https:\/\/sandzakpress.net\/arhiva\/masovna-tuca-u-sarajevu-izmedu-zeljeznicara-i-maribora-video\/","title":{"rendered":"Masovna tu\u010da u Sarajevu izme\u0111u \u017deljezni\u010dara i Maribora (Video)"},"content":{"rendered":"<p><strong><a href=\"https:\/\/sandzakpress.net\/arhiva\/wp-content\/uploads\/2012\/07\/sarajevo-neredi.jpg\"><img loading=\"lazy\" decoding=\"async\" class=\"alignleft size-medium wp-image-45980\" title=\"sarajevo-neredi\" src=\"https:\/\/sandzakpress.net\/arhiva\/wp-content\/uploads\/2012\/07\/sarajevo-neredi-300x158.jpg\" alt=\"\" width=\"300\" height=\"158\" \/><\/a>BiH &#8211; U centru Sarajeva izbila je masovna tu\u010da navija\u010da Maribora i \u017deljezni\u010dara. Kako prenose sarajevski mediji, povrije\u0111eni su jedan policajac i jedan navija\u010d slovena\u010dkog tima, dok je jedno policijsko vozilo o\u0161te\u0107eno.<\/strong><\/p>\n<p>Samo dan po\u0161to su navija\u010di Sarajeva napali bugarske dr\u017eavljane i povrijedili dva vojnika EUFOR-a, u prijestonici Bosne i Hercegovine do\u0161lo je do novog navija\u010dkog sukoba.<\/p>\n<p>Ovog puta vinovnici su najvjerovatnije bili navija\u010di \u017deljezni\u010dara koji su se sukobili sa\u00a0pristalicama Maribora. Ina\u010de, dva kluba ve\u010deras igraju revan\u0161 me\u010d kvalifikacija za Ligu \u0161ampiona.<\/p>\n<p>Kako izvje\u0161tavaju sarajevski mediji, do sukoba je do\u0161lo u kafi\u0107u u blizini Katedrale u tom gradu, a huligani su u neredima koristili pepeljare, fla\u0161e i ostale predmete koji su im bili dostupni.<\/p>\n<p>U MUP-u Kantona Sarajevo tvrde da su nerede izazvali navija\u010di \u017deljezni\u010dara.<\/p>\n<p><iframe loading=\"lazy\" width=\"616\" height=\"350\" src=\"http:\/\/www.youtube.com\/embed\/4L0LJGOfbGE\" frameborder=\"0\" allowfullscreen><\/iframe><\/p>\n<p>Ipak,\u00a0sarajevski mediji se pozivaju na izjave o\u010devidaca koji su rekli da su za tu\u010du odgovorni slovena\u010dki navija\u010di koji su navodno provocirali prolaznike kli\u010du\u0107i Slobodanu Milo\u0161evi\u0107u i\u00a0pominjali\u00a0Srebrenicu u negativnom kontekstu.<\/p>\n<p>Jedan od o\u010devidaca doga\u0111aja rekao je da su u sukobima povrije\u0111ena dva policajca, i da je jedno policijsko vozilo o\u0161te\u0107eno. Za sada je\u00a0potvr\u0111eno da je u urgentni centar primljen samo jedan policajac sa povredom prsta.<\/p>\n<p>U Sarajevu od danas vladaju nevi\u0111ene mjere bezbjednosti pred ve\u010dera\u0161nju utakmicu \u017deljezni\u010dara i Maribora, a policija je formirala i &#8220;\u0160tab akcije&#8221;, a policija je ve\u0107 u pripravnosti\u00a0i zbog susreta Sarajeva\u00a0i Levskog iz Sofije koji se igra u \u010detvrtak.<\/p>\n<p>Zanimljivo je da je ju\u010de ve\u0107 do\u0161lo do incidenta u gradu kada su trojica navija\u010da Sarajeva napali grupu bugarskih dr\u017eavljana, i tom priliom povrijedili dvojicu vojnika EUFOR-a iz\u00a0ma\u0111arskog kontingenta.<\/p>\n<p>Taj incident se dogodio uo\u010di revan\u0161 me\u010da koje Sarajevo igra sa Levskim iz Sofije u kvalifikacijama za Ligu Evrope, a doma\u0107i navija\u010di\u00a0su pripadnike ma\u0111arskog EUFOR-a najverovatnije pomije\u0161ali sa bugarskim vojnicima. U prvom me\u010du, pro\u0161log \u010detvrtka u Sofiji, bugarski navija\u010di su \u017eestoko vrije\u0111ali Sarajlije.<\/p>\n<p>Navija\u010di Levskog su na me\u010du podigli transparent na kojem je pisalo: &#8220;J&#8230;li su vas Ratko Mladi\u0107 i Arkan, sad je red na nas&#8221;. Osim toga navija\u010di Levskog su za revan\u0161 me\u010d pozvali svoje pristalice uz letak na kojem je bilo napisano: &#8220;No\u017e, \u017eica, Srebrenica&#8221;.<\/p>\n<p>Mediji u Bosni i Hercegovini ve\u0107 su najavljivali da \u0107e pristalice Levskog imati pakleni do\u010dek u Sarajevu.<\/p>\n<p>(RTS)<\/p>\n","protected":false},"excerpt":{"rendered":"<p>BiH &#8211; U centru Sarajeva izbila je masovna tu\u010da navija\u010da Maribora i \u017deljezni\u010dara. Kako prenose sarajevski mediji, povrije\u0111eni su jedan policajac i jedan navija\u010d slovena\u010dkog tima, dok je jedno policijsko vozilo o\u0161te\u0107eno. Samo dan po\u0161to su navija\u010di Sarajeva napali bugarske dr\u017eavljane i povrijedili dva vojnika EUFOR-a, u prijestonici Bosne i Hercegovine do\u0161lo je do novog [&hellip;]<\/p>\n","protected":false},"author":83,"featured_media":45980,"comment_status":"open","ping_status":"open","sticky":false,"template":"","format":"standard","meta":{"footnotes":""},"categories":[2860,8957],"tags":[],"class_list":{"0":"post-45975","1":"post","2":"type-post","3":"status-publish","4":"format-standard","5":"has-post-thumbnail","7":"category-bosna-i-hercegovina-gradovi","8":"category-vijesti-dana"},"yoast_head":"<!-- This site is optimized with the Yoast SEO Premium plugin v23.1 (Yoast SEO v24.9) - https:\/\/yoast.com\/wordpress\/plugins\/seo\/ -->\n<title>Masovna tu\u010da u Sarajevu izme\u0111u \u017deljezni\u010dara i Maribora (Video)<\/title>\n<meta name=\"robots\" content=\"index, follow, max-snippet:-1, max-image-preview:large, max-video-preview:-1\" \/>\n<link rel=\"canonical\" href=\"https:\/\/sandzakpress.net\/arhiva\/masovna-tuca-u-sarajevu-izmedu-zeljeznicara-i-maribora-video\/\" \/>\n<meta property=\"og:locale\" content=\"bs_BA\" \/>\n<meta property=\"og:type\" content=\"article\" \/>\n<meta property=\"og:title\" content=\"Masovna tu\u010da u Sarajevu izme\u0111u \u017deljezni\u010dara i Maribora (Video)\" \/>\n<meta property=\"og:description\" content=\"BiH &#8211; U centru Sarajeva izbila je masovna tu\u010da navija\u010da Maribora i \u017deljezni\u010dara. Kako prenose sarajevski mediji, povrije\u0111eni su jedan policajac i jedan navija\u010d slovena\u010dkog tima, dok je jedno policijsko vozilo o\u0161te\u0107eno. Samo dan po\u0161to su navija\u010di Sarajeva napali bugarske dr\u017eavljane i povrijedili dva vojnika EUFOR-a, u prijestonici Bosne i Hercegovine do\u0161lo je do novog [&hellip;]\" \/>\n<meta property=\"og:url\" content=\"https:\/\/sandzakpress.net\/arhiva\/masovna-tuca-u-sarajevu-izmedu-zeljeznicara-i-maribora-video\/\" \/>\n<meta property=\"og:site_name\" content=\"Sand\u017eak PRESS\" \/>\n<meta property=\"article:published_time\" content=\"2012-07-24T13:54:53+00:00\" \/>\n<meta property=\"article:modified_time\" content=\"2012-07-24T13:57:21+00:00\" \/>\n<meta property=\"og:image\" content=\"https:\/\/sandzakpress.net\/arhiva\/wp-content\/uploads\/2012\/07\/sarajevo-neredi.jpg\" \/>\n\t<meta property=\"og:image:width\" content=\"527\" \/>\n\t<meta property=\"og:image:height\" content=\"279\" \/>\n\t<meta property=\"og:image:type\" content=\"image\/jpeg\" \/>\n<meta name=\"author\" content=\"bosniak\" \/>\n<meta name=\"twitter:card\" content=\"summary_large_image\" \/>\n<meta name=\"twitter:label1\" content=\"Written by\" \/>\n\t<meta name=\"twitter:data1\" content=\"bosniak\" \/>\n\t<meta name=\"twitter:label2\" content=\"Est. reading time\" \/>\n\t<meta name=\"twitter:data2\" content=\"2 minute\" \/>\n<script type=\"application\/ld+json\" class=\"yoast-schema-graph\">{\"@context\":\"https:\/\/schema.org\",\"@graph\":[{\"@type\":\"Article\",\"@id\":\"https:\/\/sandzakpress.net\/arhiva\/masovna-tuca-u-sarajevu-izmedu-zeljeznicara-i-maribora-video\/#article\",\"isPartOf\":{\"@id\":\"https:\/\/sandzakpress.net\/arhiva\/masovna-tuca-u-sarajevu-izmedu-zeljeznicara-i-maribora-video\/\"},\"author\":{\"name\":\"bosniak\",\"@id\":\"https:\/\/sandzakpress.net\/arhiva\/#\/schema\/person\/c8baee722073534b583ea7bdb2e36c02\"},\"headline\":\"Masovna tu\u010da u Sarajevu izme\u0111u \u017deljezni\u010dara i Maribora (Video)\",\"datePublished\":\"2012-07-24T13:54:53+00:00\",\"dateModified\":\"2012-07-24T13:57:21+00:00\",\"mainEntityOfPage\":{\"@id\":\"https:\/\/sandzakpress.net\/arhiva\/masovna-tuca-u-sarajevu-izmedu-zeljeznicara-i-maribora-video\/\"},\"wordCount\":442,\"commentCount\":2,\"publisher\":{\"@id\":\"https:\/\/sandzakpress.net\/arhiva\/#\/schema\/person\/6e72b67d6e51910a1117b3b483ba20bd\"},\"image\":{\"@id\":\"https:\/\/sandzakpress.net\/arhiva\/masovna-tuca-u-sarajevu-izmedu-zeljeznicara-i-maribora-video\/#primaryimage\"},\"thumbnailUrl\":\"https:\/\/sandzakpress.net\/arhiva\/wp-content\/uploads\/2012\/07\/sarajevo-neredi.jpg\",\"articleSection\":[\"Bosna i Hercegovina\",\"VIJESTI DANA\"],\"inLanguage\":\"bs-BA\",\"potentialAction\":[{\"@type\":\"CommentAction\",\"name\":\"Comment\",\"target\":[\"https:\/\/sandzakpress.net\/arhiva\/masovna-tuca-u-sarajevu-izmedu-zeljeznicara-i-maribora-video\/#respond\"]}]},{\"@type\":\"WebPage\",\"@id\":\"https:\/\/sandzakpress.net\/arhiva\/masovna-tuca-u-sarajevu-izmedu-zeljeznicara-i-maribora-video\/\",\"url\":\"https:\/\/sandzakpress.net\/arhiva\/masovna-tuca-u-sarajevu-izmedu-zeljeznicara-i-maribora-video\/\",\"name\":\"Masovna tu\u010da u Sarajevu izme\u0111u \u017deljezni\u010dara i Maribora (Video)\",\"isPartOf\":{\"@id\":\"https:\/\/sandzakpress.net\/arhiva\/#website\"},\"primaryImageOfPage\":{\"@id\":\"https:\/\/sandzakpress.net\/arhiva\/masovna-tuca-u-sarajevu-izmedu-zeljeznicara-i-maribora-video\/#primaryimage\"},\"image\":{\"@id\":\"https:\/\/sandzakpress.net\/arhiva\/masovna-tuca-u-sarajevu-izmedu-zeljeznicara-i-maribora-video\/#primaryimage\"},\"thumbnailUrl\":\"https:\/\/sandzakpress.net\/arhiva\/wp-content\/uploads\/2012\/07\/sarajevo-neredi.jpg\",\"datePublished\":\"2012-07-24T13:54:53+00:00\",\"dateModified\":\"2012-07-24T13:57:21+00:00\",\"breadcrumb\":{\"@id\":\"https:\/\/sandzakpress.net\/arhiva\/masovna-tuca-u-sarajevu-izmedu-zeljeznicara-i-maribora-video\/#breadcrumb\"},\"inLanguage\":\"bs-BA\",\"potentialAction\":[{\"@type\":\"ReadAction\",\"target\":[\"https:\/\/sandzakpress.net\/arhiva\/masovna-tuca-u-sarajevu-izmedu-zeljeznicara-i-maribora-video\/\"]}]},{\"@type\":\"ImageObject\",\"inLanguage\":\"bs-BA\",\"@id\":\"https:\/\/sandzakpress.net\/arhiva\/masovna-tuca-u-sarajevu-izmedu-zeljeznicara-i-maribora-video\/#primaryimage\",\"url\":\"https:\/\/sandzakpress.net\/arhiva\/wp-content\/uploads\/2012\/07\/sarajevo-neredi.jpg\",\"contentUrl\":\"https:\/\/sandzakpress.net\/arhiva\/wp-content\/uploads\/2012\/07\/sarajevo-neredi.jpg\",\"width\":527,\"height\":279},{\"@type\":\"BreadcrumbList\",\"@id\":\"https:\/\/sandzakpress.net\/arhiva\/masovna-tuca-u-sarajevu-izmedu-zeljeznicara-i-maribora-video\/#breadcrumb\",\"itemListElement\":[{\"@type\":\"ListItem\",\"position\":1,\"name\":\"Home\",\"item\":\"https:\/\/sandzakpress.net\/arhiva\/\"},{\"@type\":\"ListItem\",\"position\":2,\"name\":\"Masovna tu\u010da u Sarajevu izme\u0111u \u017deljezni\u010dara i Maribora (Video)\"}]},{\"@type\":\"WebSite\",\"@id\":\"https:\/\/sandzakpress.net\/arhiva\/#website\",\"url\":\"https:\/\/sandzakpress.net\/arhiva\/\",\"name\":\"Sand\u017eak PRESS\",\"description\":\"Prve elektronske novine u Sand\u017eaku\",\"publisher\":{\"@id\":\"https:\/\/sandzakpress.net\/arhiva\/#\/schema\/person\/6e72b67d6e51910a1117b3b483ba20bd\"},\"potentialAction\":[{\"@type\":\"SearchAction\",\"target\":{\"@type\":\"EntryPoint\",\"urlTemplate\":\"https:\/\/sandzakpress.net\/arhiva\/?s={search_term_string}\"},\"query-input\":{\"@type\":\"PropertyValueSpecification\",\"valueRequired\":true,\"valueName\":\"search_term_string\"}}],\"inLanguage\":\"bs-BA\"},{\"@type\":[\"Person\",\"Organization\"],\"@id\":\"https:\/\/sandzakpress.net\/arhiva\/#\/schema\/person\/6e72b67d6e51910a1117b3b483ba20bd\",\"name\":\"Kul\",\"image\":{\"@type\":\"ImageObject\",\"inLanguage\":\"bs-BA\",\"@id\":\"https:\/\/sandzakpress.net\/arhiva\/#\/schema\/person\/image\/\",\"url\":\"https:\/\/secure.gravatar.com\/avatar\/42263f39aa27ac04c43cab85c280eb2e?s=96&d=mm&r=pg\",\"contentUrl\":\"https:\/\/secure.gravatar.com\/avatar\/42263f39aa27ac04c43cab85c280eb2e?s=96&d=mm&r=pg\",\"caption\":\"Kul\"},\"logo\":{\"@id\":\"https:\/\/sandzakpress.net\/arhiva\/#\/schema\/person\/image\/\"}},{\"@type\":\"Person\",\"@id\":\"https:\/\/sandzakpress.net\/arhiva\/#\/schema\/person\/c8baee722073534b583ea7bdb2e36c02\",\"name\":\"bosniak\",\"image\":{\"@type\":\"ImageObject\",\"inLanguage\":\"bs-BA\",\"@id\":\"https:\/\/sandzakpress.net\/arhiva\/#\/schema\/person\/image\/\",\"url\":\"https:\/\/secure.gravatar.com\/avatar\/a04fd330bfe3a36a72a0ad4a6d89fca7?s=96&d=mm&r=pg\",\"contentUrl\":\"https:\/\/secure.gravatar.com\/avatar\/a04fd330bfe3a36a72a0ad4a6d89fca7?s=96&d=mm&r=pg\",\"caption\":\"bosniak\"},\"url\":\"https:\/\/sandzakpress.net\/arhiva\/author\/bosniak\/\"}]}<\/script>\n<!-- \/ Yoast SEO Premium plugin. -->","yoast_head_json":{"title":"Masovna tu\u010da u Sarajevu izme\u0111u \u017deljezni\u010dara i Maribora (Video)","robots":{"index":"index","follow":"follow","max-snippet":"max-snippet:-1","max-image-preview":"max-image-preview:large","max-video-preview":"max-video-preview:-1"},"canonical":"https:\/\/sandzakpress.net\/arhiva\/masovna-tuca-u-sarajevu-izmedu-zeljeznicara-i-maribora-video\/","og_locale":"bs_BA","og_type":"article","og_title":"Masovna tu\u010da u Sarajevu izme\u0111u \u017deljezni\u010dara i Maribora (Video)","og_description":"BiH &#8211; U centru Sarajeva izbila je masovna tu\u010da navija\u010da Maribora i \u017deljezni\u010dara. Kako prenose sarajevski mediji, povrije\u0111eni su jedan policajac i jedan navija\u010d slovena\u010dkog tima, dok je jedno policijsko vozilo o\u0161te\u0107eno. Samo dan po\u0161to su navija\u010di Sarajeva napali bugarske dr\u017eavljane i povrijedili dva vojnika EUFOR-a, u prijestonici Bosne i Hercegovine do\u0161lo je do novog [&hellip;]","og_url":"https:\/\/sandzakpress.net\/arhiva\/masovna-tuca-u-sarajevu-izmedu-zeljeznicara-i-maribora-video\/","og_site_name":"Sand\u017eak PRESS","article_published_time":"2012-07-24T13:54:53+00:00","article_modified_time":"2012-07-24T13:57:21+00:00","og_image":[{"width":527,"height":279,"url":"https:\/\/sandzakpress.net\/arhiva\/wp-content\/uploads\/2012\/07\/sarajevo-neredi.jpg","type":"image\/jpeg"}],"author":"bosniak","twitter_card":"summary_large_image","twitter_misc":{"Written by":"bosniak","Est. reading time":"2 minute"},"schema":{"@context":"https:\/\/schema.org","@graph":[{"@type":"Article","@id":"https:\/\/sandzakpress.net\/arhiva\/masovna-tuca-u-sarajevu-izmedu-zeljeznicara-i-maribora-video\/#article","isPartOf":{"@id":"https:\/\/sandzakpress.net\/arhiva\/masovna-tuca-u-sarajevu-izmedu-zeljeznicara-i-maribora-video\/"},"author":{"name":"bosniak","@id":"https:\/\/sandzakpress.net\/arhiva\/#\/schema\/person\/c8baee722073534b583ea7bdb2e36c02"},"headline":"Masovna tu\u010da u Sarajevu izme\u0111u \u017deljezni\u010dara i Maribora (Video)","datePublished":"2012-07-24T13:54:53+00:00","dateModified":"2012-07-24T13:57:21+00:00","mainEntityOfPage":{"@id":"https:\/\/sandzakpress.net\/arhiva\/masovna-tuca-u-sarajevu-izmedu-zeljeznicara-i-maribora-video\/"},"wordCount":442,"commentCount":2,"publisher":{"@id":"https:\/\/sandzakpress.net\/arhiva\/#\/schema\/person\/6e72b67d6e51910a1117b3b483ba20bd"},"image":{"@id":"https:\/\/sandzakpress.net\/arhiva\/masovna-tuca-u-sarajevu-izmedu-zeljeznicara-i-maribora-video\/#primaryimage"},"thumbnailUrl":"https:\/\/sandzakpress.net\/arhiva\/wp-content\/uploads\/2012\/07\/sarajevo-neredi.jpg","articleSection":["Bosna i Hercegovina","VIJESTI DANA"],"inLanguage":"bs-BA","potentialAction":[{"@type":"CommentAction","name":"Comment","target":["https:\/\/sandzakpress.net\/arhiva\/masovna-tuca-u-sarajevu-izmedu-zeljeznicara-i-maribora-video\/#respond"]}]},{"@type":"WebPage","@id":"https:\/\/sandzakpress.net\/arhiva\/masovna-tuca-u-sarajevu-izmedu-zeljeznicara-i-maribora-video\/","url":"https:\/\/sandzakpress.net\/arhiva\/masovna-tuca-u-sarajevu-izmedu-zeljeznicara-i-maribora-video\/","name":"Masovna tu\u010da u Sarajevu izme\u0111u \u017deljezni\u010dara i Maribora (Video)","isPartOf":{"@id":"https:\/\/sandzakpress.net\/arhiva\/#website"},"primaryImageOfPage":{"@id":"https:\/\/sandzakpress.net\/arhiva\/masovna-tuca-u-sarajevu-izmedu-zeljeznicara-i-maribora-video\/#primaryimage"},"image":{"@id":"https:\/\/sandzakpress.net\/arhiva\/masovna-tuca-u-sarajevu-izmedu-zeljeznicara-i-maribora-video\/#primaryimage"},"thumbnailUrl":"https:\/\/sandzakpress.net\/arhiva\/wp-content\/uploads\/2012\/07\/sarajevo-neredi.jpg","datePublished":"2012-07-24T13:54:53+00:00","dateModified":"2012-07-24T13:57:21+00:00","breadcrumb":{"@id":"https:\/\/sandzakpress.net\/arhiva\/masovna-tuca-u-sarajevu-izmedu-zeljeznicara-i-maribora-video\/#breadcrumb"},"inLanguage":"bs-BA","potentialAction":[{"@type":"ReadAction","target":["https:\/\/sandzakpress.net\/arhiva\/masovna-tuca-u-sarajevu-izmedu-zeljeznicara-i-maribora-video\/"]}]},{"@type":"ImageObject","inLanguage":"bs-BA","@id":"https:\/\/sandzakpress.net\/arhiva\/masovna-tuca-u-sarajevu-izmedu-zeljeznicara-i-maribora-video\/#primaryimage","url":"https:\/\/sandzakpress.net\/arhiva\/wp-content\/uploads\/2012\/07\/sarajevo-neredi.jpg","contentUrl":"https:\/\/sandzakpress.net\/arhiva\/wp-content\/uploads\/2012\/07\/sarajevo-neredi.jpg","width":527,"height":279},{"@type":"BreadcrumbList","@id":"https:\/\/sandzakpress.net\/arhiva\/masovna-tuca-u-sarajevu-izmedu-zeljeznicara-i-maribora-video\/#breadcrumb","itemListElement":[{"@type":"ListItem","position":1,"name":"Home","item":"https:\/\/sandzakpress.net\/arhiva\/"},{"@type":"ListItem","position":2,"name":"Masovna tu\u010da u Sarajevu izme\u0111u \u017deljezni\u010dara i Maribora (Video)"}]},{"@type":"WebSite","@id":"https:\/\/sandzakpress.net\/arhiva\/#website","url":"https:\/\/sandzakpress.net\/arhiva\/","name":"Sand\u017eak PRESS","description":"Prve elektronske novine u Sand\u017eaku","publisher":{"@id":"https:\/\/sandzakpress.net\/arhiva\/#\/schema\/person\/6e72b67d6e51910a1117b3b483ba20bd"},"potentialAction":[{"@type":"SearchAction","target":{"@type":"EntryPoint","urlTemplate":"https:\/\/sandzakpress.net\/arhiva\/?s={search_term_string}"},"query-input":{"@type":"PropertyValueSpecification","valueRequired":true,"valueName":"search_term_string"}}],"inLanguage":"bs-BA"},{"@type":["Person","Organization"],"@id":"https:\/\/sandzakpress.net\/arhiva\/#\/schema\/person\/6e72b67d6e51910a1117b3b483ba20bd","name":"Kul","image":{"@type":"ImageObject","inLanguage":"bs-BA","@id":"https:\/\/sandzakpress.net\/arhiva\/#\/schema\/person\/image\/","url":"https:\/\/secure.gravatar.com\/avatar\/42263f39aa27ac04c43cab85c280eb2e?s=96&d=mm&r=pg","contentUrl":"https:\/\/secure.gravatar.com\/avatar\/42263f39aa27ac04c43cab85c280eb2e?s=96&d=mm&r=pg","caption":"Kul"},"logo":{"@id":"https:\/\/sandzakpress.net\/arhiva\/#\/schema\/person\/image\/"}},{"@type":"Person","@id":"https:\/\/sandzakpress.net\/arhiva\/#\/schema\/person\/c8baee722073534b583ea7bdb2e36c02","name":"bosniak","image":{"@type":"ImageObject","inLanguage":"bs-BA","@id":"https:\/\/sandzakpress.net\/arhiva\/#\/schema\/person\/image\/","url":"https:\/\/secure.gravatar.com\/avatar\/a04fd330bfe3a36a72a0ad4a6d89fca7?s=96&d=mm&r=pg","contentUrl":"https:\/\/secure.gravatar.com\/avatar\/a04fd330bfe3a36a72a0ad4a6d89fca7?s=96&d=mm&r=pg","caption":"bosniak"},"url":"https:\/\/sandzakpress.net\/arhiva\/author\/bosniak\/"}]}},"_links":{"self":[{"href":"https:\/\/sandzakpress.net\/arhiva\/wp-json\/wp\/v2\/posts\/45975"}],"collection":[{"href":"https:\/\/sandzakpress.net\/arhiva\/wp-json\/wp\/v2\/posts"}],"about":[{"href":"https:\/\/sandzakpress.net\/arhiva\/wp-json\/wp\/v2\/types\/post"}],"author":[{"embeddable":true,"href":"https:\/\/sandzakpress.net\/arhiva\/wp-json\/wp\/v2\/users\/83"}],"replies":[{"embeddable":true,"href":"https:\/\/sandzakpress.net\/arhiva\/wp-json\/wp\/v2\/comments?post=45975"}],"version-history":[{"count":0,"href":"https:\/\/sandzakpress.net\/arhiva\/wp-json\/wp\/v2\/posts\/45975\/revisions"}],"wp:featuredmedia":[{"embeddable":true,"href":"https:\/\/sandzakpress.net\/arhiva\/wp-json\/wp\/v2\/media\/45980"}],"wp:attachment":[{"href":"https:\/\/sandzakpress.net\/arhiva\/wp-json\/wp\/v2\/media?parent=45975"}],"wp:term":[{"taxonomy":"category","embeddable":true,"href":"https:\/\/sandzakpress.net\/arhiva\/wp-json\/wp\/v2\/categories?post=45975"},{"taxonomy":"post_tag","embeddable":true,"href":"https:\/\/sandzakpress.net\/arhiva\/wp-json\/wp\/v2\/tags?post=45975"}],"curies":[{"name":"wp","href":"https:\/\/api.w.org\/{rel}","templated":true}]}}