{"id":45926,"date":"2012-07-24T15:06:32","date_gmt":"2012-07-24T13:06:32","guid":{"rendered":"https:\/\/sandzakpress.net\/arhiva\/?p=45926"},"modified":"2012-07-24T15:06:32","modified_gmt":"2012-07-24T13:06:32","slug":"zastitimo-sandzacke-sume-one-stite-nas","status":"publish","type":"post","link":"https:\/\/sandzakpress.net\/arhiva\/zastitimo-sandzacke-sume-one-stite-nas\/","title":{"rendered":"Za\u0161titimo Sand\u017ea\u010dke \u0161ume, one \u0161tite nas!"},"content":{"rendered":"<p><strong><a href=\"https:\/\/sandzakpress.net\/arhiva\/wp-content\/uploads\/2012\/07\/centralna_srbija.jpg\"><img loading=\"lazy\" decoding=\"async\" class=\"alignleft size-medium wp-image-45927\" title=\"centralna_srbija\" src=\"https:\/\/sandzakpress.net\/arhiva\/wp-content\/uploads\/2012\/07\/centralna_srbija-300x225.jpg\" alt=\"\" width=\"300\" height=\"225\" \/><\/a>Sjeverni Sand\u017eak &#8211; Imamo pravo da \u017eivimo zdravo, ne sjecite \u0161umu sasjecite korupciju.<\/strong><\/p>\n<p>Grupa gradjana Borci za ekologiju \u017eeli da skrene pa\u017enju gra\u0111anima regije Sand\u017eak da se na na\u0161em prostoru u zadnje vrijeme vr\u0161i neselektivna sje\u010da \u0161uma. Mi ho\u0107emo da za\u0161titimo \u0161umu jer suma \u0161titi nas. \u0160uma je plu\u0107no krilo Sand\u017eaka.<\/p>\n<p>Sand\u017eacke \u0161ume:<br \/>\n&#8211; ubla\u017eavaju efekte globalnog otopljavanja,<br \/>\n&#8211; stvaraju povoljnije mikroklimatske uslove,<br \/>\n&#8211; ubla\u017eavaju efekte zaga\u0111enja koje sti\u017eu iz raznih pravaca,<br \/>\n&#8211; djeluju kao filter i rashla\u0111iva\u010d vazduha,<br \/>\n&#8211; omogu\u0107avaju prodor sve\u017eeg vazduha,<br \/>\n&#8211; omogu\u0107ava protok vazdu\u0161nih strujanja za provjetravanje grada,<br \/>\n&#8211; \u0161tite od erozije,<br \/>\n&#8211; prirodni su rezervoari podzemnih voda,<br \/>\n&#8211; kao prirodni vetrobrani \u0161tite od vjetra<\/p>\n<p>O\u010duvanje Sand\u017ea\u010dkih \u0161uma u cjelini je veoma va\u017eno za o\u010duvanje biodiverziteta, \u0161umske flore i faune. Masiv Sand\u017eackih \u0161uma prija du\u0161i i godi oku. \u0160uma je idealan prirodni prostor za rekreaciju. \u0160uma je pravo mjesto za dru\u017eenje, tako dragocjeno a tako rijetko u vremenu sve ve\u0107e otu\u0111enosti. \u0160uma je pravo mjesto za opu\u0161tanje u vremenu op\u0107te u\u017eurbanosti i nepodno\u0161ljive napetosti.<\/p>\n<p>Mladi su posebno ugro\u017eeni sveo\u0107tim otu\u0111enjem, osje\u0107anjem besmisla i praznine. \u0160uma je prilika da se ve\u017eu za konstruktivne, smisaone sadr\u017eaje.<\/p>\n<p>Predsjednik ,,Borci za Ekologiju\u201c,<br \/>\nBahrija Sijaric<\/p>\n<p>(Sand\u017eakPRESS)<\/p>\n","protected":false},"excerpt":{"rendered":"<p>Sjeverni Sand\u017eak &#8211; Imamo pravo da \u017eivimo zdravo, ne sjecite \u0161umu sasjecite korupciju. Grupa gradjana Borci za ekologiju \u017eeli da skrene pa\u017enju gra\u0111anima regije Sand\u017eak da se na na\u0161em prostoru u zadnje vrijeme vr\u0161i neselektivna sje\u010da \u0161uma. Mi ho\u0107emo da za\u0161titimo \u0161umu jer suma \u0161titi nas. \u0160uma je plu\u0107no krilo Sand\u017eaka. Sand\u017eacke \u0161ume: &#8211; ubla\u017eavaju [&hellip;]<\/p>\n","protected":false},"author":14,"featured_media":45927,"comment_status":"open","ping_status":"open","sticky":false,"template":"","format":"standard","meta":{"footnotes":""},"categories":[72,800,52,327,392,393,394],"tags":[],"class_list":{"0":"post-45926","1":"post","2":"type-post","3":"status-publish","4":"format-standard","5":"has-post-thumbnail","7":"category-novi-pazar","8":"category-nacija","9":"category-sjenica","10":"category-tutin","11":"category-prijepolje_","12":"category-priboj","13":"category-nova-varos"},"yoast_head":"<!-- This site is optimized with the Yoast SEO Premium plugin v23.1 (Yoast SEO v24.9) - https:\/\/yoast.com\/wordpress\/plugins\/seo\/ -->\n<title>Za\u0161titimo Sand\u017ea\u010dke \u0161ume, one \u0161tite nas!<\/title>\n<meta name=\"robots\" content=\"index, follow, max-snippet:-1, max-image-preview:large, max-video-preview:-1\" \/>\n<link rel=\"canonical\" href=\"https:\/\/sandzakpress.net\/arhiva\/zastitimo-sandzacke-sume-one-stite-nas\/\" \/>\n<meta property=\"og:locale\" content=\"bs_BA\" \/>\n<meta property=\"og:type\" content=\"article\" \/>\n<meta property=\"og:title\" content=\"Za\u0161titimo Sand\u017ea\u010dke \u0161ume, one \u0161tite nas!\" \/>\n<meta property=\"og:description\" content=\"Sjeverni Sand\u017eak &#8211; Imamo pravo da \u017eivimo zdravo, ne sjecite \u0161umu sasjecite korupciju. Grupa gradjana Borci za ekologiju \u017eeli da skrene pa\u017enju gra\u0111anima regije Sand\u017eak da se na na\u0161em prostoru u zadnje vrijeme vr\u0161i neselektivna sje\u010da \u0161uma. Mi ho\u0107emo da za\u0161titimo \u0161umu jer suma \u0161titi nas. \u0160uma je plu\u0107no krilo Sand\u017eaka. Sand\u017eacke \u0161ume: &#8211; ubla\u017eavaju [&hellip;]\" \/>\n<meta property=\"og:url\" content=\"https:\/\/sandzakpress.net\/arhiva\/zastitimo-sandzacke-sume-one-stite-nas\/\" \/>\n<meta property=\"og:site_name\" content=\"Sand\u017eak PRESS\" \/>\n<meta property=\"article:published_time\" content=\"2012-07-24T13:06:32+00:00\" \/>\n<meta property=\"og:image\" content=\"https:\/\/sandzakpress.net\/arhiva\/wp-content\/uploads\/2012\/07\/centralna_srbija.jpg\" \/>\n\t<meta property=\"og:image:width\" content=\"616\" \/>\n\t<meta property=\"og:image:height\" content=\"462\" \/>\n\t<meta property=\"og:image:type\" content=\"image\/jpeg\" \/>\n<meta name=\"twitter:card\" content=\"summary_large_image\" \/>\n<meta name=\"twitter:label1\" content=\"Written by\" \/>\n\t<meta name=\"twitter:data1\" content=\"\" \/>\n\t<meta name=\"twitter:label2\" content=\"Est. reading time\" \/>\n\t<meta name=\"twitter:data2\" content=\"1 minuta\" \/>\n<script type=\"application\/ld+json\" class=\"yoast-schema-graph\">{\"@context\":\"https:\/\/schema.org\",\"@graph\":[{\"@type\":\"Article\",\"@id\":\"https:\/\/sandzakpress.net\/arhiva\/zastitimo-sandzacke-sume-one-stite-nas\/#article\",\"isPartOf\":{\"@id\":\"https:\/\/sandzakpress.net\/arhiva\/zastitimo-sandzacke-sume-one-stite-nas\/\"},\"author\":{\"name\":\"\",\"@id\":\"\"},\"headline\":\"Za\u0161titimo Sand\u017ea\u010dke \u0161ume, one \u0161tite nas!\",\"datePublished\":\"2012-07-24T13:06:32+00:00\",\"mainEntityOfPage\":{\"@id\":\"https:\/\/sandzakpress.net\/arhiva\/zastitimo-sandzacke-sume-one-stite-nas\/\"},\"wordCount\":246,\"commentCount\":0,\"publisher\":{\"@id\":\"https:\/\/sandzakpress.net\/arhiva\/#\/schema\/person\/6e72b67d6e51910a1117b3b483ba20bd\"},\"image\":{\"@id\":\"https:\/\/sandzakpress.net\/arhiva\/zastitimo-sandzacke-sume-one-stite-nas\/#primaryimage\"},\"thumbnailUrl\":\"https:\/\/sandzakpress.net\/arhiva\/wp-content\/uploads\/2012\/07\/centralna_srbija.jpg\",\"articleSection\":[\"Novi Pazar\",\"Nacija\",\"Sjenica\",\"Tutin\",\"Prijepolje\",\"Priboj\",\"Nova Varo\u0161\"],\"inLanguage\":\"bs-BA\",\"potentialAction\":[{\"@type\":\"CommentAction\",\"name\":\"Comment\",\"target\":[\"https:\/\/sandzakpress.net\/arhiva\/zastitimo-sandzacke-sume-one-stite-nas\/#respond\"]}]},{\"@type\":\"WebPage\",\"@id\":\"https:\/\/sandzakpress.net\/arhiva\/zastitimo-sandzacke-sume-one-stite-nas\/\",\"url\":\"https:\/\/sandzakpress.net\/arhiva\/zastitimo-sandzacke-sume-one-stite-nas\/\",\"name\":\"Za\u0161titimo Sand\u017ea\u010dke \u0161ume, one \u0161tite nas!\",\"isPartOf\":{\"@id\":\"https:\/\/sandzakpress.net\/arhiva\/#website\"},\"primaryImageOfPage\":{\"@id\":\"https:\/\/sandzakpress.net\/arhiva\/zastitimo-sandzacke-sume-one-stite-nas\/#primaryimage\"},\"image\":{\"@id\":\"https:\/\/sandzakpress.net\/arhiva\/zastitimo-sandzacke-sume-one-stite-nas\/#primaryimage\"},\"thumbnailUrl\":\"https:\/\/sandzakpress.net\/arhiva\/wp-content\/uploads\/2012\/07\/centralna_srbija.jpg\",\"datePublished\":\"2012-07-24T13:06:32+00:00\",\"breadcrumb\":{\"@id\":\"https:\/\/sandzakpress.net\/arhiva\/zastitimo-sandzacke-sume-one-stite-nas\/#breadcrumb\"},\"inLanguage\":\"bs-BA\",\"potentialAction\":[{\"@type\":\"ReadAction\",\"target\":[\"https:\/\/sandzakpress.net\/arhiva\/zastitimo-sandzacke-sume-one-stite-nas\/\"]}]},{\"@type\":\"ImageObject\",\"inLanguage\":\"bs-BA\",\"@id\":\"https:\/\/sandzakpress.net\/arhiva\/zastitimo-sandzacke-sume-one-stite-nas\/#primaryimage\",\"url\":\"https:\/\/sandzakpress.net\/arhiva\/wp-content\/uploads\/2012\/07\/centralna_srbija.jpg\",\"contentUrl\":\"https:\/\/sandzakpress.net\/arhiva\/wp-content\/uploads\/2012\/07\/centralna_srbija.jpg\",\"width\":616,\"height\":462},{\"@type\":\"BreadcrumbList\",\"@id\":\"https:\/\/sandzakpress.net\/arhiva\/zastitimo-sandzacke-sume-one-stite-nas\/#breadcrumb\",\"itemListElement\":[{\"@type\":\"ListItem\",\"position\":1,\"name\":\"Home\",\"item\":\"https:\/\/sandzakpress.net\/arhiva\/\"},{\"@type\":\"ListItem\",\"position\":2,\"name\":\"Za\u0161titimo Sand\u017ea\u010dke \u0161ume, one \u0161tite nas!\"}]},{\"@type\":\"WebSite\",\"@id\":\"https:\/\/sandzakpress.net\/arhiva\/#website\",\"url\":\"https:\/\/sandzakpress.net\/arhiva\/\",\"name\":\"Sand\u017eak PRESS\",\"description\":\"Prve elektronske novine u Sand\u017eaku\",\"publisher\":{\"@id\":\"https:\/\/sandzakpress.net\/arhiva\/#\/schema\/person\/6e72b67d6e51910a1117b3b483ba20bd\"},\"potentialAction\":[{\"@type\":\"SearchAction\",\"target\":{\"@type\":\"EntryPoint\",\"urlTemplate\":\"https:\/\/sandzakpress.net\/arhiva\/?s={search_term_string}\"},\"query-input\":{\"@type\":\"PropertyValueSpecification\",\"valueRequired\":true,\"valueName\":\"search_term_string\"}}],\"inLanguage\":\"bs-BA\"},{\"@type\":[\"Person\",\"Organization\"],\"@id\":\"https:\/\/sandzakpress.net\/arhiva\/#\/schema\/person\/6e72b67d6e51910a1117b3b483ba20bd\",\"name\":\"Kul\",\"image\":{\"@type\":\"ImageObject\",\"inLanguage\":\"bs-BA\",\"@id\":\"https:\/\/sandzakpress.net\/arhiva\/#\/schema\/person\/image\/\",\"url\":\"https:\/\/secure.gravatar.com\/avatar\/42263f39aa27ac04c43cab85c280eb2e?s=96&d=mm&r=pg\",\"contentUrl\":\"https:\/\/secure.gravatar.com\/avatar\/42263f39aa27ac04c43cab85c280eb2e?s=96&d=mm&r=pg\",\"caption\":\"Kul\"},\"logo\":{\"@id\":\"https:\/\/sandzakpress.net\/arhiva\/#\/schema\/person\/image\/\"}},{\"@type\":\"Person\",\"@id\":\"\",\"url\":\"https:\/\/sandzakpress.net\/arhiva\/author\/\"}]}<\/script>\n<!-- \/ Yoast SEO Premium plugin. -->","yoast_head_json":{"title":"Za\u0161titimo Sand\u017ea\u010dke \u0161ume, one \u0161tite nas!","robots":{"index":"index","follow":"follow","max-snippet":"max-snippet:-1","max-image-preview":"max-image-preview:large","max-video-preview":"max-video-preview:-1"},"canonical":"https:\/\/sandzakpress.net\/arhiva\/zastitimo-sandzacke-sume-one-stite-nas\/","og_locale":"bs_BA","og_type":"article","og_title":"Za\u0161titimo Sand\u017ea\u010dke \u0161ume, one \u0161tite nas!","og_description":"Sjeverni Sand\u017eak &#8211; Imamo pravo da \u017eivimo zdravo, ne sjecite \u0161umu sasjecite korupciju. Grupa gradjana Borci za ekologiju \u017eeli da skrene pa\u017enju gra\u0111anima regije Sand\u017eak da se na na\u0161em prostoru u zadnje vrijeme vr\u0161i neselektivna sje\u010da \u0161uma. Mi ho\u0107emo da za\u0161titimo \u0161umu jer suma \u0161titi nas. \u0160uma je plu\u0107no krilo Sand\u017eaka. Sand\u017eacke \u0161ume: &#8211; ubla\u017eavaju [&hellip;]","og_url":"https:\/\/sandzakpress.net\/arhiva\/zastitimo-sandzacke-sume-one-stite-nas\/","og_site_name":"Sand\u017eak PRESS","article_published_time":"2012-07-24T13:06:32+00:00","og_image":[{"width":616,"height":462,"url":"https:\/\/sandzakpress.net\/arhiva\/wp-content\/uploads\/2012\/07\/centralna_srbija.jpg","type":"image\/jpeg"}],"twitter_card":"summary_large_image","twitter_misc":{"Written by":"","Est. reading time":"1 minuta"},"schema":{"@context":"https:\/\/schema.org","@graph":[{"@type":"Article","@id":"https:\/\/sandzakpress.net\/arhiva\/zastitimo-sandzacke-sume-one-stite-nas\/#article","isPartOf":{"@id":"https:\/\/sandzakpress.net\/arhiva\/zastitimo-sandzacke-sume-one-stite-nas\/"},"author":{"name":"","@id":""},"headline":"Za\u0161titimo Sand\u017ea\u010dke \u0161ume, one \u0161tite nas!","datePublished":"2012-07-24T13:06:32+00:00","mainEntityOfPage":{"@id":"https:\/\/sandzakpress.net\/arhiva\/zastitimo-sandzacke-sume-one-stite-nas\/"},"wordCount":246,"commentCount":0,"publisher":{"@id":"https:\/\/sandzakpress.net\/arhiva\/#\/schema\/person\/6e72b67d6e51910a1117b3b483ba20bd"},"image":{"@id":"https:\/\/sandzakpress.net\/arhiva\/zastitimo-sandzacke-sume-one-stite-nas\/#primaryimage"},"thumbnailUrl":"https:\/\/sandzakpress.net\/arhiva\/wp-content\/uploads\/2012\/07\/centralna_srbija.jpg","articleSection":["Novi Pazar","Nacija","Sjenica","Tutin","Prijepolje","Priboj","Nova Varo\u0161"],"inLanguage":"bs-BA","potentialAction":[{"@type":"CommentAction","name":"Comment","target":["https:\/\/sandzakpress.net\/arhiva\/zastitimo-sandzacke-sume-one-stite-nas\/#respond"]}]},{"@type":"WebPage","@id":"https:\/\/sandzakpress.net\/arhiva\/zastitimo-sandzacke-sume-one-stite-nas\/","url":"https:\/\/sandzakpress.net\/arhiva\/zastitimo-sandzacke-sume-one-stite-nas\/","name":"Za\u0161titimo Sand\u017ea\u010dke \u0161ume, one \u0161tite nas!","isPartOf":{"@id":"https:\/\/sandzakpress.net\/arhiva\/#website"},"primaryImageOfPage":{"@id":"https:\/\/sandzakpress.net\/arhiva\/zastitimo-sandzacke-sume-one-stite-nas\/#primaryimage"},"image":{"@id":"https:\/\/sandzakpress.net\/arhiva\/zastitimo-sandzacke-sume-one-stite-nas\/#primaryimage"},"thumbnailUrl":"https:\/\/sandzakpress.net\/arhiva\/wp-content\/uploads\/2012\/07\/centralna_srbija.jpg","datePublished":"2012-07-24T13:06:32+00:00","breadcrumb":{"@id":"https:\/\/sandzakpress.net\/arhiva\/zastitimo-sandzacke-sume-one-stite-nas\/#breadcrumb"},"inLanguage":"bs-BA","potentialAction":[{"@type":"ReadAction","target":["https:\/\/sandzakpress.net\/arhiva\/zastitimo-sandzacke-sume-one-stite-nas\/"]}]},{"@type":"ImageObject","inLanguage":"bs-BA","@id":"https:\/\/sandzakpress.net\/arhiva\/zastitimo-sandzacke-sume-one-stite-nas\/#primaryimage","url":"https:\/\/sandzakpress.net\/arhiva\/wp-content\/uploads\/2012\/07\/centralna_srbija.jpg","contentUrl":"https:\/\/sandzakpress.net\/arhiva\/wp-content\/uploads\/2012\/07\/centralna_srbija.jpg","width":616,"height":462},{"@type":"BreadcrumbList","@id":"https:\/\/sandzakpress.net\/arhiva\/zastitimo-sandzacke-sume-one-stite-nas\/#breadcrumb","itemListElement":[{"@type":"ListItem","position":1,"name":"Home","item":"https:\/\/sandzakpress.net\/arhiva\/"},{"@type":"ListItem","position":2,"name":"Za\u0161titimo Sand\u017ea\u010dke \u0161ume, one \u0161tite nas!"}]},{"@type":"WebSite","@id":"https:\/\/sandzakpress.net\/arhiva\/#website","url":"https:\/\/sandzakpress.net\/arhiva\/","name":"Sand\u017eak PRESS","description":"Prve elektronske novine u Sand\u017eaku","publisher":{"@id":"https:\/\/sandzakpress.net\/arhiva\/#\/schema\/person\/6e72b67d6e51910a1117b3b483ba20bd"},"potentialAction":[{"@type":"SearchAction","target":{"@type":"EntryPoint","urlTemplate":"https:\/\/sandzakpress.net\/arhiva\/?s={search_term_string}"},"query-input":{"@type":"PropertyValueSpecification","valueRequired":true,"valueName":"search_term_string"}}],"inLanguage":"bs-BA"},{"@type":["Person","Organization"],"@id":"https:\/\/sandzakpress.net\/arhiva\/#\/schema\/person\/6e72b67d6e51910a1117b3b483ba20bd","name":"Kul","image":{"@type":"ImageObject","inLanguage":"bs-BA","@id":"https:\/\/sandzakpress.net\/arhiva\/#\/schema\/person\/image\/","url":"https:\/\/secure.gravatar.com\/avatar\/42263f39aa27ac04c43cab85c280eb2e?s=96&d=mm&r=pg","contentUrl":"https:\/\/secure.gravatar.com\/avatar\/42263f39aa27ac04c43cab85c280eb2e?s=96&d=mm&r=pg","caption":"Kul"},"logo":{"@id":"https:\/\/sandzakpress.net\/arhiva\/#\/schema\/person\/image\/"}},{"@type":"Person","@id":"","url":"https:\/\/sandzakpress.net\/arhiva\/author\/"}]}},"_links":{"self":[{"href":"https:\/\/sandzakpress.net\/arhiva\/wp-json\/wp\/v2\/posts\/45926"}],"collection":[{"href":"https:\/\/sandzakpress.net\/arhiva\/wp-json\/wp\/v2\/posts"}],"about":[{"href":"https:\/\/sandzakpress.net\/arhiva\/wp-json\/wp\/v2\/types\/post"}],"author":[{"embeddable":true,"href":"https:\/\/sandzakpress.net\/arhiva\/wp-json\/wp\/v2\/users\/14"}],"replies":[{"embeddable":true,"href":"https:\/\/sandzakpress.net\/arhiva\/wp-json\/wp\/v2\/comments?post=45926"}],"version-history":[{"count":0,"href":"https:\/\/sandzakpress.net\/arhiva\/wp-json\/wp\/v2\/posts\/45926\/revisions"}],"wp:featuredmedia":[{"embeddable":true,"href":"https:\/\/sandzakpress.net\/arhiva\/wp-json\/wp\/v2\/media\/45927"}],"wp:attachment":[{"href":"https:\/\/sandzakpress.net\/arhiva\/wp-json\/wp\/v2\/media?parent=45926"}],"wp:term":[{"taxonomy":"category","embeddable":true,"href":"https:\/\/sandzakpress.net\/arhiva\/wp-json\/wp\/v2\/categories?post=45926"},{"taxonomy":"post_tag","embeddable":true,"href":"https:\/\/sandzakpress.net\/arhiva\/wp-json\/wp\/v2\/tags?post=45926"}],"curies":[{"name":"wp","href":"https:\/\/api.w.org\/{rel}","templated":true}]}}