{"id":45769,"date":"2012-07-21T15:45:02","date_gmt":"2012-07-21T13:45:02","guid":{"rendered":"https:\/\/sandzakpress.net\/arhiva\/?p=45769"},"modified":"2012-07-21T15:45:02","modified_gmt":"2012-07-21T13:45:02","slug":"u-tursku-prebjegla-24-sirijska-generala","status":"publish","type":"post","link":"https:\/\/sandzakpress.net\/arhiva\/u-tursku-prebjegla-24-sirijska-generala\/","title":{"rendered":"U Tursku prebjegla 24 sirijska generala"},"content":{"rendered":"<p><strong><a href=\"https:\/\/sandzakpress.net\/arhiva\/wp-content\/uploads\/2012\/07\/syria_general-ap.jpg\"><img loading=\"lazy\" decoding=\"async\" class=\"alignleft size-medium wp-image-45770\" title=\"syria_general-ap\" src=\"https:\/\/sandzakpress.net\/arhiva\/wp-content\/uploads\/2012\/07\/syria_general-ap-300x200.jpg\" alt=\"\" width=\"300\" height=\"200\" \/><\/a>Sirija, Turska &#8211; <\/strong><strong>Trojica sirijskih generala prebjegla su u Tursku, nakon \u010dega je  njihov broj porastao na ukupno 24, saop\u0107io je neimenovani zvani\u010dnik  turskog ministarstva vanjskih poslova.<\/strong><\/p>\n<p>Me\u0111u prebjeglima su i  dvojica sirijskih brigadnih generala, koji su bili u grupi od 710  Sirijaca koji su tokom no\u0107i izme\u0111u \u010detvrtka i petka pre\u0161li na tursku  teritoriju.<\/p>\n<p>Od izbijanja nasilja u Siriji u martu pro\u0161le godine prebjegla su ukupno 24 sirijska generala, naveo je turski zvani\u010dnik.<\/p>\n<p>Turska  je pru\u017eila uto\u010di\u0161te desetinama prebjega, koji su formirali Slobodnu  sirijsku armiju, koja se bori protiv re\u017eima Bashara al-Assada, prenosi  AFP.<\/p>\n<p>U izbjegli\u010dkim kampovima u Turskoj u blizini granice sa  Sirijom trenutno boravi vi\u0161e od 43.000 Sirijaca koji su pobjegli od  16-mjese\u010dnog krvoproli\u0107a u toj zemlji.<\/p>\n<p>U kampovima se tako\u0111er nalaze pobunjeni\u010dke vojne snage, sa\u010dinjene od prebjega iz sirijske armije.<\/p>\n<p>( Aljazeera )<\/p>\n","protected":false},"excerpt":{"rendered":"<p>Sirija, Turska &#8211; Trojica sirijskih generala prebjegla su u Tursku, nakon \u010dega je njihov broj porastao na ukupno 24, saop\u0107io je neimenovani zvani\u010dnik turskog ministarstva vanjskih poslova. Me\u0111u prebjeglima su i dvojica sirijskih brigadnih generala, koji su bili u grupi od 710 Sirijaca koji su tokom no\u0107i izme\u0111u \u010detvrtka i petka pre\u0161li na tursku teritoriju. [&hellip;]<\/p>\n","protected":false},"author":13,"featured_media":45770,"comment_status":"open","ping_status":"open","sticky":false,"template":"","format":"standard","meta":{"footnotes":""},"categories":[9,2692],"tags":[],"class_list":{"0":"post-45769","1":"post","2":"type-post","3":"status-publish","4":"format-standard","5":"has-post-thumbnail","7":"category-svijet","8":"category-turska-gradovi"},"yoast_head":"<!-- This site is optimized with the Yoast SEO Premium plugin v23.1 (Yoast SEO v24.9) - https:\/\/yoast.com\/wordpress\/plugins\/seo\/ -->\n<title>U Tursku prebjegla 24 sirijska generala<\/title>\n<meta name=\"robots\" content=\"index, follow, max-snippet:-1, max-image-preview:large, max-video-preview:-1\" \/>\n<link rel=\"canonical\" href=\"https:\/\/sandzakpress.net\/arhiva\/u-tursku-prebjegla-24-sirijska-generala\/\" \/>\n<meta property=\"og:locale\" content=\"bs_BA\" \/>\n<meta property=\"og:type\" content=\"article\" \/>\n<meta property=\"og:title\" content=\"U Tursku prebjegla 24 sirijska generala\" \/>\n<meta property=\"og:description\" content=\"Sirija, Turska &#8211; Trojica sirijskih generala prebjegla su u Tursku, nakon \u010dega je njihov broj porastao na ukupno 24, saop\u0107io je neimenovani zvani\u010dnik turskog ministarstva vanjskih poslova. Me\u0111u prebjeglima su i dvojica sirijskih brigadnih generala, koji su bili u grupi od 710 Sirijaca koji su tokom no\u0107i izme\u0111u \u010detvrtka i petka pre\u0161li na tursku teritoriju. [&hellip;]\" \/>\n<meta property=\"og:url\" content=\"https:\/\/sandzakpress.net\/arhiva\/u-tursku-prebjegla-24-sirijska-generala\/\" \/>\n<meta property=\"og:site_name\" content=\"Sand\u017eak PRESS\" \/>\n<meta property=\"article:published_time\" content=\"2012-07-21T13:45:02+00:00\" \/>\n<meta property=\"og:image\" content=\"https:\/\/sandzakpress.net\/arhiva\/wp-content\/uploads\/2012\/07\/syria_general-ap.jpg\" \/>\n\t<meta property=\"og:image:width\" content=\"616\" \/>\n\t<meta property=\"og:image:height\" content=\"411\" \/>\n\t<meta property=\"og:image:type\" content=\"image\/jpeg\" \/>\n<meta name=\"twitter:card\" content=\"summary_large_image\" \/>\n<meta name=\"twitter:label1\" content=\"Written by\" \/>\n\t<meta name=\"twitter:data1\" content=\"\" \/>\n\t<meta name=\"twitter:label2\" content=\"Est. reading time\" \/>\n\t<meta name=\"twitter:data2\" content=\"1 minuta\" \/>\n<script type=\"application\/ld+json\" class=\"yoast-schema-graph\">{\"@context\":\"https:\/\/schema.org\",\"@graph\":[{\"@type\":\"Article\",\"@id\":\"https:\/\/sandzakpress.net\/arhiva\/u-tursku-prebjegla-24-sirijska-generala\/#article\",\"isPartOf\":{\"@id\":\"https:\/\/sandzakpress.net\/arhiva\/u-tursku-prebjegla-24-sirijska-generala\/\"},\"author\":{\"name\":\"\",\"@id\":\"\"},\"headline\":\"U Tursku prebjegla 24 sirijska generala\",\"datePublished\":\"2012-07-21T13:45:02+00:00\",\"mainEntityOfPage\":{\"@id\":\"https:\/\/sandzakpress.net\/arhiva\/u-tursku-prebjegla-24-sirijska-generala\/\"},\"wordCount\":155,\"commentCount\":0,\"publisher\":{\"@id\":\"https:\/\/sandzakpress.net\/arhiva\/#\/schema\/person\/6e72b67d6e51910a1117b3b483ba20bd\"},\"image\":{\"@id\":\"https:\/\/sandzakpress.net\/arhiva\/u-tursku-prebjegla-24-sirijska-generala\/#primaryimage\"},\"thumbnailUrl\":\"https:\/\/sandzakpress.net\/arhiva\/wp-content\/uploads\/2012\/07\/syria_general-ap.jpg\",\"articleSection\":[\"Svijet\",\"Turska\"],\"inLanguage\":\"bs-BA\",\"potentialAction\":[{\"@type\":\"CommentAction\",\"name\":\"Comment\",\"target\":[\"https:\/\/sandzakpress.net\/arhiva\/u-tursku-prebjegla-24-sirijska-generala\/#respond\"]}]},{\"@type\":\"WebPage\",\"@id\":\"https:\/\/sandzakpress.net\/arhiva\/u-tursku-prebjegla-24-sirijska-generala\/\",\"url\":\"https:\/\/sandzakpress.net\/arhiva\/u-tursku-prebjegla-24-sirijska-generala\/\",\"name\":\"U Tursku prebjegla 24 sirijska generala\",\"isPartOf\":{\"@id\":\"https:\/\/sandzakpress.net\/arhiva\/#website\"},\"primaryImageOfPage\":{\"@id\":\"https:\/\/sandzakpress.net\/arhiva\/u-tursku-prebjegla-24-sirijska-generala\/#primaryimage\"},\"image\":{\"@id\":\"https:\/\/sandzakpress.net\/arhiva\/u-tursku-prebjegla-24-sirijska-generala\/#primaryimage\"},\"thumbnailUrl\":\"https:\/\/sandzakpress.net\/arhiva\/wp-content\/uploads\/2012\/07\/syria_general-ap.jpg\",\"datePublished\":\"2012-07-21T13:45:02+00:00\",\"breadcrumb\":{\"@id\":\"https:\/\/sandzakpress.net\/arhiva\/u-tursku-prebjegla-24-sirijska-generala\/#breadcrumb\"},\"inLanguage\":\"bs-BA\",\"potentialAction\":[{\"@type\":\"ReadAction\",\"target\":[\"https:\/\/sandzakpress.net\/arhiva\/u-tursku-prebjegla-24-sirijska-generala\/\"]}]},{\"@type\":\"ImageObject\",\"inLanguage\":\"bs-BA\",\"@id\":\"https:\/\/sandzakpress.net\/arhiva\/u-tursku-prebjegla-24-sirijska-generala\/#primaryimage\",\"url\":\"https:\/\/sandzakpress.net\/arhiva\/wp-content\/uploads\/2012\/07\/syria_general-ap.jpg\",\"contentUrl\":\"https:\/\/sandzakpress.net\/arhiva\/wp-content\/uploads\/2012\/07\/syria_general-ap.jpg\",\"width\":616,\"height\":411},{\"@type\":\"BreadcrumbList\",\"@id\":\"https:\/\/sandzakpress.net\/arhiva\/u-tursku-prebjegla-24-sirijska-generala\/#breadcrumb\",\"itemListElement\":[{\"@type\":\"ListItem\",\"position\":1,\"name\":\"Home\",\"item\":\"https:\/\/sandzakpress.net\/arhiva\/\"},{\"@type\":\"ListItem\",\"position\":2,\"name\":\"U Tursku prebjegla 24 sirijska generala\"}]},{\"@type\":\"WebSite\",\"@id\":\"https:\/\/sandzakpress.net\/arhiva\/#website\",\"url\":\"https:\/\/sandzakpress.net\/arhiva\/\",\"name\":\"Sand\u017eak PRESS\",\"description\":\"Prve elektronske novine u Sand\u017eaku\",\"publisher\":{\"@id\":\"https:\/\/sandzakpress.net\/arhiva\/#\/schema\/person\/6e72b67d6e51910a1117b3b483ba20bd\"},\"potentialAction\":[{\"@type\":\"SearchAction\",\"target\":{\"@type\":\"EntryPoint\",\"urlTemplate\":\"https:\/\/sandzakpress.net\/arhiva\/?s={search_term_string}\"},\"query-input\":{\"@type\":\"PropertyValueSpecification\",\"valueRequired\":true,\"valueName\":\"search_term_string\"}}],\"inLanguage\":\"bs-BA\"},{\"@type\":[\"Person\",\"Organization\"],\"@id\":\"https:\/\/sandzakpress.net\/arhiva\/#\/schema\/person\/6e72b67d6e51910a1117b3b483ba20bd\",\"name\":\"Kul\",\"image\":{\"@type\":\"ImageObject\",\"inLanguage\":\"bs-BA\",\"@id\":\"https:\/\/sandzakpress.net\/arhiva\/#\/schema\/person\/image\/\",\"url\":\"https:\/\/secure.gravatar.com\/avatar\/42263f39aa27ac04c43cab85c280eb2e?s=96&d=mm&r=pg\",\"contentUrl\":\"https:\/\/secure.gravatar.com\/avatar\/42263f39aa27ac04c43cab85c280eb2e?s=96&d=mm&r=pg\",\"caption\":\"Kul\"},\"logo\":{\"@id\":\"https:\/\/sandzakpress.net\/arhiva\/#\/schema\/person\/image\/\"}},{\"@type\":\"Person\",\"@id\":\"\",\"url\":\"https:\/\/sandzakpress.net\/arhiva\/author\/\"}]}<\/script>\n<!-- \/ Yoast SEO Premium plugin. -->","yoast_head_json":{"title":"U Tursku prebjegla 24 sirijska generala","robots":{"index":"index","follow":"follow","max-snippet":"max-snippet:-1","max-image-preview":"max-image-preview:large","max-video-preview":"max-video-preview:-1"},"canonical":"https:\/\/sandzakpress.net\/arhiva\/u-tursku-prebjegla-24-sirijska-generala\/","og_locale":"bs_BA","og_type":"article","og_title":"U Tursku prebjegla 24 sirijska generala","og_description":"Sirija, Turska &#8211; Trojica sirijskih generala prebjegla su u Tursku, nakon \u010dega je njihov broj porastao na ukupno 24, saop\u0107io je neimenovani zvani\u010dnik turskog ministarstva vanjskih poslova. Me\u0111u prebjeglima su i dvojica sirijskih brigadnih generala, koji su bili u grupi od 710 Sirijaca koji su tokom no\u0107i izme\u0111u \u010detvrtka i petka pre\u0161li na tursku teritoriju. [&hellip;]","og_url":"https:\/\/sandzakpress.net\/arhiva\/u-tursku-prebjegla-24-sirijska-generala\/","og_site_name":"Sand\u017eak PRESS","article_published_time":"2012-07-21T13:45:02+00:00","og_image":[{"width":616,"height":411,"url":"https:\/\/sandzakpress.net\/arhiva\/wp-content\/uploads\/2012\/07\/syria_general-ap.jpg","type":"image\/jpeg"}],"twitter_card":"summary_large_image","twitter_misc":{"Written by":"","Est. reading time":"1 minuta"},"schema":{"@context":"https:\/\/schema.org","@graph":[{"@type":"Article","@id":"https:\/\/sandzakpress.net\/arhiva\/u-tursku-prebjegla-24-sirijska-generala\/#article","isPartOf":{"@id":"https:\/\/sandzakpress.net\/arhiva\/u-tursku-prebjegla-24-sirijska-generala\/"},"author":{"name":"","@id":""},"headline":"U Tursku prebjegla 24 sirijska generala","datePublished":"2012-07-21T13:45:02+00:00","mainEntityOfPage":{"@id":"https:\/\/sandzakpress.net\/arhiva\/u-tursku-prebjegla-24-sirijska-generala\/"},"wordCount":155,"commentCount":0,"publisher":{"@id":"https:\/\/sandzakpress.net\/arhiva\/#\/schema\/person\/6e72b67d6e51910a1117b3b483ba20bd"},"image":{"@id":"https:\/\/sandzakpress.net\/arhiva\/u-tursku-prebjegla-24-sirijska-generala\/#primaryimage"},"thumbnailUrl":"https:\/\/sandzakpress.net\/arhiva\/wp-content\/uploads\/2012\/07\/syria_general-ap.jpg","articleSection":["Svijet","Turska"],"inLanguage":"bs-BA","potentialAction":[{"@type":"CommentAction","name":"Comment","target":["https:\/\/sandzakpress.net\/arhiva\/u-tursku-prebjegla-24-sirijska-generala\/#respond"]}]},{"@type":"WebPage","@id":"https:\/\/sandzakpress.net\/arhiva\/u-tursku-prebjegla-24-sirijska-generala\/","url":"https:\/\/sandzakpress.net\/arhiva\/u-tursku-prebjegla-24-sirijska-generala\/","name":"U Tursku prebjegla 24 sirijska generala","isPartOf":{"@id":"https:\/\/sandzakpress.net\/arhiva\/#website"},"primaryImageOfPage":{"@id":"https:\/\/sandzakpress.net\/arhiva\/u-tursku-prebjegla-24-sirijska-generala\/#primaryimage"},"image":{"@id":"https:\/\/sandzakpress.net\/arhiva\/u-tursku-prebjegla-24-sirijska-generala\/#primaryimage"},"thumbnailUrl":"https:\/\/sandzakpress.net\/arhiva\/wp-content\/uploads\/2012\/07\/syria_general-ap.jpg","datePublished":"2012-07-21T13:45:02+00:00","breadcrumb":{"@id":"https:\/\/sandzakpress.net\/arhiva\/u-tursku-prebjegla-24-sirijska-generala\/#breadcrumb"},"inLanguage":"bs-BA","potentialAction":[{"@type":"ReadAction","target":["https:\/\/sandzakpress.net\/arhiva\/u-tursku-prebjegla-24-sirijska-generala\/"]}]},{"@type":"ImageObject","inLanguage":"bs-BA","@id":"https:\/\/sandzakpress.net\/arhiva\/u-tursku-prebjegla-24-sirijska-generala\/#primaryimage","url":"https:\/\/sandzakpress.net\/arhiva\/wp-content\/uploads\/2012\/07\/syria_general-ap.jpg","contentUrl":"https:\/\/sandzakpress.net\/arhiva\/wp-content\/uploads\/2012\/07\/syria_general-ap.jpg","width":616,"height":411},{"@type":"BreadcrumbList","@id":"https:\/\/sandzakpress.net\/arhiva\/u-tursku-prebjegla-24-sirijska-generala\/#breadcrumb","itemListElement":[{"@type":"ListItem","position":1,"name":"Home","item":"https:\/\/sandzakpress.net\/arhiva\/"},{"@type":"ListItem","position":2,"name":"U Tursku prebjegla 24 sirijska generala"}]},{"@type":"WebSite","@id":"https:\/\/sandzakpress.net\/arhiva\/#website","url":"https:\/\/sandzakpress.net\/arhiva\/","name":"Sand\u017eak PRESS","description":"Prve elektronske novine u Sand\u017eaku","publisher":{"@id":"https:\/\/sandzakpress.net\/arhiva\/#\/schema\/person\/6e72b67d6e51910a1117b3b483ba20bd"},"potentialAction":[{"@type":"SearchAction","target":{"@type":"EntryPoint","urlTemplate":"https:\/\/sandzakpress.net\/arhiva\/?s={search_term_string}"},"query-input":{"@type":"PropertyValueSpecification","valueRequired":true,"valueName":"search_term_string"}}],"inLanguage":"bs-BA"},{"@type":["Person","Organization"],"@id":"https:\/\/sandzakpress.net\/arhiva\/#\/schema\/person\/6e72b67d6e51910a1117b3b483ba20bd","name":"Kul","image":{"@type":"ImageObject","inLanguage":"bs-BA","@id":"https:\/\/sandzakpress.net\/arhiva\/#\/schema\/person\/image\/","url":"https:\/\/secure.gravatar.com\/avatar\/42263f39aa27ac04c43cab85c280eb2e?s=96&d=mm&r=pg","contentUrl":"https:\/\/secure.gravatar.com\/avatar\/42263f39aa27ac04c43cab85c280eb2e?s=96&d=mm&r=pg","caption":"Kul"},"logo":{"@id":"https:\/\/sandzakpress.net\/arhiva\/#\/schema\/person\/image\/"}},{"@type":"Person","@id":"","url":"https:\/\/sandzakpress.net\/arhiva\/author\/"}]}},"_links":{"self":[{"href":"https:\/\/sandzakpress.net\/arhiva\/wp-json\/wp\/v2\/posts\/45769"}],"collection":[{"href":"https:\/\/sandzakpress.net\/arhiva\/wp-json\/wp\/v2\/posts"}],"about":[{"href":"https:\/\/sandzakpress.net\/arhiva\/wp-json\/wp\/v2\/types\/post"}],"author":[{"embeddable":true,"href":"https:\/\/sandzakpress.net\/arhiva\/wp-json\/wp\/v2\/users\/13"}],"replies":[{"embeddable":true,"href":"https:\/\/sandzakpress.net\/arhiva\/wp-json\/wp\/v2\/comments?post=45769"}],"version-history":[{"count":0,"href":"https:\/\/sandzakpress.net\/arhiva\/wp-json\/wp\/v2\/posts\/45769\/revisions"}],"wp:featuredmedia":[{"embeddable":true,"href":"https:\/\/sandzakpress.net\/arhiva\/wp-json\/wp\/v2\/media\/45770"}],"wp:attachment":[{"href":"https:\/\/sandzakpress.net\/arhiva\/wp-json\/wp\/v2\/media?parent=45769"}],"wp:term":[{"taxonomy":"category","embeddable":true,"href":"https:\/\/sandzakpress.net\/arhiva\/wp-json\/wp\/v2\/categories?post=45769"},{"taxonomy":"post_tag","embeddable":true,"href":"https:\/\/sandzakpress.net\/arhiva\/wp-json\/wp\/v2\/tags?post=45769"}],"curies":[{"name":"wp","href":"https:\/\/api.w.org\/{rel}","templated":true}]}}