{"id":45578,"date":"2012-07-20T11:34:59","date_gmt":"2012-07-20T09:34:59","guid":{"rendered":"https:\/\/sandzakpress.net\/arhiva\/?p=45578"},"modified":"2012-07-20T11:43:22","modified_gmt":"2012-07-20T09:43:22","slug":"elfic-ostanak-ljajica-i-ugljanina-u-ministarskim-foteljama-pogubno-po-sandzak","status":"publish","type":"post","link":"https:\/\/sandzakpress.net\/arhiva\/elfic-ostanak-ljajica-i-ugljanina-u-ministarskim-foteljama-pogubno-po-sandzak\/","title":{"rendered":"Elfi\u0107: &#8216;Ostanak Ljaji\u0107a i Ugljanina u ministarskim foteljama pogubno po Sand\u017eak&#8217;"},"content":{"rendered":"<p><strong><a href=\"https:\/\/sandzakpress.net\/arhiva\/wp-content\/uploads\/2012\/07\/elfic.jpg\"><img loading=\"lazy\" decoding=\"async\" class=\"alignleft size-full wp-image-45579\" title=\"elfic\" src=\"https:\/\/sandzakpress.net\/arhiva\/wp-content\/uploads\/2012\/07\/elfic.jpg\" alt=\"\" width=\"275\" height=\"183\" \/><\/a>Sjeverni Sand\u017eak &#8211; A u izjavi za TV Jedinstvo lider BDZ Emir Elfi\u0107 je rekao da je pogubno da u Vladi budu oni koji godinama sede u ministarskim foteljama obra\u010dunavaju\u0107i se sa tih pozicija sa neistomi\u0161ljenicima u Sand\u017eaku, pa \u010dak i onda kada je to na \u0161tetu Bo\u0161njaka.<\/strong><\/p>\n<p>\u201eOni su u potpunosti devastirali ekonomiju Sand\u017eaka i narod doveli do same margine siroma\u0161tva. U prethodnom mandatu nisu pokazali sposobnost dovo\u0111enja niti jednog investitora u Sand\u017eak \u0161to bi svakako uticalo na smanjenje nezaposlenosti. Njihovu politiku ku\u0161amo godinama i ne vidim da \u0107e tu biti bilo kakvog pozitivnog zaokreta\u201c, rekao je za TV Jedinstvo predsednik BDZ Emir Elfi\u0107.<\/p>\n<p>(BDZ)<\/p>\n","protected":false},"excerpt":{"rendered":"<p>Sjeverni Sand\u017eak &#8211; A u izjavi za TV Jedinstvo lider BDZ Emir Elfi\u0107 je rekao da je pogubno da u Vladi budu oni koji godinama sede u ministarskim foteljama obra\u010dunavaju\u0107i se sa tih pozicija sa neistomi\u0161ljenicima u Sand\u017eaku, pa \u010dak i onda kada je to na \u0161tetu Bo\u0161njaka. \u201eOni su u potpunosti devastirali ekonomiju Sand\u017eaka [&hellip;]<\/p>\n","protected":false},"author":83,"featured_media":45579,"comment_status":"open","ping_status":"open","sticky":false,"template":"","format":"standard","meta":{"footnotes":""},"categories":[72,1,52,327,392,393,394,8957],"tags":[],"class_list":{"0":"post-45578","1":"post","2":"type-post","3":"status-publish","4":"format-standard","5":"has-post-thumbnail","7":"category-novi-pazar","8":"category-politika","9":"category-sjenica","10":"category-tutin","11":"category-prijepolje_","12":"category-priboj","13":"category-nova-varos","14":"category-vijesti-dana"},"yoast_head":"<!-- This site is optimized with the Yoast SEO Premium plugin v23.1 (Yoast SEO v24.9) - https:\/\/yoast.com\/wordpress\/plugins\/seo\/ -->\n<title>Elfi\u0107: &#039;Ostanak Ljaji\u0107a i Ugljanina u ministarskim foteljama pogubno po Sand\u017eak&#039;<\/title>\n<meta name=\"robots\" content=\"index, follow, max-snippet:-1, max-image-preview:large, max-video-preview:-1\" \/>\n<link rel=\"canonical\" href=\"https:\/\/sandzakpress.net\/arhiva\/elfic-ostanak-ljajica-i-ugljanina-u-ministarskim-foteljama-pogubno-po-sandzak\/\" \/>\n<meta property=\"og:locale\" content=\"bs_BA\" \/>\n<meta property=\"og:type\" content=\"article\" \/>\n<meta property=\"og:title\" content=\"Elfi\u0107: &#039;Ostanak Ljaji\u0107a i Ugljanina u ministarskim foteljama pogubno po Sand\u017eak&#039;\" \/>\n<meta property=\"og:description\" content=\"Sjeverni Sand\u017eak &#8211; A u izjavi za TV Jedinstvo lider BDZ Emir Elfi\u0107 je rekao da je pogubno da u Vladi budu oni koji godinama sede u ministarskim foteljama obra\u010dunavaju\u0107i se sa tih pozicija sa neistomi\u0161ljenicima u Sand\u017eaku, pa \u010dak i onda kada je to na \u0161tetu Bo\u0161njaka. \u201eOni su u potpunosti devastirali ekonomiju Sand\u017eaka [&hellip;]\" \/>\n<meta property=\"og:url\" content=\"https:\/\/sandzakpress.net\/arhiva\/elfic-ostanak-ljajica-i-ugljanina-u-ministarskim-foteljama-pogubno-po-sandzak\/\" \/>\n<meta property=\"og:site_name\" content=\"Sand\u017eak PRESS\" \/>\n<meta property=\"article:published_time\" content=\"2012-07-20T09:34:59+00:00\" \/>\n<meta property=\"article:modified_time\" content=\"2012-07-20T09:43:22+00:00\" \/>\n<meta property=\"og:image\" content=\"https:\/\/sandzakpress.net\/arhiva\/wp-content\/uploads\/2012\/07\/elfic.jpg\" \/>\n\t<meta property=\"og:image:width\" content=\"275\" \/>\n\t<meta property=\"og:image:height\" content=\"183\" \/>\n\t<meta property=\"og:image:type\" content=\"image\/jpeg\" \/>\n<meta name=\"author\" content=\"bosniak\" \/>\n<meta name=\"twitter:card\" content=\"summary_large_image\" \/>\n<meta name=\"twitter:label1\" content=\"Written by\" \/>\n\t<meta name=\"twitter:data1\" content=\"bosniak\" \/>\n\t<meta name=\"twitter:label2\" content=\"Est. reading time\" \/>\n\t<meta name=\"twitter:data2\" content=\"1 minuta\" \/>\n<script type=\"application\/ld+json\" class=\"yoast-schema-graph\">{\"@context\":\"https:\/\/schema.org\",\"@graph\":[{\"@type\":\"Article\",\"@id\":\"https:\/\/sandzakpress.net\/arhiva\/elfic-ostanak-ljajica-i-ugljanina-u-ministarskim-foteljama-pogubno-po-sandzak\/#article\",\"isPartOf\":{\"@id\":\"https:\/\/sandzakpress.net\/arhiva\/elfic-ostanak-ljajica-i-ugljanina-u-ministarskim-foteljama-pogubno-po-sandzak\/\"},\"author\":{\"name\":\"bosniak\",\"@id\":\"https:\/\/sandzakpress.net\/arhiva\/#\/schema\/person\/c8baee722073534b583ea7bdb2e36c02\"},\"headline\":\"Elfi\u0107: &#8216;Ostanak Ljaji\u0107a i Ugljanina u ministarskim foteljama pogubno po Sand\u017eak&#8217;\",\"datePublished\":\"2012-07-20T09:34:59+00:00\",\"dateModified\":\"2012-07-20T09:43:22+00:00\",\"mainEntityOfPage\":{\"@id\":\"https:\/\/sandzakpress.net\/arhiva\/elfic-ostanak-ljajica-i-ugljanina-u-ministarskim-foteljama-pogubno-po-sandzak\/\"},\"wordCount\":130,\"commentCount\":3,\"publisher\":{\"@id\":\"https:\/\/sandzakpress.net\/arhiva\/#\/schema\/person\/6e72b67d6e51910a1117b3b483ba20bd\"},\"image\":{\"@id\":\"https:\/\/sandzakpress.net\/arhiva\/elfic-ostanak-ljajica-i-ugljanina-u-ministarskim-foteljama-pogubno-po-sandzak\/#primaryimage\"},\"thumbnailUrl\":\"https:\/\/sandzakpress.net\/arhiva\/wp-content\/uploads\/2012\/07\/elfic.jpg\",\"articleSection\":[\"Novi Pazar\",\"Politika\",\"Sjenica\",\"Tutin\",\"Prijepolje\",\"Priboj\",\"Nova Varo\u0161\",\"VIJESTI DANA\"],\"inLanguage\":\"bs-BA\",\"potentialAction\":[{\"@type\":\"CommentAction\",\"name\":\"Comment\",\"target\":[\"https:\/\/sandzakpress.net\/arhiva\/elfic-ostanak-ljajica-i-ugljanina-u-ministarskim-foteljama-pogubno-po-sandzak\/#respond\"]}]},{\"@type\":\"WebPage\",\"@id\":\"https:\/\/sandzakpress.net\/arhiva\/elfic-ostanak-ljajica-i-ugljanina-u-ministarskim-foteljama-pogubno-po-sandzak\/\",\"url\":\"https:\/\/sandzakpress.net\/arhiva\/elfic-ostanak-ljajica-i-ugljanina-u-ministarskim-foteljama-pogubno-po-sandzak\/\",\"name\":\"Elfi\u0107: 'Ostanak Ljaji\u0107a i Ugljanina u ministarskim foteljama pogubno po Sand\u017eak'\",\"isPartOf\":{\"@id\":\"https:\/\/sandzakpress.net\/arhiva\/#website\"},\"primaryImageOfPage\":{\"@id\":\"https:\/\/sandzakpress.net\/arhiva\/elfic-ostanak-ljajica-i-ugljanina-u-ministarskim-foteljama-pogubno-po-sandzak\/#primaryimage\"},\"image\":{\"@id\":\"https:\/\/sandzakpress.net\/arhiva\/elfic-ostanak-ljajica-i-ugljanina-u-ministarskim-foteljama-pogubno-po-sandzak\/#primaryimage\"},\"thumbnailUrl\":\"https:\/\/sandzakpress.net\/arhiva\/wp-content\/uploads\/2012\/07\/elfic.jpg\",\"datePublished\":\"2012-07-20T09:34:59+00:00\",\"dateModified\":\"2012-07-20T09:43:22+00:00\",\"breadcrumb\":{\"@id\":\"https:\/\/sandzakpress.net\/arhiva\/elfic-ostanak-ljajica-i-ugljanina-u-ministarskim-foteljama-pogubno-po-sandzak\/#breadcrumb\"},\"inLanguage\":\"bs-BA\",\"potentialAction\":[{\"@type\":\"ReadAction\",\"target\":[\"https:\/\/sandzakpress.net\/arhiva\/elfic-ostanak-ljajica-i-ugljanina-u-ministarskim-foteljama-pogubno-po-sandzak\/\"]}]},{\"@type\":\"ImageObject\",\"inLanguage\":\"bs-BA\",\"@id\":\"https:\/\/sandzakpress.net\/arhiva\/elfic-ostanak-ljajica-i-ugljanina-u-ministarskim-foteljama-pogubno-po-sandzak\/#primaryimage\",\"url\":\"https:\/\/sandzakpress.net\/arhiva\/wp-content\/uploads\/2012\/07\/elfic.jpg\",\"contentUrl\":\"https:\/\/sandzakpress.net\/arhiva\/wp-content\/uploads\/2012\/07\/elfic.jpg\",\"width\":275,\"height\":183},{\"@type\":\"BreadcrumbList\",\"@id\":\"https:\/\/sandzakpress.net\/arhiva\/elfic-ostanak-ljajica-i-ugljanina-u-ministarskim-foteljama-pogubno-po-sandzak\/#breadcrumb\",\"itemListElement\":[{\"@type\":\"ListItem\",\"position\":1,\"name\":\"Home\",\"item\":\"https:\/\/sandzakpress.net\/arhiva\/\"},{\"@type\":\"ListItem\",\"position\":2,\"name\":\"Elfi\u0107: &#8216;Ostanak Ljaji\u0107a i Ugljanina u ministarskim foteljama pogubno po Sand\u017eak&#8217;\"}]},{\"@type\":\"WebSite\",\"@id\":\"https:\/\/sandzakpress.net\/arhiva\/#website\",\"url\":\"https:\/\/sandzakpress.net\/arhiva\/\",\"name\":\"Sand\u017eak PRESS\",\"description\":\"Prve elektronske novine u Sand\u017eaku\",\"publisher\":{\"@id\":\"https:\/\/sandzakpress.net\/arhiva\/#\/schema\/person\/6e72b67d6e51910a1117b3b483ba20bd\"},\"potentialAction\":[{\"@type\":\"SearchAction\",\"target\":{\"@type\":\"EntryPoint\",\"urlTemplate\":\"https:\/\/sandzakpress.net\/arhiva\/?s={search_term_string}\"},\"query-input\":{\"@type\":\"PropertyValueSpecification\",\"valueRequired\":true,\"valueName\":\"search_term_string\"}}],\"inLanguage\":\"bs-BA\"},{\"@type\":[\"Person\",\"Organization\"],\"@id\":\"https:\/\/sandzakpress.net\/arhiva\/#\/schema\/person\/6e72b67d6e51910a1117b3b483ba20bd\",\"name\":\"Kul\",\"image\":{\"@type\":\"ImageObject\",\"inLanguage\":\"bs-BA\",\"@id\":\"https:\/\/sandzakpress.net\/arhiva\/#\/schema\/person\/image\/\",\"url\":\"https:\/\/secure.gravatar.com\/avatar\/42263f39aa27ac04c43cab85c280eb2e?s=96&d=mm&r=pg\",\"contentUrl\":\"https:\/\/secure.gravatar.com\/avatar\/42263f39aa27ac04c43cab85c280eb2e?s=96&d=mm&r=pg\",\"caption\":\"Kul\"},\"logo\":{\"@id\":\"https:\/\/sandzakpress.net\/arhiva\/#\/schema\/person\/image\/\"}},{\"@type\":\"Person\",\"@id\":\"https:\/\/sandzakpress.net\/arhiva\/#\/schema\/person\/c8baee722073534b583ea7bdb2e36c02\",\"name\":\"bosniak\",\"image\":{\"@type\":\"ImageObject\",\"inLanguage\":\"bs-BA\",\"@id\":\"https:\/\/sandzakpress.net\/arhiva\/#\/schema\/person\/image\/\",\"url\":\"https:\/\/secure.gravatar.com\/avatar\/a04fd330bfe3a36a72a0ad4a6d89fca7?s=96&d=mm&r=pg\",\"contentUrl\":\"https:\/\/secure.gravatar.com\/avatar\/a04fd330bfe3a36a72a0ad4a6d89fca7?s=96&d=mm&r=pg\",\"caption\":\"bosniak\"},\"url\":\"https:\/\/sandzakpress.net\/arhiva\/author\/bosniak\/\"}]}<\/script>\n<!-- \/ Yoast SEO Premium plugin. -->","yoast_head_json":{"title":"Elfi\u0107: 'Ostanak Ljaji\u0107a i Ugljanina u ministarskim foteljama pogubno po Sand\u017eak'","robots":{"index":"index","follow":"follow","max-snippet":"max-snippet:-1","max-image-preview":"max-image-preview:large","max-video-preview":"max-video-preview:-1"},"canonical":"https:\/\/sandzakpress.net\/arhiva\/elfic-ostanak-ljajica-i-ugljanina-u-ministarskim-foteljama-pogubno-po-sandzak\/","og_locale":"bs_BA","og_type":"article","og_title":"Elfi\u0107: 'Ostanak Ljaji\u0107a i Ugljanina u ministarskim foteljama pogubno po Sand\u017eak'","og_description":"Sjeverni Sand\u017eak &#8211; A u izjavi za TV Jedinstvo lider BDZ Emir Elfi\u0107 je rekao da je pogubno da u Vladi budu oni koji godinama sede u ministarskim foteljama obra\u010dunavaju\u0107i se sa tih pozicija sa neistomi\u0161ljenicima u Sand\u017eaku, pa \u010dak i onda kada je to na \u0161tetu Bo\u0161njaka. \u201eOni su u potpunosti devastirali ekonomiju Sand\u017eaka [&hellip;]","og_url":"https:\/\/sandzakpress.net\/arhiva\/elfic-ostanak-ljajica-i-ugljanina-u-ministarskim-foteljama-pogubno-po-sandzak\/","og_site_name":"Sand\u017eak PRESS","article_published_time":"2012-07-20T09:34:59+00:00","article_modified_time":"2012-07-20T09:43:22+00:00","og_image":[{"width":275,"height":183,"url":"https:\/\/sandzakpress.net\/arhiva\/wp-content\/uploads\/2012\/07\/elfic.jpg","type":"image\/jpeg"}],"author":"bosniak","twitter_card":"summary_large_image","twitter_misc":{"Written by":"bosniak","Est. reading time":"1 minuta"},"schema":{"@context":"https:\/\/schema.org","@graph":[{"@type":"Article","@id":"https:\/\/sandzakpress.net\/arhiva\/elfic-ostanak-ljajica-i-ugljanina-u-ministarskim-foteljama-pogubno-po-sandzak\/#article","isPartOf":{"@id":"https:\/\/sandzakpress.net\/arhiva\/elfic-ostanak-ljajica-i-ugljanina-u-ministarskim-foteljama-pogubno-po-sandzak\/"},"author":{"name":"bosniak","@id":"https:\/\/sandzakpress.net\/arhiva\/#\/schema\/person\/c8baee722073534b583ea7bdb2e36c02"},"headline":"Elfi\u0107: &#8216;Ostanak Ljaji\u0107a i Ugljanina u ministarskim foteljama pogubno po Sand\u017eak&#8217;","datePublished":"2012-07-20T09:34:59+00:00","dateModified":"2012-07-20T09:43:22+00:00","mainEntityOfPage":{"@id":"https:\/\/sandzakpress.net\/arhiva\/elfic-ostanak-ljajica-i-ugljanina-u-ministarskim-foteljama-pogubno-po-sandzak\/"},"wordCount":130,"commentCount":3,"publisher":{"@id":"https:\/\/sandzakpress.net\/arhiva\/#\/schema\/person\/6e72b67d6e51910a1117b3b483ba20bd"},"image":{"@id":"https:\/\/sandzakpress.net\/arhiva\/elfic-ostanak-ljajica-i-ugljanina-u-ministarskim-foteljama-pogubno-po-sandzak\/#primaryimage"},"thumbnailUrl":"https:\/\/sandzakpress.net\/arhiva\/wp-content\/uploads\/2012\/07\/elfic.jpg","articleSection":["Novi Pazar","Politika","Sjenica","Tutin","Prijepolje","Priboj","Nova Varo\u0161","VIJESTI DANA"],"inLanguage":"bs-BA","potentialAction":[{"@type":"CommentAction","name":"Comment","target":["https:\/\/sandzakpress.net\/arhiva\/elfic-ostanak-ljajica-i-ugljanina-u-ministarskim-foteljama-pogubno-po-sandzak\/#respond"]}]},{"@type":"WebPage","@id":"https:\/\/sandzakpress.net\/arhiva\/elfic-ostanak-ljajica-i-ugljanina-u-ministarskim-foteljama-pogubno-po-sandzak\/","url":"https:\/\/sandzakpress.net\/arhiva\/elfic-ostanak-ljajica-i-ugljanina-u-ministarskim-foteljama-pogubno-po-sandzak\/","name":"Elfi\u0107: 'Ostanak Ljaji\u0107a i Ugljanina u ministarskim foteljama pogubno po Sand\u017eak'","isPartOf":{"@id":"https:\/\/sandzakpress.net\/arhiva\/#website"},"primaryImageOfPage":{"@id":"https:\/\/sandzakpress.net\/arhiva\/elfic-ostanak-ljajica-i-ugljanina-u-ministarskim-foteljama-pogubno-po-sandzak\/#primaryimage"},"image":{"@id":"https:\/\/sandzakpress.net\/arhiva\/elfic-ostanak-ljajica-i-ugljanina-u-ministarskim-foteljama-pogubno-po-sandzak\/#primaryimage"},"thumbnailUrl":"https:\/\/sandzakpress.net\/arhiva\/wp-content\/uploads\/2012\/07\/elfic.jpg","datePublished":"2012-07-20T09:34:59+00:00","dateModified":"2012-07-20T09:43:22+00:00","breadcrumb":{"@id":"https:\/\/sandzakpress.net\/arhiva\/elfic-ostanak-ljajica-i-ugljanina-u-ministarskim-foteljama-pogubno-po-sandzak\/#breadcrumb"},"inLanguage":"bs-BA","potentialAction":[{"@type":"ReadAction","target":["https:\/\/sandzakpress.net\/arhiva\/elfic-ostanak-ljajica-i-ugljanina-u-ministarskim-foteljama-pogubno-po-sandzak\/"]}]},{"@type":"ImageObject","inLanguage":"bs-BA","@id":"https:\/\/sandzakpress.net\/arhiva\/elfic-ostanak-ljajica-i-ugljanina-u-ministarskim-foteljama-pogubno-po-sandzak\/#primaryimage","url":"https:\/\/sandzakpress.net\/arhiva\/wp-content\/uploads\/2012\/07\/elfic.jpg","contentUrl":"https:\/\/sandzakpress.net\/arhiva\/wp-content\/uploads\/2012\/07\/elfic.jpg","width":275,"height":183},{"@type":"BreadcrumbList","@id":"https:\/\/sandzakpress.net\/arhiva\/elfic-ostanak-ljajica-i-ugljanina-u-ministarskim-foteljama-pogubno-po-sandzak\/#breadcrumb","itemListElement":[{"@type":"ListItem","position":1,"name":"Home","item":"https:\/\/sandzakpress.net\/arhiva\/"},{"@type":"ListItem","position":2,"name":"Elfi\u0107: &#8216;Ostanak Ljaji\u0107a i Ugljanina u ministarskim foteljama pogubno po Sand\u017eak&#8217;"}]},{"@type":"WebSite","@id":"https:\/\/sandzakpress.net\/arhiva\/#website","url":"https:\/\/sandzakpress.net\/arhiva\/","name":"Sand\u017eak PRESS","description":"Prve elektronske novine u Sand\u017eaku","publisher":{"@id":"https:\/\/sandzakpress.net\/arhiva\/#\/schema\/person\/6e72b67d6e51910a1117b3b483ba20bd"},"potentialAction":[{"@type":"SearchAction","target":{"@type":"EntryPoint","urlTemplate":"https:\/\/sandzakpress.net\/arhiva\/?s={search_term_string}"},"query-input":{"@type":"PropertyValueSpecification","valueRequired":true,"valueName":"search_term_string"}}],"inLanguage":"bs-BA"},{"@type":["Person","Organization"],"@id":"https:\/\/sandzakpress.net\/arhiva\/#\/schema\/person\/6e72b67d6e51910a1117b3b483ba20bd","name":"Kul","image":{"@type":"ImageObject","inLanguage":"bs-BA","@id":"https:\/\/sandzakpress.net\/arhiva\/#\/schema\/person\/image\/","url":"https:\/\/secure.gravatar.com\/avatar\/42263f39aa27ac04c43cab85c280eb2e?s=96&d=mm&r=pg","contentUrl":"https:\/\/secure.gravatar.com\/avatar\/42263f39aa27ac04c43cab85c280eb2e?s=96&d=mm&r=pg","caption":"Kul"},"logo":{"@id":"https:\/\/sandzakpress.net\/arhiva\/#\/schema\/person\/image\/"}},{"@type":"Person","@id":"https:\/\/sandzakpress.net\/arhiva\/#\/schema\/person\/c8baee722073534b583ea7bdb2e36c02","name":"bosniak","image":{"@type":"ImageObject","inLanguage":"bs-BA","@id":"https:\/\/sandzakpress.net\/arhiva\/#\/schema\/person\/image\/","url":"https:\/\/secure.gravatar.com\/avatar\/a04fd330bfe3a36a72a0ad4a6d89fca7?s=96&d=mm&r=pg","contentUrl":"https:\/\/secure.gravatar.com\/avatar\/a04fd330bfe3a36a72a0ad4a6d89fca7?s=96&d=mm&r=pg","caption":"bosniak"},"url":"https:\/\/sandzakpress.net\/arhiva\/author\/bosniak\/"}]}},"_links":{"self":[{"href":"https:\/\/sandzakpress.net\/arhiva\/wp-json\/wp\/v2\/posts\/45578"}],"collection":[{"href":"https:\/\/sandzakpress.net\/arhiva\/wp-json\/wp\/v2\/posts"}],"about":[{"href":"https:\/\/sandzakpress.net\/arhiva\/wp-json\/wp\/v2\/types\/post"}],"author":[{"embeddable":true,"href":"https:\/\/sandzakpress.net\/arhiva\/wp-json\/wp\/v2\/users\/83"}],"replies":[{"embeddable":true,"href":"https:\/\/sandzakpress.net\/arhiva\/wp-json\/wp\/v2\/comments?post=45578"}],"version-history":[{"count":0,"href":"https:\/\/sandzakpress.net\/arhiva\/wp-json\/wp\/v2\/posts\/45578\/revisions"}],"wp:featuredmedia":[{"embeddable":true,"href":"https:\/\/sandzakpress.net\/arhiva\/wp-json\/wp\/v2\/media\/45579"}],"wp:attachment":[{"href":"https:\/\/sandzakpress.net\/arhiva\/wp-json\/wp\/v2\/media?parent=45578"}],"wp:term":[{"taxonomy":"category","embeddable":true,"href":"https:\/\/sandzakpress.net\/arhiva\/wp-json\/wp\/v2\/categories?post=45578"},{"taxonomy":"post_tag","embeddable":true,"href":"https:\/\/sandzakpress.net\/arhiva\/wp-json\/wp\/v2\/tags?post=45578"}],"curies":[{"name":"wp","href":"https:\/\/api.w.org\/{rel}","templated":true}]}}