{"id":45537,"date":"2012-07-19T18:21:07","date_gmt":"2012-07-19T16:21:07","guid":{"rendered":"https:\/\/sandzakpress.net\/arhiva\/?p=45537"},"modified":"2012-07-19T18:21:07","modified_gmt":"2012-07-19T16:21:07","slug":"pocinje-ramazan","status":"publish","type":"post","link":"https:\/\/sandzakpress.net\/arhiva\/pocinje-ramazan\/","title":{"rendered":"Po\u010dinje Ramazan"},"content":{"rendered":"<p><strong><a href=\"https:\/\/sandzakpress.net\/arhiva\/wp-content\/uploads\/2012\/07\/dzamija-kad-je-ramazan.jpg\"><img loading=\"lazy\" decoding=\"async\" class=\"alignleft size-full wp-image-45538\" title=\"dzamija-kad-je-ramazan\" src=\"https:\/\/sandzakpress.net\/arhiva\/wp-content\/uploads\/2012\/07\/dzamija-kad-je-ramazan.jpg\" alt=\"\" width=\"275\" height=\"183\" \/><\/a>Sand\u017eak &#8211; Ramazanski post je jedan od pet stubova  islama. Prema islamskim principima, post predstavlja putpuno odricanje  od hrane, pi\u0107a, pu\u0161enja i telesnih zadovoljstava, ali i nedoli\u010dnog  govora i pona\u0161anja, od zore do zalaska Sunca.<\/strong><\/p>\n<p>Najdu\u017ei dan ovogodi\u0161njeg  posta je 20. jul, kada \u0107e vernici postiti 17 sati i 27 minuta, a  najkra\u0107i je ujedno i poslednji dan ramazana, 18. august, kada \u0107e 15 sati  i 57 minuta provesti u odricanju od jela, pi\u0107a i svih ovozemaljskih  u\u017eitaka.<\/p>\n<p>Jedna godina po muslimanskom kalendaru  kra\u0107a je od godine po Gregorijanskom kalendaru za 10 dana, pa \u0107e tako,  prema nalazima Instituta za geofizi\u010dka i astronomska istra\u017eivanja iz  Egipta, idu\u0107e godine ramazanski post po\u010deti 9. jula, dok \u0107e 2020. godine  po\u010detak posta biti 23. aprila.<\/p>\n<p>Godine 2030. posti\u0107e se dva puta u  godini, jer \u0107e jedan ramazanski post po\u010deti 5. januara, a drugi 25.  decembra iste godine. Tokom 33 godine zavr\u0161i se jedan ciklus u  po\u010dinjanju posta, \u0161to zna\u010di da se 1979. postilo u ovogodi\u0161njem terminu.<\/p>\n<p>Post je obavezan za sve fizi\u010dki i  psihi\u010dki zdrave i punoletne muslimane i muslimanke. Tokom ramazanskog  posta postoje dva obroka jutarnji (sufur) i ve\u010dernji (iftar).<\/p>\n<p>Izvor: <strong>Jedinstvo.com<\/strong><\/p>\n","protected":false},"excerpt":{"rendered":"<p>Sand\u017eak &#8211; Ramazanski post je jedan od pet stubova islama. Prema islamskim principima, post predstavlja putpuno odricanje od hrane, pi\u0107a, pu\u0161enja i telesnih zadovoljstava, ali i nedoli\u010dnog govora i pona\u0161anja, od zore do zalaska Sunca. Najdu\u017ei dan ovogodi\u0161njeg posta je 20. jul, kada \u0107e vernici postiti 17 sati i 27 minuta, a najkra\u0107i je ujedno [&hellip;]<\/p>\n","protected":false},"author":13,"featured_media":45538,"comment_status":"open","ping_status":"open","sticky":false,"template":"","format":"standard","meta":{"footnotes":""},"categories":[398,72,397,52,327,396,392,393,395,394,399,5,2692],"tags":[],"class_list":{"0":"post-45537","1":"post","2":"type-post","3":"status-publish","4":"format-standard","5":"has-post-thumbnail","7":"category-rozaje","8":"category-novi-pazar","9":"category-berane","10":"category-sjenica","11":"category-tutin","12":"category-bijelo_polje","13":"category-prijepolje_","14":"category-priboj","15":"category-pljevlja_","16":"category-nova-varos","17":"category-plav_","18":"category-drustvo","19":"category-turska-gradovi"},"yoast_head":"<!-- This site is optimized with the Yoast SEO Premium plugin v23.1 (Yoast SEO v24.9) - https:\/\/yoast.com\/wordpress\/plugins\/seo\/ -->\n<title>Po\u010dinje Ramazan<\/title>\n<meta name=\"robots\" content=\"index, follow, max-snippet:-1, max-image-preview:large, max-video-preview:-1\" \/>\n<link rel=\"canonical\" href=\"https:\/\/sandzakpress.net\/arhiva\/pocinje-ramazan\/\" \/>\n<meta property=\"og:locale\" content=\"bs_BA\" \/>\n<meta property=\"og:type\" content=\"article\" \/>\n<meta property=\"og:title\" content=\"Po\u010dinje Ramazan\" \/>\n<meta property=\"og:description\" content=\"Sand\u017eak &#8211; Ramazanski post je jedan od pet stubova islama. Prema islamskim principima, post predstavlja putpuno odricanje od hrane, pi\u0107a, pu\u0161enja i telesnih zadovoljstava, ali i nedoli\u010dnog govora i pona\u0161anja, od zore do zalaska Sunca. Najdu\u017ei dan ovogodi\u0161njeg posta je 20. jul, kada \u0107e vernici postiti 17 sati i 27 minuta, a najkra\u0107i je ujedno [&hellip;]\" \/>\n<meta property=\"og:url\" content=\"https:\/\/sandzakpress.net\/arhiva\/pocinje-ramazan\/\" \/>\n<meta property=\"og:site_name\" content=\"Sand\u017eak PRESS\" \/>\n<meta property=\"article:published_time\" content=\"2012-07-19T16:21:07+00:00\" \/>\n<meta property=\"og:image\" content=\"https:\/\/sandzakpress.net\/arhiva\/wp-content\/uploads\/2012\/07\/dzamija-kad-je-ramazan.jpg\" \/>\n\t<meta property=\"og:image:width\" content=\"275\" \/>\n\t<meta property=\"og:image:height\" content=\"183\" \/>\n\t<meta property=\"og:image:type\" content=\"image\/jpeg\" \/>\n<meta name=\"twitter:card\" content=\"summary_large_image\" \/>\n<meta name=\"twitter:label1\" content=\"Written by\" \/>\n\t<meta name=\"twitter:data1\" content=\"\" \/>\n\t<meta name=\"twitter:label2\" content=\"Est. reading time\" \/>\n\t<meta name=\"twitter:data2\" content=\"1 minuta\" \/>\n<script type=\"application\/ld+json\" class=\"yoast-schema-graph\">{\"@context\":\"https:\/\/schema.org\",\"@graph\":[{\"@type\":\"Article\",\"@id\":\"https:\/\/sandzakpress.net\/arhiva\/pocinje-ramazan\/#article\",\"isPartOf\":{\"@id\":\"https:\/\/sandzakpress.net\/arhiva\/pocinje-ramazan\/\"},\"author\":{\"name\":\"\",\"@id\":\"\"},\"headline\":\"Po\u010dinje Ramazan\",\"datePublished\":\"2012-07-19T16:21:07+00:00\",\"mainEntityOfPage\":{\"@id\":\"https:\/\/sandzakpress.net\/arhiva\/pocinje-ramazan\/\"},\"wordCount\":204,\"commentCount\":0,\"publisher\":{\"@id\":\"https:\/\/sandzakpress.net\/arhiva\/#\/schema\/person\/6e72b67d6e51910a1117b3b483ba20bd\"},\"image\":{\"@id\":\"https:\/\/sandzakpress.net\/arhiva\/pocinje-ramazan\/#primaryimage\"},\"thumbnailUrl\":\"https:\/\/sandzakpress.net\/arhiva\/wp-content\/uploads\/2012\/07\/dzamija-kad-je-ramazan.jpg\",\"articleSection\":[\"Ro\u017eaje\",\"Novi Pazar\",\"Berane\",\"Sjenica\",\"Tutin\",\"Bijelo Polje\",\"Prijepolje\",\"Priboj\",\"Pljevlja\",\"Nova Varo\u0161\",\"Plav\",\"Dru\u0161tvo\",\"Turska\"],\"inLanguage\":\"bs-BA\",\"potentialAction\":[{\"@type\":\"CommentAction\",\"name\":\"Comment\",\"target\":[\"https:\/\/sandzakpress.net\/arhiva\/pocinje-ramazan\/#respond\"]}]},{\"@type\":\"WebPage\",\"@id\":\"https:\/\/sandzakpress.net\/arhiva\/pocinje-ramazan\/\",\"url\":\"https:\/\/sandzakpress.net\/arhiva\/pocinje-ramazan\/\",\"name\":\"Po\u010dinje Ramazan\",\"isPartOf\":{\"@id\":\"https:\/\/sandzakpress.net\/arhiva\/#website\"},\"primaryImageOfPage\":{\"@id\":\"https:\/\/sandzakpress.net\/arhiva\/pocinje-ramazan\/#primaryimage\"},\"image\":{\"@id\":\"https:\/\/sandzakpress.net\/arhiva\/pocinje-ramazan\/#primaryimage\"},\"thumbnailUrl\":\"https:\/\/sandzakpress.net\/arhiva\/wp-content\/uploads\/2012\/07\/dzamija-kad-je-ramazan.jpg\",\"datePublished\":\"2012-07-19T16:21:07+00:00\",\"breadcrumb\":{\"@id\":\"https:\/\/sandzakpress.net\/arhiva\/pocinje-ramazan\/#breadcrumb\"},\"inLanguage\":\"bs-BA\",\"potentialAction\":[{\"@type\":\"ReadAction\",\"target\":[\"https:\/\/sandzakpress.net\/arhiva\/pocinje-ramazan\/\"]}]},{\"@type\":\"ImageObject\",\"inLanguage\":\"bs-BA\",\"@id\":\"https:\/\/sandzakpress.net\/arhiva\/pocinje-ramazan\/#primaryimage\",\"url\":\"https:\/\/sandzakpress.net\/arhiva\/wp-content\/uploads\/2012\/07\/dzamija-kad-je-ramazan.jpg\",\"contentUrl\":\"https:\/\/sandzakpress.net\/arhiva\/wp-content\/uploads\/2012\/07\/dzamija-kad-je-ramazan.jpg\",\"width\":275,\"height\":183},{\"@type\":\"BreadcrumbList\",\"@id\":\"https:\/\/sandzakpress.net\/arhiva\/pocinje-ramazan\/#breadcrumb\",\"itemListElement\":[{\"@type\":\"ListItem\",\"position\":1,\"name\":\"Home\",\"item\":\"https:\/\/sandzakpress.net\/arhiva\/\"},{\"@type\":\"ListItem\",\"position\":2,\"name\":\"Po\u010dinje Ramazan\"}]},{\"@type\":\"WebSite\",\"@id\":\"https:\/\/sandzakpress.net\/arhiva\/#website\",\"url\":\"https:\/\/sandzakpress.net\/arhiva\/\",\"name\":\"Sand\u017eak PRESS\",\"description\":\"Prve elektronske novine u Sand\u017eaku\",\"publisher\":{\"@id\":\"https:\/\/sandzakpress.net\/arhiva\/#\/schema\/person\/6e72b67d6e51910a1117b3b483ba20bd\"},\"potentialAction\":[{\"@type\":\"SearchAction\",\"target\":{\"@type\":\"EntryPoint\",\"urlTemplate\":\"https:\/\/sandzakpress.net\/arhiva\/?s={search_term_string}\"},\"query-input\":{\"@type\":\"PropertyValueSpecification\",\"valueRequired\":true,\"valueName\":\"search_term_string\"}}],\"inLanguage\":\"bs-BA\"},{\"@type\":[\"Person\",\"Organization\"],\"@id\":\"https:\/\/sandzakpress.net\/arhiva\/#\/schema\/person\/6e72b67d6e51910a1117b3b483ba20bd\",\"name\":\"Kul\",\"image\":{\"@type\":\"ImageObject\",\"inLanguage\":\"bs-BA\",\"@id\":\"https:\/\/sandzakpress.net\/arhiva\/#\/schema\/person\/image\/\",\"url\":\"https:\/\/secure.gravatar.com\/avatar\/42263f39aa27ac04c43cab85c280eb2e?s=96&d=mm&r=pg\",\"contentUrl\":\"https:\/\/secure.gravatar.com\/avatar\/42263f39aa27ac04c43cab85c280eb2e?s=96&d=mm&r=pg\",\"caption\":\"Kul\"},\"logo\":{\"@id\":\"https:\/\/sandzakpress.net\/arhiva\/#\/schema\/person\/image\/\"}},{\"@type\":\"Person\",\"@id\":\"\",\"url\":\"https:\/\/sandzakpress.net\/arhiva\/author\/\"}]}<\/script>\n<!-- \/ Yoast SEO Premium plugin. -->","yoast_head_json":{"title":"Po\u010dinje Ramazan","robots":{"index":"index","follow":"follow","max-snippet":"max-snippet:-1","max-image-preview":"max-image-preview:large","max-video-preview":"max-video-preview:-1"},"canonical":"https:\/\/sandzakpress.net\/arhiva\/pocinje-ramazan\/","og_locale":"bs_BA","og_type":"article","og_title":"Po\u010dinje Ramazan","og_description":"Sand\u017eak &#8211; Ramazanski post je jedan od pet stubova islama. Prema islamskim principima, post predstavlja putpuno odricanje od hrane, pi\u0107a, pu\u0161enja i telesnih zadovoljstava, ali i nedoli\u010dnog govora i pona\u0161anja, od zore do zalaska Sunca. Najdu\u017ei dan ovogodi\u0161njeg posta je 20. jul, kada \u0107e vernici postiti 17 sati i 27 minuta, a najkra\u0107i je ujedno [&hellip;]","og_url":"https:\/\/sandzakpress.net\/arhiva\/pocinje-ramazan\/","og_site_name":"Sand\u017eak PRESS","article_published_time":"2012-07-19T16:21:07+00:00","og_image":[{"width":275,"height":183,"url":"https:\/\/sandzakpress.net\/arhiva\/wp-content\/uploads\/2012\/07\/dzamija-kad-je-ramazan.jpg","type":"image\/jpeg"}],"twitter_card":"summary_large_image","twitter_misc":{"Written by":"","Est. reading time":"1 minuta"},"schema":{"@context":"https:\/\/schema.org","@graph":[{"@type":"Article","@id":"https:\/\/sandzakpress.net\/arhiva\/pocinje-ramazan\/#article","isPartOf":{"@id":"https:\/\/sandzakpress.net\/arhiva\/pocinje-ramazan\/"},"author":{"name":"","@id":""},"headline":"Po\u010dinje Ramazan","datePublished":"2012-07-19T16:21:07+00:00","mainEntityOfPage":{"@id":"https:\/\/sandzakpress.net\/arhiva\/pocinje-ramazan\/"},"wordCount":204,"commentCount":0,"publisher":{"@id":"https:\/\/sandzakpress.net\/arhiva\/#\/schema\/person\/6e72b67d6e51910a1117b3b483ba20bd"},"image":{"@id":"https:\/\/sandzakpress.net\/arhiva\/pocinje-ramazan\/#primaryimage"},"thumbnailUrl":"https:\/\/sandzakpress.net\/arhiva\/wp-content\/uploads\/2012\/07\/dzamija-kad-je-ramazan.jpg","articleSection":["Ro\u017eaje","Novi Pazar","Berane","Sjenica","Tutin","Bijelo Polje","Prijepolje","Priboj","Pljevlja","Nova Varo\u0161","Plav","Dru\u0161tvo","Turska"],"inLanguage":"bs-BA","potentialAction":[{"@type":"CommentAction","name":"Comment","target":["https:\/\/sandzakpress.net\/arhiva\/pocinje-ramazan\/#respond"]}]},{"@type":"WebPage","@id":"https:\/\/sandzakpress.net\/arhiva\/pocinje-ramazan\/","url":"https:\/\/sandzakpress.net\/arhiva\/pocinje-ramazan\/","name":"Po\u010dinje Ramazan","isPartOf":{"@id":"https:\/\/sandzakpress.net\/arhiva\/#website"},"primaryImageOfPage":{"@id":"https:\/\/sandzakpress.net\/arhiva\/pocinje-ramazan\/#primaryimage"},"image":{"@id":"https:\/\/sandzakpress.net\/arhiva\/pocinje-ramazan\/#primaryimage"},"thumbnailUrl":"https:\/\/sandzakpress.net\/arhiva\/wp-content\/uploads\/2012\/07\/dzamija-kad-je-ramazan.jpg","datePublished":"2012-07-19T16:21:07+00:00","breadcrumb":{"@id":"https:\/\/sandzakpress.net\/arhiva\/pocinje-ramazan\/#breadcrumb"},"inLanguage":"bs-BA","potentialAction":[{"@type":"ReadAction","target":["https:\/\/sandzakpress.net\/arhiva\/pocinje-ramazan\/"]}]},{"@type":"ImageObject","inLanguage":"bs-BA","@id":"https:\/\/sandzakpress.net\/arhiva\/pocinje-ramazan\/#primaryimage","url":"https:\/\/sandzakpress.net\/arhiva\/wp-content\/uploads\/2012\/07\/dzamija-kad-je-ramazan.jpg","contentUrl":"https:\/\/sandzakpress.net\/arhiva\/wp-content\/uploads\/2012\/07\/dzamija-kad-je-ramazan.jpg","width":275,"height":183},{"@type":"BreadcrumbList","@id":"https:\/\/sandzakpress.net\/arhiva\/pocinje-ramazan\/#breadcrumb","itemListElement":[{"@type":"ListItem","position":1,"name":"Home","item":"https:\/\/sandzakpress.net\/arhiva\/"},{"@type":"ListItem","position":2,"name":"Po\u010dinje Ramazan"}]},{"@type":"WebSite","@id":"https:\/\/sandzakpress.net\/arhiva\/#website","url":"https:\/\/sandzakpress.net\/arhiva\/","name":"Sand\u017eak PRESS","description":"Prve elektronske novine u Sand\u017eaku","publisher":{"@id":"https:\/\/sandzakpress.net\/arhiva\/#\/schema\/person\/6e72b67d6e51910a1117b3b483ba20bd"},"potentialAction":[{"@type":"SearchAction","target":{"@type":"EntryPoint","urlTemplate":"https:\/\/sandzakpress.net\/arhiva\/?s={search_term_string}"},"query-input":{"@type":"PropertyValueSpecification","valueRequired":true,"valueName":"search_term_string"}}],"inLanguage":"bs-BA"},{"@type":["Person","Organization"],"@id":"https:\/\/sandzakpress.net\/arhiva\/#\/schema\/person\/6e72b67d6e51910a1117b3b483ba20bd","name":"Kul","image":{"@type":"ImageObject","inLanguage":"bs-BA","@id":"https:\/\/sandzakpress.net\/arhiva\/#\/schema\/person\/image\/","url":"https:\/\/secure.gravatar.com\/avatar\/42263f39aa27ac04c43cab85c280eb2e?s=96&d=mm&r=pg","contentUrl":"https:\/\/secure.gravatar.com\/avatar\/42263f39aa27ac04c43cab85c280eb2e?s=96&d=mm&r=pg","caption":"Kul"},"logo":{"@id":"https:\/\/sandzakpress.net\/arhiva\/#\/schema\/person\/image\/"}},{"@type":"Person","@id":"","url":"https:\/\/sandzakpress.net\/arhiva\/author\/"}]}},"_links":{"self":[{"href":"https:\/\/sandzakpress.net\/arhiva\/wp-json\/wp\/v2\/posts\/45537"}],"collection":[{"href":"https:\/\/sandzakpress.net\/arhiva\/wp-json\/wp\/v2\/posts"}],"about":[{"href":"https:\/\/sandzakpress.net\/arhiva\/wp-json\/wp\/v2\/types\/post"}],"author":[{"embeddable":true,"href":"https:\/\/sandzakpress.net\/arhiva\/wp-json\/wp\/v2\/users\/13"}],"replies":[{"embeddable":true,"href":"https:\/\/sandzakpress.net\/arhiva\/wp-json\/wp\/v2\/comments?post=45537"}],"version-history":[{"count":0,"href":"https:\/\/sandzakpress.net\/arhiva\/wp-json\/wp\/v2\/posts\/45537\/revisions"}],"wp:featuredmedia":[{"embeddable":true,"href":"https:\/\/sandzakpress.net\/arhiva\/wp-json\/wp\/v2\/media\/45538"}],"wp:attachment":[{"href":"https:\/\/sandzakpress.net\/arhiva\/wp-json\/wp\/v2\/media?parent=45537"}],"wp:term":[{"taxonomy":"category","embeddable":true,"href":"https:\/\/sandzakpress.net\/arhiva\/wp-json\/wp\/v2\/categories?post=45537"},{"taxonomy":"post_tag","embeddable":true,"href":"https:\/\/sandzakpress.net\/arhiva\/wp-json\/wp\/v2\/tags?post=45537"}],"curies":[{"name":"wp","href":"https:\/\/api.w.org\/{rel}","templated":true}]}}