{"id":45495,"date":"2012-07-19T11:29:15","date_gmt":"2012-07-19T09:29:15","guid":{"rendered":"https:\/\/sandzakpress.net\/arhiva\/?p=45495"},"modified":"2012-07-19T15:58:02","modified_gmt":"2012-07-19T13:58:02","slug":"ds-ljajicu-kad-padamo-mi-padas-i-ti","status":"publish","type":"post","link":"https:\/\/sandzakpress.net\/arhiva\/ds-ljajicu-kad-padamo-mi-padas-i-ti\/","title":{"rendered":"DS: Ljaji\u0107u, kad padamo mi, pada\u0161 i ti"},"content":{"rendered":"<p><strong><a href=\"https:\/\/sandzakpress.net\/arhiva\/wp-content\/uploads\/2012\/07\/v252360p0.jpg\"><img loading=\"lazy\" decoding=\"async\" class=\"alignleft size-medium wp-image-45496\" title=\"v252360p0\" src=\"https:\/\/sandzakpress.net\/arhiva\/wp-content\/uploads\/2012\/07\/v252360p0-300x194.jpg\" alt=\"\" width=\"300\" height=\"194\" \/><\/a>Sjeverni Sand\u017eak &#8211; Predsjedni\u0161tvo Demokratske stranke donijelo je ve\u010deras odluku da ne podr\u017ei ulazak Milice Delevi\u0107 i lidera SDPS Rasima Ljaji\u0107a u novu Vladu Srbije.<\/strong><\/p>\n<p>Ovo je potvrdio i Ljaji\u0107 u izjavi Tanjugu.<\/p>\n<p>On je rekao da je obavije\u0161ten o odluci demokrata i da \u0107e odgovor uslijediti sutra prije podne, nakon sastanka Predsjedni\u0161tva SDPS.<\/p>\n<p>Ljaji\u0107 je agenciji Beta rekao da je dobio dvije opre\u010dne informacije o ishodu sastanka u DS &#8211; najpijre da se ne sla\u017eu sa u\u010de\u0161\u0107em SDPS-a u novoj vladi, a potom i da SDPS treba sam da odlu\u010di o tome.<\/p>\n<p>Ljaji\u0107 je za agenciju Beta naveo da je &#8220;veoma razo\u010daran \u0161to je na sednici vrha DS bilo i uvredljivih izlaganja na njegov ra\u010dun i zamerki \u0161to je uop\u0161te zatra\u017eio od DS-a da se izjasni o u\u010de\u0161\u0107u SDPS-a u novoj vladi&#8221;.<\/p>\n<p>&#8220;Ja sam samo \u017eeleo da budem korektan prema koalicionom partneru i da mu ni\u0161ta ne radim iza le\u0111a&#8221;, kazao je Ljaji\u0107.<\/p>\n<p>On je Tanjugu rekao da je dobio i kona\u010dnu ponudu mandatara za sastav nove vlade Ivice Da\u010di\u0107a i v.d. predsjednika SNS Aleksandra Vu\u010di\u0107a da u novoj vladi bude potpredsjednik i ministar za ekonomske odnose sa inostranstvom, trgovinu, turizam i telekomunikacije.<\/p>\n<p>&#8220;Ponuda Vu\u010di\u0107a i Da\u010di\u0107a je vi\u0161e nego korektna&#8221;, rekao je Ljaji\u0107.<\/p>\n<p>On je ranije danas rekao da jo\u0161 nije postignut dogovor o eventualnom ulasku SDPS-a u novu vladu, da se \u010deka na stav DS na \u010dijoj je listi ta stranka u\u010destvovala na izborima i da ukoliko on bude negativan razgovori o u\u010de\u0161\u0107u u ve\u0107ini ne\u0107e biti nastavljeni.<\/p>\n<p>&#8220;Bez stava DS kao na\u0161eg koalicionog partnera ne\u0107emo ulaziti ni u kakve detaljne i konkretne razgovore. Za mene je to od presudne va\u017enosti zato \u0161to ho\u0107u do kraja da ostanem korektan&#8221;, naglasio je Ljaji\u0107.<\/p>\n<p>Izvor: <strong>Beta<\/strong><\/p>\n","protected":false},"excerpt":{"rendered":"<p>Sjeverni Sand\u017eak &#8211; Predsjedni\u0161tvo Demokratske stranke donijelo je ve\u010deras odluku da ne podr\u017ei ulazak Milice Delevi\u0107 i lidera SDPS Rasima Ljaji\u0107a u novu Vladu Srbije. Ovo je potvrdio i Ljaji\u0107 u izjavi Tanjugu. On je rekao da je obavije\u0161ten o odluci demokrata i da \u0107e odgovor uslijediti sutra prije podne, nakon sastanka Predsjedni\u0161tva SDPS. Ljaji\u0107 [&hellip;]<\/p>\n","protected":false},"author":14,"featured_media":45496,"comment_status":"open","ping_status":"open","sticky":false,"template":"","format":"standard","meta":{"footnotes":""},"categories":[72,52,1,327,392,393,394,8957],"tags":[],"class_list":{"0":"post-45495","1":"post","2":"type-post","3":"status-publish","4":"format-standard","5":"has-post-thumbnail","7":"category-novi-pazar","8":"category-sjenica","9":"category-politika","10":"category-tutin","11":"category-prijepolje_","12":"category-priboj","13":"category-nova-varos","14":"category-vijesti-dana"},"yoast_head":"<!-- This site is optimized with the Yoast SEO Premium plugin v23.1 (Yoast SEO v24.9) - https:\/\/yoast.com\/wordpress\/plugins\/seo\/ -->\n<title>DS: Ljaji\u0107u, kad padamo mi, pada\u0161 i ti<\/title>\n<meta name=\"robots\" content=\"index, follow, max-snippet:-1, max-image-preview:large, max-video-preview:-1\" \/>\n<link rel=\"canonical\" href=\"https:\/\/sandzakpress.net\/arhiva\/ds-ljajicu-kad-padamo-mi-padas-i-ti\/\" \/>\n<meta property=\"og:locale\" content=\"bs_BA\" \/>\n<meta property=\"og:type\" content=\"article\" \/>\n<meta property=\"og:title\" content=\"DS: Ljaji\u0107u, kad padamo mi, pada\u0161 i ti\" \/>\n<meta property=\"og:description\" content=\"Sjeverni Sand\u017eak &#8211; Predsjedni\u0161tvo Demokratske stranke donijelo je ve\u010deras odluku da ne podr\u017ei ulazak Milice Delevi\u0107 i lidera SDPS Rasima Ljaji\u0107a u novu Vladu Srbije. Ovo je potvrdio i Ljaji\u0107 u izjavi Tanjugu. On je rekao da je obavije\u0161ten o odluci demokrata i da \u0107e odgovor uslijediti sutra prije podne, nakon sastanka Predsjedni\u0161tva SDPS. Ljaji\u0107 [&hellip;]\" \/>\n<meta property=\"og:url\" content=\"https:\/\/sandzakpress.net\/arhiva\/ds-ljajicu-kad-padamo-mi-padas-i-ti\/\" \/>\n<meta property=\"og:site_name\" content=\"Sand\u017eak PRESS\" \/>\n<meta property=\"article:published_time\" content=\"2012-07-19T09:29:15+00:00\" \/>\n<meta property=\"article:modified_time\" content=\"2012-07-19T13:58:02+00:00\" \/>\n<meta property=\"og:image\" content=\"https:\/\/sandzakpress.net\/arhiva\/wp-content\/uploads\/2012\/07\/v252360p0.jpg\" \/>\n\t<meta property=\"og:image:width\" content=\"610\" \/>\n\t<meta property=\"og:image:height\" content=\"395\" \/>\n\t<meta property=\"og:image:type\" content=\"image\/jpeg\" \/>\n<meta name=\"twitter:card\" content=\"summary_large_image\" \/>\n<meta name=\"twitter:label1\" content=\"Written by\" \/>\n\t<meta name=\"twitter:data1\" content=\"\" \/>\n\t<meta name=\"twitter:label2\" content=\"Est. reading time\" \/>\n\t<meta name=\"twitter:data2\" content=\"2 minute\" \/>\n<script type=\"application\/ld+json\" class=\"yoast-schema-graph\">{\"@context\":\"https:\/\/schema.org\",\"@graph\":[{\"@type\":\"Article\",\"@id\":\"https:\/\/sandzakpress.net\/arhiva\/ds-ljajicu-kad-padamo-mi-padas-i-ti\/#article\",\"isPartOf\":{\"@id\":\"https:\/\/sandzakpress.net\/arhiva\/ds-ljajicu-kad-padamo-mi-padas-i-ti\/\"},\"author\":{\"name\":\"\",\"@id\":\"\"},\"headline\":\"DS: Ljaji\u0107u, kad padamo mi, pada\u0161 i ti\",\"datePublished\":\"2012-07-19T09:29:15+00:00\",\"dateModified\":\"2012-07-19T13:58:02+00:00\",\"mainEntityOfPage\":{\"@id\":\"https:\/\/sandzakpress.net\/arhiva\/ds-ljajicu-kad-padamo-mi-padas-i-ti\/\"},\"wordCount\":336,\"commentCount\":13,\"publisher\":{\"@id\":\"https:\/\/sandzakpress.net\/arhiva\/#\/schema\/person\/6e72b67d6e51910a1117b3b483ba20bd\"},\"image\":{\"@id\":\"https:\/\/sandzakpress.net\/arhiva\/ds-ljajicu-kad-padamo-mi-padas-i-ti\/#primaryimage\"},\"thumbnailUrl\":\"https:\/\/sandzakpress.net\/arhiva\/wp-content\/uploads\/2012\/07\/v252360p0.jpg\",\"articleSection\":[\"Novi Pazar\",\"Sjenica\",\"Politika\",\"Tutin\",\"Prijepolje\",\"Priboj\",\"Nova Varo\u0161\",\"VIJESTI DANA\"],\"inLanguage\":\"bs-BA\",\"potentialAction\":[{\"@type\":\"CommentAction\",\"name\":\"Comment\",\"target\":[\"https:\/\/sandzakpress.net\/arhiva\/ds-ljajicu-kad-padamo-mi-padas-i-ti\/#respond\"]}]},{\"@type\":\"WebPage\",\"@id\":\"https:\/\/sandzakpress.net\/arhiva\/ds-ljajicu-kad-padamo-mi-padas-i-ti\/\",\"url\":\"https:\/\/sandzakpress.net\/arhiva\/ds-ljajicu-kad-padamo-mi-padas-i-ti\/\",\"name\":\"DS: Ljaji\u0107u, kad padamo mi, pada\u0161 i ti\",\"isPartOf\":{\"@id\":\"https:\/\/sandzakpress.net\/arhiva\/#website\"},\"primaryImageOfPage\":{\"@id\":\"https:\/\/sandzakpress.net\/arhiva\/ds-ljajicu-kad-padamo-mi-padas-i-ti\/#primaryimage\"},\"image\":{\"@id\":\"https:\/\/sandzakpress.net\/arhiva\/ds-ljajicu-kad-padamo-mi-padas-i-ti\/#primaryimage\"},\"thumbnailUrl\":\"https:\/\/sandzakpress.net\/arhiva\/wp-content\/uploads\/2012\/07\/v252360p0.jpg\",\"datePublished\":\"2012-07-19T09:29:15+00:00\",\"dateModified\":\"2012-07-19T13:58:02+00:00\",\"breadcrumb\":{\"@id\":\"https:\/\/sandzakpress.net\/arhiva\/ds-ljajicu-kad-padamo-mi-padas-i-ti\/#breadcrumb\"},\"inLanguage\":\"bs-BA\",\"potentialAction\":[{\"@type\":\"ReadAction\",\"target\":[\"https:\/\/sandzakpress.net\/arhiva\/ds-ljajicu-kad-padamo-mi-padas-i-ti\/\"]}]},{\"@type\":\"ImageObject\",\"inLanguage\":\"bs-BA\",\"@id\":\"https:\/\/sandzakpress.net\/arhiva\/ds-ljajicu-kad-padamo-mi-padas-i-ti\/#primaryimage\",\"url\":\"https:\/\/sandzakpress.net\/arhiva\/wp-content\/uploads\/2012\/07\/v252360p0.jpg\",\"contentUrl\":\"https:\/\/sandzakpress.net\/arhiva\/wp-content\/uploads\/2012\/07\/v252360p0.jpg\",\"width\":610,\"height\":395},{\"@type\":\"BreadcrumbList\",\"@id\":\"https:\/\/sandzakpress.net\/arhiva\/ds-ljajicu-kad-padamo-mi-padas-i-ti\/#breadcrumb\",\"itemListElement\":[{\"@type\":\"ListItem\",\"position\":1,\"name\":\"Home\",\"item\":\"https:\/\/sandzakpress.net\/arhiva\/\"},{\"@type\":\"ListItem\",\"position\":2,\"name\":\"DS: Ljaji\u0107u, kad padamo mi, pada\u0161 i ti\"}]},{\"@type\":\"WebSite\",\"@id\":\"https:\/\/sandzakpress.net\/arhiva\/#website\",\"url\":\"https:\/\/sandzakpress.net\/arhiva\/\",\"name\":\"Sand\u017eak PRESS\",\"description\":\"Prve elektronske novine u Sand\u017eaku\",\"publisher\":{\"@id\":\"https:\/\/sandzakpress.net\/arhiva\/#\/schema\/person\/6e72b67d6e51910a1117b3b483ba20bd\"},\"potentialAction\":[{\"@type\":\"SearchAction\",\"target\":{\"@type\":\"EntryPoint\",\"urlTemplate\":\"https:\/\/sandzakpress.net\/arhiva\/?s={search_term_string}\"},\"query-input\":{\"@type\":\"PropertyValueSpecification\",\"valueRequired\":true,\"valueName\":\"search_term_string\"}}],\"inLanguage\":\"bs-BA\"},{\"@type\":[\"Person\",\"Organization\"],\"@id\":\"https:\/\/sandzakpress.net\/arhiva\/#\/schema\/person\/6e72b67d6e51910a1117b3b483ba20bd\",\"name\":\"Kul\",\"image\":{\"@type\":\"ImageObject\",\"inLanguage\":\"bs-BA\",\"@id\":\"https:\/\/sandzakpress.net\/arhiva\/#\/schema\/person\/image\/\",\"url\":\"https:\/\/secure.gravatar.com\/avatar\/42263f39aa27ac04c43cab85c280eb2e?s=96&d=mm&r=pg\",\"contentUrl\":\"https:\/\/secure.gravatar.com\/avatar\/42263f39aa27ac04c43cab85c280eb2e?s=96&d=mm&r=pg\",\"caption\":\"Kul\"},\"logo\":{\"@id\":\"https:\/\/sandzakpress.net\/arhiva\/#\/schema\/person\/image\/\"}},{\"@type\":\"Person\",\"@id\":\"\",\"url\":\"https:\/\/sandzakpress.net\/arhiva\/author\/\"}]}<\/script>\n<!-- \/ Yoast SEO Premium plugin. -->","yoast_head_json":{"title":"DS: Ljaji\u0107u, kad padamo mi, pada\u0161 i ti","robots":{"index":"index","follow":"follow","max-snippet":"max-snippet:-1","max-image-preview":"max-image-preview:large","max-video-preview":"max-video-preview:-1"},"canonical":"https:\/\/sandzakpress.net\/arhiva\/ds-ljajicu-kad-padamo-mi-padas-i-ti\/","og_locale":"bs_BA","og_type":"article","og_title":"DS: Ljaji\u0107u, kad padamo mi, pada\u0161 i ti","og_description":"Sjeverni Sand\u017eak &#8211; Predsjedni\u0161tvo Demokratske stranke donijelo je ve\u010deras odluku da ne podr\u017ei ulazak Milice Delevi\u0107 i lidera SDPS Rasima Ljaji\u0107a u novu Vladu Srbije. Ovo je potvrdio i Ljaji\u0107 u izjavi Tanjugu. On je rekao da je obavije\u0161ten o odluci demokrata i da \u0107e odgovor uslijediti sutra prije podne, nakon sastanka Predsjedni\u0161tva SDPS. Ljaji\u0107 [&hellip;]","og_url":"https:\/\/sandzakpress.net\/arhiva\/ds-ljajicu-kad-padamo-mi-padas-i-ti\/","og_site_name":"Sand\u017eak PRESS","article_published_time":"2012-07-19T09:29:15+00:00","article_modified_time":"2012-07-19T13:58:02+00:00","og_image":[{"width":610,"height":395,"url":"https:\/\/sandzakpress.net\/arhiva\/wp-content\/uploads\/2012\/07\/v252360p0.jpg","type":"image\/jpeg"}],"twitter_card":"summary_large_image","twitter_misc":{"Written by":"","Est. reading time":"2 minute"},"schema":{"@context":"https:\/\/schema.org","@graph":[{"@type":"Article","@id":"https:\/\/sandzakpress.net\/arhiva\/ds-ljajicu-kad-padamo-mi-padas-i-ti\/#article","isPartOf":{"@id":"https:\/\/sandzakpress.net\/arhiva\/ds-ljajicu-kad-padamo-mi-padas-i-ti\/"},"author":{"name":"","@id":""},"headline":"DS: Ljaji\u0107u, kad padamo mi, pada\u0161 i ti","datePublished":"2012-07-19T09:29:15+00:00","dateModified":"2012-07-19T13:58:02+00:00","mainEntityOfPage":{"@id":"https:\/\/sandzakpress.net\/arhiva\/ds-ljajicu-kad-padamo-mi-padas-i-ti\/"},"wordCount":336,"commentCount":13,"publisher":{"@id":"https:\/\/sandzakpress.net\/arhiva\/#\/schema\/person\/6e72b67d6e51910a1117b3b483ba20bd"},"image":{"@id":"https:\/\/sandzakpress.net\/arhiva\/ds-ljajicu-kad-padamo-mi-padas-i-ti\/#primaryimage"},"thumbnailUrl":"https:\/\/sandzakpress.net\/arhiva\/wp-content\/uploads\/2012\/07\/v252360p0.jpg","articleSection":["Novi Pazar","Sjenica","Politika","Tutin","Prijepolje","Priboj","Nova Varo\u0161","VIJESTI DANA"],"inLanguage":"bs-BA","potentialAction":[{"@type":"CommentAction","name":"Comment","target":["https:\/\/sandzakpress.net\/arhiva\/ds-ljajicu-kad-padamo-mi-padas-i-ti\/#respond"]}]},{"@type":"WebPage","@id":"https:\/\/sandzakpress.net\/arhiva\/ds-ljajicu-kad-padamo-mi-padas-i-ti\/","url":"https:\/\/sandzakpress.net\/arhiva\/ds-ljajicu-kad-padamo-mi-padas-i-ti\/","name":"DS: Ljaji\u0107u, kad padamo mi, pada\u0161 i ti","isPartOf":{"@id":"https:\/\/sandzakpress.net\/arhiva\/#website"},"primaryImageOfPage":{"@id":"https:\/\/sandzakpress.net\/arhiva\/ds-ljajicu-kad-padamo-mi-padas-i-ti\/#primaryimage"},"image":{"@id":"https:\/\/sandzakpress.net\/arhiva\/ds-ljajicu-kad-padamo-mi-padas-i-ti\/#primaryimage"},"thumbnailUrl":"https:\/\/sandzakpress.net\/arhiva\/wp-content\/uploads\/2012\/07\/v252360p0.jpg","datePublished":"2012-07-19T09:29:15+00:00","dateModified":"2012-07-19T13:58:02+00:00","breadcrumb":{"@id":"https:\/\/sandzakpress.net\/arhiva\/ds-ljajicu-kad-padamo-mi-padas-i-ti\/#breadcrumb"},"inLanguage":"bs-BA","potentialAction":[{"@type":"ReadAction","target":["https:\/\/sandzakpress.net\/arhiva\/ds-ljajicu-kad-padamo-mi-padas-i-ti\/"]}]},{"@type":"ImageObject","inLanguage":"bs-BA","@id":"https:\/\/sandzakpress.net\/arhiva\/ds-ljajicu-kad-padamo-mi-padas-i-ti\/#primaryimage","url":"https:\/\/sandzakpress.net\/arhiva\/wp-content\/uploads\/2012\/07\/v252360p0.jpg","contentUrl":"https:\/\/sandzakpress.net\/arhiva\/wp-content\/uploads\/2012\/07\/v252360p0.jpg","width":610,"height":395},{"@type":"BreadcrumbList","@id":"https:\/\/sandzakpress.net\/arhiva\/ds-ljajicu-kad-padamo-mi-padas-i-ti\/#breadcrumb","itemListElement":[{"@type":"ListItem","position":1,"name":"Home","item":"https:\/\/sandzakpress.net\/arhiva\/"},{"@type":"ListItem","position":2,"name":"DS: Ljaji\u0107u, kad padamo mi, pada\u0161 i ti"}]},{"@type":"WebSite","@id":"https:\/\/sandzakpress.net\/arhiva\/#website","url":"https:\/\/sandzakpress.net\/arhiva\/","name":"Sand\u017eak PRESS","description":"Prve elektronske novine u Sand\u017eaku","publisher":{"@id":"https:\/\/sandzakpress.net\/arhiva\/#\/schema\/person\/6e72b67d6e51910a1117b3b483ba20bd"},"potentialAction":[{"@type":"SearchAction","target":{"@type":"EntryPoint","urlTemplate":"https:\/\/sandzakpress.net\/arhiva\/?s={search_term_string}"},"query-input":{"@type":"PropertyValueSpecification","valueRequired":true,"valueName":"search_term_string"}}],"inLanguage":"bs-BA"},{"@type":["Person","Organization"],"@id":"https:\/\/sandzakpress.net\/arhiva\/#\/schema\/person\/6e72b67d6e51910a1117b3b483ba20bd","name":"Kul","image":{"@type":"ImageObject","inLanguage":"bs-BA","@id":"https:\/\/sandzakpress.net\/arhiva\/#\/schema\/person\/image\/","url":"https:\/\/secure.gravatar.com\/avatar\/42263f39aa27ac04c43cab85c280eb2e?s=96&d=mm&r=pg","contentUrl":"https:\/\/secure.gravatar.com\/avatar\/42263f39aa27ac04c43cab85c280eb2e?s=96&d=mm&r=pg","caption":"Kul"},"logo":{"@id":"https:\/\/sandzakpress.net\/arhiva\/#\/schema\/person\/image\/"}},{"@type":"Person","@id":"","url":"https:\/\/sandzakpress.net\/arhiva\/author\/"}]}},"_links":{"self":[{"href":"https:\/\/sandzakpress.net\/arhiva\/wp-json\/wp\/v2\/posts\/45495"}],"collection":[{"href":"https:\/\/sandzakpress.net\/arhiva\/wp-json\/wp\/v2\/posts"}],"about":[{"href":"https:\/\/sandzakpress.net\/arhiva\/wp-json\/wp\/v2\/types\/post"}],"author":[{"embeddable":true,"href":"https:\/\/sandzakpress.net\/arhiva\/wp-json\/wp\/v2\/users\/14"}],"replies":[{"embeddable":true,"href":"https:\/\/sandzakpress.net\/arhiva\/wp-json\/wp\/v2\/comments?post=45495"}],"version-history":[{"count":0,"href":"https:\/\/sandzakpress.net\/arhiva\/wp-json\/wp\/v2\/posts\/45495\/revisions"}],"wp:featuredmedia":[{"embeddable":true,"href":"https:\/\/sandzakpress.net\/arhiva\/wp-json\/wp\/v2\/media\/45496"}],"wp:attachment":[{"href":"https:\/\/sandzakpress.net\/arhiva\/wp-json\/wp\/v2\/media?parent=45495"}],"wp:term":[{"taxonomy":"category","embeddable":true,"href":"https:\/\/sandzakpress.net\/arhiva\/wp-json\/wp\/v2\/categories?post=45495"},{"taxonomy":"post_tag","embeddable":true,"href":"https:\/\/sandzakpress.net\/arhiva\/wp-json\/wp\/v2\/tags?post=45495"}],"curies":[{"name":"wp","href":"https:\/\/api.w.org\/{rel}","templated":true}]}}