{"id":45347,"date":"2012-07-17T19:43:46","date_gmt":"2012-07-17T17:43:46","guid":{"rendered":"https:\/\/sandzakpress.net\/arhiva\/?p=45347"},"modified":"2012-07-17T19:43:46","modified_gmt":"2012-07-17T17:43:46","slug":"amerikanci-zele-da-albanci-ovog-ljeta-izvrse-invaziju-na-sjever-kosova","status":"publish","type":"post","link":"https:\/\/sandzakpress.net\/arhiva\/amerikanci-zele-da-albanci-ovog-ljeta-izvrse-invaziju-na-sjever-kosova\/","title":{"rendered":"Amerikanci \u017eele da Albanci ovog ljeta izvr\u0161e invaziju na sjever Kosova"},"content":{"rendered":"<p><strong><a href=\"https:\/\/sandzakpress.net\/arhiva\/wp-content\/uploads\/2012\/07\/f9593fff65e3ce9cb0b118a61769a971.jpg\"><img loading=\"lazy\" decoding=\"async\" class=\"alignleft size-full wp-image-45348\" title=\"f9593fff65e3ce9cb0b118a61769a971\" src=\"https:\/\/sandzakpress.net\/arhiva\/wp-content\/uploads\/2012\/07\/f9593fff65e3ce9cb0b118a61769a971.jpg\" alt=\"\" width=\"180\" height=\"220\" \/><\/a>Kosovo, Amerika &#8211; <\/strong><strong>Pribli\u017eavanjem 26. jula i godi\u0161njice poku\u0161aja specijalne jedinice  ROSU da, po nalogu Ha\u0161ima Ta\u010dija, a uz saglasnost ameri\u010dkog ambasadora u  Pri\u0161tini Kristofera Dela, zauzme Brnjak i Jarinje, pokori Srbe na  sjeveru Kosova i uspostavi granicu sa Srbijom, kod \u017eitelja Leposavi\u0107a,  Zubinog Potoka, Zve\u010dana i sjeverne Kosovske Mitrovice raste strah da bi  se sli\u010dan atak mogao ponoviti i ovoga ljeta i da bi na Srbe mogli  zajedni\u010dki da krenu KFOR, EULEX i sve albanske formacije na Kosovu.<\/strong><\/p>\n<p>Da su razlozi za zebnju opravdani govore i vijesti koje cure iz Vlade  Kosova prema kojima Amerikanci ponovo &#8220;tjeraju&#8221; Ta\u010dija da svom silom  krene na Sjever i jednom za uvijek zavr\u0161i sa neposlu\u0161nim Srbima, pi\u0161u  srbijanske &#8220;Vesti&#8221;.<\/p>\n<p>Prema informacijama koje je medijima dostavio jedan ministar u  Ta\u010dijevoj vladi, ponovo je glavni zagovornik upotrebe sile Kristofer  Del, ponovo je Evropska unija protiv, a za razliku od pro\u0161log ljeta,  Ta\u010di se, iako je ameri\u010dki \u010dovjek, sada koleba, jer nije spreman da se  zamjeri Evropskoj uniji koja \u017eeli da problem Sjevera rije\u0161i pregovorima  sa izabranim predstavnicima Srba.<\/p>\n<p>&#8211; I prije nego \u0161to su ove informacije procurile u javnost, znali smo  da Amerikanci vr\u0161e pritsak na Ta\u010dija da sjever Kosova pod kontrolu stavi  milom ili silom i da mu nude svoju logistiku iz Bondstila. Posebno je  ratoboran ambasador Del koji ima bar dva razloga da jo\u0161 tokom ljeta  Albanci izvr\u0161e invaziju na Sjever &#8211; ka\u017ee za &#8220;Vesti&#8221; dobro obavije\u0161teni  Srbin sa sjevera Kosova.<\/p>\n<p>Izvor:<strong> IslamBosna.ba<\/strong><\/p>\n","protected":false},"excerpt":{"rendered":"<p>Kosovo, Amerika &#8211; Pribli\u017eavanjem 26. jula i godi\u0161njice poku\u0161aja specijalne jedinice ROSU da, po nalogu Ha\u0161ima Ta\u010dija, a uz saglasnost ameri\u010dkog ambasadora u Pri\u0161tini Kristofera Dela, zauzme Brnjak i Jarinje, pokori Srbe na sjeveru Kosova i uspostavi granicu sa Srbijom, kod \u017eitelja Leposavi\u0107a, Zubinog Potoka, Zve\u010dana i sjeverne Kosovske Mitrovice raste strah da bi se [&hellip;]<\/p>\n","protected":false},"author":13,"featured_media":45348,"comment_status":"open","ping_status":"open","sticky":false,"template":"","format":"standard","meta":{"footnotes":""},"categories":[2690],"tags":[],"class_list":{"0":"post-45347","1":"post","2":"type-post","3":"status-publish","4":"format-standard","5":"has-post-thumbnail","7":"category-kosovo-gradovi"},"yoast_head":"<!-- This site is optimized with the Yoast SEO Premium plugin v23.1 (Yoast SEO v24.9) - https:\/\/yoast.com\/wordpress\/plugins\/seo\/ -->\n<title>Amerikanci \u017eele da Albanci ovog ljeta izvr\u0161e invaziju na sjever Kosova<\/title>\n<meta name=\"robots\" content=\"index, follow, max-snippet:-1, max-image-preview:large, max-video-preview:-1\" \/>\n<link rel=\"canonical\" href=\"https:\/\/sandzakpress.net\/arhiva\/amerikanci-zele-da-albanci-ovog-ljeta-izvrse-invaziju-na-sjever-kosova\/\" \/>\n<meta property=\"og:locale\" content=\"bs_BA\" \/>\n<meta property=\"og:type\" content=\"article\" \/>\n<meta property=\"og:title\" content=\"Amerikanci \u017eele da Albanci ovog ljeta izvr\u0161e invaziju na sjever Kosova\" \/>\n<meta property=\"og:description\" content=\"Kosovo, Amerika &#8211; Pribli\u017eavanjem 26. jula i godi\u0161njice poku\u0161aja specijalne jedinice ROSU da, po nalogu Ha\u0161ima Ta\u010dija, a uz saglasnost ameri\u010dkog ambasadora u Pri\u0161tini Kristofera Dela, zauzme Brnjak i Jarinje, pokori Srbe na sjeveru Kosova i uspostavi granicu sa Srbijom, kod \u017eitelja Leposavi\u0107a, Zubinog Potoka, Zve\u010dana i sjeverne Kosovske Mitrovice raste strah da bi se [&hellip;]\" \/>\n<meta property=\"og:url\" content=\"https:\/\/sandzakpress.net\/arhiva\/amerikanci-zele-da-albanci-ovog-ljeta-izvrse-invaziju-na-sjever-kosova\/\" \/>\n<meta property=\"og:site_name\" content=\"Sand\u017eak PRESS\" \/>\n<meta property=\"article:published_time\" content=\"2012-07-17T17:43:46+00:00\" \/>\n<meta property=\"og:image\" content=\"https:\/\/sandzakpress.net\/arhiva\/wp-content\/uploads\/2012\/07\/f9593fff65e3ce9cb0b118a61769a971.jpg\" \/>\n\t<meta property=\"og:image:width\" content=\"180\" \/>\n\t<meta property=\"og:image:height\" content=\"220\" \/>\n\t<meta property=\"og:image:type\" content=\"image\/jpeg\" \/>\n<meta name=\"twitter:card\" content=\"summary_large_image\" \/>\n<meta name=\"twitter:label1\" content=\"Written by\" \/>\n\t<meta name=\"twitter:data1\" content=\"\" \/>\n\t<meta name=\"twitter:label2\" content=\"Est. reading time\" \/>\n\t<meta name=\"twitter:data2\" content=\"1 minuta\" \/>\n<script type=\"application\/ld+json\" class=\"yoast-schema-graph\">{\"@context\":\"https:\/\/schema.org\",\"@graph\":[{\"@type\":\"Article\",\"@id\":\"https:\/\/sandzakpress.net\/arhiva\/amerikanci-zele-da-albanci-ovog-ljeta-izvrse-invaziju-na-sjever-kosova\/#article\",\"isPartOf\":{\"@id\":\"https:\/\/sandzakpress.net\/arhiva\/amerikanci-zele-da-albanci-ovog-ljeta-izvrse-invaziju-na-sjever-kosova\/\"},\"author\":{\"name\":\"\",\"@id\":\"\"},\"headline\":\"Amerikanci \u017eele da Albanci ovog ljeta izvr\u0161e invaziju na sjever Kosova\",\"datePublished\":\"2012-07-17T17:43:46+00:00\",\"mainEntityOfPage\":{\"@id\":\"https:\/\/sandzakpress.net\/arhiva\/amerikanci-zele-da-albanci-ovog-ljeta-izvrse-invaziju-na-sjever-kosova\/\"},\"wordCount\":277,\"commentCount\":2,\"publisher\":{\"@id\":\"https:\/\/sandzakpress.net\/arhiva\/#\/schema\/person\/6e72b67d6e51910a1117b3b483ba20bd\"},\"image\":{\"@id\":\"https:\/\/sandzakpress.net\/arhiva\/amerikanci-zele-da-albanci-ovog-ljeta-izvrse-invaziju-na-sjever-kosova\/#primaryimage\"},\"thumbnailUrl\":\"https:\/\/sandzakpress.net\/arhiva\/wp-content\/uploads\/2012\/07\/f9593fff65e3ce9cb0b118a61769a971.jpg\",\"articleSection\":[\"Kosovo\"],\"inLanguage\":\"bs-BA\",\"potentialAction\":[{\"@type\":\"CommentAction\",\"name\":\"Comment\",\"target\":[\"https:\/\/sandzakpress.net\/arhiva\/amerikanci-zele-da-albanci-ovog-ljeta-izvrse-invaziju-na-sjever-kosova\/#respond\"]}]},{\"@type\":\"WebPage\",\"@id\":\"https:\/\/sandzakpress.net\/arhiva\/amerikanci-zele-da-albanci-ovog-ljeta-izvrse-invaziju-na-sjever-kosova\/\",\"url\":\"https:\/\/sandzakpress.net\/arhiva\/amerikanci-zele-da-albanci-ovog-ljeta-izvrse-invaziju-na-sjever-kosova\/\",\"name\":\"Amerikanci \u017eele da Albanci ovog ljeta izvr\u0161e invaziju na sjever Kosova\",\"isPartOf\":{\"@id\":\"https:\/\/sandzakpress.net\/arhiva\/#website\"},\"primaryImageOfPage\":{\"@id\":\"https:\/\/sandzakpress.net\/arhiva\/amerikanci-zele-da-albanci-ovog-ljeta-izvrse-invaziju-na-sjever-kosova\/#primaryimage\"},\"image\":{\"@id\":\"https:\/\/sandzakpress.net\/arhiva\/amerikanci-zele-da-albanci-ovog-ljeta-izvrse-invaziju-na-sjever-kosova\/#primaryimage\"},\"thumbnailUrl\":\"https:\/\/sandzakpress.net\/arhiva\/wp-content\/uploads\/2012\/07\/f9593fff65e3ce9cb0b118a61769a971.jpg\",\"datePublished\":\"2012-07-17T17:43:46+00:00\",\"breadcrumb\":{\"@id\":\"https:\/\/sandzakpress.net\/arhiva\/amerikanci-zele-da-albanci-ovog-ljeta-izvrse-invaziju-na-sjever-kosova\/#breadcrumb\"},\"inLanguage\":\"bs-BA\",\"potentialAction\":[{\"@type\":\"ReadAction\",\"target\":[\"https:\/\/sandzakpress.net\/arhiva\/amerikanci-zele-da-albanci-ovog-ljeta-izvrse-invaziju-na-sjever-kosova\/\"]}]},{\"@type\":\"ImageObject\",\"inLanguage\":\"bs-BA\",\"@id\":\"https:\/\/sandzakpress.net\/arhiva\/amerikanci-zele-da-albanci-ovog-ljeta-izvrse-invaziju-na-sjever-kosova\/#primaryimage\",\"url\":\"https:\/\/sandzakpress.net\/arhiva\/wp-content\/uploads\/2012\/07\/f9593fff65e3ce9cb0b118a61769a971.jpg\",\"contentUrl\":\"https:\/\/sandzakpress.net\/arhiva\/wp-content\/uploads\/2012\/07\/f9593fff65e3ce9cb0b118a61769a971.jpg\",\"width\":180,\"height\":220},{\"@type\":\"BreadcrumbList\",\"@id\":\"https:\/\/sandzakpress.net\/arhiva\/amerikanci-zele-da-albanci-ovog-ljeta-izvrse-invaziju-na-sjever-kosova\/#breadcrumb\",\"itemListElement\":[{\"@type\":\"ListItem\",\"position\":1,\"name\":\"Home\",\"item\":\"https:\/\/sandzakpress.net\/arhiva\/\"},{\"@type\":\"ListItem\",\"position\":2,\"name\":\"Amerikanci \u017eele da Albanci ovog ljeta izvr\u0161e invaziju na sjever Kosova\"}]},{\"@type\":\"WebSite\",\"@id\":\"https:\/\/sandzakpress.net\/arhiva\/#website\",\"url\":\"https:\/\/sandzakpress.net\/arhiva\/\",\"name\":\"Sand\u017eak PRESS\",\"description\":\"Prve elektronske novine u Sand\u017eaku\",\"publisher\":{\"@id\":\"https:\/\/sandzakpress.net\/arhiva\/#\/schema\/person\/6e72b67d6e51910a1117b3b483ba20bd\"},\"potentialAction\":[{\"@type\":\"SearchAction\",\"target\":{\"@type\":\"EntryPoint\",\"urlTemplate\":\"https:\/\/sandzakpress.net\/arhiva\/?s={search_term_string}\"},\"query-input\":{\"@type\":\"PropertyValueSpecification\",\"valueRequired\":true,\"valueName\":\"search_term_string\"}}],\"inLanguage\":\"bs-BA\"},{\"@type\":[\"Person\",\"Organization\"],\"@id\":\"https:\/\/sandzakpress.net\/arhiva\/#\/schema\/person\/6e72b67d6e51910a1117b3b483ba20bd\",\"name\":\"Kul\",\"image\":{\"@type\":\"ImageObject\",\"inLanguage\":\"bs-BA\",\"@id\":\"https:\/\/sandzakpress.net\/arhiva\/#\/schema\/person\/image\/\",\"url\":\"https:\/\/secure.gravatar.com\/avatar\/42263f39aa27ac04c43cab85c280eb2e?s=96&d=mm&r=pg\",\"contentUrl\":\"https:\/\/secure.gravatar.com\/avatar\/42263f39aa27ac04c43cab85c280eb2e?s=96&d=mm&r=pg\",\"caption\":\"Kul\"},\"logo\":{\"@id\":\"https:\/\/sandzakpress.net\/arhiva\/#\/schema\/person\/image\/\"}},{\"@type\":\"Person\",\"@id\":\"\",\"url\":\"https:\/\/sandzakpress.net\/arhiva\/author\/\"}]}<\/script>\n<!-- \/ Yoast SEO Premium plugin. -->","yoast_head_json":{"title":"Amerikanci \u017eele da Albanci ovog ljeta izvr\u0161e invaziju na sjever Kosova","robots":{"index":"index","follow":"follow","max-snippet":"max-snippet:-1","max-image-preview":"max-image-preview:large","max-video-preview":"max-video-preview:-1"},"canonical":"https:\/\/sandzakpress.net\/arhiva\/amerikanci-zele-da-albanci-ovog-ljeta-izvrse-invaziju-na-sjever-kosova\/","og_locale":"bs_BA","og_type":"article","og_title":"Amerikanci \u017eele da Albanci ovog ljeta izvr\u0161e invaziju na sjever Kosova","og_description":"Kosovo, Amerika &#8211; Pribli\u017eavanjem 26. jula i godi\u0161njice poku\u0161aja specijalne jedinice ROSU da, po nalogu Ha\u0161ima Ta\u010dija, a uz saglasnost ameri\u010dkog ambasadora u Pri\u0161tini Kristofera Dela, zauzme Brnjak i Jarinje, pokori Srbe na sjeveru Kosova i uspostavi granicu sa Srbijom, kod \u017eitelja Leposavi\u0107a, Zubinog Potoka, Zve\u010dana i sjeverne Kosovske Mitrovice raste strah da bi se [&hellip;]","og_url":"https:\/\/sandzakpress.net\/arhiva\/amerikanci-zele-da-albanci-ovog-ljeta-izvrse-invaziju-na-sjever-kosova\/","og_site_name":"Sand\u017eak PRESS","article_published_time":"2012-07-17T17:43:46+00:00","og_image":[{"width":180,"height":220,"url":"https:\/\/sandzakpress.net\/arhiva\/wp-content\/uploads\/2012\/07\/f9593fff65e3ce9cb0b118a61769a971.jpg","type":"image\/jpeg"}],"twitter_card":"summary_large_image","twitter_misc":{"Written by":"","Est. reading time":"1 minuta"},"schema":{"@context":"https:\/\/schema.org","@graph":[{"@type":"Article","@id":"https:\/\/sandzakpress.net\/arhiva\/amerikanci-zele-da-albanci-ovog-ljeta-izvrse-invaziju-na-sjever-kosova\/#article","isPartOf":{"@id":"https:\/\/sandzakpress.net\/arhiva\/amerikanci-zele-da-albanci-ovog-ljeta-izvrse-invaziju-na-sjever-kosova\/"},"author":{"name":"","@id":""},"headline":"Amerikanci \u017eele da Albanci ovog ljeta izvr\u0161e invaziju na sjever Kosova","datePublished":"2012-07-17T17:43:46+00:00","mainEntityOfPage":{"@id":"https:\/\/sandzakpress.net\/arhiva\/amerikanci-zele-da-albanci-ovog-ljeta-izvrse-invaziju-na-sjever-kosova\/"},"wordCount":277,"commentCount":2,"publisher":{"@id":"https:\/\/sandzakpress.net\/arhiva\/#\/schema\/person\/6e72b67d6e51910a1117b3b483ba20bd"},"image":{"@id":"https:\/\/sandzakpress.net\/arhiva\/amerikanci-zele-da-albanci-ovog-ljeta-izvrse-invaziju-na-sjever-kosova\/#primaryimage"},"thumbnailUrl":"https:\/\/sandzakpress.net\/arhiva\/wp-content\/uploads\/2012\/07\/f9593fff65e3ce9cb0b118a61769a971.jpg","articleSection":["Kosovo"],"inLanguage":"bs-BA","potentialAction":[{"@type":"CommentAction","name":"Comment","target":["https:\/\/sandzakpress.net\/arhiva\/amerikanci-zele-da-albanci-ovog-ljeta-izvrse-invaziju-na-sjever-kosova\/#respond"]}]},{"@type":"WebPage","@id":"https:\/\/sandzakpress.net\/arhiva\/amerikanci-zele-da-albanci-ovog-ljeta-izvrse-invaziju-na-sjever-kosova\/","url":"https:\/\/sandzakpress.net\/arhiva\/amerikanci-zele-da-albanci-ovog-ljeta-izvrse-invaziju-na-sjever-kosova\/","name":"Amerikanci \u017eele da Albanci ovog ljeta izvr\u0161e invaziju na sjever Kosova","isPartOf":{"@id":"https:\/\/sandzakpress.net\/arhiva\/#website"},"primaryImageOfPage":{"@id":"https:\/\/sandzakpress.net\/arhiva\/amerikanci-zele-da-albanci-ovog-ljeta-izvrse-invaziju-na-sjever-kosova\/#primaryimage"},"image":{"@id":"https:\/\/sandzakpress.net\/arhiva\/amerikanci-zele-da-albanci-ovog-ljeta-izvrse-invaziju-na-sjever-kosova\/#primaryimage"},"thumbnailUrl":"https:\/\/sandzakpress.net\/arhiva\/wp-content\/uploads\/2012\/07\/f9593fff65e3ce9cb0b118a61769a971.jpg","datePublished":"2012-07-17T17:43:46+00:00","breadcrumb":{"@id":"https:\/\/sandzakpress.net\/arhiva\/amerikanci-zele-da-albanci-ovog-ljeta-izvrse-invaziju-na-sjever-kosova\/#breadcrumb"},"inLanguage":"bs-BA","potentialAction":[{"@type":"ReadAction","target":["https:\/\/sandzakpress.net\/arhiva\/amerikanci-zele-da-albanci-ovog-ljeta-izvrse-invaziju-na-sjever-kosova\/"]}]},{"@type":"ImageObject","inLanguage":"bs-BA","@id":"https:\/\/sandzakpress.net\/arhiva\/amerikanci-zele-da-albanci-ovog-ljeta-izvrse-invaziju-na-sjever-kosova\/#primaryimage","url":"https:\/\/sandzakpress.net\/arhiva\/wp-content\/uploads\/2012\/07\/f9593fff65e3ce9cb0b118a61769a971.jpg","contentUrl":"https:\/\/sandzakpress.net\/arhiva\/wp-content\/uploads\/2012\/07\/f9593fff65e3ce9cb0b118a61769a971.jpg","width":180,"height":220},{"@type":"BreadcrumbList","@id":"https:\/\/sandzakpress.net\/arhiva\/amerikanci-zele-da-albanci-ovog-ljeta-izvrse-invaziju-na-sjever-kosova\/#breadcrumb","itemListElement":[{"@type":"ListItem","position":1,"name":"Home","item":"https:\/\/sandzakpress.net\/arhiva\/"},{"@type":"ListItem","position":2,"name":"Amerikanci \u017eele da Albanci ovog ljeta izvr\u0161e invaziju na sjever Kosova"}]},{"@type":"WebSite","@id":"https:\/\/sandzakpress.net\/arhiva\/#website","url":"https:\/\/sandzakpress.net\/arhiva\/","name":"Sand\u017eak PRESS","description":"Prve elektronske novine u Sand\u017eaku","publisher":{"@id":"https:\/\/sandzakpress.net\/arhiva\/#\/schema\/person\/6e72b67d6e51910a1117b3b483ba20bd"},"potentialAction":[{"@type":"SearchAction","target":{"@type":"EntryPoint","urlTemplate":"https:\/\/sandzakpress.net\/arhiva\/?s={search_term_string}"},"query-input":{"@type":"PropertyValueSpecification","valueRequired":true,"valueName":"search_term_string"}}],"inLanguage":"bs-BA"},{"@type":["Person","Organization"],"@id":"https:\/\/sandzakpress.net\/arhiva\/#\/schema\/person\/6e72b67d6e51910a1117b3b483ba20bd","name":"Kul","image":{"@type":"ImageObject","inLanguage":"bs-BA","@id":"https:\/\/sandzakpress.net\/arhiva\/#\/schema\/person\/image\/","url":"https:\/\/secure.gravatar.com\/avatar\/42263f39aa27ac04c43cab85c280eb2e?s=96&d=mm&r=pg","contentUrl":"https:\/\/secure.gravatar.com\/avatar\/42263f39aa27ac04c43cab85c280eb2e?s=96&d=mm&r=pg","caption":"Kul"},"logo":{"@id":"https:\/\/sandzakpress.net\/arhiva\/#\/schema\/person\/image\/"}},{"@type":"Person","@id":"","url":"https:\/\/sandzakpress.net\/arhiva\/author\/"}]}},"_links":{"self":[{"href":"https:\/\/sandzakpress.net\/arhiva\/wp-json\/wp\/v2\/posts\/45347"}],"collection":[{"href":"https:\/\/sandzakpress.net\/arhiva\/wp-json\/wp\/v2\/posts"}],"about":[{"href":"https:\/\/sandzakpress.net\/arhiva\/wp-json\/wp\/v2\/types\/post"}],"author":[{"embeddable":true,"href":"https:\/\/sandzakpress.net\/arhiva\/wp-json\/wp\/v2\/users\/13"}],"replies":[{"embeddable":true,"href":"https:\/\/sandzakpress.net\/arhiva\/wp-json\/wp\/v2\/comments?post=45347"}],"version-history":[{"count":0,"href":"https:\/\/sandzakpress.net\/arhiva\/wp-json\/wp\/v2\/posts\/45347\/revisions"}],"wp:featuredmedia":[{"embeddable":true,"href":"https:\/\/sandzakpress.net\/arhiva\/wp-json\/wp\/v2\/media\/45348"}],"wp:attachment":[{"href":"https:\/\/sandzakpress.net\/arhiva\/wp-json\/wp\/v2\/media?parent=45347"}],"wp:term":[{"taxonomy":"category","embeddable":true,"href":"https:\/\/sandzakpress.net\/arhiva\/wp-json\/wp\/v2\/categories?post=45347"},{"taxonomy":"post_tag","embeddable":true,"href":"https:\/\/sandzakpress.net\/arhiva\/wp-json\/wp\/v2\/tags?post=45347"}],"curies":[{"name":"wp","href":"https:\/\/api.w.org\/{rel}","templated":true}]}}