{"id":4532,"date":"2010-05-23T17:48:27","date_gmt":"2010-05-23T17:48:27","guid":{"rendered":"https:\/\/sandzakpress.net\/arhiva\/?p=4532"},"modified":"2010-05-23T17:48:27","modified_gmt":"2010-05-23T17:48:27","slug":"abbas-prihvata-princip-razmjene-teritorija-s-izraelom","status":"publish","type":"post","link":"https:\/\/sandzakpress.net\/arhiva\/abbas-prihvata-princip-razmjene-teritorija-s-izraelom\/","title":{"rendered":"Abbas prihvata princip razmjene teritorija s Izraelom"},"content":{"rendered":"<p><strong><a href=\"https:\/\/sandzakpress.net\/arhiva\/wp-content\/uploads\/2010\/05\/abas_mahmud.jpg\"><img loading=\"lazy\" decoding=\"async\" class=\"alignleft size-full wp-image-4533\" title=\"abas_mahmud\" src=\"https:\/\/sandzakpress.net\/arhiva\/wp-content\/uploads\/2010\/05\/abas_mahmud.jpg\" alt=\"\" width=\"180\" height=\"220\" \/><\/a>Palestina &#8211; Palestinski predsjednik Mahmud Abbas potvrdio je u  subotu da  Palestinska uprava prihva\u0107a princip razmjene teritorija s  Izraelom, ali  je opovrgnuo da je postignut dogovor o razmjeni.  Abbas je  istaknuo  kako je postignut dogovor o principu me\u0111usobne razmjene zemlje  &#8220;iste  vrijednosti i kvalitete&#8221;, ali da nije postignut bilo kakav  sporazum o  tome. <\/strong><\/p>\n<p><strong> <\/strong>Glavni palestinski pregovara\u010d Saeb Erekat odbacio je u petak pisanje   Wall Street Journala da je Palestinska uprava ponudila velike  koncesije,  uklju\u010duju\u0107i razmjenu teritorija s Izraelom, i to mnogo ve\u0107e  nego \u0161to je  ta zemlja o\u010dekivala.<\/p>\n<div>Indirektni pregovori izme\u0111u Izraela i Palestinaca po\u010deli su 9.  maja, uz  posredstvom SAD-a i do sada su odr\u017eane dvije runde, a Abbas je  sada prvi  put objelodanio neke detalje.<\/p>\n<p>On je rekao da se u  okviru prve runde razgovaralo o granicama i  sigurnosnim aran\u017emanima  izme\u0111u Izraela i dr\u017eave koju Palestinci  namjeravaju osnovati na  Zapadnoj obali i pojasu Gaze s isto\u010dnim  Jerusalemom kao glavnim gradom.<\/p>\n<p>Izrael \u017eeli da anektira teritoriju na kojoj se nalaze najve\u0107a  \u017eidovska  naselja na okupiranoj Zapadnoj obali i da vje\u010dna  prijestolnica Izraela  ostane ujedinjeni isto\u010dni i zapadni Jerusalem.<\/p>\n<p>U ranijim direktnim pregovorima dvije strane su se dogovarale o  razmjeni  dijela teritorija Izraela blizu pojasa Gaze kako bi se dio  Zapadne  obale nadoknadio Palestincima, podsjetio je Associated Press,  dodaju\u0107i  da i dalje postoje razlike.<\/p>\n<p>Abbas je odbacio i  navode medija da su Palestinci voljni razmijeniti  vi\u0161e zemlje nego  ranije.<\/p>\n<p>Tokom pregovora 2008. godine Palestinci su ponudili da  se odreknu 1,9  posto Zapadne obale prethodniku sada\u0161njeg izraelskog  premijera Benjamina  Netanyahua &#8211; Ehudu Olmerta. On je tra\u017eio mnogo vi\u0161e  &#8211; 6,5 posto.<\/p>\n<p>Za sada nije jasno da li Netanyahu uop\u0107e  prihva\u0107a ideju o razmjeni i  koliki dio Zapadne obale \u017eeli zadr\u017eati.<\/p>\n<p>U vi\u0161e od 100 \u017eidovskih naselja na Zapadnoj obali \u017eivi gotovo 300  tisu\u0107a  \u017eidovskih naseljenika, a zajedno s isto\u010dnim Jerusalemom \u017didova  na tom  podru\u010dju ima skoro pola miliona.<\/p>\n<p>Netanyahuov  glasnogovornik Mark Regev nije komentirao Abbasovu izjavu.  On nije  rekao ni da li Netanyahu pristaje na razmjenu, istakav\u0161i da se   pregovori moraju voditi direktno da bi uspjeli.<\/p>\n<p>Analiti\u010dari  smatraju da je razmjena zemlje klju\u010dna za kona\u010dni sporazum o  miru  izme\u0111u Izraela i Palestinaca.<\/p><\/div>\n<div><\/div>\n<div>Izvor: <strong>IslamBosna.ba<\/strong><\/div>\n","protected":false},"excerpt":{"rendered":"<p>Palestina &#8211; Palestinski predsjednik Mahmud Abbas potvrdio je u subotu da Palestinska uprava prihva\u0107a princip razmjene teritorija s Izraelom, ali je opovrgnuo da je postignut dogovor o razmjeni. Abbas je istaknuo kako je postignut dogovor o principu me\u0111usobne razmjene zemlje &#8220;iste vrijednosti i kvalitete&#8221;, ali da nije postignut bilo kakav sporazum o tome. Glavni palestinski [&hellip;]<\/p>\n","protected":false},"author":83,"featured_media":4533,"comment_status":"open","ping_status":"open","sticky":false,"template":"","format":"standard","meta":{"footnotes":""},"categories":[9],"tags":[],"class_list":{"0":"post-4532","1":"post","2":"type-post","3":"status-publish","4":"format-standard","5":"has-post-thumbnail","7":"category-svijet"},"yoast_head":"<!-- This site is optimized with the Yoast SEO Premium plugin v23.1 (Yoast SEO v24.9) - https:\/\/yoast.com\/wordpress\/plugins\/seo\/ -->\n<title>Abbas prihvata princip razmjene teritorija s Izraelom<\/title>\n<meta name=\"robots\" content=\"index, follow, max-snippet:-1, max-image-preview:large, max-video-preview:-1\" \/>\n<link rel=\"canonical\" href=\"https:\/\/sandzakpress.net\/arhiva\/abbas-prihvata-princip-razmjene-teritorija-s-izraelom\/\" \/>\n<meta property=\"og:locale\" content=\"bs_BA\" \/>\n<meta property=\"og:type\" content=\"article\" \/>\n<meta property=\"og:title\" content=\"Abbas prihvata princip razmjene teritorija s Izraelom\" \/>\n<meta property=\"og:description\" content=\"Palestina &#8211; Palestinski predsjednik Mahmud Abbas potvrdio je u subotu da Palestinska uprava prihva\u0107a princip razmjene teritorija s Izraelom, ali je opovrgnuo da je postignut dogovor o razmjeni. Abbas je istaknuo kako je postignut dogovor o principu me\u0111usobne razmjene zemlje &#8220;iste vrijednosti i kvalitete&#8221;, ali da nije postignut bilo kakav sporazum o tome. Glavni palestinski [&hellip;]\" \/>\n<meta property=\"og:url\" content=\"https:\/\/sandzakpress.net\/arhiva\/abbas-prihvata-princip-razmjene-teritorija-s-izraelom\/\" \/>\n<meta property=\"og:site_name\" content=\"Sand\u017eak PRESS\" \/>\n<meta property=\"article:published_time\" content=\"2010-05-23T17:48:27+00:00\" \/>\n<meta property=\"og:image\" content=\"https:\/\/sandzakpress.net\/arhiva\/wp-content\/uploads\/2010\/05\/abas_mahmud.jpg\" \/>\n\t<meta property=\"og:image:width\" content=\"180\" \/>\n\t<meta property=\"og:image:height\" content=\"220\" \/>\n\t<meta property=\"og:image:type\" content=\"image\/jpeg\" \/>\n<meta name=\"author\" content=\"bosniak\" \/>\n<meta name=\"twitter:card\" content=\"summary_large_image\" \/>\n<meta name=\"twitter:label1\" content=\"Written by\" \/>\n\t<meta name=\"twitter:data1\" content=\"bosniak\" \/>\n\t<meta name=\"twitter:label2\" content=\"Est. reading time\" \/>\n\t<meta name=\"twitter:data2\" content=\"2 minute\" \/>\n<script type=\"application\/ld+json\" class=\"yoast-schema-graph\">{\"@context\":\"https:\/\/schema.org\",\"@graph\":[{\"@type\":\"Article\",\"@id\":\"https:\/\/sandzakpress.net\/arhiva\/abbas-prihvata-princip-razmjene-teritorija-s-izraelom\/#article\",\"isPartOf\":{\"@id\":\"https:\/\/sandzakpress.net\/arhiva\/abbas-prihvata-princip-razmjene-teritorija-s-izraelom\/\"},\"author\":{\"name\":\"bosniak\",\"@id\":\"https:\/\/sandzakpress.net\/arhiva\/#\/schema\/person\/c8baee722073534b583ea7bdb2e36c02\"},\"headline\":\"Abbas prihvata princip razmjene teritorija s Izraelom\",\"datePublished\":\"2010-05-23T17:48:27+00:00\",\"mainEntityOfPage\":{\"@id\":\"https:\/\/sandzakpress.net\/arhiva\/abbas-prihvata-princip-razmjene-teritorija-s-izraelom\/\"},\"wordCount\":388,\"commentCount\":1,\"publisher\":{\"@id\":\"https:\/\/sandzakpress.net\/arhiva\/#\/schema\/person\/6e72b67d6e51910a1117b3b483ba20bd\"},\"image\":{\"@id\":\"https:\/\/sandzakpress.net\/arhiva\/abbas-prihvata-princip-razmjene-teritorija-s-izraelom\/#primaryimage\"},\"thumbnailUrl\":\"https:\/\/sandzakpress.net\/arhiva\/wp-content\/uploads\/2010\/05\/abas_mahmud.jpg\",\"articleSection\":[\"Svijet\"],\"inLanguage\":\"bs-BA\",\"potentialAction\":[{\"@type\":\"CommentAction\",\"name\":\"Comment\",\"target\":[\"https:\/\/sandzakpress.net\/arhiva\/abbas-prihvata-princip-razmjene-teritorija-s-izraelom\/#respond\"]}]},{\"@type\":\"WebPage\",\"@id\":\"https:\/\/sandzakpress.net\/arhiva\/abbas-prihvata-princip-razmjene-teritorija-s-izraelom\/\",\"url\":\"https:\/\/sandzakpress.net\/arhiva\/abbas-prihvata-princip-razmjene-teritorija-s-izraelom\/\",\"name\":\"Abbas prihvata princip razmjene teritorija s Izraelom\",\"isPartOf\":{\"@id\":\"https:\/\/sandzakpress.net\/arhiva\/#website\"},\"primaryImageOfPage\":{\"@id\":\"https:\/\/sandzakpress.net\/arhiva\/abbas-prihvata-princip-razmjene-teritorija-s-izraelom\/#primaryimage\"},\"image\":{\"@id\":\"https:\/\/sandzakpress.net\/arhiva\/abbas-prihvata-princip-razmjene-teritorija-s-izraelom\/#primaryimage\"},\"thumbnailUrl\":\"https:\/\/sandzakpress.net\/arhiva\/wp-content\/uploads\/2010\/05\/abas_mahmud.jpg\",\"datePublished\":\"2010-05-23T17:48:27+00:00\",\"breadcrumb\":{\"@id\":\"https:\/\/sandzakpress.net\/arhiva\/abbas-prihvata-princip-razmjene-teritorija-s-izraelom\/#breadcrumb\"},\"inLanguage\":\"bs-BA\",\"potentialAction\":[{\"@type\":\"ReadAction\",\"target\":[\"https:\/\/sandzakpress.net\/arhiva\/abbas-prihvata-princip-razmjene-teritorija-s-izraelom\/\"]}]},{\"@type\":\"ImageObject\",\"inLanguage\":\"bs-BA\",\"@id\":\"https:\/\/sandzakpress.net\/arhiva\/abbas-prihvata-princip-razmjene-teritorija-s-izraelom\/#primaryimage\",\"url\":\"https:\/\/sandzakpress.net\/arhiva\/wp-content\/uploads\/2010\/05\/abas_mahmud.jpg\",\"contentUrl\":\"https:\/\/sandzakpress.net\/arhiva\/wp-content\/uploads\/2010\/05\/abas_mahmud.jpg\",\"width\":180,\"height\":220},{\"@type\":\"BreadcrumbList\",\"@id\":\"https:\/\/sandzakpress.net\/arhiva\/abbas-prihvata-princip-razmjene-teritorija-s-izraelom\/#breadcrumb\",\"itemListElement\":[{\"@type\":\"ListItem\",\"position\":1,\"name\":\"Home\",\"item\":\"https:\/\/sandzakpress.net\/arhiva\/\"},{\"@type\":\"ListItem\",\"position\":2,\"name\":\"Abbas prihvata princip razmjene teritorija s Izraelom\"}]},{\"@type\":\"WebSite\",\"@id\":\"https:\/\/sandzakpress.net\/arhiva\/#website\",\"url\":\"https:\/\/sandzakpress.net\/arhiva\/\",\"name\":\"Sand\u017eak PRESS\",\"description\":\"Prve elektronske novine u Sand\u017eaku\",\"publisher\":{\"@id\":\"https:\/\/sandzakpress.net\/arhiva\/#\/schema\/person\/6e72b67d6e51910a1117b3b483ba20bd\"},\"potentialAction\":[{\"@type\":\"SearchAction\",\"target\":{\"@type\":\"EntryPoint\",\"urlTemplate\":\"https:\/\/sandzakpress.net\/arhiva\/?s={search_term_string}\"},\"query-input\":{\"@type\":\"PropertyValueSpecification\",\"valueRequired\":true,\"valueName\":\"search_term_string\"}}],\"inLanguage\":\"bs-BA\"},{\"@type\":[\"Person\",\"Organization\"],\"@id\":\"https:\/\/sandzakpress.net\/arhiva\/#\/schema\/person\/6e72b67d6e51910a1117b3b483ba20bd\",\"name\":\"Kul\",\"image\":{\"@type\":\"ImageObject\",\"inLanguage\":\"bs-BA\",\"@id\":\"https:\/\/sandzakpress.net\/arhiva\/#\/schema\/person\/image\/\",\"url\":\"https:\/\/secure.gravatar.com\/avatar\/42263f39aa27ac04c43cab85c280eb2e?s=96&d=mm&r=pg\",\"contentUrl\":\"https:\/\/secure.gravatar.com\/avatar\/42263f39aa27ac04c43cab85c280eb2e?s=96&d=mm&r=pg\",\"caption\":\"Kul\"},\"logo\":{\"@id\":\"https:\/\/sandzakpress.net\/arhiva\/#\/schema\/person\/image\/\"}},{\"@type\":\"Person\",\"@id\":\"https:\/\/sandzakpress.net\/arhiva\/#\/schema\/person\/c8baee722073534b583ea7bdb2e36c02\",\"name\":\"bosniak\",\"image\":{\"@type\":\"ImageObject\",\"inLanguage\":\"bs-BA\",\"@id\":\"https:\/\/sandzakpress.net\/arhiva\/#\/schema\/person\/image\/\",\"url\":\"https:\/\/secure.gravatar.com\/avatar\/a04fd330bfe3a36a72a0ad4a6d89fca7?s=96&d=mm&r=pg\",\"contentUrl\":\"https:\/\/secure.gravatar.com\/avatar\/a04fd330bfe3a36a72a0ad4a6d89fca7?s=96&d=mm&r=pg\",\"caption\":\"bosniak\"},\"url\":\"https:\/\/sandzakpress.net\/arhiva\/author\/bosniak\/\"}]}<\/script>\n<!-- \/ Yoast SEO Premium plugin. -->","yoast_head_json":{"title":"Abbas prihvata princip razmjene teritorija s Izraelom","robots":{"index":"index","follow":"follow","max-snippet":"max-snippet:-1","max-image-preview":"max-image-preview:large","max-video-preview":"max-video-preview:-1"},"canonical":"https:\/\/sandzakpress.net\/arhiva\/abbas-prihvata-princip-razmjene-teritorija-s-izraelom\/","og_locale":"bs_BA","og_type":"article","og_title":"Abbas prihvata princip razmjene teritorija s Izraelom","og_description":"Palestina &#8211; Palestinski predsjednik Mahmud Abbas potvrdio je u subotu da Palestinska uprava prihva\u0107a princip razmjene teritorija s Izraelom, ali je opovrgnuo da je postignut dogovor o razmjeni. Abbas je istaknuo kako je postignut dogovor o principu me\u0111usobne razmjene zemlje &#8220;iste vrijednosti i kvalitete&#8221;, ali da nije postignut bilo kakav sporazum o tome. Glavni palestinski [&hellip;]","og_url":"https:\/\/sandzakpress.net\/arhiva\/abbas-prihvata-princip-razmjene-teritorija-s-izraelom\/","og_site_name":"Sand\u017eak PRESS","article_published_time":"2010-05-23T17:48:27+00:00","og_image":[{"width":180,"height":220,"url":"https:\/\/sandzakpress.net\/arhiva\/wp-content\/uploads\/2010\/05\/abas_mahmud.jpg","type":"image\/jpeg"}],"author":"bosniak","twitter_card":"summary_large_image","twitter_misc":{"Written by":"bosniak","Est. reading time":"2 minute"},"schema":{"@context":"https:\/\/schema.org","@graph":[{"@type":"Article","@id":"https:\/\/sandzakpress.net\/arhiva\/abbas-prihvata-princip-razmjene-teritorija-s-izraelom\/#article","isPartOf":{"@id":"https:\/\/sandzakpress.net\/arhiva\/abbas-prihvata-princip-razmjene-teritorija-s-izraelom\/"},"author":{"name":"bosniak","@id":"https:\/\/sandzakpress.net\/arhiva\/#\/schema\/person\/c8baee722073534b583ea7bdb2e36c02"},"headline":"Abbas prihvata princip razmjene teritorija s Izraelom","datePublished":"2010-05-23T17:48:27+00:00","mainEntityOfPage":{"@id":"https:\/\/sandzakpress.net\/arhiva\/abbas-prihvata-princip-razmjene-teritorija-s-izraelom\/"},"wordCount":388,"commentCount":1,"publisher":{"@id":"https:\/\/sandzakpress.net\/arhiva\/#\/schema\/person\/6e72b67d6e51910a1117b3b483ba20bd"},"image":{"@id":"https:\/\/sandzakpress.net\/arhiva\/abbas-prihvata-princip-razmjene-teritorija-s-izraelom\/#primaryimage"},"thumbnailUrl":"https:\/\/sandzakpress.net\/arhiva\/wp-content\/uploads\/2010\/05\/abas_mahmud.jpg","articleSection":["Svijet"],"inLanguage":"bs-BA","potentialAction":[{"@type":"CommentAction","name":"Comment","target":["https:\/\/sandzakpress.net\/arhiva\/abbas-prihvata-princip-razmjene-teritorija-s-izraelom\/#respond"]}]},{"@type":"WebPage","@id":"https:\/\/sandzakpress.net\/arhiva\/abbas-prihvata-princip-razmjene-teritorija-s-izraelom\/","url":"https:\/\/sandzakpress.net\/arhiva\/abbas-prihvata-princip-razmjene-teritorija-s-izraelom\/","name":"Abbas prihvata princip razmjene teritorija s Izraelom","isPartOf":{"@id":"https:\/\/sandzakpress.net\/arhiva\/#website"},"primaryImageOfPage":{"@id":"https:\/\/sandzakpress.net\/arhiva\/abbas-prihvata-princip-razmjene-teritorija-s-izraelom\/#primaryimage"},"image":{"@id":"https:\/\/sandzakpress.net\/arhiva\/abbas-prihvata-princip-razmjene-teritorija-s-izraelom\/#primaryimage"},"thumbnailUrl":"https:\/\/sandzakpress.net\/arhiva\/wp-content\/uploads\/2010\/05\/abas_mahmud.jpg","datePublished":"2010-05-23T17:48:27+00:00","breadcrumb":{"@id":"https:\/\/sandzakpress.net\/arhiva\/abbas-prihvata-princip-razmjene-teritorija-s-izraelom\/#breadcrumb"},"inLanguage":"bs-BA","potentialAction":[{"@type":"ReadAction","target":["https:\/\/sandzakpress.net\/arhiva\/abbas-prihvata-princip-razmjene-teritorija-s-izraelom\/"]}]},{"@type":"ImageObject","inLanguage":"bs-BA","@id":"https:\/\/sandzakpress.net\/arhiva\/abbas-prihvata-princip-razmjene-teritorija-s-izraelom\/#primaryimage","url":"https:\/\/sandzakpress.net\/arhiva\/wp-content\/uploads\/2010\/05\/abas_mahmud.jpg","contentUrl":"https:\/\/sandzakpress.net\/arhiva\/wp-content\/uploads\/2010\/05\/abas_mahmud.jpg","width":180,"height":220},{"@type":"BreadcrumbList","@id":"https:\/\/sandzakpress.net\/arhiva\/abbas-prihvata-princip-razmjene-teritorija-s-izraelom\/#breadcrumb","itemListElement":[{"@type":"ListItem","position":1,"name":"Home","item":"https:\/\/sandzakpress.net\/arhiva\/"},{"@type":"ListItem","position":2,"name":"Abbas prihvata princip razmjene teritorija s Izraelom"}]},{"@type":"WebSite","@id":"https:\/\/sandzakpress.net\/arhiva\/#website","url":"https:\/\/sandzakpress.net\/arhiva\/","name":"Sand\u017eak PRESS","description":"Prve elektronske novine u Sand\u017eaku","publisher":{"@id":"https:\/\/sandzakpress.net\/arhiva\/#\/schema\/person\/6e72b67d6e51910a1117b3b483ba20bd"},"potentialAction":[{"@type":"SearchAction","target":{"@type":"EntryPoint","urlTemplate":"https:\/\/sandzakpress.net\/arhiva\/?s={search_term_string}"},"query-input":{"@type":"PropertyValueSpecification","valueRequired":true,"valueName":"search_term_string"}}],"inLanguage":"bs-BA"},{"@type":["Person","Organization"],"@id":"https:\/\/sandzakpress.net\/arhiva\/#\/schema\/person\/6e72b67d6e51910a1117b3b483ba20bd","name":"Kul","image":{"@type":"ImageObject","inLanguage":"bs-BA","@id":"https:\/\/sandzakpress.net\/arhiva\/#\/schema\/person\/image\/","url":"https:\/\/secure.gravatar.com\/avatar\/42263f39aa27ac04c43cab85c280eb2e?s=96&d=mm&r=pg","contentUrl":"https:\/\/secure.gravatar.com\/avatar\/42263f39aa27ac04c43cab85c280eb2e?s=96&d=mm&r=pg","caption":"Kul"},"logo":{"@id":"https:\/\/sandzakpress.net\/arhiva\/#\/schema\/person\/image\/"}},{"@type":"Person","@id":"https:\/\/sandzakpress.net\/arhiva\/#\/schema\/person\/c8baee722073534b583ea7bdb2e36c02","name":"bosniak","image":{"@type":"ImageObject","inLanguage":"bs-BA","@id":"https:\/\/sandzakpress.net\/arhiva\/#\/schema\/person\/image\/","url":"https:\/\/secure.gravatar.com\/avatar\/a04fd330bfe3a36a72a0ad4a6d89fca7?s=96&d=mm&r=pg","contentUrl":"https:\/\/secure.gravatar.com\/avatar\/a04fd330bfe3a36a72a0ad4a6d89fca7?s=96&d=mm&r=pg","caption":"bosniak"},"url":"https:\/\/sandzakpress.net\/arhiva\/author\/bosniak\/"}]}},"_links":{"self":[{"href":"https:\/\/sandzakpress.net\/arhiva\/wp-json\/wp\/v2\/posts\/4532"}],"collection":[{"href":"https:\/\/sandzakpress.net\/arhiva\/wp-json\/wp\/v2\/posts"}],"about":[{"href":"https:\/\/sandzakpress.net\/arhiva\/wp-json\/wp\/v2\/types\/post"}],"author":[{"embeddable":true,"href":"https:\/\/sandzakpress.net\/arhiva\/wp-json\/wp\/v2\/users\/83"}],"replies":[{"embeddable":true,"href":"https:\/\/sandzakpress.net\/arhiva\/wp-json\/wp\/v2\/comments?post=4532"}],"version-history":[{"count":0,"href":"https:\/\/sandzakpress.net\/arhiva\/wp-json\/wp\/v2\/posts\/4532\/revisions"}],"wp:featuredmedia":[{"embeddable":true,"href":"https:\/\/sandzakpress.net\/arhiva\/wp-json\/wp\/v2\/media\/4533"}],"wp:attachment":[{"href":"https:\/\/sandzakpress.net\/arhiva\/wp-json\/wp\/v2\/media?parent=4532"}],"wp:term":[{"taxonomy":"category","embeddable":true,"href":"https:\/\/sandzakpress.net\/arhiva\/wp-json\/wp\/v2\/categories?post=4532"},{"taxonomy":"post_tag","embeddable":true,"href":"https:\/\/sandzakpress.net\/arhiva\/wp-json\/wp\/v2\/tags?post=4532"}],"curies":[{"name":"wp","href":"https:\/\/api.w.org\/{rel}","templated":true}]}}