{"id":45184,"date":"2012-07-16T15:47:18","date_gmt":"2012-07-16T13:47:18","guid":{"rendered":"https:\/\/sandzakpress.net\/arhiva\/?p=45184"},"modified":"2012-07-16T15:49:10","modified_gmt":"2012-07-16T13:49:10","slug":"oslobodilacka-vojska-sirije-usla-u-damask","status":"publish","type":"post","link":"https:\/\/sandzakpress.net\/arhiva\/oslobodilacka-vojska-sirije-usla-u-damask\/","title":{"rendered":"Oslobodila\u010dka vojska Sirije u\u0161la u Damask!"},"content":{"rendered":"<p><strong><a href=\"https:\/\/sandzakpress.net\/arhiva\/wp-content\/uploads\/2012\/07\/Sirija-gradjanski-rat-reuters.jpg\"><img loading=\"lazy\" decoding=\"async\" class=\"alignleft size-medium wp-image-45187\" title=\"Sirija-gradjanski-rat-reuters\" src=\"https:\/\/sandzakpress.net\/arhiva\/wp-content\/uploads\/2012\/07\/Sirija-gradjanski-rat-reuters-300x200.jpg\" alt=\"\" width=\"300\" height=\"200\" \/><\/a>Sirija &#8211; Sirijska opozicija tvrdi da je no\u0107as do\u0161lo do najja\u010dih borbi u Damasku od kako su zapo\u010deli antivladini protesti.<\/strong><\/p>\n<p>Vojna ofanziva pokrenuta je u opozicionim upori\u0161tima u Damasku, sa ciljem da se iz prestonice isteraju pripadnici Slobodne sirijske vojske (FSA), prenosi AFP.<\/p>\n<p>&#8220;Regularna vojska je otvarala vatru iz minobaca\u010dke na vi\u0161e predgra\u0111a u kojima su pripadnici FSA&#8221;, izavio je Rami Adbel Rahman, \u0161ef Sirijske opservatorije za ljudska prava, \u010dije sedi\u0161te je u Londonu.<\/p>\n<p>On je rekao da su borbe naj\u017ee\u0161\u0107e u kvartovima Tadamon, Kfar Suza, Nar Aj\u0161a i Sidi Kadad.<\/p>\n<p>&#8220;Nikad nije bilo ovoliko intenzivno&#8221;, rekao je Abdel Rahman za AFP. &#8220;Snage sigurnosti poku\u0161avaju da preuzmu kontrolu nad tim kvartovima, ali zasad nisu uspijeli&#8221;.<\/p>\n<h3>General pre\u0161ao u opozicionu vojsku<\/h3>\n<p>Video klip kojeg su aktivisti postavili na YouTube kanalu prikazuje general majora Adnana Sillua u vojnoj uniformi obavije\u0161tava o svom odstupanju iz redova regularne sirijske vojske i svom priklju\u010denju FSA. General major Adnan Sillu je nekada\u0161nji \u0161ef sirijskog nuklearnog programa.<\/p>\n<h3>Konferencija Muslimanske bra\u0107e Sirije u Istanbulu<\/h3>\n<p>U Istanbulu se odr\u017eava konferencija Muslimanske bra\u0107e Sirije pod nazivom \u201eNastavak puta\u201c, a na kojoj u\u010destvuju lideri Muslimanske bra\u0107e Sirije, Sirijskog nacionalnog vije\u0107a, te brojni intelektualci iz Sirije i drugih arapskih zemalja.<\/p>\n<p>Uvodno izlaganje je odr\u017eao lider Muslimanske bra\u0107e Sirije Rijad \u0160akfa, koji je istakao da \u0107e Muslimanska bra\u0107a u\u010dinti sve kako bi sirijski narod ostvario svoje ciljeve. On je istakao da se borba sirijskog naroda za vlastitu slobodu nastavlja uprkos \u010dinjenici da ih je svijet napustio.<\/p>\n<p>Izvor: <strong>Agencije<\/strong><\/p>\n","protected":false},"excerpt":{"rendered":"<p>Sirija &#8211; Sirijska opozicija tvrdi da je no\u0107as do\u0161lo do najja\u010dih borbi u Damasku od kako su zapo\u010deli antivladini protesti. Vojna ofanziva pokrenuta je u opozicionim upori\u0161tima u Damasku, sa ciljem da se iz prestonice isteraju pripadnici Slobodne sirijske vojske (FSA), prenosi AFP. &#8220;Regularna vojska je otvarala vatru iz minobaca\u010dke na vi\u0161e predgra\u0111a u kojima [&hellip;]<\/p>\n","protected":false},"author":83,"featured_media":45187,"comment_status":"open","ping_status":"open","sticky":false,"template":"","format":"standard","meta":{"footnotes":""},"categories":[9,8957],"tags":[],"class_list":{"0":"post-45184","1":"post","2":"type-post","3":"status-publish","4":"format-standard","5":"has-post-thumbnail","7":"category-svijet","8":"category-vijesti-dana"},"yoast_head":"<!-- This site is optimized with the Yoast SEO Premium plugin v23.1 (Yoast SEO v24.9) - https:\/\/yoast.com\/wordpress\/plugins\/seo\/ -->\n<title>Oslobodila\u010dka vojska Sirije u\u0161la u Damask!<\/title>\n<meta name=\"robots\" content=\"index, follow, max-snippet:-1, max-image-preview:large, max-video-preview:-1\" \/>\n<link rel=\"canonical\" href=\"https:\/\/sandzakpress.net\/arhiva\/oslobodilacka-vojska-sirije-usla-u-damask\/\" \/>\n<meta property=\"og:locale\" content=\"bs_BA\" \/>\n<meta property=\"og:type\" content=\"article\" \/>\n<meta property=\"og:title\" content=\"Oslobodila\u010dka vojska Sirije u\u0161la u Damask!\" \/>\n<meta property=\"og:description\" content=\"Sirija &#8211; Sirijska opozicija tvrdi da je no\u0107as do\u0161lo do najja\u010dih borbi u Damasku od kako su zapo\u010deli antivladini protesti. Vojna ofanziva pokrenuta je u opozicionim upori\u0161tima u Damasku, sa ciljem da se iz prestonice isteraju pripadnici Slobodne sirijske vojske (FSA), prenosi AFP. &#8220;Regularna vojska je otvarala vatru iz minobaca\u010dke na vi\u0161e predgra\u0111a u kojima [&hellip;]\" \/>\n<meta property=\"og:url\" content=\"https:\/\/sandzakpress.net\/arhiva\/oslobodilacka-vojska-sirije-usla-u-damask\/\" \/>\n<meta property=\"og:site_name\" content=\"Sand\u017eak PRESS\" \/>\n<meta property=\"article:published_time\" content=\"2012-07-16T13:47:18+00:00\" \/>\n<meta property=\"article:modified_time\" content=\"2012-07-16T13:49:10+00:00\" \/>\n<meta property=\"og:image\" content=\"https:\/\/sandzakpress.net\/arhiva\/wp-content\/uploads\/2012\/07\/Sirija-gradjanski-rat-reuters.jpg\" \/>\n\t<meta property=\"og:image:width\" content=\"460\" \/>\n\t<meta property=\"og:image:height\" content=\"307\" \/>\n\t<meta property=\"og:image:type\" content=\"image\/jpeg\" \/>\n<meta name=\"author\" content=\"bosniak\" \/>\n<meta name=\"twitter:card\" content=\"summary_large_image\" \/>\n<meta name=\"twitter:label1\" content=\"Written by\" \/>\n\t<meta name=\"twitter:data1\" content=\"bosniak\" \/>\n\t<meta name=\"twitter:label2\" content=\"Est. reading time\" \/>\n\t<meta name=\"twitter:data2\" content=\"1 minuta\" \/>\n<script type=\"application\/ld+json\" class=\"yoast-schema-graph\">{\"@context\":\"https:\/\/schema.org\",\"@graph\":[{\"@type\":\"Article\",\"@id\":\"https:\/\/sandzakpress.net\/arhiva\/oslobodilacka-vojska-sirije-usla-u-damask\/#article\",\"isPartOf\":{\"@id\":\"https:\/\/sandzakpress.net\/arhiva\/oslobodilacka-vojska-sirije-usla-u-damask\/\"},\"author\":{\"name\":\"bosniak\",\"@id\":\"https:\/\/sandzakpress.net\/arhiva\/#\/schema\/person\/c8baee722073534b583ea7bdb2e36c02\"},\"headline\":\"Oslobodila\u010dka vojska Sirije u\u0161la u Damask!\",\"datePublished\":\"2012-07-16T13:47:18+00:00\",\"dateModified\":\"2012-07-16T13:49:10+00:00\",\"mainEntityOfPage\":{\"@id\":\"https:\/\/sandzakpress.net\/arhiva\/oslobodilacka-vojska-sirije-usla-u-damask\/\"},\"wordCount\":280,\"commentCount\":1,\"publisher\":{\"@id\":\"https:\/\/sandzakpress.net\/arhiva\/#\/schema\/person\/6e72b67d6e51910a1117b3b483ba20bd\"},\"image\":{\"@id\":\"https:\/\/sandzakpress.net\/arhiva\/oslobodilacka-vojska-sirije-usla-u-damask\/#primaryimage\"},\"thumbnailUrl\":\"https:\/\/sandzakpress.net\/arhiva\/wp-content\/uploads\/2012\/07\/Sirija-gradjanski-rat-reuters.jpg\",\"articleSection\":[\"Svijet\",\"VIJESTI DANA\"],\"inLanguage\":\"bs-BA\",\"potentialAction\":[{\"@type\":\"CommentAction\",\"name\":\"Comment\",\"target\":[\"https:\/\/sandzakpress.net\/arhiva\/oslobodilacka-vojska-sirije-usla-u-damask\/#respond\"]}]},{\"@type\":\"WebPage\",\"@id\":\"https:\/\/sandzakpress.net\/arhiva\/oslobodilacka-vojska-sirije-usla-u-damask\/\",\"url\":\"https:\/\/sandzakpress.net\/arhiva\/oslobodilacka-vojska-sirije-usla-u-damask\/\",\"name\":\"Oslobodila\u010dka vojska Sirije u\u0161la u Damask!\",\"isPartOf\":{\"@id\":\"https:\/\/sandzakpress.net\/arhiva\/#website\"},\"primaryImageOfPage\":{\"@id\":\"https:\/\/sandzakpress.net\/arhiva\/oslobodilacka-vojska-sirije-usla-u-damask\/#primaryimage\"},\"image\":{\"@id\":\"https:\/\/sandzakpress.net\/arhiva\/oslobodilacka-vojska-sirije-usla-u-damask\/#primaryimage\"},\"thumbnailUrl\":\"https:\/\/sandzakpress.net\/arhiva\/wp-content\/uploads\/2012\/07\/Sirija-gradjanski-rat-reuters.jpg\",\"datePublished\":\"2012-07-16T13:47:18+00:00\",\"dateModified\":\"2012-07-16T13:49:10+00:00\",\"breadcrumb\":{\"@id\":\"https:\/\/sandzakpress.net\/arhiva\/oslobodilacka-vojska-sirije-usla-u-damask\/#breadcrumb\"},\"inLanguage\":\"bs-BA\",\"potentialAction\":[{\"@type\":\"ReadAction\",\"target\":[\"https:\/\/sandzakpress.net\/arhiva\/oslobodilacka-vojska-sirije-usla-u-damask\/\"]}]},{\"@type\":\"ImageObject\",\"inLanguage\":\"bs-BA\",\"@id\":\"https:\/\/sandzakpress.net\/arhiva\/oslobodilacka-vojska-sirije-usla-u-damask\/#primaryimage\",\"url\":\"https:\/\/sandzakpress.net\/arhiva\/wp-content\/uploads\/2012\/07\/Sirija-gradjanski-rat-reuters.jpg\",\"contentUrl\":\"https:\/\/sandzakpress.net\/arhiva\/wp-content\/uploads\/2012\/07\/Sirija-gradjanski-rat-reuters.jpg\",\"width\":460,\"height\":307},{\"@type\":\"BreadcrumbList\",\"@id\":\"https:\/\/sandzakpress.net\/arhiva\/oslobodilacka-vojska-sirije-usla-u-damask\/#breadcrumb\",\"itemListElement\":[{\"@type\":\"ListItem\",\"position\":1,\"name\":\"Home\",\"item\":\"https:\/\/sandzakpress.net\/arhiva\/\"},{\"@type\":\"ListItem\",\"position\":2,\"name\":\"Oslobodila\u010dka vojska Sirije u\u0161la u Damask!\"}]},{\"@type\":\"WebSite\",\"@id\":\"https:\/\/sandzakpress.net\/arhiva\/#website\",\"url\":\"https:\/\/sandzakpress.net\/arhiva\/\",\"name\":\"Sand\u017eak PRESS\",\"description\":\"Prve elektronske novine u Sand\u017eaku\",\"publisher\":{\"@id\":\"https:\/\/sandzakpress.net\/arhiva\/#\/schema\/person\/6e72b67d6e51910a1117b3b483ba20bd\"},\"potentialAction\":[{\"@type\":\"SearchAction\",\"target\":{\"@type\":\"EntryPoint\",\"urlTemplate\":\"https:\/\/sandzakpress.net\/arhiva\/?s={search_term_string}\"},\"query-input\":{\"@type\":\"PropertyValueSpecification\",\"valueRequired\":true,\"valueName\":\"search_term_string\"}}],\"inLanguage\":\"bs-BA\"},{\"@type\":[\"Person\",\"Organization\"],\"@id\":\"https:\/\/sandzakpress.net\/arhiva\/#\/schema\/person\/6e72b67d6e51910a1117b3b483ba20bd\",\"name\":\"Kul\",\"image\":{\"@type\":\"ImageObject\",\"inLanguage\":\"bs-BA\",\"@id\":\"https:\/\/sandzakpress.net\/arhiva\/#\/schema\/person\/image\/\",\"url\":\"https:\/\/secure.gravatar.com\/avatar\/42263f39aa27ac04c43cab85c280eb2e?s=96&d=mm&r=pg\",\"contentUrl\":\"https:\/\/secure.gravatar.com\/avatar\/42263f39aa27ac04c43cab85c280eb2e?s=96&d=mm&r=pg\",\"caption\":\"Kul\"},\"logo\":{\"@id\":\"https:\/\/sandzakpress.net\/arhiva\/#\/schema\/person\/image\/\"}},{\"@type\":\"Person\",\"@id\":\"https:\/\/sandzakpress.net\/arhiva\/#\/schema\/person\/c8baee722073534b583ea7bdb2e36c02\",\"name\":\"bosniak\",\"image\":{\"@type\":\"ImageObject\",\"inLanguage\":\"bs-BA\",\"@id\":\"https:\/\/sandzakpress.net\/arhiva\/#\/schema\/person\/image\/\",\"url\":\"https:\/\/secure.gravatar.com\/avatar\/a04fd330bfe3a36a72a0ad4a6d89fca7?s=96&d=mm&r=pg\",\"contentUrl\":\"https:\/\/secure.gravatar.com\/avatar\/a04fd330bfe3a36a72a0ad4a6d89fca7?s=96&d=mm&r=pg\",\"caption\":\"bosniak\"},\"url\":\"https:\/\/sandzakpress.net\/arhiva\/author\/bosniak\/\"}]}<\/script>\n<!-- \/ Yoast SEO Premium plugin. -->","yoast_head_json":{"title":"Oslobodila\u010dka vojska Sirije u\u0161la u Damask!","robots":{"index":"index","follow":"follow","max-snippet":"max-snippet:-1","max-image-preview":"max-image-preview:large","max-video-preview":"max-video-preview:-1"},"canonical":"https:\/\/sandzakpress.net\/arhiva\/oslobodilacka-vojska-sirije-usla-u-damask\/","og_locale":"bs_BA","og_type":"article","og_title":"Oslobodila\u010dka vojska Sirije u\u0161la u Damask!","og_description":"Sirija &#8211; Sirijska opozicija tvrdi da je no\u0107as do\u0161lo do najja\u010dih borbi u Damasku od kako su zapo\u010deli antivladini protesti. Vojna ofanziva pokrenuta je u opozicionim upori\u0161tima u Damasku, sa ciljem da se iz prestonice isteraju pripadnici Slobodne sirijske vojske (FSA), prenosi AFP. &#8220;Regularna vojska je otvarala vatru iz minobaca\u010dke na vi\u0161e predgra\u0111a u kojima [&hellip;]","og_url":"https:\/\/sandzakpress.net\/arhiva\/oslobodilacka-vojska-sirije-usla-u-damask\/","og_site_name":"Sand\u017eak PRESS","article_published_time":"2012-07-16T13:47:18+00:00","article_modified_time":"2012-07-16T13:49:10+00:00","og_image":[{"width":460,"height":307,"url":"https:\/\/sandzakpress.net\/arhiva\/wp-content\/uploads\/2012\/07\/Sirija-gradjanski-rat-reuters.jpg","type":"image\/jpeg"}],"author":"bosniak","twitter_card":"summary_large_image","twitter_misc":{"Written by":"bosniak","Est. reading time":"1 minuta"},"schema":{"@context":"https:\/\/schema.org","@graph":[{"@type":"Article","@id":"https:\/\/sandzakpress.net\/arhiva\/oslobodilacka-vojska-sirije-usla-u-damask\/#article","isPartOf":{"@id":"https:\/\/sandzakpress.net\/arhiva\/oslobodilacka-vojska-sirije-usla-u-damask\/"},"author":{"name":"bosniak","@id":"https:\/\/sandzakpress.net\/arhiva\/#\/schema\/person\/c8baee722073534b583ea7bdb2e36c02"},"headline":"Oslobodila\u010dka vojska Sirije u\u0161la u Damask!","datePublished":"2012-07-16T13:47:18+00:00","dateModified":"2012-07-16T13:49:10+00:00","mainEntityOfPage":{"@id":"https:\/\/sandzakpress.net\/arhiva\/oslobodilacka-vojska-sirije-usla-u-damask\/"},"wordCount":280,"commentCount":1,"publisher":{"@id":"https:\/\/sandzakpress.net\/arhiva\/#\/schema\/person\/6e72b67d6e51910a1117b3b483ba20bd"},"image":{"@id":"https:\/\/sandzakpress.net\/arhiva\/oslobodilacka-vojska-sirije-usla-u-damask\/#primaryimage"},"thumbnailUrl":"https:\/\/sandzakpress.net\/arhiva\/wp-content\/uploads\/2012\/07\/Sirija-gradjanski-rat-reuters.jpg","articleSection":["Svijet","VIJESTI DANA"],"inLanguage":"bs-BA","potentialAction":[{"@type":"CommentAction","name":"Comment","target":["https:\/\/sandzakpress.net\/arhiva\/oslobodilacka-vojska-sirije-usla-u-damask\/#respond"]}]},{"@type":"WebPage","@id":"https:\/\/sandzakpress.net\/arhiva\/oslobodilacka-vojska-sirije-usla-u-damask\/","url":"https:\/\/sandzakpress.net\/arhiva\/oslobodilacka-vojska-sirije-usla-u-damask\/","name":"Oslobodila\u010dka vojska Sirije u\u0161la u Damask!","isPartOf":{"@id":"https:\/\/sandzakpress.net\/arhiva\/#website"},"primaryImageOfPage":{"@id":"https:\/\/sandzakpress.net\/arhiva\/oslobodilacka-vojska-sirije-usla-u-damask\/#primaryimage"},"image":{"@id":"https:\/\/sandzakpress.net\/arhiva\/oslobodilacka-vojska-sirije-usla-u-damask\/#primaryimage"},"thumbnailUrl":"https:\/\/sandzakpress.net\/arhiva\/wp-content\/uploads\/2012\/07\/Sirija-gradjanski-rat-reuters.jpg","datePublished":"2012-07-16T13:47:18+00:00","dateModified":"2012-07-16T13:49:10+00:00","breadcrumb":{"@id":"https:\/\/sandzakpress.net\/arhiva\/oslobodilacka-vojska-sirije-usla-u-damask\/#breadcrumb"},"inLanguage":"bs-BA","potentialAction":[{"@type":"ReadAction","target":["https:\/\/sandzakpress.net\/arhiva\/oslobodilacka-vojska-sirije-usla-u-damask\/"]}]},{"@type":"ImageObject","inLanguage":"bs-BA","@id":"https:\/\/sandzakpress.net\/arhiva\/oslobodilacka-vojska-sirije-usla-u-damask\/#primaryimage","url":"https:\/\/sandzakpress.net\/arhiva\/wp-content\/uploads\/2012\/07\/Sirija-gradjanski-rat-reuters.jpg","contentUrl":"https:\/\/sandzakpress.net\/arhiva\/wp-content\/uploads\/2012\/07\/Sirija-gradjanski-rat-reuters.jpg","width":460,"height":307},{"@type":"BreadcrumbList","@id":"https:\/\/sandzakpress.net\/arhiva\/oslobodilacka-vojska-sirije-usla-u-damask\/#breadcrumb","itemListElement":[{"@type":"ListItem","position":1,"name":"Home","item":"https:\/\/sandzakpress.net\/arhiva\/"},{"@type":"ListItem","position":2,"name":"Oslobodila\u010dka vojska Sirije u\u0161la u Damask!"}]},{"@type":"WebSite","@id":"https:\/\/sandzakpress.net\/arhiva\/#website","url":"https:\/\/sandzakpress.net\/arhiva\/","name":"Sand\u017eak PRESS","description":"Prve elektronske novine u Sand\u017eaku","publisher":{"@id":"https:\/\/sandzakpress.net\/arhiva\/#\/schema\/person\/6e72b67d6e51910a1117b3b483ba20bd"},"potentialAction":[{"@type":"SearchAction","target":{"@type":"EntryPoint","urlTemplate":"https:\/\/sandzakpress.net\/arhiva\/?s={search_term_string}"},"query-input":{"@type":"PropertyValueSpecification","valueRequired":true,"valueName":"search_term_string"}}],"inLanguage":"bs-BA"},{"@type":["Person","Organization"],"@id":"https:\/\/sandzakpress.net\/arhiva\/#\/schema\/person\/6e72b67d6e51910a1117b3b483ba20bd","name":"Kul","image":{"@type":"ImageObject","inLanguage":"bs-BA","@id":"https:\/\/sandzakpress.net\/arhiva\/#\/schema\/person\/image\/","url":"https:\/\/secure.gravatar.com\/avatar\/42263f39aa27ac04c43cab85c280eb2e?s=96&d=mm&r=pg","contentUrl":"https:\/\/secure.gravatar.com\/avatar\/42263f39aa27ac04c43cab85c280eb2e?s=96&d=mm&r=pg","caption":"Kul"},"logo":{"@id":"https:\/\/sandzakpress.net\/arhiva\/#\/schema\/person\/image\/"}},{"@type":"Person","@id":"https:\/\/sandzakpress.net\/arhiva\/#\/schema\/person\/c8baee722073534b583ea7bdb2e36c02","name":"bosniak","image":{"@type":"ImageObject","inLanguage":"bs-BA","@id":"https:\/\/sandzakpress.net\/arhiva\/#\/schema\/person\/image\/","url":"https:\/\/secure.gravatar.com\/avatar\/a04fd330bfe3a36a72a0ad4a6d89fca7?s=96&d=mm&r=pg","contentUrl":"https:\/\/secure.gravatar.com\/avatar\/a04fd330bfe3a36a72a0ad4a6d89fca7?s=96&d=mm&r=pg","caption":"bosniak"},"url":"https:\/\/sandzakpress.net\/arhiva\/author\/bosniak\/"}]}},"_links":{"self":[{"href":"https:\/\/sandzakpress.net\/arhiva\/wp-json\/wp\/v2\/posts\/45184"}],"collection":[{"href":"https:\/\/sandzakpress.net\/arhiva\/wp-json\/wp\/v2\/posts"}],"about":[{"href":"https:\/\/sandzakpress.net\/arhiva\/wp-json\/wp\/v2\/types\/post"}],"author":[{"embeddable":true,"href":"https:\/\/sandzakpress.net\/arhiva\/wp-json\/wp\/v2\/users\/83"}],"replies":[{"embeddable":true,"href":"https:\/\/sandzakpress.net\/arhiva\/wp-json\/wp\/v2\/comments?post=45184"}],"version-history":[{"count":0,"href":"https:\/\/sandzakpress.net\/arhiva\/wp-json\/wp\/v2\/posts\/45184\/revisions"}],"wp:featuredmedia":[{"embeddable":true,"href":"https:\/\/sandzakpress.net\/arhiva\/wp-json\/wp\/v2\/media\/45187"}],"wp:attachment":[{"href":"https:\/\/sandzakpress.net\/arhiva\/wp-json\/wp\/v2\/media?parent=45184"}],"wp:term":[{"taxonomy":"category","embeddable":true,"href":"https:\/\/sandzakpress.net\/arhiva\/wp-json\/wp\/v2\/categories?post=45184"},{"taxonomy":"post_tag","embeddable":true,"href":"https:\/\/sandzakpress.net\/arhiva\/wp-json\/wp\/v2\/tags?post=45184"}],"curies":[{"name":"wp","href":"https:\/\/api.w.org\/{rel}","templated":true}]}}