{"id":4455,"date":"2010-05-20T13:05:55","date_gmt":"2010-05-20T13:05:55","guid":{"rendered":"https:\/\/sandzakpress.net\/arhiva\/?p=4455"},"modified":"2010-05-20T13:05:55","modified_gmt":"2010-05-20T13:05:55","slug":"%e2%80%9eperspektive-sandzaka-u-kontekstu-eu-integracija%e2%80%9d","status":"publish","type":"post","link":"https:\/\/sandzakpress.net\/arhiva\/%e2%80%9eperspektive-sandzaka-u-kontekstu-eu-integracija%e2%80%9d\/","title":{"rendered":"\u201ePerspektive Sand\u017eaka u kontekstu EU integracija\u201d"},"content":{"rendered":"<p><strong><a href=\"https:\/\/sandzakpress.net\/arhiva\/wp-content\/uploads\/2010\/05\/grb_sandzaka.jpg\"><img loading=\"lazy\" decoding=\"async\" class=\"alignleft size-medium wp-image-4456\" title=\"grb_sandzaka\" src=\"https:\/\/sandzakpress.net\/arhiva\/wp-content\/uploads\/2010\/05\/grb_sandzaka-300x174.jpg\" alt=\"\" width=\"300\" height=\"174\" \/><\/a>Novi Pazar &#8211; U organizaciji Helsin\u0161kog odbora za ljudska prava u Srbiji, a u saradnji sa Internacionalnim univerzitetom u Novom Pazaru, 18. i 19. maja t.g., u Multimedijalnoj sali IUNP odr\u017eana je dvodnevna konferencija pod nazivom \u201ePerspektive Sand\u017eaka u kontekstu EU integracija\u201d.<\/strong><\/p>\n<p>Konferencija je drugi dio projekta Sand\u017ea\u010dki dijalozi: podr\u0161ka prevazila\u017eenju podjela i artikulisanju stvarnih interesa regiona, koji se realizuje uz podr\u0161ku Delegacije Evropske komisije (EIDHR).<br \/>\nPrvog dana konferencije na prvoj sesiji, o internacionalizaciji pitanja Sand\u017eaka: o razlozima i perspektivama govorili su Sonja Biserko, Pavel Domonji i doc. dr Rifat Red\u017eovi\u0107.<\/p>\n<p>O pravima \u017eena i \u017eenama kao \u017ertvama dru\u0161tvenih predrasuda govorili su Zibija Dh-\u0160arenkapi\u0107 ispred NVO \u201cKulturni centar DamaD\u201d Novi Pazar i Sun\u010dica Vu\u010daj &#8211; NVO \u201c\u017dene na delu\u201d iz Beograda.<\/p>\n<p>Na tre\u0107oj sesiji, drugog dana konferencije govorilo se o ekonomskoj krizi i posljedicama krize na Sand\u017eak. Panelisti su bili Marjana Obradovi\u0107, pomo\u0107nica direktora Agencije za borbu protiv korupcije i Bisera \u0160e\u0107eragi\u0107 ispred \u201cEvropski pokret\u201d \u2013 lokalnog vije\u0107a za Novi Pazar<\/p>\n<p>Na \u010detvrtoj i zavr\u0161noj sesiji govorili su Admir Veljovi\u0107, koordinator Kancelarije za mlade iz Prijepolja i Jelena Velji\u0107, studentkinja Filozofskog fakulteta Univerziteta u Beogradu. Tema ove sesije su bili demokratski potencijali mladih: obrazovni sistem, svakodnevni \u017eivot i politi\u010dka participacija. Usljedila je zavr\u0161na debata na kojoj su, kao i na prethodnim debatama, u\u010destvovali profesori i studenti Internacionalnog univerziteta kao i brojne istaknute li\u010dnosti iz Sand\u017eaka i regiona.<\/p>\n<p>Cilj konferencije je bio da se identifikuju demokratski potencijali i problemi Sand\u017eaka kako bi se doprinjelo razvoju ovog va\u017enog regiona.<\/p>\n<p>Izvor: <strong>UNINP.edu.rs<\/strong><\/p>\n","protected":false},"excerpt":{"rendered":"<p>Novi Pazar &#8211; U organizaciji Helsin\u0161kog odbora za ljudska prava u Srbiji, a u saradnji sa Internacionalnim univerzitetom u Novom Pazaru, 18. i 19. maja t.g., u Multimedijalnoj sali IUNP odr\u017eana je dvodnevna konferencija pod nazivom \u201ePerspektive Sand\u017eaka u kontekstu EU integracija\u201d. Konferencija je drugi dio projekta Sand\u017ea\u010dki dijalozi: podr\u0161ka prevazila\u017eenju podjela i artikulisanju stvarnih [&hellip;]<\/p>\n","protected":false},"author":83,"featured_media":4456,"comment_status":"open","ping_status":"open","sticky":false,"template":"","format":"standard","meta":{"footnotes":""},"categories":[4],"tags":[],"class_list":{"0":"post-4455","1":"post","2":"type-post","3":"status-publish","4":"format-standard","5":"has-post-thumbnail","7":"category-obrazovanje"},"yoast_head":"<!-- This site is optimized with the Yoast SEO Premium plugin v23.1 (Yoast SEO v24.9) - https:\/\/yoast.com\/wordpress\/plugins\/seo\/ -->\n<title>\u201ePerspektive Sand\u017eaka u kontekstu EU integracija\u201d<\/title>\n<meta name=\"robots\" content=\"index, follow, max-snippet:-1, max-image-preview:large, max-video-preview:-1\" \/>\n<link rel=\"canonical\" href=\"https:\/\/sandzakpress.net\/arhiva\/\u201eperspektive-sandzaka-u-kontekstu-eu-integracija\u201d\/\" \/>\n<meta property=\"og:locale\" content=\"bs_BA\" \/>\n<meta property=\"og:type\" content=\"article\" \/>\n<meta property=\"og:title\" content=\"\u201ePerspektive Sand\u017eaka u kontekstu EU integracija\u201d\" \/>\n<meta property=\"og:description\" content=\"Novi Pazar &#8211; U organizaciji Helsin\u0161kog odbora za ljudska prava u Srbiji, a u saradnji sa Internacionalnim univerzitetom u Novom Pazaru, 18. i 19. maja t.g., u Multimedijalnoj sali IUNP odr\u017eana je dvodnevna konferencija pod nazivom \u201ePerspektive Sand\u017eaka u kontekstu EU integracija\u201d. Konferencija je drugi dio projekta Sand\u017ea\u010dki dijalozi: podr\u0161ka prevazila\u017eenju podjela i artikulisanju stvarnih [&hellip;]\" \/>\n<meta property=\"og:url\" content=\"https:\/\/sandzakpress.net\/arhiva\/\u201eperspektive-sandzaka-u-kontekstu-eu-integracija\u201d\/\" \/>\n<meta property=\"og:site_name\" content=\"Sand\u017eak PRESS\" \/>\n<meta property=\"article:published_time\" content=\"2010-05-20T13:05:55+00:00\" \/>\n<meta property=\"og:image\" content=\"https:\/\/sandzakpress.net\/arhiva\/wp-content\/uploads\/2010\/05\/grb_sandzaka.jpg\" \/>\n\t<meta property=\"og:image:width\" content=\"616\" \/>\n\t<meta property=\"og:image:height\" content=\"358\" \/>\n\t<meta property=\"og:image:type\" content=\"image\/jpeg\" \/>\n<meta name=\"author\" content=\"bosniak\" \/>\n<meta name=\"twitter:card\" content=\"summary_large_image\" \/>\n<meta name=\"twitter:label1\" content=\"Written by\" \/>\n\t<meta name=\"twitter:data1\" content=\"bosniak\" \/>\n\t<meta name=\"twitter:label2\" content=\"Est. reading time\" \/>\n\t<meta name=\"twitter:data2\" content=\"1 minuta\" \/>\n<script type=\"application\/ld+json\" class=\"yoast-schema-graph\">{\"@context\":\"https:\/\/schema.org\",\"@graph\":[{\"@type\":\"Article\",\"@id\":\"https:\/\/sandzakpress.net\/arhiva\/%e2%80%9eperspektive-sandzaka-u-kontekstu-eu-integracija%e2%80%9d\/#article\",\"isPartOf\":{\"@id\":\"https:\/\/sandzakpress.net\/arhiva\/%e2%80%9eperspektive-sandzaka-u-kontekstu-eu-integracija%e2%80%9d\/\"},\"author\":{\"name\":\"bosniak\",\"@id\":\"https:\/\/sandzakpress.net\/arhiva\/#\/schema\/person\/c8baee722073534b583ea7bdb2e36c02\"},\"headline\":\"\u201ePerspektive Sand\u017eaka u kontekstu EU integracija\u201d\",\"datePublished\":\"2010-05-20T13:05:55+00:00\",\"mainEntityOfPage\":{\"@id\":\"https:\/\/sandzakpress.net\/arhiva\/%e2%80%9eperspektive-sandzaka-u-kontekstu-eu-integracija%e2%80%9d\/\"},\"wordCount\":283,\"commentCount\":1,\"publisher\":{\"@id\":\"https:\/\/sandzakpress.net\/arhiva\/#\/schema\/person\/6e72b67d6e51910a1117b3b483ba20bd\"},\"image\":{\"@id\":\"https:\/\/sandzakpress.net\/arhiva\/%e2%80%9eperspektive-sandzaka-u-kontekstu-eu-integracija%e2%80%9d\/#primaryimage\"},\"thumbnailUrl\":\"https:\/\/sandzakpress.net\/arhiva\/wp-content\/uploads\/2010\/05\/grb_sandzaka.jpg\",\"articleSection\":[\"Obrazovanje\"],\"inLanguage\":\"bs-BA\",\"potentialAction\":[{\"@type\":\"CommentAction\",\"name\":\"Comment\",\"target\":[\"https:\/\/sandzakpress.net\/arhiva\/%e2%80%9eperspektive-sandzaka-u-kontekstu-eu-integracija%e2%80%9d\/#respond\"]}]},{\"@type\":\"WebPage\",\"@id\":\"https:\/\/sandzakpress.net\/arhiva\/%e2%80%9eperspektive-sandzaka-u-kontekstu-eu-integracija%e2%80%9d\/\",\"url\":\"https:\/\/sandzakpress.net\/arhiva\/%e2%80%9eperspektive-sandzaka-u-kontekstu-eu-integracija%e2%80%9d\/\",\"name\":\"\u201ePerspektive Sand\u017eaka u kontekstu EU integracija\u201d\",\"isPartOf\":{\"@id\":\"https:\/\/sandzakpress.net\/arhiva\/#website\"},\"primaryImageOfPage\":{\"@id\":\"https:\/\/sandzakpress.net\/arhiva\/%e2%80%9eperspektive-sandzaka-u-kontekstu-eu-integracija%e2%80%9d\/#primaryimage\"},\"image\":{\"@id\":\"https:\/\/sandzakpress.net\/arhiva\/%e2%80%9eperspektive-sandzaka-u-kontekstu-eu-integracija%e2%80%9d\/#primaryimage\"},\"thumbnailUrl\":\"https:\/\/sandzakpress.net\/arhiva\/wp-content\/uploads\/2010\/05\/grb_sandzaka.jpg\",\"datePublished\":\"2010-05-20T13:05:55+00:00\",\"breadcrumb\":{\"@id\":\"https:\/\/sandzakpress.net\/arhiva\/%e2%80%9eperspektive-sandzaka-u-kontekstu-eu-integracija%e2%80%9d\/#breadcrumb\"},\"inLanguage\":\"bs-BA\",\"potentialAction\":[{\"@type\":\"ReadAction\",\"target\":[\"https:\/\/sandzakpress.net\/arhiva\/%e2%80%9eperspektive-sandzaka-u-kontekstu-eu-integracija%e2%80%9d\/\"]}]},{\"@type\":\"ImageObject\",\"inLanguage\":\"bs-BA\",\"@id\":\"https:\/\/sandzakpress.net\/arhiva\/%e2%80%9eperspektive-sandzaka-u-kontekstu-eu-integracija%e2%80%9d\/#primaryimage\",\"url\":\"https:\/\/sandzakpress.net\/arhiva\/wp-content\/uploads\/2010\/05\/grb_sandzaka.jpg\",\"contentUrl\":\"https:\/\/sandzakpress.net\/arhiva\/wp-content\/uploads\/2010\/05\/grb_sandzaka.jpg\",\"width\":616,\"height\":358},{\"@type\":\"BreadcrumbList\",\"@id\":\"https:\/\/sandzakpress.net\/arhiva\/%e2%80%9eperspektive-sandzaka-u-kontekstu-eu-integracija%e2%80%9d\/#breadcrumb\",\"itemListElement\":[{\"@type\":\"ListItem\",\"position\":1,\"name\":\"Home\",\"item\":\"https:\/\/sandzakpress.net\/arhiva\/\"},{\"@type\":\"ListItem\",\"position\":2,\"name\":\"\u201ePerspektive Sand\u017eaka u kontekstu EU integracija\u201d\"}]},{\"@type\":\"WebSite\",\"@id\":\"https:\/\/sandzakpress.net\/arhiva\/#website\",\"url\":\"https:\/\/sandzakpress.net\/arhiva\/\",\"name\":\"Sand\u017eak PRESS\",\"description\":\"Prve elektronske novine u Sand\u017eaku\",\"publisher\":{\"@id\":\"https:\/\/sandzakpress.net\/arhiva\/#\/schema\/person\/6e72b67d6e51910a1117b3b483ba20bd\"},\"potentialAction\":[{\"@type\":\"SearchAction\",\"target\":{\"@type\":\"EntryPoint\",\"urlTemplate\":\"https:\/\/sandzakpress.net\/arhiva\/?s={search_term_string}\"},\"query-input\":{\"@type\":\"PropertyValueSpecification\",\"valueRequired\":true,\"valueName\":\"search_term_string\"}}],\"inLanguage\":\"bs-BA\"},{\"@type\":[\"Person\",\"Organization\"],\"@id\":\"https:\/\/sandzakpress.net\/arhiva\/#\/schema\/person\/6e72b67d6e51910a1117b3b483ba20bd\",\"name\":\"Kul\",\"image\":{\"@type\":\"ImageObject\",\"inLanguage\":\"bs-BA\",\"@id\":\"https:\/\/sandzakpress.net\/arhiva\/#\/schema\/person\/image\/\",\"url\":\"https:\/\/secure.gravatar.com\/avatar\/42263f39aa27ac04c43cab85c280eb2e?s=96&d=mm&r=pg\",\"contentUrl\":\"https:\/\/secure.gravatar.com\/avatar\/42263f39aa27ac04c43cab85c280eb2e?s=96&d=mm&r=pg\",\"caption\":\"Kul\"},\"logo\":{\"@id\":\"https:\/\/sandzakpress.net\/arhiva\/#\/schema\/person\/image\/\"}},{\"@type\":\"Person\",\"@id\":\"https:\/\/sandzakpress.net\/arhiva\/#\/schema\/person\/c8baee722073534b583ea7bdb2e36c02\",\"name\":\"bosniak\",\"image\":{\"@type\":\"ImageObject\",\"inLanguage\":\"bs-BA\",\"@id\":\"https:\/\/sandzakpress.net\/arhiva\/#\/schema\/person\/image\/\",\"url\":\"https:\/\/secure.gravatar.com\/avatar\/a04fd330bfe3a36a72a0ad4a6d89fca7?s=96&d=mm&r=pg\",\"contentUrl\":\"https:\/\/secure.gravatar.com\/avatar\/a04fd330bfe3a36a72a0ad4a6d89fca7?s=96&d=mm&r=pg\",\"caption\":\"bosniak\"},\"url\":\"https:\/\/sandzakpress.net\/arhiva\/author\/bosniak\/\"}]}<\/script>\n<!-- \/ Yoast SEO Premium plugin. -->","yoast_head_json":{"title":"\u201ePerspektive Sand\u017eaka u kontekstu EU integracija\u201d","robots":{"index":"index","follow":"follow","max-snippet":"max-snippet:-1","max-image-preview":"max-image-preview:large","max-video-preview":"max-video-preview:-1"},"canonical":"https:\/\/sandzakpress.net\/arhiva\/\u201eperspektive-sandzaka-u-kontekstu-eu-integracija\u201d\/","og_locale":"bs_BA","og_type":"article","og_title":"\u201ePerspektive Sand\u017eaka u kontekstu EU integracija\u201d","og_description":"Novi Pazar &#8211; U organizaciji Helsin\u0161kog odbora za ljudska prava u Srbiji, a u saradnji sa Internacionalnim univerzitetom u Novom Pazaru, 18. i 19. maja t.g., u Multimedijalnoj sali IUNP odr\u017eana je dvodnevna konferencija pod nazivom \u201ePerspektive Sand\u017eaka u kontekstu EU integracija\u201d. Konferencija je drugi dio projekta Sand\u017ea\u010dki dijalozi: podr\u0161ka prevazila\u017eenju podjela i artikulisanju stvarnih [&hellip;]","og_url":"https:\/\/sandzakpress.net\/arhiva\/\u201eperspektive-sandzaka-u-kontekstu-eu-integracija\u201d\/","og_site_name":"Sand\u017eak PRESS","article_published_time":"2010-05-20T13:05:55+00:00","og_image":[{"width":616,"height":358,"url":"https:\/\/sandzakpress.net\/arhiva\/wp-content\/uploads\/2010\/05\/grb_sandzaka.jpg","type":"image\/jpeg"}],"author":"bosniak","twitter_card":"summary_large_image","twitter_misc":{"Written by":"bosniak","Est. reading time":"1 minuta"},"schema":{"@context":"https:\/\/schema.org","@graph":[{"@type":"Article","@id":"https:\/\/sandzakpress.net\/arhiva\/%e2%80%9eperspektive-sandzaka-u-kontekstu-eu-integracija%e2%80%9d\/#article","isPartOf":{"@id":"https:\/\/sandzakpress.net\/arhiva\/%e2%80%9eperspektive-sandzaka-u-kontekstu-eu-integracija%e2%80%9d\/"},"author":{"name":"bosniak","@id":"https:\/\/sandzakpress.net\/arhiva\/#\/schema\/person\/c8baee722073534b583ea7bdb2e36c02"},"headline":"\u201ePerspektive Sand\u017eaka u kontekstu EU integracija\u201d","datePublished":"2010-05-20T13:05:55+00:00","mainEntityOfPage":{"@id":"https:\/\/sandzakpress.net\/arhiva\/%e2%80%9eperspektive-sandzaka-u-kontekstu-eu-integracija%e2%80%9d\/"},"wordCount":283,"commentCount":1,"publisher":{"@id":"https:\/\/sandzakpress.net\/arhiva\/#\/schema\/person\/6e72b67d6e51910a1117b3b483ba20bd"},"image":{"@id":"https:\/\/sandzakpress.net\/arhiva\/%e2%80%9eperspektive-sandzaka-u-kontekstu-eu-integracija%e2%80%9d\/#primaryimage"},"thumbnailUrl":"https:\/\/sandzakpress.net\/arhiva\/wp-content\/uploads\/2010\/05\/grb_sandzaka.jpg","articleSection":["Obrazovanje"],"inLanguage":"bs-BA","potentialAction":[{"@type":"CommentAction","name":"Comment","target":["https:\/\/sandzakpress.net\/arhiva\/%e2%80%9eperspektive-sandzaka-u-kontekstu-eu-integracija%e2%80%9d\/#respond"]}]},{"@type":"WebPage","@id":"https:\/\/sandzakpress.net\/arhiva\/%e2%80%9eperspektive-sandzaka-u-kontekstu-eu-integracija%e2%80%9d\/","url":"https:\/\/sandzakpress.net\/arhiva\/%e2%80%9eperspektive-sandzaka-u-kontekstu-eu-integracija%e2%80%9d\/","name":"\u201ePerspektive Sand\u017eaka u kontekstu EU integracija\u201d","isPartOf":{"@id":"https:\/\/sandzakpress.net\/arhiva\/#website"},"primaryImageOfPage":{"@id":"https:\/\/sandzakpress.net\/arhiva\/%e2%80%9eperspektive-sandzaka-u-kontekstu-eu-integracija%e2%80%9d\/#primaryimage"},"image":{"@id":"https:\/\/sandzakpress.net\/arhiva\/%e2%80%9eperspektive-sandzaka-u-kontekstu-eu-integracija%e2%80%9d\/#primaryimage"},"thumbnailUrl":"https:\/\/sandzakpress.net\/arhiva\/wp-content\/uploads\/2010\/05\/grb_sandzaka.jpg","datePublished":"2010-05-20T13:05:55+00:00","breadcrumb":{"@id":"https:\/\/sandzakpress.net\/arhiva\/%e2%80%9eperspektive-sandzaka-u-kontekstu-eu-integracija%e2%80%9d\/#breadcrumb"},"inLanguage":"bs-BA","potentialAction":[{"@type":"ReadAction","target":["https:\/\/sandzakpress.net\/arhiva\/%e2%80%9eperspektive-sandzaka-u-kontekstu-eu-integracija%e2%80%9d\/"]}]},{"@type":"ImageObject","inLanguage":"bs-BA","@id":"https:\/\/sandzakpress.net\/arhiva\/%e2%80%9eperspektive-sandzaka-u-kontekstu-eu-integracija%e2%80%9d\/#primaryimage","url":"https:\/\/sandzakpress.net\/arhiva\/wp-content\/uploads\/2010\/05\/grb_sandzaka.jpg","contentUrl":"https:\/\/sandzakpress.net\/arhiva\/wp-content\/uploads\/2010\/05\/grb_sandzaka.jpg","width":616,"height":358},{"@type":"BreadcrumbList","@id":"https:\/\/sandzakpress.net\/arhiva\/%e2%80%9eperspektive-sandzaka-u-kontekstu-eu-integracija%e2%80%9d\/#breadcrumb","itemListElement":[{"@type":"ListItem","position":1,"name":"Home","item":"https:\/\/sandzakpress.net\/arhiva\/"},{"@type":"ListItem","position":2,"name":"\u201ePerspektive Sand\u017eaka u kontekstu EU integracija\u201d"}]},{"@type":"WebSite","@id":"https:\/\/sandzakpress.net\/arhiva\/#website","url":"https:\/\/sandzakpress.net\/arhiva\/","name":"Sand\u017eak PRESS","description":"Prve elektronske novine u Sand\u017eaku","publisher":{"@id":"https:\/\/sandzakpress.net\/arhiva\/#\/schema\/person\/6e72b67d6e51910a1117b3b483ba20bd"},"potentialAction":[{"@type":"SearchAction","target":{"@type":"EntryPoint","urlTemplate":"https:\/\/sandzakpress.net\/arhiva\/?s={search_term_string}"},"query-input":{"@type":"PropertyValueSpecification","valueRequired":true,"valueName":"search_term_string"}}],"inLanguage":"bs-BA"},{"@type":["Person","Organization"],"@id":"https:\/\/sandzakpress.net\/arhiva\/#\/schema\/person\/6e72b67d6e51910a1117b3b483ba20bd","name":"Kul","image":{"@type":"ImageObject","inLanguage":"bs-BA","@id":"https:\/\/sandzakpress.net\/arhiva\/#\/schema\/person\/image\/","url":"https:\/\/secure.gravatar.com\/avatar\/42263f39aa27ac04c43cab85c280eb2e?s=96&d=mm&r=pg","contentUrl":"https:\/\/secure.gravatar.com\/avatar\/42263f39aa27ac04c43cab85c280eb2e?s=96&d=mm&r=pg","caption":"Kul"},"logo":{"@id":"https:\/\/sandzakpress.net\/arhiva\/#\/schema\/person\/image\/"}},{"@type":"Person","@id":"https:\/\/sandzakpress.net\/arhiva\/#\/schema\/person\/c8baee722073534b583ea7bdb2e36c02","name":"bosniak","image":{"@type":"ImageObject","inLanguage":"bs-BA","@id":"https:\/\/sandzakpress.net\/arhiva\/#\/schema\/person\/image\/","url":"https:\/\/secure.gravatar.com\/avatar\/a04fd330bfe3a36a72a0ad4a6d89fca7?s=96&d=mm&r=pg","contentUrl":"https:\/\/secure.gravatar.com\/avatar\/a04fd330bfe3a36a72a0ad4a6d89fca7?s=96&d=mm&r=pg","caption":"bosniak"},"url":"https:\/\/sandzakpress.net\/arhiva\/author\/bosniak\/"}]}},"_links":{"self":[{"href":"https:\/\/sandzakpress.net\/arhiva\/wp-json\/wp\/v2\/posts\/4455"}],"collection":[{"href":"https:\/\/sandzakpress.net\/arhiva\/wp-json\/wp\/v2\/posts"}],"about":[{"href":"https:\/\/sandzakpress.net\/arhiva\/wp-json\/wp\/v2\/types\/post"}],"author":[{"embeddable":true,"href":"https:\/\/sandzakpress.net\/arhiva\/wp-json\/wp\/v2\/users\/83"}],"replies":[{"embeddable":true,"href":"https:\/\/sandzakpress.net\/arhiva\/wp-json\/wp\/v2\/comments?post=4455"}],"version-history":[{"count":0,"href":"https:\/\/sandzakpress.net\/arhiva\/wp-json\/wp\/v2\/posts\/4455\/revisions"}],"wp:featuredmedia":[{"embeddable":true,"href":"https:\/\/sandzakpress.net\/arhiva\/wp-json\/wp\/v2\/media\/4456"}],"wp:attachment":[{"href":"https:\/\/sandzakpress.net\/arhiva\/wp-json\/wp\/v2\/media?parent=4455"}],"wp:term":[{"taxonomy":"category","embeddable":true,"href":"https:\/\/sandzakpress.net\/arhiva\/wp-json\/wp\/v2\/categories?post=4455"},{"taxonomy":"post_tag","embeddable":true,"href":"https:\/\/sandzakpress.net\/arhiva\/wp-json\/wp\/v2\/tags?post=4455"}],"curies":[{"name":"wp","href":"https:\/\/api.w.org\/{rel}","templated":true}]}}