{"id":44250,"date":"2012-07-05T22:14:08","date_gmt":"2012-07-05T20:14:08","guid":{"rendered":"https:\/\/sandzakpress.net\/arhiva\/?p=44250"},"modified":"2012-07-05T22:14:08","modified_gmt":"2012-07-05T20:14:08","slug":"gerontoloski-centar-pocinje-sa-radom","status":"publish","type":"post","link":"https:\/\/sandzakpress.net\/arhiva\/gerontoloski-centar-pocinje-sa-radom\/","title":{"rendered":"Gerontolo\u0161ki centar po\u010dinje sa radom"},"content":{"rendered":"<p><strong><a href=\"https:\/\/sandzakpress.net\/arhiva\/wp-content\/uploads\/2012\/07\/6a511b8eaec4e298a26c6020993c6a7b_M.jpg\"><img loading=\"lazy\" decoding=\"async\" class=\"alignleft size-medium wp-image-44251\" title=\"6a511b8eaec4e298a26c6020993c6a7b_M\" src=\"https:\/\/sandzakpress.net\/arhiva\/wp-content\/uploads\/2012\/07\/6a511b8eaec4e298a26c6020993c6a7b_M-300x199.jpg\" alt=\"\" width=\"300\" height=\"199\" \/><\/a>Novi Pazar &#8211; Gerontolo\u0161ki  centar u novopazarskom naselju \u201cErozija\u201d po\u010de\u0107e sa radom prvog avgusta,  a na po\u010detku \u0107e mo\u0107i da obezbedi sme\u0161taj za 51 osobu, rekao je radiju  Sto plus direktor Centra za socijalni rad Adnan Dizdarevi\u0107.<\/strong><\/p>\n<p>On  je dodao da je ovoj ustanovi ve\u0107 podneto osam zahteva za prijem u dom u  kojem \u0107e stare osobe mo\u0107i da dobiju adekvatnu za\u0161titu i negu.<\/p>\n<p>\u201cGra\u0111evinski  radovi su privedeni kraju, a na\u0161e stru\u010dne slu\u017ebe rade na obradi i  pripremi dokumentacije \u0161ti\u0107enika za sme\u0161taj u domsko odeljenje koje \u0107e  biti pri centru za socijalni rad\u201d,istakao je Dizdarevi\u0107.<\/p>\n<p>On je dodao da \u0107e ova ustanova imati 43 radnika i da je njihov prijem ve\u0107 okon\u010dan.<\/p>\n<p>\u201eOd 43 zaposlena  radnika sedam \u0107e biti na budzetu Ministarstva, a 36 radnika \u0107e se  finansirati iz u\u010de\u0161\u0107a korisnika o tro\u0161kovima sme\u0161taja, zato je neophodno  da svi korisnici centra imaju penziju, platu i budu plate\u017eno sposobni\u201c,  kazao je Dizdarevi\u0107.<\/p>\n<p>Gerontolo\u0161ki  centar u Novom Pazaru ima kapacitet za sme\u0161taj 80 osoba, a njegova  izgradnja je realizovana na inicijativu Ministarstva za rad i socijalnu  politiku.<\/p>\n<p>Izvor: <strong>RadioStoPlus.com<\/strong><\/p>\n","protected":false},"excerpt":{"rendered":"<p>Novi Pazar &#8211; Gerontolo\u0161ki centar u novopazarskom naselju \u201cErozija\u201d po\u010de\u0107e sa radom prvog avgusta, a na po\u010detku \u0107e mo\u0107i da obezbedi sme\u0161taj za 51 osobu, rekao je radiju Sto plus direktor Centra za socijalni rad Adnan Dizdarevi\u0107. On je dodao da je ovoj ustanovi ve\u0107 podneto osam zahteva za prijem u dom u kojem \u0107e [&hellip;]<\/p>\n","protected":false},"author":13,"featured_media":44251,"comment_status":"open","ping_status":"open","sticky":false,"template":"","format":"standard","meta":{"footnotes":""},"categories":[72,5],"tags":[],"class_list":{"0":"post-44250","1":"post","2":"type-post","3":"status-publish","4":"format-standard","5":"has-post-thumbnail","7":"category-novi-pazar","8":"category-drustvo"},"yoast_head":"<!-- This site is optimized with the Yoast SEO Premium plugin v23.1 (Yoast SEO v24.9) - https:\/\/yoast.com\/wordpress\/plugins\/seo\/ -->\n<title>Gerontolo\u0161ki centar po\u010dinje sa radom<\/title>\n<meta name=\"robots\" content=\"index, follow, max-snippet:-1, max-image-preview:large, max-video-preview:-1\" \/>\n<link rel=\"canonical\" href=\"https:\/\/sandzakpress.net\/arhiva\/gerontoloski-centar-pocinje-sa-radom\/\" \/>\n<meta property=\"og:locale\" content=\"bs_BA\" \/>\n<meta property=\"og:type\" content=\"article\" \/>\n<meta property=\"og:title\" content=\"Gerontolo\u0161ki centar po\u010dinje sa radom\" \/>\n<meta property=\"og:description\" content=\"Novi Pazar &#8211; Gerontolo\u0161ki centar u novopazarskom naselju \u201cErozija\u201d po\u010de\u0107e sa radom prvog avgusta, a na po\u010detku \u0107e mo\u0107i da obezbedi sme\u0161taj za 51 osobu, rekao je radiju Sto plus direktor Centra za socijalni rad Adnan Dizdarevi\u0107. On je dodao da je ovoj ustanovi ve\u0107 podneto osam zahteva za prijem u dom u kojem \u0107e [&hellip;]\" \/>\n<meta property=\"og:url\" content=\"https:\/\/sandzakpress.net\/arhiva\/gerontoloski-centar-pocinje-sa-radom\/\" \/>\n<meta property=\"og:site_name\" content=\"Sand\u017eak PRESS\" \/>\n<meta property=\"article:published_time\" content=\"2012-07-05T20:14:08+00:00\" \/>\n<meta property=\"og:image\" content=\"https:\/\/sandzakpress.net\/arhiva\/wp-content\/uploads\/2012\/07\/6a511b8eaec4e298a26c6020993c6a7b_M.jpg\" \/>\n\t<meta property=\"og:image:width\" content=\"310\" \/>\n\t<meta property=\"og:image:height\" content=\"206\" \/>\n\t<meta property=\"og:image:type\" content=\"image\/jpeg\" \/>\n<meta name=\"twitter:card\" content=\"summary_large_image\" \/>\n<meta name=\"twitter:label1\" content=\"Written by\" \/>\n\t<meta name=\"twitter:data1\" content=\"\" \/>\n\t<meta name=\"twitter:label2\" content=\"Est. reading time\" \/>\n\t<meta name=\"twitter:data2\" content=\"1 minuta\" \/>\n<script type=\"application\/ld+json\" class=\"yoast-schema-graph\">{\"@context\":\"https:\/\/schema.org\",\"@graph\":[{\"@type\":\"Article\",\"@id\":\"https:\/\/sandzakpress.net\/arhiva\/gerontoloski-centar-pocinje-sa-radom\/#article\",\"isPartOf\":{\"@id\":\"https:\/\/sandzakpress.net\/arhiva\/gerontoloski-centar-pocinje-sa-radom\/\"},\"author\":{\"name\":\"\",\"@id\":\"\"},\"headline\":\"Gerontolo\u0161ki centar po\u010dinje sa radom\",\"datePublished\":\"2012-07-05T20:14:08+00:00\",\"mainEntityOfPage\":{\"@id\":\"https:\/\/sandzakpress.net\/arhiva\/gerontoloski-centar-pocinje-sa-radom\/\"},\"wordCount\":203,\"commentCount\":0,\"publisher\":{\"@id\":\"https:\/\/sandzakpress.net\/arhiva\/#\/schema\/person\/6e72b67d6e51910a1117b3b483ba20bd\"},\"image\":{\"@id\":\"https:\/\/sandzakpress.net\/arhiva\/gerontoloski-centar-pocinje-sa-radom\/#primaryimage\"},\"thumbnailUrl\":\"https:\/\/sandzakpress.net\/arhiva\/wp-content\/uploads\/2012\/07\/6a511b8eaec4e298a26c6020993c6a7b_M.jpg\",\"articleSection\":[\"Novi Pazar\",\"Dru\u0161tvo\"],\"inLanguage\":\"bs-BA\",\"potentialAction\":[{\"@type\":\"CommentAction\",\"name\":\"Comment\",\"target\":[\"https:\/\/sandzakpress.net\/arhiva\/gerontoloski-centar-pocinje-sa-radom\/#respond\"]}]},{\"@type\":\"WebPage\",\"@id\":\"https:\/\/sandzakpress.net\/arhiva\/gerontoloski-centar-pocinje-sa-radom\/\",\"url\":\"https:\/\/sandzakpress.net\/arhiva\/gerontoloski-centar-pocinje-sa-radom\/\",\"name\":\"Gerontolo\u0161ki centar po\u010dinje sa radom\",\"isPartOf\":{\"@id\":\"https:\/\/sandzakpress.net\/arhiva\/#website\"},\"primaryImageOfPage\":{\"@id\":\"https:\/\/sandzakpress.net\/arhiva\/gerontoloski-centar-pocinje-sa-radom\/#primaryimage\"},\"image\":{\"@id\":\"https:\/\/sandzakpress.net\/arhiva\/gerontoloski-centar-pocinje-sa-radom\/#primaryimage\"},\"thumbnailUrl\":\"https:\/\/sandzakpress.net\/arhiva\/wp-content\/uploads\/2012\/07\/6a511b8eaec4e298a26c6020993c6a7b_M.jpg\",\"datePublished\":\"2012-07-05T20:14:08+00:00\",\"breadcrumb\":{\"@id\":\"https:\/\/sandzakpress.net\/arhiva\/gerontoloski-centar-pocinje-sa-radom\/#breadcrumb\"},\"inLanguage\":\"bs-BA\",\"potentialAction\":[{\"@type\":\"ReadAction\",\"target\":[\"https:\/\/sandzakpress.net\/arhiva\/gerontoloski-centar-pocinje-sa-radom\/\"]}]},{\"@type\":\"ImageObject\",\"inLanguage\":\"bs-BA\",\"@id\":\"https:\/\/sandzakpress.net\/arhiva\/gerontoloski-centar-pocinje-sa-radom\/#primaryimage\",\"url\":\"https:\/\/sandzakpress.net\/arhiva\/wp-content\/uploads\/2012\/07\/6a511b8eaec4e298a26c6020993c6a7b_M.jpg\",\"contentUrl\":\"https:\/\/sandzakpress.net\/arhiva\/wp-content\/uploads\/2012\/07\/6a511b8eaec4e298a26c6020993c6a7b_M.jpg\",\"width\":310,\"height\":206},{\"@type\":\"BreadcrumbList\",\"@id\":\"https:\/\/sandzakpress.net\/arhiva\/gerontoloski-centar-pocinje-sa-radom\/#breadcrumb\",\"itemListElement\":[{\"@type\":\"ListItem\",\"position\":1,\"name\":\"Home\",\"item\":\"https:\/\/sandzakpress.net\/arhiva\/\"},{\"@type\":\"ListItem\",\"position\":2,\"name\":\"Gerontolo\u0161ki centar po\u010dinje sa radom\"}]},{\"@type\":\"WebSite\",\"@id\":\"https:\/\/sandzakpress.net\/arhiva\/#website\",\"url\":\"https:\/\/sandzakpress.net\/arhiva\/\",\"name\":\"Sand\u017eak PRESS\",\"description\":\"Prve elektronske novine u Sand\u017eaku\",\"publisher\":{\"@id\":\"https:\/\/sandzakpress.net\/arhiva\/#\/schema\/person\/6e72b67d6e51910a1117b3b483ba20bd\"},\"potentialAction\":[{\"@type\":\"SearchAction\",\"target\":{\"@type\":\"EntryPoint\",\"urlTemplate\":\"https:\/\/sandzakpress.net\/arhiva\/?s={search_term_string}\"},\"query-input\":{\"@type\":\"PropertyValueSpecification\",\"valueRequired\":true,\"valueName\":\"search_term_string\"}}],\"inLanguage\":\"bs-BA\"},{\"@type\":[\"Person\",\"Organization\"],\"@id\":\"https:\/\/sandzakpress.net\/arhiva\/#\/schema\/person\/6e72b67d6e51910a1117b3b483ba20bd\",\"name\":\"Kul\",\"image\":{\"@type\":\"ImageObject\",\"inLanguage\":\"bs-BA\",\"@id\":\"https:\/\/sandzakpress.net\/arhiva\/#\/schema\/person\/image\/\",\"url\":\"https:\/\/secure.gravatar.com\/avatar\/42263f39aa27ac04c43cab85c280eb2e?s=96&d=mm&r=pg\",\"contentUrl\":\"https:\/\/secure.gravatar.com\/avatar\/42263f39aa27ac04c43cab85c280eb2e?s=96&d=mm&r=pg\",\"caption\":\"Kul\"},\"logo\":{\"@id\":\"https:\/\/sandzakpress.net\/arhiva\/#\/schema\/person\/image\/\"}},{\"@type\":\"Person\",\"@id\":\"\",\"url\":\"https:\/\/sandzakpress.net\/arhiva\/author\/\"}]}<\/script>\n<!-- \/ Yoast SEO Premium plugin. -->","yoast_head_json":{"title":"Gerontolo\u0161ki centar po\u010dinje sa radom","robots":{"index":"index","follow":"follow","max-snippet":"max-snippet:-1","max-image-preview":"max-image-preview:large","max-video-preview":"max-video-preview:-1"},"canonical":"https:\/\/sandzakpress.net\/arhiva\/gerontoloski-centar-pocinje-sa-radom\/","og_locale":"bs_BA","og_type":"article","og_title":"Gerontolo\u0161ki centar po\u010dinje sa radom","og_description":"Novi Pazar &#8211; Gerontolo\u0161ki centar u novopazarskom naselju \u201cErozija\u201d po\u010de\u0107e sa radom prvog avgusta, a na po\u010detku \u0107e mo\u0107i da obezbedi sme\u0161taj za 51 osobu, rekao je radiju Sto plus direktor Centra za socijalni rad Adnan Dizdarevi\u0107. On je dodao da je ovoj ustanovi ve\u0107 podneto osam zahteva za prijem u dom u kojem \u0107e [&hellip;]","og_url":"https:\/\/sandzakpress.net\/arhiva\/gerontoloski-centar-pocinje-sa-radom\/","og_site_name":"Sand\u017eak PRESS","article_published_time":"2012-07-05T20:14:08+00:00","og_image":[{"width":310,"height":206,"url":"https:\/\/sandzakpress.net\/arhiva\/wp-content\/uploads\/2012\/07\/6a511b8eaec4e298a26c6020993c6a7b_M.jpg","type":"image\/jpeg"}],"twitter_card":"summary_large_image","twitter_misc":{"Written by":"","Est. reading time":"1 minuta"},"schema":{"@context":"https:\/\/schema.org","@graph":[{"@type":"Article","@id":"https:\/\/sandzakpress.net\/arhiva\/gerontoloski-centar-pocinje-sa-radom\/#article","isPartOf":{"@id":"https:\/\/sandzakpress.net\/arhiva\/gerontoloski-centar-pocinje-sa-radom\/"},"author":{"name":"","@id":""},"headline":"Gerontolo\u0161ki centar po\u010dinje sa radom","datePublished":"2012-07-05T20:14:08+00:00","mainEntityOfPage":{"@id":"https:\/\/sandzakpress.net\/arhiva\/gerontoloski-centar-pocinje-sa-radom\/"},"wordCount":203,"commentCount":0,"publisher":{"@id":"https:\/\/sandzakpress.net\/arhiva\/#\/schema\/person\/6e72b67d6e51910a1117b3b483ba20bd"},"image":{"@id":"https:\/\/sandzakpress.net\/arhiva\/gerontoloski-centar-pocinje-sa-radom\/#primaryimage"},"thumbnailUrl":"https:\/\/sandzakpress.net\/arhiva\/wp-content\/uploads\/2012\/07\/6a511b8eaec4e298a26c6020993c6a7b_M.jpg","articleSection":["Novi Pazar","Dru\u0161tvo"],"inLanguage":"bs-BA","potentialAction":[{"@type":"CommentAction","name":"Comment","target":["https:\/\/sandzakpress.net\/arhiva\/gerontoloski-centar-pocinje-sa-radom\/#respond"]}]},{"@type":"WebPage","@id":"https:\/\/sandzakpress.net\/arhiva\/gerontoloski-centar-pocinje-sa-radom\/","url":"https:\/\/sandzakpress.net\/arhiva\/gerontoloski-centar-pocinje-sa-radom\/","name":"Gerontolo\u0161ki centar po\u010dinje sa radom","isPartOf":{"@id":"https:\/\/sandzakpress.net\/arhiva\/#website"},"primaryImageOfPage":{"@id":"https:\/\/sandzakpress.net\/arhiva\/gerontoloski-centar-pocinje-sa-radom\/#primaryimage"},"image":{"@id":"https:\/\/sandzakpress.net\/arhiva\/gerontoloski-centar-pocinje-sa-radom\/#primaryimage"},"thumbnailUrl":"https:\/\/sandzakpress.net\/arhiva\/wp-content\/uploads\/2012\/07\/6a511b8eaec4e298a26c6020993c6a7b_M.jpg","datePublished":"2012-07-05T20:14:08+00:00","breadcrumb":{"@id":"https:\/\/sandzakpress.net\/arhiva\/gerontoloski-centar-pocinje-sa-radom\/#breadcrumb"},"inLanguage":"bs-BA","potentialAction":[{"@type":"ReadAction","target":["https:\/\/sandzakpress.net\/arhiva\/gerontoloski-centar-pocinje-sa-radom\/"]}]},{"@type":"ImageObject","inLanguage":"bs-BA","@id":"https:\/\/sandzakpress.net\/arhiva\/gerontoloski-centar-pocinje-sa-radom\/#primaryimage","url":"https:\/\/sandzakpress.net\/arhiva\/wp-content\/uploads\/2012\/07\/6a511b8eaec4e298a26c6020993c6a7b_M.jpg","contentUrl":"https:\/\/sandzakpress.net\/arhiva\/wp-content\/uploads\/2012\/07\/6a511b8eaec4e298a26c6020993c6a7b_M.jpg","width":310,"height":206},{"@type":"BreadcrumbList","@id":"https:\/\/sandzakpress.net\/arhiva\/gerontoloski-centar-pocinje-sa-radom\/#breadcrumb","itemListElement":[{"@type":"ListItem","position":1,"name":"Home","item":"https:\/\/sandzakpress.net\/arhiva\/"},{"@type":"ListItem","position":2,"name":"Gerontolo\u0161ki centar po\u010dinje sa radom"}]},{"@type":"WebSite","@id":"https:\/\/sandzakpress.net\/arhiva\/#website","url":"https:\/\/sandzakpress.net\/arhiva\/","name":"Sand\u017eak PRESS","description":"Prve elektronske novine u Sand\u017eaku","publisher":{"@id":"https:\/\/sandzakpress.net\/arhiva\/#\/schema\/person\/6e72b67d6e51910a1117b3b483ba20bd"},"potentialAction":[{"@type":"SearchAction","target":{"@type":"EntryPoint","urlTemplate":"https:\/\/sandzakpress.net\/arhiva\/?s={search_term_string}"},"query-input":{"@type":"PropertyValueSpecification","valueRequired":true,"valueName":"search_term_string"}}],"inLanguage":"bs-BA"},{"@type":["Person","Organization"],"@id":"https:\/\/sandzakpress.net\/arhiva\/#\/schema\/person\/6e72b67d6e51910a1117b3b483ba20bd","name":"Kul","image":{"@type":"ImageObject","inLanguage":"bs-BA","@id":"https:\/\/sandzakpress.net\/arhiva\/#\/schema\/person\/image\/","url":"https:\/\/secure.gravatar.com\/avatar\/42263f39aa27ac04c43cab85c280eb2e?s=96&d=mm&r=pg","contentUrl":"https:\/\/secure.gravatar.com\/avatar\/42263f39aa27ac04c43cab85c280eb2e?s=96&d=mm&r=pg","caption":"Kul"},"logo":{"@id":"https:\/\/sandzakpress.net\/arhiva\/#\/schema\/person\/image\/"}},{"@type":"Person","@id":"","url":"https:\/\/sandzakpress.net\/arhiva\/author\/"}]}},"_links":{"self":[{"href":"https:\/\/sandzakpress.net\/arhiva\/wp-json\/wp\/v2\/posts\/44250"}],"collection":[{"href":"https:\/\/sandzakpress.net\/arhiva\/wp-json\/wp\/v2\/posts"}],"about":[{"href":"https:\/\/sandzakpress.net\/arhiva\/wp-json\/wp\/v2\/types\/post"}],"author":[{"embeddable":true,"href":"https:\/\/sandzakpress.net\/arhiva\/wp-json\/wp\/v2\/users\/13"}],"replies":[{"embeddable":true,"href":"https:\/\/sandzakpress.net\/arhiva\/wp-json\/wp\/v2\/comments?post=44250"}],"version-history":[{"count":0,"href":"https:\/\/sandzakpress.net\/arhiva\/wp-json\/wp\/v2\/posts\/44250\/revisions"}],"wp:featuredmedia":[{"embeddable":true,"href":"https:\/\/sandzakpress.net\/arhiva\/wp-json\/wp\/v2\/media\/44251"}],"wp:attachment":[{"href":"https:\/\/sandzakpress.net\/arhiva\/wp-json\/wp\/v2\/media?parent=44250"}],"wp:term":[{"taxonomy":"category","embeddable":true,"href":"https:\/\/sandzakpress.net\/arhiva\/wp-json\/wp\/v2\/categories?post=44250"},{"taxonomy":"post_tag","embeddable":true,"href":"https:\/\/sandzakpress.net\/arhiva\/wp-json\/wp\/v2\/tags?post=44250"}],"curies":[{"name":"wp","href":"https:\/\/api.w.org\/{rel}","templated":true}]}}