{"id":44246,"date":"2012-07-05T22:02:59","date_gmt":"2012-07-05T20:02:59","guid":{"rendered":"https:\/\/sandzakpress.net\/arhiva\/?p=44246"},"modified":"2012-07-05T22:02:59","modified_gmt":"2012-07-05T20:02:59","slug":"plav-pocinje-medunarodna-ljetnja-speleoloska-ekspedicija","status":"publish","type":"post","link":"https:\/\/sandzakpress.net\/arhiva\/plav-pocinje-medunarodna-ljetnja-speleoloska-ekspedicija\/","title":{"rendered":"Plav: Po\u010dinje me\u0111unarodna ljetnja speleolo\u0161ka ekspedicija"},"content":{"rendered":"<p><strong><a href=\"https:\/\/sandzakpress.net\/arhiva\/wp-content\/uploads\/2012\/07\/Plav-pecine-u.jpg\"><img loading=\"lazy\" decoding=\"async\" class=\"alignleft size-medium wp-image-44247\" title=\"Plav-pecine-u\" src=\"https:\/\/sandzakpress.net\/arhiva\/wp-content\/uploads\/2012\/07\/Plav-pecine-u-300x223.jpg\" alt=\"\" width=\"300\" height=\"223\" \/><\/a>Plav &#8211; U cilju istra\u017eivanja jama i pe\u0107ina u  atraktivnim dolinama Grebaje i Ropojana, na Prokletijama \u0107e i ove  godine boraviti ljetnja me\u0111unarodna speleolo\u0161ka ekspedicija koju \u0107e  \u010diniti \u010dlanovi klubova iz \u010ce\u0161ke, Slova\u010dke, Srbije, BiH i Crne Gore.<\/strong><\/p>\n<p>Od  2006. godine na ovim prostorima izvedeno je deset istra\u017eivanja, a  posebno su interesantni bili masivi Bjeli\u010da i Zastana, ali i drugih  planina.<\/p>\n<p>Kako je istakao prof. dr Mirko Petrovi\u0107  iz Beograda, koji ve\u0107 nekoliko godina pru\u017ea stru\u010dnu podr\u0161ku svim  ekspedicijama, do sada je\u00a0 prona\u0111eno 15-ak velikih objekata i 80-ak  manjih.<\/p>\n<p>&#8211; Ukoliko budemo radili intenzivno,  nadam se da \u0107emo prona\u0107i i otkriti jedan veliki sistem jama i pe\u0107ina o  \u010demu \u0107emo sa\u010diniti studiju sa\u00a0 stru\u010dnim sadr\u017eajima \u2013 kazao je Petrovi\u0107.<\/p>\n<div>\nIzvor:<strong> Pobjeda.me<\/strong><\/div>\n","protected":false},"excerpt":{"rendered":"<p>Plav &#8211; U cilju istra\u017eivanja jama i pe\u0107ina u atraktivnim dolinama Grebaje i Ropojana, na Prokletijama \u0107e i ove godine boraviti ljetnja me\u0111unarodna speleolo\u0161ka ekspedicija koju \u0107e \u010diniti \u010dlanovi klubova iz \u010ce\u0161ke, Slova\u010dke, Srbije, BiH i Crne Gore. Od 2006. godine na ovim prostorima izvedeno je deset istra\u017eivanja, a posebno su interesantni bili masivi Bjeli\u010da [&hellip;]<\/p>\n","protected":false},"author":13,"featured_media":44247,"comment_status":"open","ping_status":"open","sticky":false,"template":"","format":"standard","meta":{"footnotes":""},"categories":[399,5],"tags":[],"class_list":{"0":"post-44246","1":"post","2":"type-post","3":"status-publish","4":"format-standard","5":"has-post-thumbnail","7":"category-plav_","8":"category-drustvo"},"yoast_head":"<!-- This site is optimized with the Yoast SEO Premium plugin v23.1 (Yoast SEO v24.9) - https:\/\/yoast.com\/wordpress\/plugins\/seo\/ -->\n<title>Plav: Po\u010dinje me\u0111unarodna ljetnja speleolo\u0161ka ekspedicija<\/title>\n<meta name=\"robots\" content=\"index, follow, max-snippet:-1, max-image-preview:large, max-video-preview:-1\" \/>\n<link rel=\"canonical\" href=\"https:\/\/sandzakpress.net\/arhiva\/plav-pocinje-medunarodna-ljetnja-speleoloska-ekspedicija\/\" \/>\n<meta property=\"og:locale\" content=\"bs_BA\" \/>\n<meta property=\"og:type\" content=\"article\" \/>\n<meta property=\"og:title\" content=\"Plav: Po\u010dinje me\u0111unarodna ljetnja speleolo\u0161ka ekspedicija\" \/>\n<meta property=\"og:description\" content=\"Plav &#8211; U cilju istra\u017eivanja jama i pe\u0107ina u atraktivnim dolinama Grebaje i Ropojana, na Prokletijama \u0107e i ove godine boraviti ljetnja me\u0111unarodna speleolo\u0161ka ekspedicija koju \u0107e \u010diniti \u010dlanovi klubova iz \u010ce\u0161ke, Slova\u010dke, Srbije, BiH i Crne Gore. Od 2006. godine na ovim prostorima izvedeno je deset istra\u017eivanja, a posebno su interesantni bili masivi Bjeli\u010da [&hellip;]\" \/>\n<meta property=\"og:url\" content=\"https:\/\/sandzakpress.net\/arhiva\/plav-pocinje-medunarodna-ljetnja-speleoloska-ekspedicija\/\" \/>\n<meta property=\"og:site_name\" content=\"Sand\u017eak PRESS\" \/>\n<meta property=\"article:published_time\" content=\"2012-07-05T20:02:59+00:00\" \/>\n<meta property=\"og:image\" content=\"https:\/\/sandzakpress.net\/arhiva\/wp-content\/uploads\/2012\/07\/Plav-pecine-u.jpg\" \/>\n\t<meta property=\"og:image:width\" content=\"318\" \/>\n\t<meta property=\"og:image:height\" content=\"237\" \/>\n\t<meta property=\"og:image:type\" content=\"image\/jpeg\" \/>\n<meta name=\"twitter:card\" content=\"summary_large_image\" \/>\n<meta name=\"twitter:label1\" content=\"Written by\" \/>\n\t<meta name=\"twitter:data1\" content=\"\" \/>\n\t<meta name=\"twitter:label2\" content=\"Est. reading time\" \/>\n\t<meta name=\"twitter:data2\" content=\"1 minuta\" \/>\n<script type=\"application\/ld+json\" class=\"yoast-schema-graph\">{\"@context\":\"https:\/\/schema.org\",\"@graph\":[{\"@type\":\"Article\",\"@id\":\"https:\/\/sandzakpress.net\/arhiva\/plav-pocinje-medunarodna-ljetnja-speleoloska-ekspedicija\/#article\",\"isPartOf\":{\"@id\":\"https:\/\/sandzakpress.net\/arhiva\/plav-pocinje-medunarodna-ljetnja-speleoloska-ekspedicija\/\"},\"author\":{\"name\":\"\",\"@id\":\"\"},\"headline\":\"Plav: Po\u010dinje me\u0111unarodna ljetnja speleolo\u0161ka ekspedicija\",\"datePublished\":\"2012-07-05T20:02:59+00:00\",\"mainEntityOfPage\":{\"@id\":\"https:\/\/sandzakpress.net\/arhiva\/plav-pocinje-medunarodna-ljetnja-speleoloska-ekspedicija\/\"},\"wordCount\":146,\"commentCount\":0,\"publisher\":{\"@id\":\"https:\/\/sandzakpress.net\/arhiva\/#\/schema\/person\/6e72b67d6e51910a1117b3b483ba20bd\"},\"image\":{\"@id\":\"https:\/\/sandzakpress.net\/arhiva\/plav-pocinje-medunarodna-ljetnja-speleoloska-ekspedicija\/#primaryimage\"},\"thumbnailUrl\":\"https:\/\/sandzakpress.net\/arhiva\/wp-content\/uploads\/2012\/07\/Plav-pecine-u.jpg\",\"articleSection\":[\"Plav\",\"Dru\u0161tvo\"],\"inLanguage\":\"bs-BA\",\"potentialAction\":[{\"@type\":\"CommentAction\",\"name\":\"Comment\",\"target\":[\"https:\/\/sandzakpress.net\/arhiva\/plav-pocinje-medunarodna-ljetnja-speleoloska-ekspedicija\/#respond\"]}]},{\"@type\":\"WebPage\",\"@id\":\"https:\/\/sandzakpress.net\/arhiva\/plav-pocinje-medunarodna-ljetnja-speleoloska-ekspedicija\/\",\"url\":\"https:\/\/sandzakpress.net\/arhiva\/plav-pocinje-medunarodna-ljetnja-speleoloska-ekspedicija\/\",\"name\":\"Plav: Po\u010dinje me\u0111unarodna ljetnja speleolo\u0161ka ekspedicija\",\"isPartOf\":{\"@id\":\"https:\/\/sandzakpress.net\/arhiva\/#website\"},\"primaryImageOfPage\":{\"@id\":\"https:\/\/sandzakpress.net\/arhiva\/plav-pocinje-medunarodna-ljetnja-speleoloska-ekspedicija\/#primaryimage\"},\"image\":{\"@id\":\"https:\/\/sandzakpress.net\/arhiva\/plav-pocinje-medunarodna-ljetnja-speleoloska-ekspedicija\/#primaryimage\"},\"thumbnailUrl\":\"https:\/\/sandzakpress.net\/arhiva\/wp-content\/uploads\/2012\/07\/Plav-pecine-u.jpg\",\"datePublished\":\"2012-07-05T20:02:59+00:00\",\"breadcrumb\":{\"@id\":\"https:\/\/sandzakpress.net\/arhiva\/plav-pocinje-medunarodna-ljetnja-speleoloska-ekspedicija\/#breadcrumb\"},\"inLanguage\":\"bs-BA\",\"potentialAction\":[{\"@type\":\"ReadAction\",\"target\":[\"https:\/\/sandzakpress.net\/arhiva\/plav-pocinje-medunarodna-ljetnja-speleoloska-ekspedicija\/\"]}]},{\"@type\":\"ImageObject\",\"inLanguage\":\"bs-BA\",\"@id\":\"https:\/\/sandzakpress.net\/arhiva\/plav-pocinje-medunarodna-ljetnja-speleoloska-ekspedicija\/#primaryimage\",\"url\":\"https:\/\/sandzakpress.net\/arhiva\/wp-content\/uploads\/2012\/07\/Plav-pecine-u.jpg\",\"contentUrl\":\"https:\/\/sandzakpress.net\/arhiva\/wp-content\/uploads\/2012\/07\/Plav-pecine-u.jpg\",\"width\":318,\"height\":237},{\"@type\":\"BreadcrumbList\",\"@id\":\"https:\/\/sandzakpress.net\/arhiva\/plav-pocinje-medunarodna-ljetnja-speleoloska-ekspedicija\/#breadcrumb\",\"itemListElement\":[{\"@type\":\"ListItem\",\"position\":1,\"name\":\"Home\",\"item\":\"https:\/\/sandzakpress.net\/arhiva\/\"},{\"@type\":\"ListItem\",\"position\":2,\"name\":\"Plav: Po\u010dinje me\u0111unarodna ljetnja speleolo\u0161ka ekspedicija\"}]},{\"@type\":\"WebSite\",\"@id\":\"https:\/\/sandzakpress.net\/arhiva\/#website\",\"url\":\"https:\/\/sandzakpress.net\/arhiva\/\",\"name\":\"Sand\u017eak PRESS\",\"description\":\"Prve elektronske novine u Sand\u017eaku\",\"publisher\":{\"@id\":\"https:\/\/sandzakpress.net\/arhiva\/#\/schema\/person\/6e72b67d6e51910a1117b3b483ba20bd\"},\"potentialAction\":[{\"@type\":\"SearchAction\",\"target\":{\"@type\":\"EntryPoint\",\"urlTemplate\":\"https:\/\/sandzakpress.net\/arhiva\/?s={search_term_string}\"},\"query-input\":{\"@type\":\"PropertyValueSpecification\",\"valueRequired\":true,\"valueName\":\"search_term_string\"}}],\"inLanguage\":\"bs-BA\"},{\"@type\":[\"Person\",\"Organization\"],\"@id\":\"https:\/\/sandzakpress.net\/arhiva\/#\/schema\/person\/6e72b67d6e51910a1117b3b483ba20bd\",\"name\":\"Kul\",\"image\":{\"@type\":\"ImageObject\",\"inLanguage\":\"bs-BA\",\"@id\":\"https:\/\/sandzakpress.net\/arhiva\/#\/schema\/person\/image\/\",\"url\":\"https:\/\/secure.gravatar.com\/avatar\/42263f39aa27ac04c43cab85c280eb2e?s=96&d=mm&r=pg\",\"contentUrl\":\"https:\/\/secure.gravatar.com\/avatar\/42263f39aa27ac04c43cab85c280eb2e?s=96&d=mm&r=pg\",\"caption\":\"Kul\"},\"logo\":{\"@id\":\"https:\/\/sandzakpress.net\/arhiva\/#\/schema\/person\/image\/\"}},{\"@type\":\"Person\",\"@id\":\"\",\"url\":\"https:\/\/sandzakpress.net\/arhiva\/author\/\"}]}<\/script>\n<!-- \/ Yoast SEO Premium plugin. -->","yoast_head_json":{"title":"Plav: Po\u010dinje me\u0111unarodna ljetnja speleolo\u0161ka ekspedicija","robots":{"index":"index","follow":"follow","max-snippet":"max-snippet:-1","max-image-preview":"max-image-preview:large","max-video-preview":"max-video-preview:-1"},"canonical":"https:\/\/sandzakpress.net\/arhiva\/plav-pocinje-medunarodna-ljetnja-speleoloska-ekspedicija\/","og_locale":"bs_BA","og_type":"article","og_title":"Plav: Po\u010dinje me\u0111unarodna ljetnja speleolo\u0161ka ekspedicija","og_description":"Plav &#8211; U cilju istra\u017eivanja jama i pe\u0107ina u atraktivnim dolinama Grebaje i Ropojana, na Prokletijama \u0107e i ove godine boraviti ljetnja me\u0111unarodna speleolo\u0161ka ekspedicija koju \u0107e \u010diniti \u010dlanovi klubova iz \u010ce\u0161ke, Slova\u010dke, Srbije, BiH i Crne Gore. Od 2006. godine na ovim prostorima izvedeno je deset istra\u017eivanja, a posebno su interesantni bili masivi Bjeli\u010da [&hellip;]","og_url":"https:\/\/sandzakpress.net\/arhiva\/plav-pocinje-medunarodna-ljetnja-speleoloska-ekspedicija\/","og_site_name":"Sand\u017eak PRESS","article_published_time":"2012-07-05T20:02:59+00:00","og_image":[{"width":318,"height":237,"url":"https:\/\/sandzakpress.net\/arhiva\/wp-content\/uploads\/2012\/07\/Plav-pecine-u.jpg","type":"image\/jpeg"}],"twitter_card":"summary_large_image","twitter_misc":{"Written by":"","Est. reading time":"1 minuta"},"schema":{"@context":"https:\/\/schema.org","@graph":[{"@type":"Article","@id":"https:\/\/sandzakpress.net\/arhiva\/plav-pocinje-medunarodna-ljetnja-speleoloska-ekspedicija\/#article","isPartOf":{"@id":"https:\/\/sandzakpress.net\/arhiva\/plav-pocinje-medunarodna-ljetnja-speleoloska-ekspedicija\/"},"author":{"name":"","@id":""},"headline":"Plav: Po\u010dinje me\u0111unarodna ljetnja speleolo\u0161ka ekspedicija","datePublished":"2012-07-05T20:02:59+00:00","mainEntityOfPage":{"@id":"https:\/\/sandzakpress.net\/arhiva\/plav-pocinje-medunarodna-ljetnja-speleoloska-ekspedicija\/"},"wordCount":146,"commentCount":0,"publisher":{"@id":"https:\/\/sandzakpress.net\/arhiva\/#\/schema\/person\/6e72b67d6e51910a1117b3b483ba20bd"},"image":{"@id":"https:\/\/sandzakpress.net\/arhiva\/plav-pocinje-medunarodna-ljetnja-speleoloska-ekspedicija\/#primaryimage"},"thumbnailUrl":"https:\/\/sandzakpress.net\/arhiva\/wp-content\/uploads\/2012\/07\/Plav-pecine-u.jpg","articleSection":["Plav","Dru\u0161tvo"],"inLanguage":"bs-BA","potentialAction":[{"@type":"CommentAction","name":"Comment","target":["https:\/\/sandzakpress.net\/arhiva\/plav-pocinje-medunarodna-ljetnja-speleoloska-ekspedicija\/#respond"]}]},{"@type":"WebPage","@id":"https:\/\/sandzakpress.net\/arhiva\/plav-pocinje-medunarodna-ljetnja-speleoloska-ekspedicija\/","url":"https:\/\/sandzakpress.net\/arhiva\/plav-pocinje-medunarodna-ljetnja-speleoloska-ekspedicija\/","name":"Plav: Po\u010dinje me\u0111unarodna ljetnja speleolo\u0161ka ekspedicija","isPartOf":{"@id":"https:\/\/sandzakpress.net\/arhiva\/#website"},"primaryImageOfPage":{"@id":"https:\/\/sandzakpress.net\/arhiva\/plav-pocinje-medunarodna-ljetnja-speleoloska-ekspedicija\/#primaryimage"},"image":{"@id":"https:\/\/sandzakpress.net\/arhiva\/plav-pocinje-medunarodna-ljetnja-speleoloska-ekspedicija\/#primaryimage"},"thumbnailUrl":"https:\/\/sandzakpress.net\/arhiva\/wp-content\/uploads\/2012\/07\/Plav-pecine-u.jpg","datePublished":"2012-07-05T20:02:59+00:00","breadcrumb":{"@id":"https:\/\/sandzakpress.net\/arhiva\/plav-pocinje-medunarodna-ljetnja-speleoloska-ekspedicija\/#breadcrumb"},"inLanguage":"bs-BA","potentialAction":[{"@type":"ReadAction","target":["https:\/\/sandzakpress.net\/arhiva\/plav-pocinje-medunarodna-ljetnja-speleoloska-ekspedicija\/"]}]},{"@type":"ImageObject","inLanguage":"bs-BA","@id":"https:\/\/sandzakpress.net\/arhiva\/plav-pocinje-medunarodna-ljetnja-speleoloska-ekspedicija\/#primaryimage","url":"https:\/\/sandzakpress.net\/arhiva\/wp-content\/uploads\/2012\/07\/Plav-pecine-u.jpg","contentUrl":"https:\/\/sandzakpress.net\/arhiva\/wp-content\/uploads\/2012\/07\/Plav-pecine-u.jpg","width":318,"height":237},{"@type":"BreadcrumbList","@id":"https:\/\/sandzakpress.net\/arhiva\/plav-pocinje-medunarodna-ljetnja-speleoloska-ekspedicija\/#breadcrumb","itemListElement":[{"@type":"ListItem","position":1,"name":"Home","item":"https:\/\/sandzakpress.net\/arhiva\/"},{"@type":"ListItem","position":2,"name":"Plav: Po\u010dinje me\u0111unarodna ljetnja speleolo\u0161ka ekspedicija"}]},{"@type":"WebSite","@id":"https:\/\/sandzakpress.net\/arhiva\/#website","url":"https:\/\/sandzakpress.net\/arhiva\/","name":"Sand\u017eak PRESS","description":"Prve elektronske novine u Sand\u017eaku","publisher":{"@id":"https:\/\/sandzakpress.net\/arhiva\/#\/schema\/person\/6e72b67d6e51910a1117b3b483ba20bd"},"potentialAction":[{"@type":"SearchAction","target":{"@type":"EntryPoint","urlTemplate":"https:\/\/sandzakpress.net\/arhiva\/?s={search_term_string}"},"query-input":{"@type":"PropertyValueSpecification","valueRequired":true,"valueName":"search_term_string"}}],"inLanguage":"bs-BA"},{"@type":["Person","Organization"],"@id":"https:\/\/sandzakpress.net\/arhiva\/#\/schema\/person\/6e72b67d6e51910a1117b3b483ba20bd","name":"Kul","image":{"@type":"ImageObject","inLanguage":"bs-BA","@id":"https:\/\/sandzakpress.net\/arhiva\/#\/schema\/person\/image\/","url":"https:\/\/secure.gravatar.com\/avatar\/42263f39aa27ac04c43cab85c280eb2e?s=96&d=mm&r=pg","contentUrl":"https:\/\/secure.gravatar.com\/avatar\/42263f39aa27ac04c43cab85c280eb2e?s=96&d=mm&r=pg","caption":"Kul"},"logo":{"@id":"https:\/\/sandzakpress.net\/arhiva\/#\/schema\/person\/image\/"}},{"@type":"Person","@id":"","url":"https:\/\/sandzakpress.net\/arhiva\/author\/"}]}},"_links":{"self":[{"href":"https:\/\/sandzakpress.net\/arhiva\/wp-json\/wp\/v2\/posts\/44246"}],"collection":[{"href":"https:\/\/sandzakpress.net\/arhiva\/wp-json\/wp\/v2\/posts"}],"about":[{"href":"https:\/\/sandzakpress.net\/arhiva\/wp-json\/wp\/v2\/types\/post"}],"author":[{"embeddable":true,"href":"https:\/\/sandzakpress.net\/arhiva\/wp-json\/wp\/v2\/users\/13"}],"replies":[{"embeddable":true,"href":"https:\/\/sandzakpress.net\/arhiva\/wp-json\/wp\/v2\/comments?post=44246"}],"version-history":[{"count":0,"href":"https:\/\/sandzakpress.net\/arhiva\/wp-json\/wp\/v2\/posts\/44246\/revisions"}],"wp:featuredmedia":[{"embeddable":true,"href":"https:\/\/sandzakpress.net\/arhiva\/wp-json\/wp\/v2\/media\/44247"}],"wp:attachment":[{"href":"https:\/\/sandzakpress.net\/arhiva\/wp-json\/wp\/v2\/media?parent=44246"}],"wp:term":[{"taxonomy":"category","embeddable":true,"href":"https:\/\/sandzakpress.net\/arhiva\/wp-json\/wp\/v2\/categories?post=44246"},{"taxonomy":"post_tag","embeddable":true,"href":"https:\/\/sandzakpress.net\/arhiva\/wp-json\/wp\/v2\/tags?post=44246"}],"curies":[{"name":"wp","href":"https:\/\/api.w.org\/{rel}","templated":true}]}}