{"id":44147,"date":"2012-07-05T15:56:50","date_gmt":"2012-07-05T13:56:50","guid":{"rendered":"https:\/\/sandzakpress.net\/arhiva\/?p=44147"},"modified":"2012-07-05T15:56:50","modified_gmt":"2012-07-05T13:56:50","slug":"formiran-pokret-za-petnjicu","status":"publish","type":"post","link":"https:\/\/sandzakpress.net\/arhiva\/formiran-pokret-za-petnjicu\/","title":{"rendered":"Formiran Pokret za Petnjicu"},"content":{"rendered":"<p><strong><a href=\"https:\/\/sandzakpress.net\/arhiva\/wp-content\/uploads\/2012\/07\/PETNJICA.jpg\"><img loading=\"lazy\" decoding=\"async\" class=\"alignleft size-full wp-image-44148\" title=\"PETNJICA\" src=\"https:\/\/sandzakpress.net\/arhiva\/wp-content\/uploads\/2012\/07\/PETNJICA.jpg\" alt=\"\" width=\"259\" height=\"194\" \/><\/a>Berane &#8211; Na sastanku odr\u017eanom dana 02. jula 2012. godine u gradu Rumelange-Luxembourg, uz u\u010de\u0161\u0107e predstavnika iseljeni\u010dkih udru\u017eenja koja djeluju u Luksemburgu: <\/strong><\/p>\n<p>Zavi\u010dajni klub \u201eBihor\u201c,udru\u017eenje \u201eBD \u2013 Fond\u201c, Asocijacija \u201eLuksemburg-Crna Gora\u201c, Asocijacija \u201eLMB\u201c, Kooperacija Luksemburg-Montenegro, te istaknutih pojedinaca, jednoglasno su usvojene sljede\u0107e odluke: Osniva se Pokret za Petnjicu kao koordionaciono tijelo sa ograni\u010denim mandatom (do dono\u0161enja kona\u010dne odluke o pokrenutom pitanju) sa ciljem da usmjerava, promi\u0161lja i propagira ideju o povratku statusa op\u0161tine za mjesto Petnjica kod Berana i vo\u0111enje kampanje u susret referendumu zakazanom za 4. avgust 2012. godine.<\/p>\n<p>Pokret za Petnjicu je otvorena asocijacija razli\u010ditih subjekata objedinjenih idejom o povratku statusa op\u0161tine Petnjici i kao takav \u0107e raditi na uklju\u010divanju \u0161to ve\u0107eg broja organizacija i pojedinaca u cilju ostvarivanja zajedni\u010dkog cilja. Pokret za Petnjicu \u0107e raditi na animiranju javnosti i afirmaciji \u010detvrte inicijative za povratak statusa op\u0161tine Petnjici kod Berana. Pokret za Petnjicu \u0107e se odlu\u010dno boriti protiv politi\u010dke zloupotrebe pomenute inicijative i tra\u017ei\u0107e od odgovornih dr\u017eavnih i evropskih institucija po\u0161tovanje volje naroda i ostvarivanje njegovog prava da odlu\u010duje sam o sebi. Pokret za Petnjicu je jednoglasno za prvog koordinatora odredio istaknutog nau\u010dnog i kulturnog poslanika akademika \u0160erba Rastodera, a za njegovog pomo\u0107nika mr Saita \u0160aboti\u0107a, istori\u010dara. Svjesni da su \u201e\u010detiri\u201c Petnjice iseljene sa mati\u010dnog prostora (jedna u Tursku, druga u Bosnu, tre\u0107a u Zapadnu Evropu i \u010detvrta u regionu), smatramo da je do\u0161lo vrijeme da se stvore uslovi za zaustavljanje daljeg demografskog osipanja stanovni\u0161tva sa ovog prostora i da \u201e\u010detiri\u201c iseljene Petnjice preuzmu odgovornost za dalju sudbinu svog zavi\u010daja.<\/p>\n<p>Zavi\u010dajni klub \u201eBihor\u201c \u2013 predsjednik, Hamdija Rastoder<br \/>\n\u201eBo\u0161nja\u010dko-Demokratski Fond\u201c \u2013 predsjednik, Enver Kora\u0107<br \/>\nAsocijacija \u201eLuksemburg-Crna Gora\u201c predsjednik, Ismet Muhovi\u0107<br \/>\nAsocijacija \u201eLMB\u201c \u2013 predsjednik Elfija Muratovi\u0107<br \/>\n\u201eKooperacija Luksemburg-Montenegro\u201c \u2013 predsjednik, Alija Sijari\u0107<\/p>\n<p>Izvor: <strong>DijasporaCG.me<\/strong><\/p>\n","protected":false},"excerpt":{"rendered":"<p>Berane &#8211; Na sastanku odr\u017eanom dana 02. jula 2012. godine u gradu Rumelange-Luxembourg, uz u\u010de\u0161\u0107e predstavnika iseljeni\u010dkih udru\u017eenja koja djeluju u Luksemburgu: Zavi\u010dajni klub \u201eBihor\u201c,udru\u017eenje \u201eBD \u2013 Fond\u201c, Asocijacija \u201eLuksemburg-Crna Gora\u201c, Asocijacija \u201eLMB\u201c, Kooperacija Luksemburg-Montenegro, te istaknutih pojedinaca, jednoglasno su usvojene sljede\u0107e odluke: Osniva se Pokret za Petnjicu kao koordionaciono tijelo sa ograni\u010denim mandatom (do [&hellip;]<\/p>\n","protected":false},"author":83,"featured_media":44148,"comment_status":"open","ping_status":"open","sticky":false,"template":"","format":"standard","meta":{"footnotes":""},"categories":[397,8957],"tags":[],"class_list":{"0":"post-44147","1":"post","2":"type-post","3":"status-publish","4":"format-standard","5":"has-post-thumbnail","7":"category-berane","8":"category-vijesti-dana"},"yoast_head":"<!-- This site is optimized with the Yoast SEO Premium plugin v23.1 (Yoast SEO v24.9) - https:\/\/yoast.com\/wordpress\/plugins\/seo\/ -->\n<title>Formiran Pokret za Petnjicu<\/title>\n<meta name=\"robots\" content=\"index, follow, max-snippet:-1, max-image-preview:large, max-video-preview:-1\" \/>\n<link rel=\"canonical\" href=\"https:\/\/sandzakpress.net\/arhiva\/formiran-pokret-za-petnjicu\/\" \/>\n<meta property=\"og:locale\" content=\"bs_BA\" \/>\n<meta property=\"og:type\" content=\"article\" \/>\n<meta property=\"og:title\" content=\"Formiran Pokret za Petnjicu\" \/>\n<meta property=\"og:description\" content=\"Berane &#8211; Na sastanku odr\u017eanom dana 02. jula 2012. godine u gradu Rumelange-Luxembourg, uz u\u010de\u0161\u0107e predstavnika iseljeni\u010dkih udru\u017eenja koja djeluju u Luksemburgu: Zavi\u010dajni klub \u201eBihor\u201c,udru\u017eenje \u201eBD \u2013 Fond\u201c, Asocijacija \u201eLuksemburg-Crna Gora\u201c, Asocijacija \u201eLMB\u201c, Kooperacija Luksemburg-Montenegro, te istaknutih pojedinaca, jednoglasno su usvojene sljede\u0107e odluke: Osniva se Pokret za Petnjicu kao koordionaciono tijelo sa ograni\u010denim mandatom (do [&hellip;]\" \/>\n<meta property=\"og:url\" content=\"https:\/\/sandzakpress.net\/arhiva\/formiran-pokret-za-petnjicu\/\" \/>\n<meta property=\"og:site_name\" content=\"Sand\u017eak PRESS\" \/>\n<meta property=\"article:published_time\" content=\"2012-07-05T13:56:50+00:00\" \/>\n<meta property=\"og:image\" content=\"https:\/\/sandzakpress.net\/arhiva\/wp-content\/uploads\/2012\/07\/PETNJICA.jpg\" \/>\n\t<meta property=\"og:image:width\" content=\"259\" \/>\n\t<meta property=\"og:image:height\" content=\"194\" \/>\n\t<meta property=\"og:image:type\" content=\"image\/jpeg\" \/>\n<meta name=\"author\" content=\"bosniak\" \/>\n<meta name=\"twitter:card\" content=\"summary_large_image\" \/>\n<meta name=\"twitter:label1\" content=\"Written by\" \/>\n\t<meta name=\"twitter:data1\" content=\"bosniak\" \/>\n\t<meta name=\"twitter:label2\" content=\"Est. reading time\" \/>\n\t<meta name=\"twitter:data2\" content=\"2 minute\" \/>\n<script type=\"application\/ld+json\" class=\"yoast-schema-graph\">{\"@context\":\"https:\/\/schema.org\",\"@graph\":[{\"@type\":\"Article\",\"@id\":\"https:\/\/sandzakpress.net\/arhiva\/formiran-pokret-za-petnjicu\/#article\",\"isPartOf\":{\"@id\":\"https:\/\/sandzakpress.net\/arhiva\/formiran-pokret-za-petnjicu\/\"},\"author\":{\"name\":\"bosniak\",\"@id\":\"https:\/\/sandzakpress.net\/arhiva\/#\/schema\/person\/c8baee722073534b583ea7bdb2e36c02\"},\"headline\":\"Formiran Pokret za Petnjicu\",\"datePublished\":\"2012-07-05T13:56:50+00:00\",\"mainEntityOfPage\":{\"@id\":\"https:\/\/sandzakpress.net\/arhiva\/formiran-pokret-za-petnjicu\/\"},\"wordCount\":321,\"commentCount\":0,\"publisher\":{\"@id\":\"https:\/\/sandzakpress.net\/arhiva\/#\/schema\/person\/6e72b67d6e51910a1117b3b483ba20bd\"},\"image\":{\"@id\":\"https:\/\/sandzakpress.net\/arhiva\/formiran-pokret-za-petnjicu\/#primaryimage\"},\"thumbnailUrl\":\"https:\/\/sandzakpress.net\/arhiva\/wp-content\/uploads\/2012\/07\/PETNJICA.jpg\",\"articleSection\":[\"Berane\",\"VIJESTI DANA\"],\"inLanguage\":\"bs-BA\",\"potentialAction\":[{\"@type\":\"CommentAction\",\"name\":\"Comment\",\"target\":[\"https:\/\/sandzakpress.net\/arhiva\/formiran-pokret-za-petnjicu\/#respond\"]}]},{\"@type\":\"WebPage\",\"@id\":\"https:\/\/sandzakpress.net\/arhiva\/formiran-pokret-za-petnjicu\/\",\"url\":\"https:\/\/sandzakpress.net\/arhiva\/formiran-pokret-za-petnjicu\/\",\"name\":\"Formiran Pokret za Petnjicu\",\"isPartOf\":{\"@id\":\"https:\/\/sandzakpress.net\/arhiva\/#website\"},\"primaryImageOfPage\":{\"@id\":\"https:\/\/sandzakpress.net\/arhiva\/formiran-pokret-za-petnjicu\/#primaryimage\"},\"image\":{\"@id\":\"https:\/\/sandzakpress.net\/arhiva\/formiran-pokret-za-petnjicu\/#primaryimage\"},\"thumbnailUrl\":\"https:\/\/sandzakpress.net\/arhiva\/wp-content\/uploads\/2012\/07\/PETNJICA.jpg\",\"datePublished\":\"2012-07-05T13:56:50+00:00\",\"breadcrumb\":{\"@id\":\"https:\/\/sandzakpress.net\/arhiva\/formiran-pokret-za-petnjicu\/#breadcrumb\"},\"inLanguage\":\"bs-BA\",\"potentialAction\":[{\"@type\":\"ReadAction\",\"target\":[\"https:\/\/sandzakpress.net\/arhiva\/formiran-pokret-za-petnjicu\/\"]}]},{\"@type\":\"ImageObject\",\"inLanguage\":\"bs-BA\",\"@id\":\"https:\/\/sandzakpress.net\/arhiva\/formiran-pokret-za-petnjicu\/#primaryimage\",\"url\":\"https:\/\/sandzakpress.net\/arhiva\/wp-content\/uploads\/2012\/07\/PETNJICA.jpg\",\"contentUrl\":\"https:\/\/sandzakpress.net\/arhiva\/wp-content\/uploads\/2012\/07\/PETNJICA.jpg\",\"width\":259,\"height\":194},{\"@type\":\"BreadcrumbList\",\"@id\":\"https:\/\/sandzakpress.net\/arhiva\/formiran-pokret-za-petnjicu\/#breadcrumb\",\"itemListElement\":[{\"@type\":\"ListItem\",\"position\":1,\"name\":\"Home\",\"item\":\"https:\/\/sandzakpress.net\/arhiva\/\"},{\"@type\":\"ListItem\",\"position\":2,\"name\":\"Formiran Pokret za Petnjicu\"}]},{\"@type\":\"WebSite\",\"@id\":\"https:\/\/sandzakpress.net\/arhiva\/#website\",\"url\":\"https:\/\/sandzakpress.net\/arhiva\/\",\"name\":\"Sand\u017eak PRESS\",\"description\":\"Prve elektronske novine u Sand\u017eaku\",\"publisher\":{\"@id\":\"https:\/\/sandzakpress.net\/arhiva\/#\/schema\/person\/6e72b67d6e51910a1117b3b483ba20bd\"},\"potentialAction\":[{\"@type\":\"SearchAction\",\"target\":{\"@type\":\"EntryPoint\",\"urlTemplate\":\"https:\/\/sandzakpress.net\/arhiva\/?s={search_term_string}\"},\"query-input\":{\"@type\":\"PropertyValueSpecification\",\"valueRequired\":true,\"valueName\":\"search_term_string\"}}],\"inLanguage\":\"bs-BA\"},{\"@type\":[\"Person\",\"Organization\"],\"@id\":\"https:\/\/sandzakpress.net\/arhiva\/#\/schema\/person\/6e72b67d6e51910a1117b3b483ba20bd\",\"name\":\"Kul\",\"image\":{\"@type\":\"ImageObject\",\"inLanguage\":\"bs-BA\",\"@id\":\"https:\/\/sandzakpress.net\/arhiva\/#\/schema\/person\/image\/\",\"url\":\"https:\/\/secure.gravatar.com\/avatar\/42263f39aa27ac04c43cab85c280eb2e?s=96&d=mm&r=pg\",\"contentUrl\":\"https:\/\/secure.gravatar.com\/avatar\/42263f39aa27ac04c43cab85c280eb2e?s=96&d=mm&r=pg\",\"caption\":\"Kul\"},\"logo\":{\"@id\":\"https:\/\/sandzakpress.net\/arhiva\/#\/schema\/person\/image\/\"}},{\"@type\":\"Person\",\"@id\":\"https:\/\/sandzakpress.net\/arhiva\/#\/schema\/person\/c8baee722073534b583ea7bdb2e36c02\",\"name\":\"bosniak\",\"image\":{\"@type\":\"ImageObject\",\"inLanguage\":\"bs-BA\",\"@id\":\"https:\/\/sandzakpress.net\/arhiva\/#\/schema\/person\/image\/\",\"url\":\"https:\/\/secure.gravatar.com\/avatar\/a04fd330bfe3a36a72a0ad4a6d89fca7?s=96&d=mm&r=pg\",\"contentUrl\":\"https:\/\/secure.gravatar.com\/avatar\/a04fd330bfe3a36a72a0ad4a6d89fca7?s=96&d=mm&r=pg\",\"caption\":\"bosniak\"},\"url\":\"https:\/\/sandzakpress.net\/arhiva\/author\/bosniak\/\"}]}<\/script>\n<!-- \/ Yoast SEO Premium plugin. -->","yoast_head_json":{"title":"Formiran Pokret za Petnjicu","robots":{"index":"index","follow":"follow","max-snippet":"max-snippet:-1","max-image-preview":"max-image-preview:large","max-video-preview":"max-video-preview:-1"},"canonical":"https:\/\/sandzakpress.net\/arhiva\/formiran-pokret-za-petnjicu\/","og_locale":"bs_BA","og_type":"article","og_title":"Formiran Pokret za Petnjicu","og_description":"Berane &#8211; Na sastanku odr\u017eanom dana 02. jula 2012. godine u gradu Rumelange-Luxembourg, uz u\u010de\u0161\u0107e predstavnika iseljeni\u010dkih udru\u017eenja koja djeluju u Luksemburgu: Zavi\u010dajni klub \u201eBihor\u201c,udru\u017eenje \u201eBD \u2013 Fond\u201c, Asocijacija \u201eLuksemburg-Crna Gora\u201c, Asocijacija \u201eLMB\u201c, Kooperacija Luksemburg-Montenegro, te istaknutih pojedinaca, jednoglasno su usvojene sljede\u0107e odluke: Osniva se Pokret za Petnjicu kao koordionaciono tijelo sa ograni\u010denim mandatom (do [&hellip;]","og_url":"https:\/\/sandzakpress.net\/arhiva\/formiran-pokret-za-petnjicu\/","og_site_name":"Sand\u017eak PRESS","article_published_time":"2012-07-05T13:56:50+00:00","og_image":[{"width":259,"height":194,"url":"https:\/\/sandzakpress.net\/arhiva\/wp-content\/uploads\/2012\/07\/PETNJICA.jpg","type":"image\/jpeg"}],"author":"bosniak","twitter_card":"summary_large_image","twitter_misc":{"Written by":"bosniak","Est. reading time":"2 minute"},"schema":{"@context":"https:\/\/schema.org","@graph":[{"@type":"Article","@id":"https:\/\/sandzakpress.net\/arhiva\/formiran-pokret-za-petnjicu\/#article","isPartOf":{"@id":"https:\/\/sandzakpress.net\/arhiva\/formiran-pokret-za-petnjicu\/"},"author":{"name":"bosniak","@id":"https:\/\/sandzakpress.net\/arhiva\/#\/schema\/person\/c8baee722073534b583ea7bdb2e36c02"},"headline":"Formiran Pokret za Petnjicu","datePublished":"2012-07-05T13:56:50+00:00","mainEntityOfPage":{"@id":"https:\/\/sandzakpress.net\/arhiva\/formiran-pokret-za-petnjicu\/"},"wordCount":321,"commentCount":0,"publisher":{"@id":"https:\/\/sandzakpress.net\/arhiva\/#\/schema\/person\/6e72b67d6e51910a1117b3b483ba20bd"},"image":{"@id":"https:\/\/sandzakpress.net\/arhiva\/formiran-pokret-za-petnjicu\/#primaryimage"},"thumbnailUrl":"https:\/\/sandzakpress.net\/arhiva\/wp-content\/uploads\/2012\/07\/PETNJICA.jpg","articleSection":["Berane","VIJESTI DANA"],"inLanguage":"bs-BA","potentialAction":[{"@type":"CommentAction","name":"Comment","target":["https:\/\/sandzakpress.net\/arhiva\/formiran-pokret-za-petnjicu\/#respond"]}]},{"@type":"WebPage","@id":"https:\/\/sandzakpress.net\/arhiva\/formiran-pokret-za-petnjicu\/","url":"https:\/\/sandzakpress.net\/arhiva\/formiran-pokret-za-petnjicu\/","name":"Formiran Pokret za Petnjicu","isPartOf":{"@id":"https:\/\/sandzakpress.net\/arhiva\/#website"},"primaryImageOfPage":{"@id":"https:\/\/sandzakpress.net\/arhiva\/formiran-pokret-za-petnjicu\/#primaryimage"},"image":{"@id":"https:\/\/sandzakpress.net\/arhiva\/formiran-pokret-za-petnjicu\/#primaryimage"},"thumbnailUrl":"https:\/\/sandzakpress.net\/arhiva\/wp-content\/uploads\/2012\/07\/PETNJICA.jpg","datePublished":"2012-07-05T13:56:50+00:00","breadcrumb":{"@id":"https:\/\/sandzakpress.net\/arhiva\/formiran-pokret-za-petnjicu\/#breadcrumb"},"inLanguage":"bs-BA","potentialAction":[{"@type":"ReadAction","target":["https:\/\/sandzakpress.net\/arhiva\/formiran-pokret-za-petnjicu\/"]}]},{"@type":"ImageObject","inLanguage":"bs-BA","@id":"https:\/\/sandzakpress.net\/arhiva\/formiran-pokret-za-petnjicu\/#primaryimage","url":"https:\/\/sandzakpress.net\/arhiva\/wp-content\/uploads\/2012\/07\/PETNJICA.jpg","contentUrl":"https:\/\/sandzakpress.net\/arhiva\/wp-content\/uploads\/2012\/07\/PETNJICA.jpg","width":259,"height":194},{"@type":"BreadcrumbList","@id":"https:\/\/sandzakpress.net\/arhiva\/formiran-pokret-za-petnjicu\/#breadcrumb","itemListElement":[{"@type":"ListItem","position":1,"name":"Home","item":"https:\/\/sandzakpress.net\/arhiva\/"},{"@type":"ListItem","position":2,"name":"Formiran Pokret za Petnjicu"}]},{"@type":"WebSite","@id":"https:\/\/sandzakpress.net\/arhiva\/#website","url":"https:\/\/sandzakpress.net\/arhiva\/","name":"Sand\u017eak PRESS","description":"Prve elektronske novine u Sand\u017eaku","publisher":{"@id":"https:\/\/sandzakpress.net\/arhiva\/#\/schema\/person\/6e72b67d6e51910a1117b3b483ba20bd"},"potentialAction":[{"@type":"SearchAction","target":{"@type":"EntryPoint","urlTemplate":"https:\/\/sandzakpress.net\/arhiva\/?s={search_term_string}"},"query-input":{"@type":"PropertyValueSpecification","valueRequired":true,"valueName":"search_term_string"}}],"inLanguage":"bs-BA"},{"@type":["Person","Organization"],"@id":"https:\/\/sandzakpress.net\/arhiva\/#\/schema\/person\/6e72b67d6e51910a1117b3b483ba20bd","name":"Kul","image":{"@type":"ImageObject","inLanguage":"bs-BA","@id":"https:\/\/sandzakpress.net\/arhiva\/#\/schema\/person\/image\/","url":"https:\/\/secure.gravatar.com\/avatar\/42263f39aa27ac04c43cab85c280eb2e?s=96&d=mm&r=pg","contentUrl":"https:\/\/secure.gravatar.com\/avatar\/42263f39aa27ac04c43cab85c280eb2e?s=96&d=mm&r=pg","caption":"Kul"},"logo":{"@id":"https:\/\/sandzakpress.net\/arhiva\/#\/schema\/person\/image\/"}},{"@type":"Person","@id":"https:\/\/sandzakpress.net\/arhiva\/#\/schema\/person\/c8baee722073534b583ea7bdb2e36c02","name":"bosniak","image":{"@type":"ImageObject","inLanguage":"bs-BA","@id":"https:\/\/sandzakpress.net\/arhiva\/#\/schema\/person\/image\/","url":"https:\/\/secure.gravatar.com\/avatar\/a04fd330bfe3a36a72a0ad4a6d89fca7?s=96&d=mm&r=pg","contentUrl":"https:\/\/secure.gravatar.com\/avatar\/a04fd330bfe3a36a72a0ad4a6d89fca7?s=96&d=mm&r=pg","caption":"bosniak"},"url":"https:\/\/sandzakpress.net\/arhiva\/author\/bosniak\/"}]}},"_links":{"self":[{"href":"https:\/\/sandzakpress.net\/arhiva\/wp-json\/wp\/v2\/posts\/44147"}],"collection":[{"href":"https:\/\/sandzakpress.net\/arhiva\/wp-json\/wp\/v2\/posts"}],"about":[{"href":"https:\/\/sandzakpress.net\/arhiva\/wp-json\/wp\/v2\/types\/post"}],"author":[{"embeddable":true,"href":"https:\/\/sandzakpress.net\/arhiva\/wp-json\/wp\/v2\/users\/83"}],"replies":[{"embeddable":true,"href":"https:\/\/sandzakpress.net\/arhiva\/wp-json\/wp\/v2\/comments?post=44147"}],"version-history":[{"count":0,"href":"https:\/\/sandzakpress.net\/arhiva\/wp-json\/wp\/v2\/posts\/44147\/revisions"}],"wp:featuredmedia":[{"embeddable":true,"href":"https:\/\/sandzakpress.net\/arhiva\/wp-json\/wp\/v2\/media\/44148"}],"wp:attachment":[{"href":"https:\/\/sandzakpress.net\/arhiva\/wp-json\/wp\/v2\/media?parent=44147"}],"wp:term":[{"taxonomy":"category","embeddable":true,"href":"https:\/\/sandzakpress.net\/arhiva\/wp-json\/wp\/v2\/categories?post=44147"},{"taxonomy":"post_tag","embeddable":true,"href":"https:\/\/sandzakpress.net\/arhiva\/wp-json\/wp\/v2\/tags?post=44147"}],"curies":[{"name":"wp","href":"https:\/\/api.w.org\/{rel}","templated":true}]}}