{"id":44100,"date":"2012-07-04T17:07:26","date_gmt":"2012-07-04T15:07:26","guid":{"rendered":"https:\/\/sandzakpress.net\/arhiva\/?p=44100"},"modified":"2012-07-04T17:07:26","modified_gmt":"2012-07-04T15:07:26","slug":"turci-grade-dzamiju-u-baru","status":"publish","type":"post","link":"https:\/\/sandzakpress.net\/arhiva\/turci-grade-dzamiju-u-baru\/","title":{"rendered":"Turci grade d\u017eamiju u Baru"},"content":{"rendered":"<p><strong><span><a href=\"https:\/\/sandzakpress.net\/arhiva\/wp-content\/uploads\/2012\/07\/reg-dzamija-1_620x0.jpg\"><img loading=\"lazy\" decoding=\"async\" class=\"alignleft size-medium wp-image-44101\" title=\"reg-dzamija-1_620x0\" src=\"https:\/\/sandzakpress.net\/arhiva\/wp-content\/uploads\/2012\/07\/reg-dzamija-1_620x0-300x180.jpg\" alt=\"\" width=\"300\" height=\"180\" \/><\/a>Crna Gora &#8211; Turska vlada finansira\u0107e nastavak radova na d\u017eamiji u  Starom Baru u koju je do sada ulo\u017eeno oko milion evra, a procenjuje se  da \u0107e izgradnja ovog vjerskog obekta ko\u0161tati oko tri miliona evra. Iz  Turske su u Bar zbog gradnje d\u017eamije stigli ljudi od struke, in\u017eenjeri,  kaligrafi&#8230; koji \u0107e raditi na projektu.<\/span><\/strong><\/p>\n<p><span>&#8211;  Nastavak radova, do samog zavr\u0161etka, finansira\u0107e vlada Turske. Objekat  \u0107e biti zavr\u0161en do jula 2013. godine, uo\u010di po\u010detka dana ramazana, kada  \u0107e biti i sve\u010dano otvaranje &#8211; kazao je glavni imam Islamske zajednice  Bar Muidin Milaimi. Prema njegovim rije\u010dima, raspisan je tender za odabir  izvo\u0111a\u010da za nastavak radova i po\u010detkom avgusta \u0107e se znati koja firma \u0107e  nastaviti radove na d\u017eamiji. Ukupna povr\u0161ina d\u017eamije je 4.000 kvadrata.<\/span><\/p>\n<p><span>&#8211; Ispod molitvenog prostora je vi\u0161enamenska  sala koja \u0107e se koristiti i za sportske aktivnosti. Desno krilo d\u017eamije  ima\u0107e u\u010dionice, kancelarije za vjerske slu\u017ebenike, dje\u010diji vrti\u0107 sa  modernom opremom, muhabet salu (sala za razgovore), prostor za  penzionere. U lijevom krilu \u0107e biti orijentalni restoran &#8211; kapaciteta 250  mesta, sala za \u0161erijatska ven\u010danja, konferencijsku sala, apartmani za  goste, butik za \u017eene, dok su u centralnom dijelu i poslovni prostori u  kojima je pored ostalog predvi\u0111ena i apoteka &#8211; objasnio je Milaimi. On  dodaje da \u0107e kompletna d\u017eamija biti oblo\u017eena mermerom. Kupola \u0107e biti  zavr\u0161ena najsavremenijom metodama kaligrafije koje \u0107e realizovati  poznati turski kaligrafi.<\/span><\/p>\n<p><span>D\u017eamija se gradi  ispod Op\u0161te bolnice u Starom Baru, na vakufu Islamske zajednice u Crnoj  Gori, Tu\u0111emilskom vakufu. Op\u0107ina Bar skup\u0161tinskom odlukom oslobodila je  Islamsku zajednicu pla\u0107anja komunalija za ovaj vjerski obekat, a vlada  Crne Gore je prije pet godina uplatila 20.000 evra za izgradnju d\u017eamije.<\/span><\/p>\n<p><strong><span>DVA MINARETA<\/span><\/strong><\/p>\n<p><span>D\u017eAMIJA  u Starom Baru jedina na Crnogorskom primorju ima dva minareta. Minareti  su ve\u0107 zavr\u0161eni, a visoki su po 43 metra. Njihovu gradnju su  finansirali Muharem \u010canti\u0107 iz Bara i Husein Be\u0107ovi\u0107 iz Ulcinja. Obojica  ve\u0107 godinama \u017eive u \u010cikagu. Islamska zajednica Bara preko gra\u0111ana Crne  Gore i iseljenika do sada je u d\u017eamiju ulo\u017eila oko milion evra.<\/span><\/p>\n<p><span>Izvor:<strong> Novosti.rs<\/strong><br \/>\n<\/span><\/p>\n","protected":false},"excerpt":{"rendered":"<p>Crna Gora &#8211; Turska vlada finansira\u0107e nastavak radova na d\u017eamiji u Starom Baru u koju je do sada ulo\u017eeno oko milion evra, a procenjuje se da \u0107e izgradnja ovog vjerskog obekta ko\u0161tati oko tri miliona evra. Iz Turske su u Bar zbog gradnje d\u017eamije stigli ljudi od struke, in\u017eenjeri, kaligrafi&#8230; koji \u0107e raditi na projektu. [&hellip;]<\/p>\n","protected":false},"author":13,"featured_media":44101,"comment_status":"open","ping_status":"open","sticky":false,"template":"","format":"standard","meta":{"footnotes":""},"categories":[802],"tags":[],"class_list":{"0":"post-44100","1":"post","2":"type-post","3":"status-publish","4":"format-standard","5":"has-post-thumbnail","7":"category-islamska_zajednica"},"yoast_head":"<!-- This site is optimized with the Yoast SEO Premium plugin v23.1 (Yoast SEO v24.9) - https:\/\/yoast.com\/wordpress\/plugins\/seo\/ -->\n<title>Turci grade d\u017eamiju u Baru<\/title>\n<meta name=\"robots\" content=\"index, follow, max-snippet:-1, max-image-preview:large, max-video-preview:-1\" \/>\n<link rel=\"canonical\" href=\"https:\/\/sandzakpress.net\/arhiva\/turci-grade-dzamiju-u-baru\/\" \/>\n<meta property=\"og:locale\" content=\"bs_BA\" \/>\n<meta property=\"og:type\" content=\"article\" \/>\n<meta property=\"og:title\" content=\"Turci grade d\u017eamiju u Baru\" \/>\n<meta property=\"og:description\" content=\"Crna Gora &#8211; Turska vlada finansira\u0107e nastavak radova na d\u017eamiji u Starom Baru u koju je do sada ulo\u017eeno oko milion evra, a procenjuje se da \u0107e izgradnja ovog vjerskog obekta ko\u0161tati oko tri miliona evra. Iz Turske su u Bar zbog gradnje d\u017eamije stigli ljudi od struke, in\u017eenjeri, kaligrafi&#8230; koji \u0107e raditi na projektu. [&hellip;]\" \/>\n<meta property=\"og:url\" content=\"https:\/\/sandzakpress.net\/arhiva\/turci-grade-dzamiju-u-baru\/\" \/>\n<meta property=\"og:site_name\" content=\"Sand\u017eak PRESS\" \/>\n<meta property=\"article:published_time\" content=\"2012-07-04T15:07:26+00:00\" \/>\n<meta property=\"og:image\" content=\"https:\/\/sandzakpress.net\/arhiva\/wp-content\/uploads\/2012\/07\/reg-dzamija-1_620x0.jpg\" \/>\n\t<meta property=\"og:image:width\" content=\"616\" \/>\n\t<meta property=\"og:image:height\" content=\"370\" \/>\n\t<meta property=\"og:image:type\" content=\"image\/jpeg\" \/>\n<meta name=\"twitter:card\" content=\"summary_large_image\" \/>\n<meta name=\"twitter:label1\" content=\"Written by\" \/>\n\t<meta name=\"twitter:data1\" content=\"\" \/>\n\t<meta name=\"twitter:label2\" content=\"Est. reading time\" \/>\n\t<meta name=\"twitter:data2\" content=\"2 minute\" \/>\n<script type=\"application\/ld+json\" class=\"yoast-schema-graph\">{\"@context\":\"https:\/\/schema.org\",\"@graph\":[{\"@type\":\"Article\",\"@id\":\"https:\/\/sandzakpress.net\/arhiva\/turci-grade-dzamiju-u-baru\/#article\",\"isPartOf\":{\"@id\":\"https:\/\/sandzakpress.net\/arhiva\/turci-grade-dzamiju-u-baru\/\"},\"author\":{\"name\":\"\",\"@id\":\"\"},\"headline\":\"Turci grade d\u017eamiju u Baru\",\"datePublished\":\"2012-07-04T15:07:26+00:00\",\"mainEntityOfPage\":{\"@id\":\"https:\/\/sandzakpress.net\/arhiva\/turci-grade-dzamiju-u-baru\/\"},\"wordCount\":378,\"commentCount\":0,\"publisher\":{\"@id\":\"https:\/\/sandzakpress.net\/arhiva\/#\/schema\/person\/6e72b67d6e51910a1117b3b483ba20bd\"},\"image\":{\"@id\":\"https:\/\/sandzakpress.net\/arhiva\/turci-grade-dzamiju-u-baru\/#primaryimage\"},\"thumbnailUrl\":\"https:\/\/sandzakpress.net\/arhiva\/wp-content\/uploads\/2012\/07\/reg-dzamija-1_620x0.jpg\",\"articleSection\":[\"Islamska zajednica\"],\"inLanguage\":\"bs-BA\",\"potentialAction\":[{\"@type\":\"CommentAction\",\"name\":\"Comment\",\"target\":[\"https:\/\/sandzakpress.net\/arhiva\/turci-grade-dzamiju-u-baru\/#respond\"]}]},{\"@type\":\"WebPage\",\"@id\":\"https:\/\/sandzakpress.net\/arhiva\/turci-grade-dzamiju-u-baru\/\",\"url\":\"https:\/\/sandzakpress.net\/arhiva\/turci-grade-dzamiju-u-baru\/\",\"name\":\"Turci grade d\u017eamiju u Baru\",\"isPartOf\":{\"@id\":\"https:\/\/sandzakpress.net\/arhiva\/#website\"},\"primaryImageOfPage\":{\"@id\":\"https:\/\/sandzakpress.net\/arhiva\/turci-grade-dzamiju-u-baru\/#primaryimage\"},\"image\":{\"@id\":\"https:\/\/sandzakpress.net\/arhiva\/turci-grade-dzamiju-u-baru\/#primaryimage\"},\"thumbnailUrl\":\"https:\/\/sandzakpress.net\/arhiva\/wp-content\/uploads\/2012\/07\/reg-dzamija-1_620x0.jpg\",\"datePublished\":\"2012-07-04T15:07:26+00:00\",\"breadcrumb\":{\"@id\":\"https:\/\/sandzakpress.net\/arhiva\/turci-grade-dzamiju-u-baru\/#breadcrumb\"},\"inLanguage\":\"bs-BA\",\"potentialAction\":[{\"@type\":\"ReadAction\",\"target\":[\"https:\/\/sandzakpress.net\/arhiva\/turci-grade-dzamiju-u-baru\/\"]}]},{\"@type\":\"ImageObject\",\"inLanguage\":\"bs-BA\",\"@id\":\"https:\/\/sandzakpress.net\/arhiva\/turci-grade-dzamiju-u-baru\/#primaryimage\",\"url\":\"https:\/\/sandzakpress.net\/arhiva\/wp-content\/uploads\/2012\/07\/reg-dzamija-1_620x0.jpg\",\"contentUrl\":\"https:\/\/sandzakpress.net\/arhiva\/wp-content\/uploads\/2012\/07\/reg-dzamija-1_620x0.jpg\",\"width\":616,\"height\":370},{\"@type\":\"BreadcrumbList\",\"@id\":\"https:\/\/sandzakpress.net\/arhiva\/turci-grade-dzamiju-u-baru\/#breadcrumb\",\"itemListElement\":[{\"@type\":\"ListItem\",\"position\":1,\"name\":\"Home\",\"item\":\"https:\/\/sandzakpress.net\/arhiva\/\"},{\"@type\":\"ListItem\",\"position\":2,\"name\":\"Turci grade d\u017eamiju u Baru\"}]},{\"@type\":\"WebSite\",\"@id\":\"https:\/\/sandzakpress.net\/arhiva\/#website\",\"url\":\"https:\/\/sandzakpress.net\/arhiva\/\",\"name\":\"Sand\u017eak PRESS\",\"description\":\"Prve elektronske novine u Sand\u017eaku\",\"publisher\":{\"@id\":\"https:\/\/sandzakpress.net\/arhiva\/#\/schema\/person\/6e72b67d6e51910a1117b3b483ba20bd\"},\"potentialAction\":[{\"@type\":\"SearchAction\",\"target\":{\"@type\":\"EntryPoint\",\"urlTemplate\":\"https:\/\/sandzakpress.net\/arhiva\/?s={search_term_string}\"},\"query-input\":{\"@type\":\"PropertyValueSpecification\",\"valueRequired\":true,\"valueName\":\"search_term_string\"}}],\"inLanguage\":\"bs-BA\"},{\"@type\":[\"Person\",\"Organization\"],\"@id\":\"https:\/\/sandzakpress.net\/arhiva\/#\/schema\/person\/6e72b67d6e51910a1117b3b483ba20bd\",\"name\":\"Kul\",\"image\":{\"@type\":\"ImageObject\",\"inLanguage\":\"bs-BA\",\"@id\":\"https:\/\/sandzakpress.net\/arhiva\/#\/schema\/person\/image\/\",\"url\":\"https:\/\/secure.gravatar.com\/avatar\/42263f39aa27ac04c43cab85c280eb2e?s=96&d=mm&r=pg\",\"contentUrl\":\"https:\/\/secure.gravatar.com\/avatar\/42263f39aa27ac04c43cab85c280eb2e?s=96&d=mm&r=pg\",\"caption\":\"Kul\"},\"logo\":{\"@id\":\"https:\/\/sandzakpress.net\/arhiva\/#\/schema\/person\/image\/\"}},{\"@type\":\"Person\",\"@id\":\"\",\"url\":\"https:\/\/sandzakpress.net\/arhiva\/author\/\"}]}<\/script>\n<!-- \/ Yoast SEO Premium plugin. -->","yoast_head_json":{"title":"Turci grade d\u017eamiju u Baru","robots":{"index":"index","follow":"follow","max-snippet":"max-snippet:-1","max-image-preview":"max-image-preview:large","max-video-preview":"max-video-preview:-1"},"canonical":"https:\/\/sandzakpress.net\/arhiva\/turci-grade-dzamiju-u-baru\/","og_locale":"bs_BA","og_type":"article","og_title":"Turci grade d\u017eamiju u Baru","og_description":"Crna Gora &#8211; Turska vlada finansira\u0107e nastavak radova na d\u017eamiji u Starom Baru u koju je do sada ulo\u017eeno oko milion evra, a procenjuje se da \u0107e izgradnja ovog vjerskog obekta ko\u0161tati oko tri miliona evra. Iz Turske su u Bar zbog gradnje d\u017eamije stigli ljudi od struke, in\u017eenjeri, kaligrafi&#8230; koji \u0107e raditi na projektu. [&hellip;]","og_url":"https:\/\/sandzakpress.net\/arhiva\/turci-grade-dzamiju-u-baru\/","og_site_name":"Sand\u017eak PRESS","article_published_time":"2012-07-04T15:07:26+00:00","og_image":[{"width":616,"height":370,"url":"https:\/\/sandzakpress.net\/arhiva\/wp-content\/uploads\/2012\/07\/reg-dzamija-1_620x0.jpg","type":"image\/jpeg"}],"twitter_card":"summary_large_image","twitter_misc":{"Written by":"","Est. reading time":"2 minute"},"schema":{"@context":"https:\/\/schema.org","@graph":[{"@type":"Article","@id":"https:\/\/sandzakpress.net\/arhiva\/turci-grade-dzamiju-u-baru\/#article","isPartOf":{"@id":"https:\/\/sandzakpress.net\/arhiva\/turci-grade-dzamiju-u-baru\/"},"author":{"name":"","@id":""},"headline":"Turci grade d\u017eamiju u Baru","datePublished":"2012-07-04T15:07:26+00:00","mainEntityOfPage":{"@id":"https:\/\/sandzakpress.net\/arhiva\/turci-grade-dzamiju-u-baru\/"},"wordCount":378,"commentCount":0,"publisher":{"@id":"https:\/\/sandzakpress.net\/arhiva\/#\/schema\/person\/6e72b67d6e51910a1117b3b483ba20bd"},"image":{"@id":"https:\/\/sandzakpress.net\/arhiva\/turci-grade-dzamiju-u-baru\/#primaryimage"},"thumbnailUrl":"https:\/\/sandzakpress.net\/arhiva\/wp-content\/uploads\/2012\/07\/reg-dzamija-1_620x0.jpg","articleSection":["Islamska zajednica"],"inLanguage":"bs-BA","potentialAction":[{"@type":"CommentAction","name":"Comment","target":["https:\/\/sandzakpress.net\/arhiva\/turci-grade-dzamiju-u-baru\/#respond"]}]},{"@type":"WebPage","@id":"https:\/\/sandzakpress.net\/arhiva\/turci-grade-dzamiju-u-baru\/","url":"https:\/\/sandzakpress.net\/arhiva\/turci-grade-dzamiju-u-baru\/","name":"Turci grade d\u017eamiju u Baru","isPartOf":{"@id":"https:\/\/sandzakpress.net\/arhiva\/#website"},"primaryImageOfPage":{"@id":"https:\/\/sandzakpress.net\/arhiva\/turci-grade-dzamiju-u-baru\/#primaryimage"},"image":{"@id":"https:\/\/sandzakpress.net\/arhiva\/turci-grade-dzamiju-u-baru\/#primaryimage"},"thumbnailUrl":"https:\/\/sandzakpress.net\/arhiva\/wp-content\/uploads\/2012\/07\/reg-dzamija-1_620x0.jpg","datePublished":"2012-07-04T15:07:26+00:00","breadcrumb":{"@id":"https:\/\/sandzakpress.net\/arhiva\/turci-grade-dzamiju-u-baru\/#breadcrumb"},"inLanguage":"bs-BA","potentialAction":[{"@type":"ReadAction","target":["https:\/\/sandzakpress.net\/arhiva\/turci-grade-dzamiju-u-baru\/"]}]},{"@type":"ImageObject","inLanguage":"bs-BA","@id":"https:\/\/sandzakpress.net\/arhiva\/turci-grade-dzamiju-u-baru\/#primaryimage","url":"https:\/\/sandzakpress.net\/arhiva\/wp-content\/uploads\/2012\/07\/reg-dzamija-1_620x0.jpg","contentUrl":"https:\/\/sandzakpress.net\/arhiva\/wp-content\/uploads\/2012\/07\/reg-dzamija-1_620x0.jpg","width":616,"height":370},{"@type":"BreadcrumbList","@id":"https:\/\/sandzakpress.net\/arhiva\/turci-grade-dzamiju-u-baru\/#breadcrumb","itemListElement":[{"@type":"ListItem","position":1,"name":"Home","item":"https:\/\/sandzakpress.net\/arhiva\/"},{"@type":"ListItem","position":2,"name":"Turci grade d\u017eamiju u Baru"}]},{"@type":"WebSite","@id":"https:\/\/sandzakpress.net\/arhiva\/#website","url":"https:\/\/sandzakpress.net\/arhiva\/","name":"Sand\u017eak PRESS","description":"Prve elektronske novine u Sand\u017eaku","publisher":{"@id":"https:\/\/sandzakpress.net\/arhiva\/#\/schema\/person\/6e72b67d6e51910a1117b3b483ba20bd"},"potentialAction":[{"@type":"SearchAction","target":{"@type":"EntryPoint","urlTemplate":"https:\/\/sandzakpress.net\/arhiva\/?s={search_term_string}"},"query-input":{"@type":"PropertyValueSpecification","valueRequired":true,"valueName":"search_term_string"}}],"inLanguage":"bs-BA"},{"@type":["Person","Organization"],"@id":"https:\/\/sandzakpress.net\/arhiva\/#\/schema\/person\/6e72b67d6e51910a1117b3b483ba20bd","name":"Kul","image":{"@type":"ImageObject","inLanguage":"bs-BA","@id":"https:\/\/sandzakpress.net\/arhiva\/#\/schema\/person\/image\/","url":"https:\/\/secure.gravatar.com\/avatar\/42263f39aa27ac04c43cab85c280eb2e?s=96&d=mm&r=pg","contentUrl":"https:\/\/secure.gravatar.com\/avatar\/42263f39aa27ac04c43cab85c280eb2e?s=96&d=mm&r=pg","caption":"Kul"},"logo":{"@id":"https:\/\/sandzakpress.net\/arhiva\/#\/schema\/person\/image\/"}},{"@type":"Person","@id":"","url":"https:\/\/sandzakpress.net\/arhiva\/author\/"}]}},"_links":{"self":[{"href":"https:\/\/sandzakpress.net\/arhiva\/wp-json\/wp\/v2\/posts\/44100"}],"collection":[{"href":"https:\/\/sandzakpress.net\/arhiva\/wp-json\/wp\/v2\/posts"}],"about":[{"href":"https:\/\/sandzakpress.net\/arhiva\/wp-json\/wp\/v2\/types\/post"}],"author":[{"embeddable":true,"href":"https:\/\/sandzakpress.net\/arhiva\/wp-json\/wp\/v2\/users\/13"}],"replies":[{"embeddable":true,"href":"https:\/\/sandzakpress.net\/arhiva\/wp-json\/wp\/v2\/comments?post=44100"}],"version-history":[{"count":0,"href":"https:\/\/sandzakpress.net\/arhiva\/wp-json\/wp\/v2\/posts\/44100\/revisions"}],"wp:featuredmedia":[{"embeddable":true,"href":"https:\/\/sandzakpress.net\/arhiva\/wp-json\/wp\/v2\/media\/44101"}],"wp:attachment":[{"href":"https:\/\/sandzakpress.net\/arhiva\/wp-json\/wp\/v2\/media?parent=44100"}],"wp:term":[{"taxonomy":"category","embeddable":true,"href":"https:\/\/sandzakpress.net\/arhiva\/wp-json\/wp\/v2\/categories?post=44100"},{"taxonomy":"post_tag","embeddable":true,"href":"https:\/\/sandzakpress.net\/arhiva\/wp-json\/wp\/v2\/tags?post=44100"}],"curies":[{"name":"wp","href":"https:\/\/api.w.org\/{rel}","templated":true}]}}