{"id":43983,"date":"2012-07-03T14:55:38","date_gmt":"2012-07-03T12:55:38","guid":{"rendered":"https:\/\/sandzakpress.net\/arhiva\/?p=43983"},"modified":"2012-07-03T14:55:38","modified_gmt":"2012-07-03T12:55:38","slug":"premijer-erdogan-sa-cvijetom-srebrenice","status":"publish","type":"post","link":"https:\/\/sandzakpress.net\/arhiva\/premijer-erdogan-sa-cvijetom-srebrenice\/","title":{"rendered":"Premijer Erdogan sa &#8220;Cvijetom Srebrenice&#8221;"},"content":{"rendered":"<p><a href=\"https:\/\/sandzakpress.net\/arhiva\/wp-content\/uploads\/2012\/07\/t1.jpg\"><img loading=\"lazy\" decoding=\"async\" class=\"aligncenter size-full wp-image-43984\" title=\"t\" src=\"https:\/\/sandzakpress.net\/arhiva\/wp-content\/uploads\/2012\/07\/t1.jpg\" alt=\"\" width=\"616\" height=\"429\" \/><\/a><\/p>\n<p><strong>Turska &#8211; Premijeru Republike Turske Recepu Tayyipu Erdoganu uru\u010den je &#8220;Cvijet Srebrenice&#8221;.<\/strong><\/p>\n<p>Asocijacija mladih Bo\u0161njaka u Turskoj nastavlja dijeliti simbol genocida u Srebrenici, koji se desio 11. jula 1995. godine, uz podr\u0161ku gradona\u010delnika Burse Recepa Altepe.<\/p>\n<p>Asocijacija mladih Bo\u0161njaka, pro\u0161le sedmice je &#8220;Cvijet Srebrenice&#8221; podijelila u turskom parlamentu, poslanicima i Erdoganovoj k\u0107erki Sumeyyi Erdogan. Ovaj put su &#8220;Cvijet Srebrenice&#8221; i pismo uru\u010dili premijeru Erdoganu.<\/p>\n<p>Turski premijer je &#8220;Cvijet Srebrenice&#8221; odmah stavio na rever.<\/p>\n<p>U pismu predatom Erdoganu navedeno je da je spomenik koji se sastoji od 8.372 para cipela, koliko je slu\u017ebeni broj \u017ertava u\u00a0Srebrenici, napravljen pro\u0161le godine povodom obilje\u017eavanja godi\u0161njice genocida, izlo\u017een na Taksimu u Istanbulu uz njegovu nesebi\u010dnu podr\u0161ku.<\/p>\n<p>U sklopu ovogodi\u0161njih aktivnosti, Asocijacija mladih Bo\u0161njaka je navela da \u0107e 8.372 para cipela pretvoriti u spomenik u Ankari, u parku &#8220;Alija Izetbegovi\u0107&#8221;, te da su Bosanci vrlo zahvalni zbog podr\u0161ke i suosje\u0107anja turskog premijera.<br \/>\nNavedeno je da je 8.372 &#8220;Cvijeta Srebrenice&#8221;, koje su majke Srebrenice napravile vlastitim rukama, donesena u Tursku uz podr\u0161ku gradona\u010delnika Burse Recepa Altepea.<\/p>\n<p>\u010clanovi Asocijacije mladih Bo\u0161njaka su u izjavi za agenciju Anadolija kazali da su vrlo sretni zbog toga \u0161to je Erdogan primio pismo i stavio &#8220;Cvijet Srebrenice&#8221; na rever svog odijela.<\/p>\n<p>Izvor: <strong>ANADOLU<\/strong><\/p>\n","protected":false},"excerpt":{"rendered":"<p>Turska &#8211; Premijeru Republike Turske Recepu Tayyipu Erdoganu uru\u010den je &#8220;Cvijet Srebrenice&#8221;. Asocijacija mladih Bo\u0161njaka u Turskoj nastavlja dijeliti simbol genocida u Srebrenici, koji se desio 11. jula 1995. godine, uz podr\u0161ku gradona\u010delnika Burse Recepa Altepe. Asocijacija mladih Bo\u0161njaka, pro\u0161le sedmice je &#8220;Cvijet Srebrenice&#8221; podijelila u turskom parlamentu, poslanicima i Erdoganovoj k\u0107erki Sumeyyi Erdogan. Ovaj [&hellip;]<\/p>\n","protected":false},"author":83,"featured_media":43984,"comment_status":"open","ping_status":"open","sticky":false,"template":"","format":"standard","meta":{"footnotes":""},"categories":[8957,2692],"tags":[],"class_list":{"0":"post-43983","1":"post","2":"type-post","3":"status-publish","4":"format-standard","5":"has-post-thumbnail","7":"category-vijesti-dana","8":"category-turska-gradovi"},"yoast_head":"<!-- This site is optimized with the Yoast SEO Premium plugin v23.1 (Yoast SEO v24.9) - https:\/\/yoast.com\/wordpress\/plugins\/seo\/ -->\n<title>Premijer Erdogan sa &quot;Cvijetom Srebrenice&quot;<\/title>\n<meta name=\"robots\" content=\"index, follow, max-snippet:-1, max-image-preview:large, max-video-preview:-1\" \/>\n<link rel=\"canonical\" href=\"https:\/\/sandzakpress.net\/arhiva\/premijer-erdogan-sa-cvijetom-srebrenice\/\" \/>\n<meta property=\"og:locale\" content=\"bs_BA\" \/>\n<meta property=\"og:type\" content=\"article\" \/>\n<meta property=\"og:title\" content=\"Premijer Erdogan sa &quot;Cvijetom Srebrenice&quot;\" \/>\n<meta property=\"og:description\" content=\"Turska &#8211; Premijeru Republike Turske Recepu Tayyipu Erdoganu uru\u010den je &#8220;Cvijet Srebrenice&#8221;. Asocijacija mladih Bo\u0161njaka u Turskoj nastavlja dijeliti simbol genocida u Srebrenici, koji se desio 11. jula 1995. godine, uz podr\u0161ku gradona\u010delnika Burse Recepa Altepe. Asocijacija mladih Bo\u0161njaka, pro\u0161le sedmice je &#8220;Cvijet Srebrenice&#8221; podijelila u turskom parlamentu, poslanicima i Erdoganovoj k\u0107erki Sumeyyi Erdogan. Ovaj [&hellip;]\" \/>\n<meta property=\"og:url\" content=\"https:\/\/sandzakpress.net\/arhiva\/premijer-erdogan-sa-cvijetom-srebrenice\/\" \/>\n<meta property=\"og:site_name\" content=\"Sand\u017eak PRESS\" \/>\n<meta property=\"article:published_time\" content=\"2012-07-03T12:55:38+00:00\" \/>\n<meta property=\"og:image\" content=\"https:\/\/sandzakpress.net\/arhiva\/wp-content\/uploads\/2012\/07\/t1.jpg\" \/>\n\t<meta property=\"og:image:width\" content=\"616\" \/>\n\t<meta property=\"og:image:height\" content=\"429\" \/>\n\t<meta property=\"og:image:type\" content=\"image\/jpeg\" \/>\n<meta name=\"author\" content=\"bosniak\" \/>\n<meta name=\"twitter:card\" content=\"summary_large_image\" \/>\n<meta name=\"twitter:label1\" content=\"Written by\" \/>\n\t<meta name=\"twitter:data1\" content=\"bosniak\" \/>\n\t<meta name=\"twitter:label2\" content=\"Est. reading time\" \/>\n\t<meta name=\"twitter:data2\" content=\"1 minuta\" \/>\n<script type=\"application\/ld+json\" class=\"yoast-schema-graph\">{\"@context\":\"https:\/\/schema.org\",\"@graph\":[{\"@type\":\"Article\",\"@id\":\"https:\/\/sandzakpress.net\/arhiva\/premijer-erdogan-sa-cvijetom-srebrenice\/#article\",\"isPartOf\":{\"@id\":\"https:\/\/sandzakpress.net\/arhiva\/premijer-erdogan-sa-cvijetom-srebrenice\/\"},\"author\":{\"name\":\"bosniak\",\"@id\":\"https:\/\/sandzakpress.net\/arhiva\/#\/schema\/person\/c8baee722073534b583ea7bdb2e36c02\"},\"headline\":\"Premijer Erdogan sa &#8220;Cvijetom Srebrenice&#8221;\",\"datePublished\":\"2012-07-03T12:55:38+00:00\",\"mainEntityOfPage\":{\"@id\":\"https:\/\/sandzakpress.net\/arhiva\/premijer-erdogan-sa-cvijetom-srebrenice\/\"},\"wordCount\":224,\"commentCount\":6,\"publisher\":{\"@id\":\"https:\/\/sandzakpress.net\/arhiva\/#\/schema\/person\/6e72b67d6e51910a1117b3b483ba20bd\"},\"image\":{\"@id\":\"https:\/\/sandzakpress.net\/arhiva\/premijer-erdogan-sa-cvijetom-srebrenice\/#primaryimage\"},\"thumbnailUrl\":\"https:\/\/sandzakpress.net\/arhiva\/wp-content\/uploads\/2012\/07\/t1.jpg\",\"articleSection\":[\"VIJESTI DANA\",\"Turska\"],\"inLanguage\":\"bs-BA\",\"potentialAction\":[{\"@type\":\"CommentAction\",\"name\":\"Comment\",\"target\":[\"https:\/\/sandzakpress.net\/arhiva\/premijer-erdogan-sa-cvijetom-srebrenice\/#respond\"]}]},{\"@type\":\"WebPage\",\"@id\":\"https:\/\/sandzakpress.net\/arhiva\/premijer-erdogan-sa-cvijetom-srebrenice\/\",\"url\":\"https:\/\/sandzakpress.net\/arhiva\/premijer-erdogan-sa-cvijetom-srebrenice\/\",\"name\":\"Premijer Erdogan sa \\\"Cvijetom Srebrenice\\\"\",\"isPartOf\":{\"@id\":\"https:\/\/sandzakpress.net\/arhiva\/#website\"},\"primaryImageOfPage\":{\"@id\":\"https:\/\/sandzakpress.net\/arhiva\/premijer-erdogan-sa-cvijetom-srebrenice\/#primaryimage\"},\"image\":{\"@id\":\"https:\/\/sandzakpress.net\/arhiva\/premijer-erdogan-sa-cvijetom-srebrenice\/#primaryimage\"},\"thumbnailUrl\":\"https:\/\/sandzakpress.net\/arhiva\/wp-content\/uploads\/2012\/07\/t1.jpg\",\"datePublished\":\"2012-07-03T12:55:38+00:00\",\"breadcrumb\":{\"@id\":\"https:\/\/sandzakpress.net\/arhiva\/premijer-erdogan-sa-cvijetom-srebrenice\/#breadcrumb\"},\"inLanguage\":\"bs-BA\",\"potentialAction\":[{\"@type\":\"ReadAction\",\"target\":[\"https:\/\/sandzakpress.net\/arhiva\/premijer-erdogan-sa-cvijetom-srebrenice\/\"]}]},{\"@type\":\"ImageObject\",\"inLanguage\":\"bs-BA\",\"@id\":\"https:\/\/sandzakpress.net\/arhiva\/premijer-erdogan-sa-cvijetom-srebrenice\/#primaryimage\",\"url\":\"https:\/\/sandzakpress.net\/arhiva\/wp-content\/uploads\/2012\/07\/t1.jpg\",\"contentUrl\":\"https:\/\/sandzakpress.net\/arhiva\/wp-content\/uploads\/2012\/07\/t1.jpg\",\"width\":616,\"height\":429},{\"@type\":\"BreadcrumbList\",\"@id\":\"https:\/\/sandzakpress.net\/arhiva\/premijer-erdogan-sa-cvijetom-srebrenice\/#breadcrumb\",\"itemListElement\":[{\"@type\":\"ListItem\",\"position\":1,\"name\":\"Home\",\"item\":\"https:\/\/sandzakpress.net\/arhiva\/\"},{\"@type\":\"ListItem\",\"position\":2,\"name\":\"Premijer Erdogan sa &#8220;Cvijetom Srebrenice&#8221;\"}]},{\"@type\":\"WebSite\",\"@id\":\"https:\/\/sandzakpress.net\/arhiva\/#website\",\"url\":\"https:\/\/sandzakpress.net\/arhiva\/\",\"name\":\"Sand\u017eak PRESS\",\"description\":\"Prve elektronske novine u Sand\u017eaku\",\"publisher\":{\"@id\":\"https:\/\/sandzakpress.net\/arhiva\/#\/schema\/person\/6e72b67d6e51910a1117b3b483ba20bd\"},\"potentialAction\":[{\"@type\":\"SearchAction\",\"target\":{\"@type\":\"EntryPoint\",\"urlTemplate\":\"https:\/\/sandzakpress.net\/arhiva\/?s={search_term_string}\"},\"query-input\":{\"@type\":\"PropertyValueSpecification\",\"valueRequired\":true,\"valueName\":\"search_term_string\"}}],\"inLanguage\":\"bs-BA\"},{\"@type\":[\"Person\",\"Organization\"],\"@id\":\"https:\/\/sandzakpress.net\/arhiva\/#\/schema\/person\/6e72b67d6e51910a1117b3b483ba20bd\",\"name\":\"Kul\",\"image\":{\"@type\":\"ImageObject\",\"inLanguage\":\"bs-BA\",\"@id\":\"https:\/\/sandzakpress.net\/arhiva\/#\/schema\/person\/image\/\",\"url\":\"https:\/\/secure.gravatar.com\/avatar\/42263f39aa27ac04c43cab85c280eb2e?s=96&d=mm&r=pg\",\"contentUrl\":\"https:\/\/secure.gravatar.com\/avatar\/42263f39aa27ac04c43cab85c280eb2e?s=96&d=mm&r=pg\",\"caption\":\"Kul\"},\"logo\":{\"@id\":\"https:\/\/sandzakpress.net\/arhiva\/#\/schema\/person\/image\/\"}},{\"@type\":\"Person\",\"@id\":\"https:\/\/sandzakpress.net\/arhiva\/#\/schema\/person\/c8baee722073534b583ea7bdb2e36c02\",\"name\":\"bosniak\",\"image\":{\"@type\":\"ImageObject\",\"inLanguage\":\"bs-BA\",\"@id\":\"https:\/\/sandzakpress.net\/arhiva\/#\/schema\/person\/image\/\",\"url\":\"https:\/\/secure.gravatar.com\/avatar\/a04fd330bfe3a36a72a0ad4a6d89fca7?s=96&d=mm&r=pg\",\"contentUrl\":\"https:\/\/secure.gravatar.com\/avatar\/a04fd330bfe3a36a72a0ad4a6d89fca7?s=96&d=mm&r=pg\",\"caption\":\"bosniak\"},\"url\":\"https:\/\/sandzakpress.net\/arhiva\/author\/bosniak\/\"}]}<\/script>\n<!-- \/ Yoast SEO Premium plugin. -->","yoast_head_json":{"title":"Premijer Erdogan sa \"Cvijetom Srebrenice\"","robots":{"index":"index","follow":"follow","max-snippet":"max-snippet:-1","max-image-preview":"max-image-preview:large","max-video-preview":"max-video-preview:-1"},"canonical":"https:\/\/sandzakpress.net\/arhiva\/premijer-erdogan-sa-cvijetom-srebrenice\/","og_locale":"bs_BA","og_type":"article","og_title":"Premijer Erdogan sa \"Cvijetom Srebrenice\"","og_description":"Turska &#8211; Premijeru Republike Turske Recepu Tayyipu Erdoganu uru\u010den je &#8220;Cvijet Srebrenice&#8221;. Asocijacija mladih Bo\u0161njaka u Turskoj nastavlja dijeliti simbol genocida u Srebrenici, koji se desio 11. jula 1995. godine, uz podr\u0161ku gradona\u010delnika Burse Recepa Altepe. Asocijacija mladih Bo\u0161njaka, pro\u0161le sedmice je &#8220;Cvijet Srebrenice&#8221; podijelila u turskom parlamentu, poslanicima i Erdoganovoj k\u0107erki Sumeyyi Erdogan. Ovaj [&hellip;]","og_url":"https:\/\/sandzakpress.net\/arhiva\/premijer-erdogan-sa-cvijetom-srebrenice\/","og_site_name":"Sand\u017eak PRESS","article_published_time":"2012-07-03T12:55:38+00:00","og_image":[{"width":616,"height":429,"url":"https:\/\/sandzakpress.net\/arhiva\/wp-content\/uploads\/2012\/07\/t1.jpg","type":"image\/jpeg"}],"author":"bosniak","twitter_card":"summary_large_image","twitter_misc":{"Written by":"bosniak","Est. reading time":"1 minuta"},"schema":{"@context":"https:\/\/schema.org","@graph":[{"@type":"Article","@id":"https:\/\/sandzakpress.net\/arhiva\/premijer-erdogan-sa-cvijetom-srebrenice\/#article","isPartOf":{"@id":"https:\/\/sandzakpress.net\/arhiva\/premijer-erdogan-sa-cvijetom-srebrenice\/"},"author":{"name":"bosniak","@id":"https:\/\/sandzakpress.net\/arhiva\/#\/schema\/person\/c8baee722073534b583ea7bdb2e36c02"},"headline":"Premijer Erdogan sa &#8220;Cvijetom Srebrenice&#8221;","datePublished":"2012-07-03T12:55:38+00:00","mainEntityOfPage":{"@id":"https:\/\/sandzakpress.net\/arhiva\/premijer-erdogan-sa-cvijetom-srebrenice\/"},"wordCount":224,"commentCount":6,"publisher":{"@id":"https:\/\/sandzakpress.net\/arhiva\/#\/schema\/person\/6e72b67d6e51910a1117b3b483ba20bd"},"image":{"@id":"https:\/\/sandzakpress.net\/arhiva\/premijer-erdogan-sa-cvijetom-srebrenice\/#primaryimage"},"thumbnailUrl":"https:\/\/sandzakpress.net\/arhiva\/wp-content\/uploads\/2012\/07\/t1.jpg","articleSection":["VIJESTI DANA","Turska"],"inLanguage":"bs-BA","potentialAction":[{"@type":"CommentAction","name":"Comment","target":["https:\/\/sandzakpress.net\/arhiva\/premijer-erdogan-sa-cvijetom-srebrenice\/#respond"]}]},{"@type":"WebPage","@id":"https:\/\/sandzakpress.net\/arhiva\/premijer-erdogan-sa-cvijetom-srebrenice\/","url":"https:\/\/sandzakpress.net\/arhiva\/premijer-erdogan-sa-cvijetom-srebrenice\/","name":"Premijer Erdogan sa \"Cvijetom Srebrenice\"","isPartOf":{"@id":"https:\/\/sandzakpress.net\/arhiva\/#website"},"primaryImageOfPage":{"@id":"https:\/\/sandzakpress.net\/arhiva\/premijer-erdogan-sa-cvijetom-srebrenice\/#primaryimage"},"image":{"@id":"https:\/\/sandzakpress.net\/arhiva\/premijer-erdogan-sa-cvijetom-srebrenice\/#primaryimage"},"thumbnailUrl":"https:\/\/sandzakpress.net\/arhiva\/wp-content\/uploads\/2012\/07\/t1.jpg","datePublished":"2012-07-03T12:55:38+00:00","breadcrumb":{"@id":"https:\/\/sandzakpress.net\/arhiva\/premijer-erdogan-sa-cvijetom-srebrenice\/#breadcrumb"},"inLanguage":"bs-BA","potentialAction":[{"@type":"ReadAction","target":["https:\/\/sandzakpress.net\/arhiva\/premijer-erdogan-sa-cvijetom-srebrenice\/"]}]},{"@type":"ImageObject","inLanguage":"bs-BA","@id":"https:\/\/sandzakpress.net\/arhiva\/premijer-erdogan-sa-cvijetom-srebrenice\/#primaryimage","url":"https:\/\/sandzakpress.net\/arhiva\/wp-content\/uploads\/2012\/07\/t1.jpg","contentUrl":"https:\/\/sandzakpress.net\/arhiva\/wp-content\/uploads\/2012\/07\/t1.jpg","width":616,"height":429},{"@type":"BreadcrumbList","@id":"https:\/\/sandzakpress.net\/arhiva\/premijer-erdogan-sa-cvijetom-srebrenice\/#breadcrumb","itemListElement":[{"@type":"ListItem","position":1,"name":"Home","item":"https:\/\/sandzakpress.net\/arhiva\/"},{"@type":"ListItem","position":2,"name":"Premijer Erdogan sa &#8220;Cvijetom Srebrenice&#8221;"}]},{"@type":"WebSite","@id":"https:\/\/sandzakpress.net\/arhiva\/#website","url":"https:\/\/sandzakpress.net\/arhiva\/","name":"Sand\u017eak PRESS","description":"Prve elektronske novine u Sand\u017eaku","publisher":{"@id":"https:\/\/sandzakpress.net\/arhiva\/#\/schema\/person\/6e72b67d6e51910a1117b3b483ba20bd"},"potentialAction":[{"@type":"SearchAction","target":{"@type":"EntryPoint","urlTemplate":"https:\/\/sandzakpress.net\/arhiva\/?s={search_term_string}"},"query-input":{"@type":"PropertyValueSpecification","valueRequired":true,"valueName":"search_term_string"}}],"inLanguage":"bs-BA"},{"@type":["Person","Organization"],"@id":"https:\/\/sandzakpress.net\/arhiva\/#\/schema\/person\/6e72b67d6e51910a1117b3b483ba20bd","name":"Kul","image":{"@type":"ImageObject","inLanguage":"bs-BA","@id":"https:\/\/sandzakpress.net\/arhiva\/#\/schema\/person\/image\/","url":"https:\/\/secure.gravatar.com\/avatar\/42263f39aa27ac04c43cab85c280eb2e?s=96&d=mm&r=pg","contentUrl":"https:\/\/secure.gravatar.com\/avatar\/42263f39aa27ac04c43cab85c280eb2e?s=96&d=mm&r=pg","caption":"Kul"},"logo":{"@id":"https:\/\/sandzakpress.net\/arhiva\/#\/schema\/person\/image\/"}},{"@type":"Person","@id":"https:\/\/sandzakpress.net\/arhiva\/#\/schema\/person\/c8baee722073534b583ea7bdb2e36c02","name":"bosniak","image":{"@type":"ImageObject","inLanguage":"bs-BA","@id":"https:\/\/sandzakpress.net\/arhiva\/#\/schema\/person\/image\/","url":"https:\/\/secure.gravatar.com\/avatar\/a04fd330bfe3a36a72a0ad4a6d89fca7?s=96&d=mm&r=pg","contentUrl":"https:\/\/secure.gravatar.com\/avatar\/a04fd330bfe3a36a72a0ad4a6d89fca7?s=96&d=mm&r=pg","caption":"bosniak"},"url":"https:\/\/sandzakpress.net\/arhiva\/author\/bosniak\/"}]}},"_links":{"self":[{"href":"https:\/\/sandzakpress.net\/arhiva\/wp-json\/wp\/v2\/posts\/43983"}],"collection":[{"href":"https:\/\/sandzakpress.net\/arhiva\/wp-json\/wp\/v2\/posts"}],"about":[{"href":"https:\/\/sandzakpress.net\/arhiva\/wp-json\/wp\/v2\/types\/post"}],"author":[{"embeddable":true,"href":"https:\/\/sandzakpress.net\/arhiva\/wp-json\/wp\/v2\/users\/83"}],"replies":[{"embeddable":true,"href":"https:\/\/sandzakpress.net\/arhiva\/wp-json\/wp\/v2\/comments?post=43983"}],"version-history":[{"count":0,"href":"https:\/\/sandzakpress.net\/arhiva\/wp-json\/wp\/v2\/posts\/43983\/revisions"}],"wp:featuredmedia":[{"embeddable":true,"href":"https:\/\/sandzakpress.net\/arhiva\/wp-json\/wp\/v2\/media\/43984"}],"wp:attachment":[{"href":"https:\/\/sandzakpress.net\/arhiva\/wp-json\/wp\/v2\/media?parent=43983"}],"wp:term":[{"taxonomy":"category","embeddable":true,"href":"https:\/\/sandzakpress.net\/arhiva\/wp-json\/wp\/v2\/categories?post=43983"},{"taxonomy":"post_tag","embeddable":true,"href":"https:\/\/sandzakpress.net\/arhiva\/wp-json\/wp\/v2\/tags?post=43983"}],"curies":[{"name":"wp","href":"https:\/\/api.w.org\/{rel}","templated":true}]}}