{"id":43973,"date":"2012-07-03T14:11:20","date_gmt":"2012-07-03T12:11:20","guid":{"rendered":"https:\/\/sandzakpress.net\/arhiva\/?p=43973"},"modified":"2012-07-03T14:11:20","modified_gmt":"2012-07-03T12:11:20","slug":"ljeto-u-plavu-donijelo-probleme-sa-vodom","status":"publish","type":"post","link":"https:\/\/sandzakpress.net\/arhiva\/ljeto-u-plavu-donijelo-probleme-sa-vodom\/","title":{"rendered":"Ljeto u Plavu donijelo probleme sa vodom"},"content":{"rendered":"<p><strong> <a href=\"https:\/\/sandzakpress.net\/arhiva\/wp-content\/uploads\/2012\/07\/Plav-voda-u-300x200.jpg\"><img loading=\"lazy\" decoding=\"async\" class=\"alignleft size-full wp-image-43974\" title=\"Plav-voda-u-300x200\" src=\"https:\/\/sandzakpress.net\/arhiva\/wp-content\/uploads\/2012\/07\/Plav-voda-u-300x200.jpg\" alt=\"\" width=\"300\" height=\"200\" \/><\/a>Plav &#8211; Veoma toplo vrijeme posljednjih  nekoliko dana i prekomjerna potro\u0161nja vode znatno uti\u010du na smanjenje  dotoka u vodovodnoj mre\u017ei na podru\u010dju op\u0107ine. Zbog toga su u JP za  komunalno-stambene djelatnosti u Plavu primorani da svakodnevno  upozoravaju stanovni\u0161tvo da \u0161to racionalnije tro\u0161i vodu i da je ne  koristi za navodnjavanje vrtova i drugih zelenih povr\u0161ina.<\/strong><\/p>\n<p>Nenamjenska  potro\u0161nja vode stvara problem u snabdijevanju nekih doma\u0107instava pitkom  vodom. Naime, u vodovodima u Plavu, Gusinju i Murinu de\u0161ava se da vode  ima dovoljno u ni\u017eim zonama, ali da bez nje ostaju viso\u010dije gradske  zone. Iz JKP zbog toga apeluju na gra\u0111ane da imaju vi\u0161e razumijevanja i  racionalnije tro\u0161e vodu.<\/p>\n<p>Kako bi se izbjegle restrikcije u  snabdijevanju, kao najnepopularnija mjera, de\u017eurni radnici JP za  komunalno-stambene djelatnosti u ranim jutarnjim \u010dasovima obilaze Plav,  Gusinje i Murino i kontroli\u0161u kori\u0161tenje vode, najavljuju\u0107i da \u0107e protiv  onih koji to \u010dine neracionalno biti preduzete zakonske mjere.<\/p>\n<div>\nIzvor:<strong> Pobjeda.me<\/strong><\/div>\n","protected":false},"excerpt":{"rendered":"<p>Plav &#8211; Veoma toplo vrijeme posljednjih nekoliko dana i prekomjerna potro\u0161nja vode znatno uti\u010du na smanjenje dotoka u vodovodnoj mre\u017ei na podru\u010dju op\u0107ine. Zbog toga su u JP za komunalno-stambene djelatnosti u Plavu primorani da svakodnevno upozoravaju stanovni\u0161tvo da \u0161to racionalnije tro\u0161i vodu i da je ne koristi za navodnjavanje vrtova i drugih zelenih povr\u0161ina. [&hellip;]<\/p>\n","protected":false},"author":13,"featured_media":43974,"comment_status":"open","ping_status":"open","sticky":false,"template":"","format":"standard","meta":{"footnotes":""},"categories":[399,5],"tags":[],"class_list":{"0":"post-43973","1":"post","2":"type-post","3":"status-publish","4":"format-standard","5":"has-post-thumbnail","7":"category-plav_","8":"category-drustvo"},"yoast_head":"<!-- This site is optimized with the Yoast SEO Premium plugin v23.1 (Yoast SEO v24.9) - https:\/\/yoast.com\/wordpress\/plugins\/seo\/ -->\n<title>Ljeto u Plavu donijelo probleme sa vodom<\/title>\n<meta name=\"robots\" content=\"index, follow, max-snippet:-1, max-image-preview:large, max-video-preview:-1\" \/>\n<link rel=\"canonical\" href=\"https:\/\/sandzakpress.net\/arhiva\/ljeto-u-plavu-donijelo-probleme-sa-vodom\/\" \/>\n<meta property=\"og:locale\" content=\"bs_BA\" \/>\n<meta property=\"og:type\" content=\"article\" \/>\n<meta property=\"og:title\" content=\"Ljeto u Plavu donijelo probleme sa vodom\" \/>\n<meta property=\"og:description\" content=\"Plav &#8211; Veoma toplo vrijeme posljednjih nekoliko dana i prekomjerna potro\u0161nja vode znatno uti\u010du na smanjenje dotoka u vodovodnoj mre\u017ei na podru\u010dju op\u0107ine. Zbog toga su u JP za komunalno-stambene djelatnosti u Plavu primorani da svakodnevno upozoravaju stanovni\u0161tvo da \u0161to racionalnije tro\u0161i vodu i da je ne koristi za navodnjavanje vrtova i drugih zelenih povr\u0161ina. [&hellip;]\" \/>\n<meta property=\"og:url\" content=\"https:\/\/sandzakpress.net\/arhiva\/ljeto-u-plavu-donijelo-probleme-sa-vodom\/\" \/>\n<meta property=\"og:site_name\" content=\"Sand\u017eak PRESS\" \/>\n<meta property=\"article:published_time\" content=\"2012-07-03T12:11:20+00:00\" \/>\n<meta property=\"og:image\" content=\"https:\/\/sandzakpress.net\/arhiva\/wp-content\/uploads\/2012\/07\/Plav-voda-u-300x200.jpg\" \/>\n\t<meta property=\"og:image:width\" content=\"300\" \/>\n\t<meta property=\"og:image:height\" content=\"200\" \/>\n\t<meta property=\"og:image:type\" content=\"image\/jpeg\" \/>\n<meta name=\"twitter:card\" content=\"summary_large_image\" \/>\n<meta name=\"twitter:label1\" content=\"Written by\" \/>\n\t<meta name=\"twitter:data1\" content=\"\" \/>\n\t<meta name=\"twitter:label2\" content=\"Est. reading time\" \/>\n\t<meta name=\"twitter:data2\" content=\"1 minuta\" \/>\n<script type=\"application\/ld+json\" class=\"yoast-schema-graph\">{\"@context\":\"https:\/\/schema.org\",\"@graph\":[{\"@type\":\"Article\",\"@id\":\"https:\/\/sandzakpress.net\/arhiva\/ljeto-u-plavu-donijelo-probleme-sa-vodom\/#article\",\"isPartOf\":{\"@id\":\"https:\/\/sandzakpress.net\/arhiva\/ljeto-u-plavu-donijelo-probleme-sa-vodom\/\"},\"author\":{\"name\":\"\",\"@id\":\"\"},\"headline\":\"Ljeto u Plavu donijelo probleme sa vodom\",\"datePublished\":\"2012-07-03T12:11:20+00:00\",\"mainEntityOfPage\":{\"@id\":\"https:\/\/sandzakpress.net\/arhiva\/ljeto-u-plavu-donijelo-probleme-sa-vodom\/\"},\"wordCount\":178,\"commentCount\":0,\"publisher\":{\"@id\":\"https:\/\/sandzakpress.net\/arhiva\/#\/schema\/person\/6e72b67d6e51910a1117b3b483ba20bd\"},\"image\":{\"@id\":\"https:\/\/sandzakpress.net\/arhiva\/ljeto-u-plavu-donijelo-probleme-sa-vodom\/#primaryimage\"},\"thumbnailUrl\":\"https:\/\/sandzakpress.net\/arhiva\/wp-content\/uploads\/2012\/07\/Plav-voda-u-300x200.jpg\",\"articleSection\":[\"Plav\",\"Dru\u0161tvo\"],\"inLanguage\":\"bs-BA\",\"potentialAction\":[{\"@type\":\"CommentAction\",\"name\":\"Comment\",\"target\":[\"https:\/\/sandzakpress.net\/arhiva\/ljeto-u-plavu-donijelo-probleme-sa-vodom\/#respond\"]}]},{\"@type\":\"WebPage\",\"@id\":\"https:\/\/sandzakpress.net\/arhiva\/ljeto-u-plavu-donijelo-probleme-sa-vodom\/\",\"url\":\"https:\/\/sandzakpress.net\/arhiva\/ljeto-u-plavu-donijelo-probleme-sa-vodom\/\",\"name\":\"Ljeto u Plavu donijelo probleme sa vodom\",\"isPartOf\":{\"@id\":\"https:\/\/sandzakpress.net\/arhiva\/#website\"},\"primaryImageOfPage\":{\"@id\":\"https:\/\/sandzakpress.net\/arhiva\/ljeto-u-plavu-donijelo-probleme-sa-vodom\/#primaryimage\"},\"image\":{\"@id\":\"https:\/\/sandzakpress.net\/arhiva\/ljeto-u-plavu-donijelo-probleme-sa-vodom\/#primaryimage\"},\"thumbnailUrl\":\"https:\/\/sandzakpress.net\/arhiva\/wp-content\/uploads\/2012\/07\/Plav-voda-u-300x200.jpg\",\"datePublished\":\"2012-07-03T12:11:20+00:00\",\"breadcrumb\":{\"@id\":\"https:\/\/sandzakpress.net\/arhiva\/ljeto-u-plavu-donijelo-probleme-sa-vodom\/#breadcrumb\"},\"inLanguage\":\"bs-BA\",\"potentialAction\":[{\"@type\":\"ReadAction\",\"target\":[\"https:\/\/sandzakpress.net\/arhiva\/ljeto-u-plavu-donijelo-probleme-sa-vodom\/\"]}]},{\"@type\":\"ImageObject\",\"inLanguage\":\"bs-BA\",\"@id\":\"https:\/\/sandzakpress.net\/arhiva\/ljeto-u-plavu-donijelo-probleme-sa-vodom\/#primaryimage\",\"url\":\"https:\/\/sandzakpress.net\/arhiva\/wp-content\/uploads\/2012\/07\/Plav-voda-u-300x200.jpg\",\"contentUrl\":\"https:\/\/sandzakpress.net\/arhiva\/wp-content\/uploads\/2012\/07\/Plav-voda-u-300x200.jpg\",\"width\":300,\"height\":200},{\"@type\":\"BreadcrumbList\",\"@id\":\"https:\/\/sandzakpress.net\/arhiva\/ljeto-u-plavu-donijelo-probleme-sa-vodom\/#breadcrumb\",\"itemListElement\":[{\"@type\":\"ListItem\",\"position\":1,\"name\":\"Home\",\"item\":\"https:\/\/sandzakpress.net\/arhiva\/\"},{\"@type\":\"ListItem\",\"position\":2,\"name\":\"Ljeto u Plavu donijelo probleme sa vodom\"}]},{\"@type\":\"WebSite\",\"@id\":\"https:\/\/sandzakpress.net\/arhiva\/#website\",\"url\":\"https:\/\/sandzakpress.net\/arhiva\/\",\"name\":\"Sand\u017eak PRESS\",\"description\":\"Prve elektronske novine u Sand\u017eaku\",\"publisher\":{\"@id\":\"https:\/\/sandzakpress.net\/arhiva\/#\/schema\/person\/6e72b67d6e51910a1117b3b483ba20bd\"},\"potentialAction\":[{\"@type\":\"SearchAction\",\"target\":{\"@type\":\"EntryPoint\",\"urlTemplate\":\"https:\/\/sandzakpress.net\/arhiva\/?s={search_term_string}\"},\"query-input\":{\"@type\":\"PropertyValueSpecification\",\"valueRequired\":true,\"valueName\":\"search_term_string\"}}],\"inLanguage\":\"bs-BA\"},{\"@type\":[\"Person\",\"Organization\"],\"@id\":\"https:\/\/sandzakpress.net\/arhiva\/#\/schema\/person\/6e72b67d6e51910a1117b3b483ba20bd\",\"name\":\"Kul\",\"image\":{\"@type\":\"ImageObject\",\"inLanguage\":\"bs-BA\",\"@id\":\"https:\/\/sandzakpress.net\/arhiva\/#\/schema\/person\/image\/\",\"url\":\"https:\/\/secure.gravatar.com\/avatar\/42263f39aa27ac04c43cab85c280eb2e?s=96&d=mm&r=pg\",\"contentUrl\":\"https:\/\/secure.gravatar.com\/avatar\/42263f39aa27ac04c43cab85c280eb2e?s=96&d=mm&r=pg\",\"caption\":\"Kul\"},\"logo\":{\"@id\":\"https:\/\/sandzakpress.net\/arhiva\/#\/schema\/person\/image\/\"}},{\"@type\":\"Person\",\"@id\":\"\",\"url\":\"https:\/\/sandzakpress.net\/arhiva\/author\/\"}]}<\/script>\n<!-- \/ Yoast SEO Premium plugin. -->","yoast_head_json":{"title":"Ljeto u Plavu donijelo probleme sa vodom","robots":{"index":"index","follow":"follow","max-snippet":"max-snippet:-1","max-image-preview":"max-image-preview:large","max-video-preview":"max-video-preview:-1"},"canonical":"https:\/\/sandzakpress.net\/arhiva\/ljeto-u-plavu-donijelo-probleme-sa-vodom\/","og_locale":"bs_BA","og_type":"article","og_title":"Ljeto u Plavu donijelo probleme sa vodom","og_description":"Plav &#8211; Veoma toplo vrijeme posljednjih nekoliko dana i prekomjerna potro\u0161nja vode znatno uti\u010du na smanjenje dotoka u vodovodnoj mre\u017ei na podru\u010dju op\u0107ine. Zbog toga su u JP za komunalno-stambene djelatnosti u Plavu primorani da svakodnevno upozoravaju stanovni\u0161tvo da \u0161to racionalnije tro\u0161i vodu i da je ne koristi za navodnjavanje vrtova i drugih zelenih povr\u0161ina. [&hellip;]","og_url":"https:\/\/sandzakpress.net\/arhiva\/ljeto-u-plavu-donijelo-probleme-sa-vodom\/","og_site_name":"Sand\u017eak PRESS","article_published_time":"2012-07-03T12:11:20+00:00","og_image":[{"width":300,"height":200,"url":"https:\/\/sandzakpress.net\/arhiva\/wp-content\/uploads\/2012\/07\/Plav-voda-u-300x200.jpg","type":"image\/jpeg"}],"twitter_card":"summary_large_image","twitter_misc":{"Written by":"","Est. reading time":"1 minuta"},"schema":{"@context":"https:\/\/schema.org","@graph":[{"@type":"Article","@id":"https:\/\/sandzakpress.net\/arhiva\/ljeto-u-plavu-donijelo-probleme-sa-vodom\/#article","isPartOf":{"@id":"https:\/\/sandzakpress.net\/arhiva\/ljeto-u-plavu-donijelo-probleme-sa-vodom\/"},"author":{"name":"","@id":""},"headline":"Ljeto u Plavu donijelo probleme sa vodom","datePublished":"2012-07-03T12:11:20+00:00","mainEntityOfPage":{"@id":"https:\/\/sandzakpress.net\/arhiva\/ljeto-u-plavu-donijelo-probleme-sa-vodom\/"},"wordCount":178,"commentCount":0,"publisher":{"@id":"https:\/\/sandzakpress.net\/arhiva\/#\/schema\/person\/6e72b67d6e51910a1117b3b483ba20bd"},"image":{"@id":"https:\/\/sandzakpress.net\/arhiva\/ljeto-u-plavu-donijelo-probleme-sa-vodom\/#primaryimage"},"thumbnailUrl":"https:\/\/sandzakpress.net\/arhiva\/wp-content\/uploads\/2012\/07\/Plav-voda-u-300x200.jpg","articleSection":["Plav","Dru\u0161tvo"],"inLanguage":"bs-BA","potentialAction":[{"@type":"CommentAction","name":"Comment","target":["https:\/\/sandzakpress.net\/arhiva\/ljeto-u-plavu-donijelo-probleme-sa-vodom\/#respond"]}]},{"@type":"WebPage","@id":"https:\/\/sandzakpress.net\/arhiva\/ljeto-u-plavu-donijelo-probleme-sa-vodom\/","url":"https:\/\/sandzakpress.net\/arhiva\/ljeto-u-plavu-donijelo-probleme-sa-vodom\/","name":"Ljeto u Plavu donijelo probleme sa vodom","isPartOf":{"@id":"https:\/\/sandzakpress.net\/arhiva\/#website"},"primaryImageOfPage":{"@id":"https:\/\/sandzakpress.net\/arhiva\/ljeto-u-plavu-donijelo-probleme-sa-vodom\/#primaryimage"},"image":{"@id":"https:\/\/sandzakpress.net\/arhiva\/ljeto-u-plavu-donijelo-probleme-sa-vodom\/#primaryimage"},"thumbnailUrl":"https:\/\/sandzakpress.net\/arhiva\/wp-content\/uploads\/2012\/07\/Plav-voda-u-300x200.jpg","datePublished":"2012-07-03T12:11:20+00:00","breadcrumb":{"@id":"https:\/\/sandzakpress.net\/arhiva\/ljeto-u-plavu-donijelo-probleme-sa-vodom\/#breadcrumb"},"inLanguage":"bs-BA","potentialAction":[{"@type":"ReadAction","target":["https:\/\/sandzakpress.net\/arhiva\/ljeto-u-plavu-donijelo-probleme-sa-vodom\/"]}]},{"@type":"ImageObject","inLanguage":"bs-BA","@id":"https:\/\/sandzakpress.net\/arhiva\/ljeto-u-plavu-donijelo-probleme-sa-vodom\/#primaryimage","url":"https:\/\/sandzakpress.net\/arhiva\/wp-content\/uploads\/2012\/07\/Plav-voda-u-300x200.jpg","contentUrl":"https:\/\/sandzakpress.net\/arhiva\/wp-content\/uploads\/2012\/07\/Plav-voda-u-300x200.jpg","width":300,"height":200},{"@type":"BreadcrumbList","@id":"https:\/\/sandzakpress.net\/arhiva\/ljeto-u-plavu-donijelo-probleme-sa-vodom\/#breadcrumb","itemListElement":[{"@type":"ListItem","position":1,"name":"Home","item":"https:\/\/sandzakpress.net\/arhiva\/"},{"@type":"ListItem","position":2,"name":"Ljeto u Plavu donijelo probleme sa vodom"}]},{"@type":"WebSite","@id":"https:\/\/sandzakpress.net\/arhiva\/#website","url":"https:\/\/sandzakpress.net\/arhiva\/","name":"Sand\u017eak PRESS","description":"Prve elektronske novine u Sand\u017eaku","publisher":{"@id":"https:\/\/sandzakpress.net\/arhiva\/#\/schema\/person\/6e72b67d6e51910a1117b3b483ba20bd"},"potentialAction":[{"@type":"SearchAction","target":{"@type":"EntryPoint","urlTemplate":"https:\/\/sandzakpress.net\/arhiva\/?s={search_term_string}"},"query-input":{"@type":"PropertyValueSpecification","valueRequired":true,"valueName":"search_term_string"}}],"inLanguage":"bs-BA"},{"@type":["Person","Organization"],"@id":"https:\/\/sandzakpress.net\/arhiva\/#\/schema\/person\/6e72b67d6e51910a1117b3b483ba20bd","name":"Kul","image":{"@type":"ImageObject","inLanguage":"bs-BA","@id":"https:\/\/sandzakpress.net\/arhiva\/#\/schema\/person\/image\/","url":"https:\/\/secure.gravatar.com\/avatar\/42263f39aa27ac04c43cab85c280eb2e?s=96&d=mm&r=pg","contentUrl":"https:\/\/secure.gravatar.com\/avatar\/42263f39aa27ac04c43cab85c280eb2e?s=96&d=mm&r=pg","caption":"Kul"},"logo":{"@id":"https:\/\/sandzakpress.net\/arhiva\/#\/schema\/person\/image\/"}},{"@type":"Person","@id":"","url":"https:\/\/sandzakpress.net\/arhiva\/author\/"}]}},"_links":{"self":[{"href":"https:\/\/sandzakpress.net\/arhiva\/wp-json\/wp\/v2\/posts\/43973"}],"collection":[{"href":"https:\/\/sandzakpress.net\/arhiva\/wp-json\/wp\/v2\/posts"}],"about":[{"href":"https:\/\/sandzakpress.net\/arhiva\/wp-json\/wp\/v2\/types\/post"}],"author":[{"embeddable":true,"href":"https:\/\/sandzakpress.net\/arhiva\/wp-json\/wp\/v2\/users\/13"}],"replies":[{"embeddable":true,"href":"https:\/\/sandzakpress.net\/arhiva\/wp-json\/wp\/v2\/comments?post=43973"}],"version-history":[{"count":0,"href":"https:\/\/sandzakpress.net\/arhiva\/wp-json\/wp\/v2\/posts\/43973\/revisions"}],"wp:featuredmedia":[{"embeddable":true,"href":"https:\/\/sandzakpress.net\/arhiva\/wp-json\/wp\/v2\/media\/43974"}],"wp:attachment":[{"href":"https:\/\/sandzakpress.net\/arhiva\/wp-json\/wp\/v2\/media?parent=43973"}],"wp:term":[{"taxonomy":"category","embeddable":true,"href":"https:\/\/sandzakpress.net\/arhiva\/wp-json\/wp\/v2\/categories?post=43973"},{"taxonomy":"post_tag","embeddable":true,"href":"https:\/\/sandzakpress.net\/arhiva\/wp-json\/wp\/v2\/tags?post=43973"}],"curies":[{"name":"wp","href":"https:\/\/api.w.org\/{rel}","templated":true}]}}