{"id":43923,"date":"2012-07-02T16:22:31","date_gmt":"2012-07-02T14:22:31","guid":{"rendered":"https:\/\/sandzakpress.net\/arhiva\/?p=43923"},"modified":"2012-07-02T17:42:16","modified_gmt":"2012-07-02T15:42:16","slug":"izgradnja-spomenika-zrtvama-genoicida-u-srebrenici-u-izmiru","status":"publish","type":"post","link":"https:\/\/sandzakpress.net\/arhiva\/izgradnja-spomenika-zrtvama-genoicida-u-srebrenici-u-izmiru\/","title":{"rendered":"Izgradnja spomenika \u017ertvama srebreni\u010dkog genoicida u Izmiru"},"content":{"rendered":"<p><strong><a href=\"https:\/\/sandzakpress.net\/arhiva\/wp-content\/uploads\/2012\/07\/spomenik-u-izmiru-za-srebrenicu.jpg\"><img loading=\"lazy\" decoding=\"async\" class=\"alignleft size-medium wp-image-43924\" title=\"spomenik u izmiru za srebrenicu\" src=\"https:\/\/sandzakpress.net\/arhiva\/wp-content\/uploads\/2012\/07\/spomenik-u-izmiru-za-srebrenicu-300x208.jpg\" alt=\"\" width=\"300\" height=\"208\" \/><\/a>Turska &#8211; U znak sje\u0107anja na genocid u Srebrenici, u izmirskoj op\u0107ini Buca je izgra\u0111en spomenik \u201eSrebrenica\u201c, visok 11 metara, \u010dije otvorenje je planirano 11.<\/strong><strong> jula ove godine, na dan obilje\u017eavanja godi\u0161njice ovog trgi\u010dnog doga\u0111aja u BiH.<\/strong><\/p>\n<p>Na\u010delnik op\u0107ine Buca Ercan Tati je u izjavi za agenciju Anadolija istakao da je cilj ovog spomenika \u201eda se ne zaboravi Srebrenica\u201c i dodao kako je izgradnja ovog spomenika jo\u0161 jedan znak suosje\u0107anja sa majkama i pre\u017eivjelim Bo\u0161njacima iz Srebrenice.<\/p>\n<p>Tati je podsjetio da u Izmiru \u017eivi veliki broj Bo\u0161njaka koji su bili inicijatori projekta koji \u0107e predstavljati i opomenu da se ovakvo zlo ne zaboravi i ne ponovi.<br \/>\nNa\u010delnik Tati je kazao da se trenutno ure\u0111uje prostor oko spomenika u kojem \u0107e biti postavljeni specijalni zvu\u010dni i svjetlosni efekti. Pored spomenika \u0107e biti postavljen veliki ekran na kojemu \u0107e biti emitovani dokumentarni filmovi, pri\u010de, pjesme i drugi sadr\u017eaji o genocidu u Srebrenici. Ovaj kompleks \u0107e biti otvoren non-stop za posjetioce.<\/p>\n<p>Na\u010delnik izmirske op\u0107ine je kazao da je pro\u0161le sedmice posjetio BiH i da je tom prilikom informisao javnost i zvani\u010dnike o otvorenju ovog spomen-obilje\u017eja.<br \/>\n\u201ePosebno su prijatno iznena\u0111ene majke stradalih srebreni\u010dkih Bo\u0161njaka. Jedna majka mi je rekla da tamo \u017eive ljudi koji \u017eele zlo Bo\u0161njacima. Njen otac je ubijen 1902., brat 1942., mu\u017e joj je ubijen 1947. godine, a dvoje njene djece 1992. Ubice su iste. Majke Srebrenice su nas zamolile da na spomeniku ne napi\u0161emo &#8216;zlo\u010din&#8217;, jer se tamo ustvari desio &#8216;genocid&#8217;. Mi \u0107emo provjeriti, i ukoliko ne bude zakonskih prepreka ovaj spomenik \u0107emo nazvati &#8216;Spomenik genocida'\u201c, rekao je na\u010delnik Tati.<\/p>\n<p>Isti\u010du\u0107i \u017eelju da se identi\u010dan spomenik izgradi i u Poto\u010darima, Tati je kazao da je on podnio slu\u017ebene zahtjeve za takav projekat i da \u0107e, ukoliko bude izdata dozvola za izgradnju, spomenik biti izgra\u0111en sljede\u0107e godine.<\/p>\n<p>Izvor: <strong>Anadolija<\/strong><\/p>\n","protected":false},"excerpt":{"rendered":"<p>Turska &#8211; U znak sje\u0107anja na genocid u Srebrenici, u izmirskoj op\u0107ini Buca je izgra\u0111en spomenik \u201eSrebrenica\u201c, visok 11 metara, \u010dije otvorenje je planirano 11. jula ove godine, na dan obilje\u017eavanja godi\u0161njice ovog trgi\u010dnog doga\u0111aja u BiH. Na\u010delnik op\u0107ine Buca Ercan Tati je u izjavi za agenciju Anadolija istakao da je cilj ovog spomenika \u201eda [&hellip;]<\/p>\n","protected":false},"author":14,"featured_media":43924,"comment_status":"open","ping_status":"open","sticky":false,"template":"","format":"standard","meta":{"footnotes":""},"categories":[800,2860,8957,2692],"tags":[],"class_list":{"0":"post-43923","1":"post","2":"type-post","3":"status-publish","4":"format-standard","5":"has-post-thumbnail","7":"category-nacija","8":"category-bosna-i-hercegovina-gradovi","9":"category-vijesti-dana","10":"category-turska-gradovi"},"yoast_head":"<!-- This site is optimized with the Yoast SEO Premium plugin v23.1 (Yoast SEO v24.9) - https:\/\/yoast.com\/wordpress\/plugins\/seo\/ -->\n<title>Izgradnja spomenika \u017ertvama srebreni\u010dkog genoicida u Izmiru<\/title>\n<meta name=\"robots\" content=\"index, follow, max-snippet:-1, max-image-preview:large, max-video-preview:-1\" \/>\n<link rel=\"canonical\" href=\"https:\/\/sandzakpress.net\/arhiva\/izgradnja-spomenika-zrtvama-genoicida-u-srebrenici-u-izmiru\/\" \/>\n<meta property=\"og:locale\" content=\"bs_BA\" \/>\n<meta property=\"og:type\" content=\"article\" \/>\n<meta property=\"og:title\" content=\"Izgradnja spomenika \u017ertvama srebreni\u010dkog genoicida u Izmiru\" \/>\n<meta property=\"og:description\" content=\"Turska &#8211; U znak sje\u0107anja na genocid u Srebrenici, u izmirskoj op\u0107ini Buca je izgra\u0111en spomenik \u201eSrebrenica\u201c, visok 11 metara, \u010dije otvorenje je planirano 11. jula ove godine, na dan obilje\u017eavanja godi\u0161njice ovog trgi\u010dnog doga\u0111aja u BiH. Na\u010delnik op\u0107ine Buca Ercan Tati je u izjavi za agenciju Anadolija istakao da je cilj ovog spomenika \u201eda [&hellip;]\" \/>\n<meta property=\"og:url\" content=\"https:\/\/sandzakpress.net\/arhiva\/izgradnja-spomenika-zrtvama-genoicida-u-srebrenici-u-izmiru\/\" \/>\n<meta property=\"og:site_name\" content=\"Sand\u017eak PRESS\" \/>\n<meta property=\"article:published_time\" content=\"2012-07-02T14:22:31+00:00\" \/>\n<meta property=\"article:modified_time\" content=\"2012-07-02T15:42:16+00:00\" \/>\n<meta property=\"og:image\" content=\"https:\/\/sandzakpress.net\/arhiva\/wp-content\/uploads\/2012\/07\/spomenik-u-izmiru-za-srebrenicu.jpg\" \/>\n\t<meta property=\"og:image:width\" content=\"609\" \/>\n\t<meta property=\"og:image:height\" content=\"424\" \/>\n\t<meta property=\"og:image:type\" content=\"image\/jpeg\" \/>\n<meta name=\"twitter:card\" content=\"summary_large_image\" \/>\n<meta name=\"twitter:label1\" content=\"Written by\" \/>\n\t<meta name=\"twitter:data1\" content=\"\" \/>\n\t<meta name=\"twitter:label2\" content=\"Est. reading time\" \/>\n\t<meta name=\"twitter:data2\" content=\"2 minute\" \/>\n<script type=\"application\/ld+json\" class=\"yoast-schema-graph\">{\"@context\":\"https:\/\/schema.org\",\"@graph\":[{\"@type\":\"Article\",\"@id\":\"https:\/\/sandzakpress.net\/arhiva\/izgradnja-spomenika-zrtvama-genoicida-u-srebrenici-u-izmiru\/#article\",\"isPartOf\":{\"@id\":\"https:\/\/sandzakpress.net\/arhiva\/izgradnja-spomenika-zrtvama-genoicida-u-srebrenici-u-izmiru\/\"},\"author\":{\"name\":\"\",\"@id\":\"\"},\"headline\":\"Izgradnja spomenika \u017ertvama srebreni\u010dkog genoicida u Izmiru\",\"datePublished\":\"2012-07-02T14:22:31+00:00\",\"dateModified\":\"2012-07-02T15:42:16+00:00\",\"mainEntityOfPage\":{\"@id\":\"https:\/\/sandzakpress.net\/arhiva\/izgradnja-spomenika-zrtvama-genoicida-u-srebrenici-u-izmiru\/\"},\"wordCount\":337,\"commentCount\":3,\"publisher\":{\"@id\":\"https:\/\/sandzakpress.net\/arhiva\/#\/schema\/person\/6e72b67d6e51910a1117b3b483ba20bd\"},\"image\":{\"@id\":\"https:\/\/sandzakpress.net\/arhiva\/izgradnja-spomenika-zrtvama-genoicida-u-srebrenici-u-izmiru\/#primaryimage\"},\"thumbnailUrl\":\"https:\/\/sandzakpress.net\/arhiva\/wp-content\/uploads\/2012\/07\/spomenik-u-izmiru-za-srebrenicu.jpg\",\"articleSection\":[\"Nacija\",\"Bosna i Hercegovina\",\"VIJESTI DANA\",\"Turska\"],\"inLanguage\":\"bs-BA\",\"potentialAction\":[{\"@type\":\"CommentAction\",\"name\":\"Comment\",\"target\":[\"https:\/\/sandzakpress.net\/arhiva\/izgradnja-spomenika-zrtvama-genoicida-u-srebrenici-u-izmiru\/#respond\"]}]},{\"@type\":\"WebPage\",\"@id\":\"https:\/\/sandzakpress.net\/arhiva\/izgradnja-spomenika-zrtvama-genoicida-u-srebrenici-u-izmiru\/\",\"url\":\"https:\/\/sandzakpress.net\/arhiva\/izgradnja-spomenika-zrtvama-genoicida-u-srebrenici-u-izmiru\/\",\"name\":\"Izgradnja spomenika \u017ertvama srebreni\u010dkog genoicida u Izmiru\",\"isPartOf\":{\"@id\":\"https:\/\/sandzakpress.net\/arhiva\/#website\"},\"primaryImageOfPage\":{\"@id\":\"https:\/\/sandzakpress.net\/arhiva\/izgradnja-spomenika-zrtvama-genoicida-u-srebrenici-u-izmiru\/#primaryimage\"},\"image\":{\"@id\":\"https:\/\/sandzakpress.net\/arhiva\/izgradnja-spomenika-zrtvama-genoicida-u-srebrenici-u-izmiru\/#primaryimage\"},\"thumbnailUrl\":\"https:\/\/sandzakpress.net\/arhiva\/wp-content\/uploads\/2012\/07\/spomenik-u-izmiru-za-srebrenicu.jpg\",\"datePublished\":\"2012-07-02T14:22:31+00:00\",\"dateModified\":\"2012-07-02T15:42:16+00:00\",\"breadcrumb\":{\"@id\":\"https:\/\/sandzakpress.net\/arhiva\/izgradnja-spomenika-zrtvama-genoicida-u-srebrenici-u-izmiru\/#breadcrumb\"},\"inLanguage\":\"bs-BA\",\"potentialAction\":[{\"@type\":\"ReadAction\",\"target\":[\"https:\/\/sandzakpress.net\/arhiva\/izgradnja-spomenika-zrtvama-genoicida-u-srebrenici-u-izmiru\/\"]}]},{\"@type\":\"ImageObject\",\"inLanguage\":\"bs-BA\",\"@id\":\"https:\/\/sandzakpress.net\/arhiva\/izgradnja-spomenika-zrtvama-genoicida-u-srebrenici-u-izmiru\/#primaryimage\",\"url\":\"https:\/\/sandzakpress.net\/arhiva\/wp-content\/uploads\/2012\/07\/spomenik-u-izmiru-za-srebrenicu.jpg\",\"contentUrl\":\"https:\/\/sandzakpress.net\/arhiva\/wp-content\/uploads\/2012\/07\/spomenik-u-izmiru-za-srebrenicu.jpg\",\"width\":609,\"height\":424},{\"@type\":\"BreadcrumbList\",\"@id\":\"https:\/\/sandzakpress.net\/arhiva\/izgradnja-spomenika-zrtvama-genoicida-u-srebrenici-u-izmiru\/#breadcrumb\",\"itemListElement\":[{\"@type\":\"ListItem\",\"position\":1,\"name\":\"Home\",\"item\":\"https:\/\/sandzakpress.net\/arhiva\/\"},{\"@type\":\"ListItem\",\"position\":2,\"name\":\"Izgradnja spomenika \u017ertvama srebreni\u010dkog genoicida u Izmiru\"}]},{\"@type\":\"WebSite\",\"@id\":\"https:\/\/sandzakpress.net\/arhiva\/#website\",\"url\":\"https:\/\/sandzakpress.net\/arhiva\/\",\"name\":\"Sand\u017eak PRESS\",\"description\":\"Prve elektronske novine u Sand\u017eaku\",\"publisher\":{\"@id\":\"https:\/\/sandzakpress.net\/arhiva\/#\/schema\/person\/6e72b67d6e51910a1117b3b483ba20bd\"},\"potentialAction\":[{\"@type\":\"SearchAction\",\"target\":{\"@type\":\"EntryPoint\",\"urlTemplate\":\"https:\/\/sandzakpress.net\/arhiva\/?s={search_term_string}\"},\"query-input\":{\"@type\":\"PropertyValueSpecification\",\"valueRequired\":true,\"valueName\":\"search_term_string\"}}],\"inLanguage\":\"bs-BA\"},{\"@type\":[\"Person\",\"Organization\"],\"@id\":\"https:\/\/sandzakpress.net\/arhiva\/#\/schema\/person\/6e72b67d6e51910a1117b3b483ba20bd\",\"name\":\"Kul\",\"image\":{\"@type\":\"ImageObject\",\"inLanguage\":\"bs-BA\",\"@id\":\"https:\/\/sandzakpress.net\/arhiva\/#\/schema\/person\/image\/\",\"url\":\"https:\/\/secure.gravatar.com\/avatar\/42263f39aa27ac04c43cab85c280eb2e?s=96&d=mm&r=pg\",\"contentUrl\":\"https:\/\/secure.gravatar.com\/avatar\/42263f39aa27ac04c43cab85c280eb2e?s=96&d=mm&r=pg\",\"caption\":\"Kul\"},\"logo\":{\"@id\":\"https:\/\/sandzakpress.net\/arhiva\/#\/schema\/person\/image\/\"}},{\"@type\":\"Person\",\"@id\":\"\",\"url\":\"https:\/\/sandzakpress.net\/arhiva\/author\/\"}]}<\/script>\n<!-- \/ Yoast SEO Premium plugin. -->","yoast_head_json":{"title":"Izgradnja spomenika \u017ertvama srebreni\u010dkog genoicida u Izmiru","robots":{"index":"index","follow":"follow","max-snippet":"max-snippet:-1","max-image-preview":"max-image-preview:large","max-video-preview":"max-video-preview:-1"},"canonical":"https:\/\/sandzakpress.net\/arhiva\/izgradnja-spomenika-zrtvama-genoicida-u-srebrenici-u-izmiru\/","og_locale":"bs_BA","og_type":"article","og_title":"Izgradnja spomenika \u017ertvama srebreni\u010dkog genoicida u Izmiru","og_description":"Turska &#8211; U znak sje\u0107anja na genocid u Srebrenici, u izmirskoj op\u0107ini Buca je izgra\u0111en spomenik \u201eSrebrenica\u201c, visok 11 metara, \u010dije otvorenje je planirano 11. jula ove godine, na dan obilje\u017eavanja godi\u0161njice ovog trgi\u010dnog doga\u0111aja u BiH. Na\u010delnik op\u0107ine Buca Ercan Tati je u izjavi za agenciju Anadolija istakao da je cilj ovog spomenika \u201eda [&hellip;]","og_url":"https:\/\/sandzakpress.net\/arhiva\/izgradnja-spomenika-zrtvama-genoicida-u-srebrenici-u-izmiru\/","og_site_name":"Sand\u017eak PRESS","article_published_time":"2012-07-02T14:22:31+00:00","article_modified_time":"2012-07-02T15:42:16+00:00","og_image":[{"width":609,"height":424,"url":"https:\/\/sandzakpress.net\/arhiva\/wp-content\/uploads\/2012\/07\/spomenik-u-izmiru-za-srebrenicu.jpg","type":"image\/jpeg"}],"twitter_card":"summary_large_image","twitter_misc":{"Written by":"","Est. reading time":"2 minute"},"schema":{"@context":"https:\/\/schema.org","@graph":[{"@type":"Article","@id":"https:\/\/sandzakpress.net\/arhiva\/izgradnja-spomenika-zrtvama-genoicida-u-srebrenici-u-izmiru\/#article","isPartOf":{"@id":"https:\/\/sandzakpress.net\/arhiva\/izgradnja-spomenika-zrtvama-genoicida-u-srebrenici-u-izmiru\/"},"author":{"name":"","@id":""},"headline":"Izgradnja spomenika \u017ertvama srebreni\u010dkog genoicida u Izmiru","datePublished":"2012-07-02T14:22:31+00:00","dateModified":"2012-07-02T15:42:16+00:00","mainEntityOfPage":{"@id":"https:\/\/sandzakpress.net\/arhiva\/izgradnja-spomenika-zrtvama-genoicida-u-srebrenici-u-izmiru\/"},"wordCount":337,"commentCount":3,"publisher":{"@id":"https:\/\/sandzakpress.net\/arhiva\/#\/schema\/person\/6e72b67d6e51910a1117b3b483ba20bd"},"image":{"@id":"https:\/\/sandzakpress.net\/arhiva\/izgradnja-spomenika-zrtvama-genoicida-u-srebrenici-u-izmiru\/#primaryimage"},"thumbnailUrl":"https:\/\/sandzakpress.net\/arhiva\/wp-content\/uploads\/2012\/07\/spomenik-u-izmiru-za-srebrenicu.jpg","articleSection":["Nacija","Bosna i Hercegovina","VIJESTI DANA","Turska"],"inLanguage":"bs-BA","potentialAction":[{"@type":"CommentAction","name":"Comment","target":["https:\/\/sandzakpress.net\/arhiva\/izgradnja-spomenika-zrtvama-genoicida-u-srebrenici-u-izmiru\/#respond"]}]},{"@type":"WebPage","@id":"https:\/\/sandzakpress.net\/arhiva\/izgradnja-spomenika-zrtvama-genoicida-u-srebrenici-u-izmiru\/","url":"https:\/\/sandzakpress.net\/arhiva\/izgradnja-spomenika-zrtvama-genoicida-u-srebrenici-u-izmiru\/","name":"Izgradnja spomenika \u017ertvama srebreni\u010dkog genoicida u Izmiru","isPartOf":{"@id":"https:\/\/sandzakpress.net\/arhiva\/#website"},"primaryImageOfPage":{"@id":"https:\/\/sandzakpress.net\/arhiva\/izgradnja-spomenika-zrtvama-genoicida-u-srebrenici-u-izmiru\/#primaryimage"},"image":{"@id":"https:\/\/sandzakpress.net\/arhiva\/izgradnja-spomenika-zrtvama-genoicida-u-srebrenici-u-izmiru\/#primaryimage"},"thumbnailUrl":"https:\/\/sandzakpress.net\/arhiva\/wp-content\/uploads\/2012\/07\/spomenik-u-izmiru-za-srebrenicu.jpg","datePublished":"2012-07-02T14:22:31+00:00","dateModified":"2012-07-02T15:42:16+00:00","breadcrumb":{"@id":"https:\/\/sandzakpress.net\/arhiva\/izgradnja-spomenika-zrtvama-genoicida-u-srebrenici-u-izmiru\/#breadcrumb"},"inLanguage":"bs-BA","potentialAction":[{"@type":"ReadAction","target":["https:\/\/sandzakpress.net\/arhiva\/izgradnja-spomenika-zrtvama-genoicida-u-srebrenici-u-izmiru\/"]}]},{"@type":"ImageObject","inLanguage":"bs-BA","@id":"https:\/\/sandzakpress.net\/arhiva\/izgradnja-spomenika-zrtvama-genoicida-u-srebrenici-u-izmiru\/#primaryimage","url":"https:\/\/sandzakpress.net\/arhiva\/wp-content\/uploads\/2012\/07\/spomenik-u-izmiru-za-srebrenicu.jpg","contentUrl":"https:\/\/sandzakpress.net\/arhiva\/wp-content\/uploads\/2012\/07\/spomenik-u-izmiru-za-srebrenicu.jpg","width":609,"height":424},{"@type":"BreadcrumbList","@id":"https:\/\/sandzakpress.net\/arhiva\/izgradnja-spomenika-zrtvama-genoicida-u-srebrenici-u-izmiru\/#breadcrumb","itemListElement":[{"@type":"ListItem","position":1,"name":"Home","item":"https:\/\/sandzakpress.net\/arhiva\/"},{"@type":"ListItem","position":2,"name":"Izgradnja spomenika \u017ertvama srebreni\u010dkog genoicida u Izmiru"}]},{"@type":"WebSite","@id":"https:\/\/sandzakpress.net\/arhiva\/#website","url":"https:\/\/sandzakpress.net\/arhiva\/","name":"Sand\u017eak PRESS","description":"Prve elektronske novine u Sand\u017eaku","publisher":{"@id":"https:\/\/sandzakpress.net\/arhiva\/#\/schema\/person\/6e72b67d6e51910a1117b3b483ba20bd"},"potentialAction":[{"@type":"SearchAction","target":{"@type":"EntryPoint","urlTemplate":"https:\/\/sandzakpress.net\/arhiva\/?s={search_term_string}"},"query-input":{"@type":"PropertyValueSpecification","valueRequired":true,"valueName":"search_term_string"}}],"inLanguage":"bs-BA"},{"@type":["Person","Organization"],"@id":"https:\/\/sandzakpress.net\/arhiva\/#\/schema\/person\/6e72b67d6e51910a1117b3b483ba20bd","name":"Kul","image":{"@type":"ImageObject","inLanguage":"bs-BA","@id":"https:\/\/sandzakpress.net\/arhiva\/#\/schema\/person\/image\/","url":"https:\/\/secure.gravatar.com\/avatar\/42263f39aa27ac04c43cab85c280eb2e?s=96&d=mm&r=pg","contentUrl":"https:\/\/secure.gravatar.com\/avatar\/42263f39aa27ac04c43cab85c280eb2e?s=96&d=mm&r=pg","caption":"Kul"},"logo":{"@id":"https:\/\/sandzakpress.net\/arhiva\/#\/schema\/person\/image\/"}},{"@type":"Person","@id":"","url":"https:\/\/sandzakpress.net\/arhiva\/author\/"}]}},"_links":{"self":[{"href":"https:\/\/sandzakpress.net\/arhiva\/wp-json\/wp\/v2\/posts\/43923"}],"collection":[{"href":"https:\/\/sandzakpress.net\/arhiva\/wp-json\/wp\/v2\/posts"}],"about":[{"href":"https:\/\/sandzakpress.net\/arhiva\/wp-json\/wp\/v2\/types\/post"}],"author":[{"embeddable":true,"href":"https:\/\/sandzakpress.net\/arhiva\/wp-json\/wp\/v2\/users\/14"}],"replies":[{"embeddable":true,"href":"https:\/\/sandzakpress.net\/arhiva\/wp-json\/wp\/v2\/comments?post=43923"}],"version-history":[{"count":0,"href":"https:\/\/sandzakpress.net\/arhiva\/wp-json\/wp\/v2\/posts\/43923\/revisions"}],"wp:featuredmedia":[{"embeddable":true,"href":"https:\/\/sandzakpress.net\/arhiva\/wp-json\/wp\/v2\/media\/43924"}],"wp:attachment":[{"href":"https:\/\/sandzakpress.net\/arhiva\/wp-json\/wp\/v2\/media?parent=43923"}],"wp:term":[{"taxonomy":"category","embeddable":true,"href":"https:\/\/sandzakpress.net\/arhiva\/wp-json\/wp\/v2\/categories?post=43923"},{"taxonomy":"post_tag","embeddable":true,"href":"https:\/\/sandzakpress.net\/arhiva\/wp-json\/wp\/v2\/tags?post=43923"}],"curies":[{"name":"wp","href":"https:\/\/api.w.org\/{rel}","templated":true}]}}