{"id":43804,"date":"2012-06-30T18:46:23","date_gmt":"2012-06-30T16:46:23","guid":{"rendered":"https:\/\/sandzakpress.net\/arhiva\/?p=43804"},"modified":"2012-06-30T18:51:18","modified_gmt":"2012-06-30T16:51:18","slug":"dinastija-jusufspahica","status":"publish","type":"post","link":"https:\/\/sandzakpress.net\/arhiva\/dinastija-jusufspahica\/","title":{"rendered":"Dinastija Jusufspahi\u0107a"},"content":{"rendered":"<p><a href=\"https:\/\/sandzakpress.net\/arhiva\/wp-content\/uploads\/2012\/06\/Jusufspahic_iznad_svih_big1.jpg\"><img loading=\"lazy\" decoding=\"async\" class=\"aligncenter size-full wp-image-43820\" title=\"Jusufspahic_iznad_svih_big\" src=\"https:\/\/sandzakpress.net\/arhiva\/wp-content\/uploads\/2012\/06\/Jusufspahic_iznad_svih_big1.jpg\" alt=\"\" width=\"368\" height=\"250\" \/><\/a>Srbija je imala nekoliko vladaju\u0107ih dinastija, a svaka od njih je, prije ili kasnije, izdala nacionalne interese i bila potisnuta od strane neke nove. Me\u0111utim, jedna srpska dinastija nikada nije izdala pa je tako postala fenomenom srpske historije. Dinastija Jusufspahi\u0107a je jedina za dr\u017eavu \u201edala sve\u201c, ali zauzvrat nije tra\u017eila ni\u0161ta &#8211; dovoljno im je to \u0161to mogu slu\u017eiti razli\u010ditim srpskim re\u017eimima.<\/p>\n<p><strong>Hamdija Jusufspahi\u0107\u00a0 \u2013 od Titovog prijatelja, preko Slobine \u201eprve ahmedije\u201c do poziva na\u00a0 d\u017eihad<\/strong><\/p>\n<figure id=\"attachment_43807\" aria-describedby=\"caption-attachment-43807\" style=\"width: 300px\" class=\"wp-caption alignright\"><a href=\"https:\/\/sandzakpress.net\/arhiva\/wp-content\/uploads\/2012\/06\/Josip-Broz-Tito1.jpg\"><img loading=\"lazy\" decoding=\"async\" class=\"size-medium wp-image-43807 \" title=\"Josip-Broz-Tito\" src=\"https:\/\/sandzakpress.net\/arhiva\/wp-content\/uploads\/2012\/06\/Josip-Broz-Tito1-300x225.jpg\" alt=\"\" width=\"300\" height=\"225\" \/><\/a><figcaption id=\"caption-attachment-43807\" class=\"wp-caption-text\">poslodavac H. Jusufspahi\u0107a<\/figcaption><\/figure>\n<figure id=\"attachment_43808\" aria-describedby=\"caption-attachment-43808\" style=\"width: 200px\" class=\"wp-caption alignleft\"><a href=\"https:\/\/sandzakpress.net\/arhiva\/wp-content\/uploads\/2012\/06\/milosevic1.jpg\"><img loading=\"lazy\" decoding=\"async\" class=\"size-full wp-image-43808 \" title=\"milosevic\" src=\"https:\/\/sandzakpress.net\/arhiva\/wp-content\/uploads\/2012\/06\/milosevic1.jpg\" alt=\"\" width=\"200\" height=\"257\" \/><\/a><figcaption id=\"caption-attachment-43808\" class=\"wp-caption-text\">poslodavac H. Jusufspahi\u0107a<\/figcaption><\/figure>\n<p><strong> <\/strong>Ro\u0111en u siroma\u0161noj romskoj porodici Jusufspahi\u0107a u selu Zanesovi\u0107i kod Bugojna, Hamdija se od samog po\u010detka morao snalaziti u \u017eivotu te pronalaziti najbolje modele za brzu zaradu u onda\u0161njem sistemu. Po\u0161to je \u017eivio u gradu koji je bio \u010desto odredi\u0161te jugoslovenskog diktatora, brzo su ga namirisali agenti obavje\u0161tajnih slu\u017ebi komunisti\u010dkog re\u017eima. Sve nakon toga je klasi\u010dna \u201eobavje\u0161tajska pri\u010da\u201c- zadatak po zadatak, izvje\u0161taj po izvje\u0161taj i mali Hamdija je dogurao do mjesta \u201emuftije beogradskog\u201c, gdje je \u201eustoli\u010den\u201c 1967. godine.<br \/>\nO tome kako je postao omiljeni Titov hod\u017ea sa sjetom je pri\u010dao u svojim brojnim intervjuima. Tom polo\u017eaju posebno je doprinijela njegova sposobnost slu\u0161anja i pam\u0107enja, o \u010demu govori i izjava iz jednog od intervjua: \u201eSa 18 godina pro\u010ditao sam <em>Kapital<\/em> Karla Marksa. Uskoro sam napamet nau\u010dio i\u00a0<em>Manifest<\/em> <em>komunisti\u010dke<\/em> <em>partije<\/em>. Hamdiji Pozdercu, zna se dobro ko je on i \u0161ta je bio u Bosni i Hercegovini u vrijeme SFRJ, jednom prilikom sam izrecitovao ceo\u00a0<em>Manifest<\/em>. Bio je zapanjen i zadivljen, jer je on uspio da se prisjeti samo nekoliko pasusa.&#8221; O toj mladala\u010dkoj lektiri ka\u017ee: &#8220;Ni\u0161ta mi nije smetalo da nau\u010dim i to i da budem muftija! Uspio sam da nau\u010dim i iz Kur'ana i iz Biblije, jer za ovo mjesto valja sve upoznati da bismo mogli uspje\u0161no raditi, po\u0161tovati se i sara\u0111ivati.\u201c Nakon \u0161to bi dokazao da je ve\u0107i komunista od tada\u0161njih visokih funkcionera komunisti\u010dke partije, bilo je vremena i za pokoju \u201eljutu\u201c sa Mar\u0161alom. U vremenu, dok su mnogi Bo\u0161njaci i Albanci pla\u0107ali glavom svoju odanost vjeri i naciji, kao temeljnim civilizacijskim vrijednostima, Jusufspahi\u0107i su u\u017eivali u blagodatima odanosti komunisti\u010dkom re\u017eimu, iza kojeg se uvijek krio srpski nacionalizam i teritorijalne pretenzije Srbije prema drugim republikama.<\/p>\n<p>Komunizam je pao i do\u0161ao je vi\u0161estrana\u010dki politi\u010dki sisitem, ali poslu\u0161nici su potrebni svakom re\u017eimu. Tako je polo\u017eaj Jusufspahi\u0107a ostao netaknut i pod Milo\u0161evi\u0107em, samo \u0161to su mu se u obavljanju poslova, zbog starosti, pridru\u017eili i sinovi. Pored toga \u0161to je Hamdija bio \u201ejedina ahmedija\u201c na \u010duvenom Slobinom gazimestanskom mitingu, Jusufspahi\u0107i su tada\u0161nji re\u017eim, ali i cijeli srpski narod zadu\u017eili i drugim aktivnostima. Za vrijeme srpskih oru\u017eanih agresija na Hrvatsku, Republiku BiH i Republiku Kosovo Jusufspahi\u0107i su \u017emirili na oba oka. Nisu ni pomi\u0161ljali osuditi sva ona zlodjela koja su Srbi po\u010dinili u susjednim dr\u017eavama. Potom su otvoreno lobirali kod svih muslimanskih dr\u017eava, sa kojima je Srbija imala diplomatske odnose, da ne priznaju kosovsku nezavisnost. Ni\u0161ta manje nisu bili aktivni i u opovrgavanju tvrdnji o genocidu nad Bo\u0161njacima u Bosni jer, zaboga, njih u Beogradu niko ne dira i \u017eive sasvim normalnim \u017eivotom, a to u Bosni je obi\u010dni me\u0111uetni\u010dki sukob, a ne agresija. Me\u0111utim, \u00a0pravi vulkan patriotizma prema Srbiji eruptirao je za vrijeme NATO-vog bombardovanja, kada se Hamdija Jusufspahi\u0107 priklju\u010dio antiameri\u010dkoj propagandi, izdavaju\u0107i re\u017eimske fetve o d\u017eihadu protiv SAD-a. Osporavaju\u0107i legitimnu vojnu intervenciju NATO-a,\u00a0 Jusufspahi\u0107 je u \u017earu ljubavi prema domovini Srbiji optu\u017eio SAD za, kako to sam veli, \u201edr\u017eavni terorizam\u201c i pozvao sve muslimane u Srbiji da se odupru \u201eovom zlu\u201c ne \u017eale\u0107i svoje \u017eivote. Tako je postao jedini \u201evjerski\u201c predstavnik na Balkanu, koji je javno pozivao na terorizam. Nakon burnih reakcija doma\u0107e i me\u0111unarodne javnosti, Jusufspahi\u0107i su poku\u0161ali opravdati skandalozne izjave svoga oca nude\u0107i teze o \u201etrenutnoj neura\u010dunljivosti\u201c i \u201epogor\u0161anju \u0161e\u0107erne bolesti\u201c.<\/p>\n<p>Svi oni, koji su mislili da iza izjava Hamdije Jusufspahi\u0107a stoje obi\u010dne \u017eelje \u201eza dokazivanjem\u201c i jeftinim populizmom, ostali su zapanjeni kada su njegove prijetnje realizirane u napadu na Ambasadu SAD-a u Sarajevu, a kojeg je izveo srbijanski terorista Mevlid Ja\u0161arevi\u0107.<\/p>\n<p><strong>Mevlid Ja\u0161arevi\u0107 je proizvod Jusufspahi\u0107a <\/strong><\/p>\n<p>\u010clanovi dinastije Jusufspahi\u0107a su nebrojeno puta pokazali svoju fleksibilnost prilago\u0111avaju\u0107i se razli\u010ditim re\u017eimima i ideologijama. Tako su se dobro sna\u0161li i u \u201evremenu demokratije\u201c. Premda je Hamdija Jusufspahi\u0107 I deklalirani Jugosloven i jugonostalgi\u010dar starog kova, on pokazuje veoma izra\u017een, \u010desto i prenagla\u0161en, osje\u0107aj za srpsku dr\u017eavu i srpstvo. U kriti\u010dnim trenucima novije srpske historije Jusufspahi\u0107i su u svome \u201epatriotizmu\u201c nadma\u0161ili i vi\u0161egodi\u0161njeg prvaka Rasima Ljaji\u0107a<\/p>\n<table cellspacing=\"0\" cellpadding=\"0\" width=\"100%\">\n<tbody>\n<tr>\n<td><\/td>\n<\/tr>\n<\/tbody>\n<\/table>\n<p>Sarajevski mediji ve\u0107 odavno pi\u0161u o jednom srbijanskom projektu koji je svoju konkrertizaciju do\u017eivio u bosanskom selu Gornja Mao\u010da. Javna je tajna da su ovu zajednicu osnovali srbijanski dr\u017eavljani koji su u BiH do\u0161li iz Austrije. Ljudi poput Idriza Biljibanija i Huseina Ademija, tako\u0111er, \u010dine \u201eprvake ove zajednice\u201c. Biljibini je iz kosovskog grada Prizrena, blizak je prijatelj nekada\u0161njeg beogradskog muftije Hamdije Jusufspahi\u0107a, a u BiH je doselio prije ne\u0161to vi\u0161e od godinu dana, sa zada\u0107om da bosanske muslimane \u201evrati na pravi put\u201c. Husein Ademi zvani Ebu Idriz je, opet, Rom iz Skopja koji, znakovito, nije u svojoj rodnoj Makedoniji pozivao na uspostavu \u201e\u0161erijatske dr\u017eave\u201c, kao \u0161to to \u010dini u BiH. \u010clan ove skupine bio je i Mevlid Ja\u0161arevi\u0107, kome je i povjeren zadatak napada na ambasadu SAD-a u Sarajevu. Taj doga\u0111aj nas je opomenuo da su Jusufspahi\u0107i bili ozbiljni kada su upu\u0107ivali prijetnje gra\u0111anima SAD-a, ali su , pored toga, naru\u0161ili stabilnost i me\u0111unarodni ugled\u00a0 BiH. Klju\u010dni \u010dovjek, koji se dovodi u vezu sa aktivnostima ovakvih i sli\u010dnih organizacija\u00a0 je Adem Balkan (Adem Demirovi\u0107), ina\u010de dr\u017eavljanin Srbije, a koji \u017eivi i radi u Austriji. Koliko su slu\u017ebenici \u201esrpskog rijaseta\u201c i tzv. IZ Srbije upleteni u ove sumnjive aktivnosti mo\u017eemo vidjeti iz primjera Muhameda Demirovi\u0107a, koji je brat pomenutog Adema Balkana, ali i jedan od najodanijih ljudi Adema Zilki\u0107a. Da stvar bude gora, Muhamed Demirovi\u0107 je predsjednik udru\u017eenja gra\u0111ana \u201eSvjetionik\u201c u Novom Pazaru, a koje je osnovano na inicijativu njegovog u\u010ditelja iz Orahovca, Sulejmana Bugarija, privremeno nastanjenog u Sarajevu.<\/p>\n<figure id=\"attachment_43809\" aria-describedby=\"caption-attachment-43809\" style=\"width: 300px\" class=\"wp-caption alignright\"><a href=\"https:\/\/sandzakpress.net\/arhiva\/wp-content\/uploads\/2012\/06\/0111683ed6c1233a763d8cf1785bef69.jpg\"><img loading=\"lazy\" decoding=\"async\" class=\"size-medium wp-image-43809\" title=\"0111683ed6c1233a763d8cf1785bef69\" src=\"https:\/\/sandzakpress.net\/arhiva\/wp-content\/uploads\/2012\/06\/0111683ed6c1233a763d8cf1785bef69-300x216.jpg\" alt=\"\" width=\"300\" height=\"216\" \/><\/a><figcaption id=\"caption-attachment-43809\" class=\"wp-caption-text\">M. Jusufspahi\u0107 na slu\u017ebenom prijemu kod Bakira Izetbegovi\u0107a<\/figcaption><\/figure>\n<p>Ono \u0161to, u ovoj cijeloj pri\u010di, najvi\u0161e \u010dudi jeste \u010dinjenica da se bo\u0161nja\u010dki \u010dlan Predsjedni\u0161tva BiH Bakir Izetbegovi\u0107, pro\u0161le godine, slu\u017ebeno sastao sa samoprozvanim \u201emuftijom beogradskim\u201c M. Jusufspahi\u0107em, nasljednikom Hamdije. Iako ta vijest nije objavljena na zvani\u010dnoj stranici Predsjedni\u0161tva, objavio ju je srpski \u201erijaset\u201c zajedno sa prate\u0107im fotografijama. Narod se sa pravom pita \u0161ta gospodin Izetbegovi\u0107 ima zajedni\u010dko sa provjerenim slu\u017ebenikom Srbije, te \u0161ta \u010dovjek, \u010diji je otac otvoreno pozivao na rat protiv SAD-a i \u010diji su hu\u0161ka\u010dki antiameri\u010dki govori bili inspiracija teroristi\u010dkom napadu u Sarajevu, radi u Predsjedni\u0161tvu dr\u017eave, koja svoj opstanak treba ponajprije zahvaliti SAD-u?! Jedino logi\u010dno obja\u0161njenje saradnje izme\u0111u M. Jusufspahi\u0107a i Bakira Izetbegovi\u0107a treba tra\u017eiti u \u010dinjenici da je Hamdija Jusufspahi\u0107 svojevremeno anga\u017eovao advokata Rajka Danilovi\u0107a kako bi zastupao interese rahmetli Alije Izetbegovi\u0107a i grupe bo\u0161nja\u010dkih inetelktualaca u poznatom \u201eSarajevskom procesu\u201c 1983.<\/p>\n<table cellspacing=\"0\" cellpadding=\"0\" width=\"100%\">\n<tbody>\n<tr>\n<td><\/td>\n<\/tr>\n<\/tbody>\n<\/table>\n<figure id=\"attachment_43811\" aria-describedby=\"caption-attachment-43811\" style=\"width: 300px\" class=\"wp-caption alignleft\"><a href=\"https:\/\/sandzakpress.net\/arhiva\/wp-content\/uploads\/2012\/06\/kustr-jusufspas1.png\"><img loading=\"lazy\" decoding=\"async\" class=\"size-medium wp-image-43811\" title=\"kustr jusufspas\" src=\"https:\/\/sandzakpress.net\/arhiva\/wp-content\/uploads\/2012\/06\/kustr-jusufspas1-300x223.png\" alt=\"\" width=\"300\" height=\"223\" \/><\/a><figcaption id=\"caption-attachment-43811\" class=\"wp-caption-text\">Vi\u0161egrad 28. 6. 2012: Nemanja Kusturica, Milorad Dodik, vladika hercegova\u010dki Grigorije i M. Jusufspahi\u0107<\/figcaption><\/figure>\n<p>Da je Vidovdan u\u0161ao u slu\u017ebeni kalendar dinastije Jusfspahi\u0107a pokazala je i tradicija prisustvovanja \u010dlanova ove porodice na razli\u010ditim vidovdanskim sve\u010danostima. Kao \u0161to je Hamdija Jusufspahi\u0107 aplaudirao Slobodanu Milo\u0161evi\u0107u na Vidovdan 1989., tako je i Jusufspahi\u0107 mla\u0111i na Vidovdan 2012. prisustvovao bizarnoj sve\u010danosti otkrivanja biste Ive Andri\u0107a u Vi\u0161egradu, gradu u kojem je izvr\u0161en genocid nad Bo\u0161njacma. U danima kada se Bo\u0161njaci bore da naziv genocid ostane upisan na spomeniku vi\u0161egradskim \u017ertvama, M. Jusufspahi\u0107 u dru\u0161tvu Milorada Dodika, Nemanje Kusturice te vladike hercegova\u010dkog Grigorija nazdravlja jo\u0161 jednom srpskom kvazikulturnom, morbidnom\u00a0 projektu.<\/p>\n<p><strong>Maki\u0107i \u2013 Slu\u017eba za prljave poslove<\/strong><\/p>\n<table cellspacing=\"0\" cellpadding=\"0\" width=\"100%\">\n<tbody>\n<tr>\n<td><\/td>\n<\/tr>\n<\/tbody>\n<\/table>\n<table cellspacing=\"0\" cellpadding=\"0\" width=\"100%\">\n<tbody>\n<tr>\n<td>U Sand\u017eaku je smje\u0161tena \u201eSlu\u017eba za prljave poslove\u201c dinastije Jusufspahi\u0107, a njen neprikosnoveni \u0161ef je Mustafa Maki\u0107. Maki\u0107i su, tako\u0111er, jedna od porodica koja ula\u017ee ogromne napore u procesu srbizacije i marginalizacije Bo\u0161njaka Sand\u017eaka. Period Milo\u0161evi\u0107evog re\u017eima predstavlja zlatno razdoblje djelovanja Maki\u0107a. Tada su Maki\u0107i odre\u0111ivali ko i pod kojim uvjetima mo\u017ee biti pritvoren ili pak pu\u0161ten iz zatvora, ali i utvr\u0111ivali cijenu slobode.<\/td>\n<\/tr>\n<\/tbody>\n<\/table>\n<figure id=\"attachment_43813\" aria-describedby=\"caption-attachment-43813\" style=\"width: 300px\" class=\"wp-caption alignright\"><a href=\"https:\/\/sandzakpress.net\/arhiva\/wp-content\/uploads\/2012\/06\/1318185771_braca1.jpg\"><img loading=\"lazy\" decoding=\"async\" class=\"size-medium wp-image-43813\" title=\"1318185771_braca1\" src=\"https:\/\/sandzakpress.net\/arhiva\/wp-content\/uploads\/2012\/06\/1318185771_braca1-300x183.jpg\" alt=\"\" width=\"300\" height=\"183\" \/><\/a><figcaption id=\"caption-attachment-43813\" class=\"wp-caption-text\">Srpski patrijarh me\u0111u Maki\u0107ima<\/figcaption><\/figure>\n<p>Rane devedesete godine pro\u0161log stolje\u0107a obilje\u017eene su bu\u0111enjem nacionalne i vjerske svijesti Bo\u0161njaka. Nevolja je bila u tome \u0161to su u prve redove bo\u0161nja\u010dkih predstavnika Sand\u017eaka instalirani \u201esrpski igra\u010di\u201c, tako da je san o autonomiji bio pokopan sve do posljednje inicijative uva\u017eenog muftije Muamera ef. Zukorli\u0107a. U godinama, kada je uveliko trajala srpsko-crnogorska agresija na R BiH, Bo\u0161njaci Sand\u017eaka su bili izlo\u017eeni nevi\u0111enim pritiscima i torturama tada\u0161njeg beogradskog re\u017eima. Maki\u0107i su u tim te\u0161kim vremenima, kada se \u010dekalo izbijanje rata i u Sand\u017eaku odra\u0111ivali prljavi posao tamo gdje je najpotrebnije &#8211; u narodu. Zbog zasluga u operaciji \u201elomljenja\u201c Bo\u0161njaka Sand\u017eaka, Mustafa Maki\u0107 je odlikovan od strane samog predsjednika tada\u0161nje Jugoslavije Slobodana Milo\u0161evi\u0107a. Milo\u0161evi\u0107 je, u znak zahvalnosti, svom odanom slu\u017ebeniku\u00a0 poklonio i automobil, kao i 70. 000 DM, \u010dime se Maki\u0107 \u010desto hvalio.<\/p>\n<p>Nakon svega, Jusfspahi\u0107i i Maki\u0107i su se okupili oko srbijanskog dr\u017eavnog projekta razbijanja Islamske zajednice u Srbiji. Ovaj najve\u0107i ljudski i moralni \u0161ljam je jo\u0161 jednom zaigrao po uputama Beograda, a cilj je bio osnivanje tzv. Rijaseta IZ Srbije sa sjedi\u0161tem u Beogradu. Na taj na\u010din bi se svi Bo\u0161njaci na\u0161li pod \u0161apom Beograda i svaki vid nacionalne i vjerske samosvijesti bio bi u startu ugu\u0161en. U tome ih je podr\u017eala i jedna grupa srpskih hod\u017ea, okupljenih oko Adema Zilki\u0107a. No, ovaj put su se ipak prera\u010dunali. Nai\u0161li su na jednu novu generaciju Bo\u0161njaka, predvo\u0111enu uva\u017eenim reis \u2013 ul &#8211; ulemom Mustafom ef. Ceri\u0107em i muftijom sand\u017ea\u010dkim Muamerom ef. Zukorli\u0107em. Zajedno sa svojim d\u017eematlijama Islamska zajednica u Srbiji je iz ove bitke iza\u0161la ja\u010da i jedinstvenija nego ikad.<\/p>\n<p>A \u0161ta \u0107e se desiti sa Jusufspahi\u0107ima, Maki\u0107ima, Zilki\u0107ima, Demirovi\u0107ima i drugim izdajnicima?! Dok god bude re\u017eima, bit \u0107e i posla za njih, samo je do Bo\u0161njaka da li \u0107e im taj posao i\u0107i glatko, ili \u0107e do\u017eivjeti neuspjeh. O tome, \u0161ta je za muslimane Srbije uradila najodanija srpska dinastija Jusfspahi\u0107a svjedo\u010di i podatak da od 1967. godine, kada je ustoli\u010den Jusufspahi\u0107 I, u Beogradu-gradu sa 250.000 muslimana, nije sagra\u0111ena niti jedna nova d\u017eamija, ali ni bilo koja druga institucija sa islamskim predznakom. Muslimani su jedina vjerska skupina koja u Beogradu nema groblje nego se ukopavaju po nemuslimanskim grobljima. Kakav je status muslimana u odnosu na druge najbolje pokazuje nedavni doga\u0111aj dodjeljivanja parcele za ukopavanje uginulih pasa i drugih ku\u0107nih ljubimaca u Beogradu, a za koju su se izborila udru\u017eenje za za\u0161titu \u017eivotinja. Tako su za nekoliko mjeseci od podno\u0161enja zahtjeva ova udru\u017eenja dobila tra\u017eeni prostor, a Jusufspahi\u0107i za 45 godina svoje \u201evladavine\u201c nisu uspjeli ni podnijeti sli\u010dan zahtjev za dodojelu zemlji\u0161ta. Jedina preostala beogradska Bajrakli d\u017eamija postala je obi\u010dni muzej u vlasni\u0161tvu dinastije Jusufspahi\u0107, a ve\u0107 odavno je igubila svoju primarnu ulogu. Slu\u017ei za kojekakve manifestacije prilikom pravljenja \u201esrpskih islamskih zajednica\u201c i za progla\u0161avanje kojekakvih \u201esrpskih reisova\u201c. Kada zatreba, dobro do\u0111e i za pokazivanje raznim diplomatama iz muslimanskih zemalja, jer na toleranciju danas svi padaju.<\/p>\n<p>Autor: <strong>A. J.<\/strong><\/p>\n","protected":false},"excerpt":{"rendered":"<p>Srbija je imala nekoliko vladaju\u0107ih dinastija, a svaka od njih je, prije ili kasnije, izdala nacionalne interese i bila potisnuta od strane neke nove. Me\u0111utim, jedna srpska dinastija nikada nije izdala pa je tako postala fenomenom srpske historije. Dinastija Jusufspahi\u0107a je jedina za dr\u017eavu \u201edala sve\u201c, ali zauzvrat nije tra\u017eila ni\u0161ta &#8211; dovoljno im je [&hellip;]<\/p>\n","protected":false},"author":14,"featured_media":43820,"comment_status":"open","ping_status":"open","sticky":false,"template":"","format":"standard","meta":{"footnotes":""},"categories":[16],"tags":[],"class_list":{"0":"post-43804","1":"post","2":"type-post","3":"status-publish","4":"format-standard","5":"has-post-thumbnail","7":"category-novine"},"yoast_head":"<!-- This site is optimized with the Yoast SEO Premium plugin v23.1 (Yoast SEO v24.9) - https:\/\/yoast.com\/wordpress\/plugins\/seo\/ -->\n<title>Dinastija Jusufspahi\u0107a<\/title>\n<meta name=\"robots\" content=\"index, follow, max-snippet:-1, max-image-preview:large, max-video-preview:-1\" \/>\n<link rel=\"canonical\" href=\"https:\/\/sandzakpress.net\/arhiva\/dinastija-jusufspahica\/\" \/>\n<meta property=\"og:locale\" content=\"bs_BA\" \/>\n<meta property=\"og:type\" content=\"article\" \/>\n<meta property=\"og:title\" content=\"Dinastija Jusufspahi\u0107a\" \/>\n<meta property=\"og:description\" content=\"Srbija je imala nekoliko vladaju\u0107ih dinastija, a svaka od njih je, prije ili kasnije, izdala nacionalne interese i bila potisnuta od strane neke nove. Me\u0111utim, jedna srpska dinastija nikada nije izdala pa je tako postala fenomenom srpske historije. Dinastija Jusufspahi\u0107a je jedina za dr\u017eavu \u201edala sve\u201c, ali zauzvrat nije tra\u017eila ni\u0161ta &#8211; dovoljno im je [&hellip;]\" \/>\n<meta property=\"og:url\" content=\"https:\/\/sandzakpress.net\/arhiva\/dinastija-jusufspahica\/\" \/>\n<meta property=\"og:site_name\" content=\"Sand\u017eak PRESS\" \/>\n<meta property=\"article:published_time\" content=\"2012-06-30T16:46:23+00:00\" \/>\n<meta property=\"article:modified_time\" content=\"2012-06-30T16:51:18+00:00\" \/>\n<meta property=\"og:image\" content=\"https:\/\/sandzakpress.net\/arhiva\/wp-content\/uploads\/2012\/06\/Jusufspahic_iznad_svih_big1.jpg\" \/>\n\t<meta property=\"og:image:width\" content=\"368\" \/>\n\t<meta property=\"og:image:height\" content=\"250\" \/>\n\t<meta property=\"og:image:type\" content=\"image\/jpeg\" \/>\n<meta name=\"twitter:card\" content=\"summary_large_image\" \/>\n<meta name=\"twitter:label1\" content=\"Written by\" \/>\n\t<meta name=\"twitter:data1\" content=\"\" \/>\n\t<meta name=\"twitter:label2\" content=\"Est. reading time\" \/>\n\t<meta name=\"twitter:data2\" content=\"11 minuta\" \/>\n<script type=\"application\/ld+json\" class=\"yoast-schema-graph\">{\"@context\":\"https:\/\/schema.org\",\"@graph\":[{\"@type\":\"Article\",\"@id\":\"https:\/\/sandzakpress.net\/arhiva\/dinastija-jusufspahica\/#article\",\"isPartOf\":{\"@id\":\"https:\/\/sandzakpress.net\/arhiva\/dinastija-jusufspahica\/\"},\"author\":{\"name\":\"\",\"@id\":\"\"},\"headline\":\"Dinastija Jusufspahi\u0107a\",\"datePublished\":\"2012-06-30T16:46:23+00:00\",\"dateModified\":\"2012-06-30T16:51:18+00:00\",\"mainEntityOfPage\":{\"@id\":\"https:\/\/sandzakpress.net\/arhiva\/dinastija-jusufspahica\/\"},\"wordCount\":2108,\"commentCount\":73,\"publisher\":{\"@id\":\"https:\/\/sandzakpress.net\/arhiva\/#\/schema\/person\/6e72b67d6e51910a1117b3b483ba20bd\"},\"image\":{\"@id\":\"https:\/\/sandzakpress.net\/arhiva\/dinastija-jusufspahica\/#primaryimage\"},\"thumbnailUrl\":\"https:\/\/sandzakpress.net\/arhiva\/wp-content\/uploads\/2012\/06\/Jusufspahic_iznad_svih_big1.jpg\",\"articleSection\":[\"Novine\"],\"inLanguage\":\"bs-BA\",\"potentialAction\":[{\"@type\":\"CommentAction\",\"name\":\"Comment\",\"target\":[\"https:\/\/sandzakpress.net\/arhiva\/dinastija-jusufspahica\/#respond\"]}]},{\"@type\":\"WebPage\",\"@id\":\"https:\/\/sandzakpress.net\/arhiva\/dinastija-jusufspahica\/\",\"url\":\"https:\/\/sandzakpress.net\/arhiva\/dinastija-jusufspahica\/\",\"name\":\"Dinastija Jusufspahi\u0107a\",\"isPartOf\":{\"@id\":\"https:\/\/sandzakpress.net\/arhiva\/#website\"},\"primaryImageOfPage\":{\"@id\":\"https:\/\/sandzakpress.net\/arhiva\/dinastija-jusufspahica\/#primaryimage\"},\"image\":{\"@id\":\"https:\/\/sandzakpress.net\/arhiva\/dinastija-jusufspahica\/#primaryimage\"},\"thumbnailUrl\":\"https:\/\/sandzakpress.net\/arhiva\/wp-content\/uploads\/2012\/06\/Jusufspahic_iznad_svih_big1.jpg\",\"datePublished\":\"2012-06-30T16:46:23+00:00\",\"dateModified\":\"2012-06-30T16:51:18+00:00\",\"breadcrumb\":{\"@id\":\"https:\/\/sandzakpress.net\/arhiva\/dinastija-jusufspahica\/#breadcrumb\"},\"inLanguage\":\"bs-BA\",\"potentialAction\":[{\"@type\":\"ReadAction\",\"target\":[\"https:\/\/sandzakpress.net\/arhiva\/dinastija-jusufspahica\/\"]}]},{\"@type\":\"ImageObject\",\"inLanguage\":\"bs-BA\",\"@id\":\"https:\/\/sandzakpress.net\/arhiva\/dinastija-jusufspahica\/#primaryimage\",\"url\":\"https:\/\/sandzakpress.net\/arhiva\/wp-content\/uploads\/2012\/06\/Jusufspahic_iznad_svih_big1.jpg\",\"contentUrl\":\"https:\/\/sandzakpress.net\/arhiva\/wp-content\/uploads\/2012\/06\/Jusufspahic_iznad_svih_big1.jpg\",\"width\":368,\"height\":250},{\"@type\":\"BreadcrumbList\",\"@id\":\"https:\/\/sandzakpress.net\/arhiva\/dinastija-jusufspahica\/#breadcrumb\",\"itemListElement\":[{\"@type\":\"ListItem\",\"position\":1,\"name\":\"Home\",\"item\":\"https:\/\/sandzakpress.net\/arhiva\/\"},{\"@type\":\"ListItem\",\"position\":2,\"name\":\"Dinastija Jusufspahi\u0107a\"}]},{\"@type\":\"WebSite\",\"@id\":\"https:\/\/sandzakpress.net\/arhiva\/#website\",\"url\":\"https:\/\/sandzakpress.net\/arhiva\/\",\"name\":\"Sand\u017eak PRESS\",\"description\":\"Prve elektronske novine u Sand\u017eaku\",\"publisher\":{\"@id\":\"https:\/\/sandzakpress.net\/arhiva\/#\/schema\/person\/6e72b67d6e51910a1117b3b483ba20bd\"},\"potentialAction\":[{\"@type\":\"SearchAction\",\"target\":{\"@type\":\"EntryPoint\",\"urlTemplate\":\"https:\/\/sandzakpress.net\/arhiva\/?s={search_term_string}\"},\"query-input\":{\"@type\":\"PropertyValueSpecification\",\"valueRequired\":true,\"valueName\":\"search_term_string\"}}],\"inLanguage\":\"bs-BA\"},{\"@type\":[\"Person\",\"Organization\"],\"@id\":\"https:\/\/sandzakpress.net\/arhiva\/#\/schema\/person\/6e72b67d6e51910a1117b3b483ba20bd\",\"name\":\"Kul\",\"image\":{\"@type\":\"ImageObject\",\"inLanguage\":\"bs-BA\",\"@id\":\"https:\/\/sandzakpress.net\/arhiva\/#\/schema\/person\/image\/\",\"url\":\"https:\/\/secure.gravatar.com\/avatar\/42263f39aa27ac04c43cab85c280eb2e?s=96&d=mm&r=pg\",\"contentUrl\":\"https:\/\/secure.gravatar.com\/avatar\/42263f39aa27ac04c43cab85c280eb2e?s=96&d=mm&r=pg\",\"caption\":\"Kul\"},\"logo\":{\"@id\":\"https:\/\/sandzakpress.net\/arhiva\/#\/schema\/person\/image\/\"}},{\"@type\":\"Person\",\"@id\":\"\",\"url\":\"https:\/\/sandzakpress.net\/arhiva\/author\/\"}]}<\/script>\n<!-- \/ Yoast SEO Premium plugin. -->","yoast_head_json":{"title":"Dinastija Jusufspahi\u0107a","robots":{"index":"index","follow":"follow","max-snippet":"max-snippet:-1","max-image-preview":"max-image-preview:large","max-video-preview":"max-video-preview:-1"},"canonical":"https:\/\/sandzakpress.net\/arhiva\/dinastija-jusufspahica\/","og_locale":"bs_BA","og_type":"article","og_title":"Dinastija Jusufspahi\u0107a","og_description":"Srbija je imala nekoliko vladaju\u0107ih dinastija, a svaka od njih je, prije ili kasnije, izdala nacionalne interese i bila potisnuta od strane neke nove. Me\u0111utim, jedna srpska dinastija nikada nije izdala pa je tako postala fenomenom srpske historije. Dinastija Jusufspahi\u0107a je jedina za dr\u017eavu \u201edala sve\u201c, ali zauzvrat nije tra\u017eila ni\u0161ta &#8211; dovoljno im je [&hellip;]","og_url":"https:\/\/sandzakpress.net\/arhiva\/dinastija-jusufspahica\/","og_site_name":"Sand\u017eak PRESS","article_published_time":"2012-06-30T16:46:23+00:00","article_modified_time":"2012-06-30T16:51:18+00:00","og_image":[{"width":368,"height":250,"url":"https:\/\/sandzakpress.net\/arhiva\/wp-content\/uploads\/2012\/06\/Jusufspahic_iznad_svih_big1.jpg","type":"image\/jpeg"}],"twitter_card":"summary_large_image","twitter_misc":{"Written by":"","Est. reading time":"11 minuta"},"schema":{"@context":"https:\/\/schema.org","@graph":[{"@type":"Article","@id":"https:\/\/sandzakpress.net\/arhiva\/dinastija-jusufspahica\/#article","isPartOf":{"@id":"https:\/\/sandzakpress.net\/arhiva\/dinastija-jusufspahica\/"},"author":{"name":"","@id":""},"headline":"Dinastija Jusufspahi\u0107a","datePublished":"2012-06-30T16:46:23+00:00","dateModified":"2012-06-30T16:51:18+00:00","mainEntityOfPage":{"@id":"https:\/\/sandzakpress.net\/arhiva\/dinastija-jusufspahica\/"},"wordCount":2108,"commentCount":73,"publisher":{"@id":"https:\/\/sandzakpress.net\/arhiva\/#\/schema\/person\/6e72b67d6e51910a1117b3b483ba20bd"},"image":{"@id":"https:\/\/sandzakpress.net\/arhiva\/dinastija-jusufspahica\/#primaryimage"},"thumbnailUrl":"https:\/\/sandzakpress.net\/arhiva\/wp-content\/uploads\/2012\/06\/Jusufspahic_iznad_svih_big1.jpg","articleSection":["Novine"],"inLanguage":"bs-BA","potentialAction":[{"@type":"CommentAction","name":"Comment","target":["https:\/\/sandzakpress.net\/arhiva\/dinastija-jusufspahica\/#respond"]}]},{"@type":"WebPage","@id":"https:\/\/sandzakpress.net\/arhiva\/dinastija-jusufspahica\/","url":"https:\/\/sandzakpress.net\/arhiva\/dinastija-jusufspahica\/","name":"Dinastija Jusufspahi\u0107a","isPartOf":{"@id":"https:\/\/sandzakpress.net\/arhiva\/#website"},"primaryImageOfPage":{"@id":"https:\/\/sandzakpress.net\/arhiva\/dinastija-jusufspahica\/#primaryimage"},"image":{"@id":"https:\/\/sandzakpress.net\/arhiva\/dinastija-jusufspahica\/#primaryimage"},"thumbnailUrl":"https:\/\/sandzakpress.net\/arhiva\/wp-content\/uploads\/2012\/06\/Jusufspahic_iznad_svih_big1.jpg","datePublished":"2012-06-30T16:46:23+00:00","dateModified":"2012-06-30T16:51:18+00:00","breadcrumb":{"@id":"https:\/\/sandzakpress.net\/arhiva\/dinastija-jusufspahica\/#breadcrumb"},"inLanguage":"bs-BA","potentialAction":[{"@type":"ReadAction","target":["https:\/\/sandzakpress.net\/arhiva\/dinastija-jusufspahica\/"]}]},{"@type":"ImageObject","inLanguage":"bs-BA","@id":"https:\/\/sandzakpress.net\/arhiva\/dinastija-jusufspahica\/#primaryimage","url":"https:\/\/sandzakpress.net\/arhiva\/wp-content\/uploads\/2012\/06\/Jusufspahic_iznad_svih_big1.jpg","contentUrl":"https:\/\/sandzakpress.net\/arhiva\/wp-content\/uploads\/2012\/06\/Jusufspahic_iznad_svih_big1.jpg","width":368,"height":250},{"@type":"BreadcrumbList","@id":"https:\/\/sandzakpress.net\/arhiva\/dinastija-jusufspahica\/#breadcrumb","itemListElement":[{"@type":"ListItem","position":1,"name":"Home","item":"https:\/\/sandzakpress.net\/arhiva\/"},{"@type":"ListItem","position":2,"name":"Dinastija Jusufspahi\u0107a"}]},{"@type":"WebSite","@id":"https:\/\/sandzakpress.net\/arhiva\/#website","url":"https:\/\/sandzakpress.net\/arhiva\/","name":"Sand\u017eak PRESS","description":"Prve elektronske novine u Sand\u017eaku","publisher":{"@id":"https:\/\/sandzakpress.net\/arhiva\/#\/schema\/person\/6e72b67d6e51910a1117b3b483ba20bd"},"potentialAction":[{"@type":"SearchAction","target":{"@type":"EntryPoint","urlTemplate":"https:\/\/sandzakpress.net\/arhiva\/?s={search_term_string}"},"query-input":{"@type":"PropertyValueSpecification","valueRequired":true,"valueName":"search_term_string"}}],"inLanguage":"bs-BA"},{"@type":["Person","Organization"],"@id":"https:\/\/sandzakpress.net\/arhiva\/#\/schema\/person\/6e72b67d6e51910a1117b3b483ba20bd","name":"Kul","image":{"@type":"ImageObject","inLanguage":"bs-BA","@id":"https:\/\/sandzakpress.net\/arhiva\/#\/schema\/person\/image\/","url":"https:\/\/secure.gravatar.com\/avatar\/42263f39aa27ac04c43cab85c280eb2e?s=96&d=mm&r=pg","contentUrl":"https:\/\/secure.gravatar.com\/avatar\/42263f39aa27ac04c43cab85c280eb2e?s=96&d=mm&r=pg","caption":"Kul"},"logo":{"@id":"https:\/\/sandzakpress.net\/arhiva\/#\/schema\/person\/image\/"}},{"@type":"Person","@id":"","url":"https:\/\/sandzakpress.net\/arhiva\/author\/"}]}},"_links":{"self":[{"href":"https:\/\/sandzakpress.net\/arhiva\/wp-json\/wp\/v2\/posts\/43804"}],"collection":[{"href":"https:\/\/sandzakpress.net\/arhiva\/wp-json\/wp\/v2\/posts"}],"about":[{"href":"https:\/\/sandzakpress.net\/arhiva\/wp-json\/wp\/v2\/types\/post"}],"author":[{"embeddable":true,"href":"https:\/\/sandzakpress.net\/arhiva\/wp-json\/wp\/v2\/users\/14"}],"replies":[{"embeddable":true,"href":"https:\/\/sandzakpress.net\/arhiva\/wp-json\/wp\/v2\/comments?post=43804"}],"version-history":[{"count":0,"href":"https:\/\/sandzakpress.net\/arhiva\/wp-json\/wp\/v2\/posts\/43804\/revisions"}],"wp:featuredmedia":[{"embeddable":true,"href":"https:\/\/sandzakpress.net\/arhiva\/wp-json\/wp\/v2\/media\/43820"}],"wp:attachment":[{"href":"https:\/\/sandzakpress.net\/arhiva\/wp-json\/wp\/v2\/media?parent=43804"}],"wp:term":[{"taxonomy":"category","embeddable":true,"href":"https:\/\/sandzakpress.net\/arhiva\/wp-json\/wp\/v2\/categories?post=43804"},{"taxonomy":"post_tag","embeddable":true,"href":"https:\/\/sandzakpress.net\/arhiva\/wp-json\/wp\/v2\/tags?post=43804"}],"curies":[{"name":"wp","href":"https:\/\/api.w.org\/{rel}","templated":true}]}}