{"id":43673,"date":"2012-06-29T13:49:39","date_gmt":"2012-06-29T11:49:39","guid":{"rendered":"https:\/\/sandzakpress.net\/arhiva\/?p=43673"},"modified":"2012-06-29T13:51:01","modified_gmt":"2012-06-29T11:51:01","slug":"turska-organizacija-milli-gorus-iz-njemacke-na-sjeveru-crne-gore-dodijelila-oko-500-paketa-humanitarne-pomoci","status":"publish","type":"post","link":"https:\/\/sandzakpress.net\/arhiva\/turska-organizacija-milli-gorus-iz-njemacke-na-sjeveru-crne-gore-dodijelila-oko-500-paketa-humanitarne-pomoci\/","title":{"rendered":"Turska organizacija Milli Goru\u0161 iz Njema\u010dke, na sjeveru Crne Gore dodijelila oko 500 paketa humanitarne pomo\u0107i"},"content":{"rendered":"<p><strong><a href=\"https:\/\/sandzakpress.net\/arhiva\/wp-content\/uploads\/2012\/06\/predstavnice-Milli-Gorus-1-300x200.jpg\"><img loading=\"lazy\" decoding=\"async\" class=\"alignleft size-full wp-image-43674\" title=\"predstavnice-Milli-Gorus-1-300x200\" src=\"https:\/\/sandzakpress.net\/arhiva\/wp-content\/uploads\/2012\/06\/predstavnice-Milli-Gorus-1-300x200.jpg\" alt=\"\" width=\"300\" height=\"200\" \/><\/a>Pljevlja, Bijelo Polje, Berane, Ro\u017eaje \u2013  Organizacija Milli Goru\u0161, sa sjedi\u0161tem u njema\u010dkom gradu Kelnu, u  periodu od 26. do 28 juna ove godine, u saradnji sa Islamskom zajednicom  u Crnoj Gori sprovela je predramazansku humanitarnu akciju u op\u0107inama  na sjeveru Crne Gore.\u00a0 Obzirom da je ovo prva akcija pomenute  organizacije u Crnoj Gori, novitet je i to \u0161to po prvi put, u prvim  redovima humanitarnih aktivnosti u\u010destvuju \u017eene.<\/strong><\/p>\n<p>Akciju podjele predramazanskih paketa sa namirnicama sprovele su aktivistkinje: <strong>Fatma \u0106imen<\/strong>, predsjednica \u017eenskog odjela, kao i predsjednice socijalnog i obrazovnog odjela <strong>Perihan Jilmaz<\/strong> i <strong>Nermin \u0160eker<\/strong>. Za koordinaciju i tehni\u010dke pripreme oko sprovo\u0111enja akcije bio je zadu\u017een <strong>Enver Eminovi\u0107.<\/strong><\/p>\n<div id=\"attachment_6192\"><a title=\"Podjela paketa u Pljevljima\" rel=\"lightbox[6185]\" href=\"http:\/\/www.monteislam.com\/wp-content\/uploads\/2012\/06\/Podjela-paketa-1-pv.jpg\"><img loading=\"lazy\" decoding=\"async\" title=\"Podjela paketa u Pljevljima\" src=\"http:\/\/www.monteislam.com\/wp-content\/uploads\/2012\/06\/Podjela-paketa-1-pv-300x200.jpg\" alt=\"Podjela paketa u Pljevljima\" width=\"300\" height=\"200\" \/><\/a>Podjela paketa u Pljevljima<\/p>\n<\/div>\n<p>26.06.2012. godine, u Pljevljima je podijeljeno stotinu  predramazanske pomo\u0107i, u osnovnim \u017eivotnim namirnicama, porodicama  slabijeg finansijskog stanja. Pred po\u010detak distribucije pomo\u0107i,  okupljenim porodicama se obratila Perihan Jilmaz, i kazala da  organizacija Milli Goru\u0161 djeluje \u0161irom svijeta, od Australije, preko  Evrope do Kanade. \u201cMi djelujemo u okviru Evrope, i poma\u017eemo ljudima na  socijalnom i obrazovnom polju. U Crnoj Gori ovih dana djelujemo u okviru  socijalnog programa, kojeg provodimo u \u0161esnaest dr\u017eava svijeta. To je  jedan veliki projekat pod fondom koji se zove \u201cHasena\u201d, a svi ogranci  djeluju pod ingerencijama Milli Goru\u0161 organizacije,\u201d istakla je Jilmaz. U  Pljevljima, pomo\u0107 je dobilo preko stotinu porodica. Realizaciju ove  akcije u Pljevljima omogu\u0107ili su slu\u017ebenici Islamske zajednice,\u00a0 glavni  imam <strong>Samir ef. Kadriba\u0161i\u0107<\/strong>, imam <strong>Erol ef. Pita<\/strong>, <strong>Jakub Durgut<\/strong>, i drugi.<\/p>\n<div id=\"attachment_6195\"><a title=\"Podjela paketa u Bijelom Polju\" rel=\"lightbox[6185]\" href=\"http:\/\/www.monteislam.com\/wp-content\/uploads\/2012\/06\/bp-3.jpg\"><img loading=\"lazy\" decoding=\"async\" title=\"Podjela paketa u Bijelom Polju\" src=\"http:\/\/www.monteislam.com\/wp-content\/uploads\/2012\/06\/bp-3-300x225.jpg\" alt=\"Podjela paketa u Bijelom Polju\" width=\"300\" height=\"225\" \/><\/a>Podjela paketa u Bijelom Polju<\/p>\n<\/div>\n<p>27.06.2012. godine, akcija je nastavljena u Bijelom Polju.\u00a0 Paketi  pomo\u0107i su skladi\u0161teni u holu islamskog centra u d\u017eematu Rasovo, gdje se  ista aktivistkinja organizacije Milli Goru\u0161 obratila prisutnima.  Predstaviv\u0161i rad organizacije, ona je izme\u0111u ostalog rekla: \u201cNa\u0161 trud je  potvrda brige za muslimane \u0161irom svijeta, ne samo za one koji \u017eive u  mati\u010dnoj zemlji na\u0161e organizacije. Tu smo da ovim simboli\u010dnim paketima  pomo\u0107i u susret mubarek Ramazanu, osna\u017eimo veze na\u0161e vjerni\u010dke  bliskosti.\u201d \u00a0Tako\u0111er je u Bijelom Polju pomo\u0107 dodijeljena u vi\u0161e od  stotinu porodica, a nekoliko porodica te\u0161kog materijalnog stanja u  ruralnoj oblasti Bijelog Polja, aktivisti su posjetili njihovim ku\u0107ama,  dostaviv\u0161i im pomo\u0107. Realizaciju akcije u Bijelom Polju omogu\u0107ili su  slu\u017ebenici Odbora Islamske zajednice, glavni imam, predsjednik Odbora,  imami, kao i aktivisti humanitarnog fonda \u201cMerhamet\u201d koji djeluje pri  Odboru IZ-e Bijelo Polje.<\/p>\n<div id=\"attachment_6197\"><a title=\"Podjela paketa u Beranama\" rel=\"lightbox[6185]\" href=\"http:\/\/www.monteislam.com\/wp-content\/uploads\/2012\/06\/berane-5.jpg\"><img loading=\"lazy\" decoding=\"async\" title=\"Podjela paketa u Beranama\" src=\"http:\/\/www.monteislam.com\/wp-content\/uploads\/2012\/06\/berane-5-300x168.jpg\" alt=\"Podjela paketa u Beranama\" width=\"300\" height=\"168\" \/><\/a>Podjela paketa u Beranama<\/p>\n<\/div>\n<p>Istog dana, aktivisti Milli Goru\u0161a u pratnji rukovodioca Vjerskoprosvjetne slu\u017ebe <strong>Enisa ef. Bur\u017eovi\u0107a<\/strong>, sekretara medrese \u201eMehmed Fatih\u201c <strong>Amera ef. \u0160ukurice<\/strong> i nekoliko aktivista iz Rasova, nastavili su ka Beranama, gdje je  sprovedena ista akcija. U obra\u0107anju prilikom dodjele paketa pomo\u0107i  aktivistkinja Jilmaz je izme\u0111u ostalog rekla: \u201cOd 1969.godine, kada je  formirana organizacija, sinhronizovano djelujemo i kao mu\u0161karci i kao  \u017eene. Me\u0111utim, ovo je prvi put da kao \u017eene djelujemo u direktnom  sprovo\u0111enju projekata. Na\u0161 anga\u017eman, osim namjere da pomognemo, ima za  cilj i da vam poka\u017eemo da \u017eena-muslimanka, jednako ima slobodu i obavezu  da djeluje i bude aktivna na svim poljima dru\u0161tvenog \u017eivota, pa i u  humanitarnom radu. Posebno poru\u010dujem \u017eenama da budu svjesni ove  blagodati u Islamu, jer, poslovica ka\u017ee da \u017eena muslimanka ima snage da  jednom rukom ljulja be\u0161iku, a drugom da okre\u0107e svijet.\u201d \u00a0Nakon toga, u  ime okupljenih, aktivistima se srda\u010dno zahvalio glavni imam Odbora IZ-e  Berane, <strong>Rahim ef. Muratovi\u0107<\/strong>. Tako\u0111er u Beranama,  vrijedni aktivisti Odobora, na \u010delu sa imamom, na najbolji na\u010din su  omogu\u0107ili sprovo\u0111enje akcije, u kojoj je podijeljeno vi\u0161e od stotinu  paketa pomo\u0107i.<\/p>\n<div id=\"attachment_6201\"><a title=\"Podjela paketa u Vr\u0161evu\" rel=\"lightbox[6185]\" href=\"http:\/\/www.monteislam.com\/wp-content\/uploads\/2012\/06\/vrsevo-4.jpg\"><img loading=\"lazy\" decoding=\"async\" title=\"Podjela paketa u Vr\u0161evu\" src=\"http:\/\/www.monteislam.com\/wp-content\/uploads\/2012\/06\/vrsevo-4-300x181.jpg\" alt=\"Podjela paketa u Vr\u0161evu\" width=\"300\" height=\"181\" \/><\/a>Podjela paketa u Vr\u0161evu<\/p>\n<\/div>\n<p>Nakon toga, iz Berana, put dobro\u010dinstva je aktiviste, zajedno sa  njihovim doma\u0107inima iz Me\u0161ihata IZ-e, odveo u selo Vr\u0161evo, gdje ih je  vr\u0161evski d\u017eemat \u010dekao sa svojim vrijednim imamom, <strong>Enisom ef. Klimentom.<\/strong> U ovom d\u017eematu, podijeljeno je dvadeset paketa pomo\u0107i.<\/p>\n<p>Nakon kratkog odmora, i ak\u0161am namaza, aktivisti Milli Goru\u0161a su se  uputili u Ro\u017eaje, gdje je ju\u010de, 28.06.2012.godine, nastavljena  distribucija jo\u0161 vi\u0161e od stotine paketa, uz asistenciju aktivista NVO  \u201cIzvor\u201d iz Ro\u017eaja.<\/p>\n<p>Izvor:<strong> MonteIslam.com<\/strong><\/p>\n","protected":false},"excerpt":{"rendered":"<p>Pljevlja, Bijelo Polje, Berane, Ro\u017eaje \u2013 Organizacija Milli Goru\u0161, sa sjedi\u0161tem u njema\u010dkom gradu Kelnu, u periodu od 26. do 28 juna ove godine, u saradnji sa Islamskom zajednicom u Crnoj Gori sprovela je predramazansku humanitarnu akciju u op\u0107inama na sjeveru Crne Gore.\u00a0 Obzirom da je ovo prva akcija pomenute organizacije u Crnoj Gori, novitet [&hellip;]<\/p>\n","protected":false},"author":13,"featured_media":43674,"comment_status":"open","ping_status":"open","sticky":false,"template":"","format":"standard","meta":{"footnotes":""},"categories":[398,397,396,395,5],"tags":[],"class_list":{"0":"post-43673","1":"post","2":"type-post","3":"status-publish","4":"format-standard","5":"has-post-thumbnail","7":"category-rozaje","8":"category-berane","9":"category-bijelo_polje","10":"category-pljevlja_","11":"category-drustvo"},"yoast_head":"<!-- This site is optimized with the Yoast SEO Premium plugin v23.1 (Yoast SEO v24.9) - https:\/\/yoast.com\/wordpress\/plugins\/seo\/ -->\n<title>Turska organizacija Milli Goru\u0161 iz Njema\u010dke, na sjeveru Crne Gore dodijelila oko 500 paketa humanitarne pomo\u0107i<\/title>\n<meta name=\"robots\" content=\"index, follow, max-snippet:-1, max-image-preview:large, max-video-preview:-1\" \/>\n<link rel=\"canonical\" href=\"https:\/\/sandzakpress.net\/arhiva\/turska-organizacija-milli-gorus-iz-njemacke-na-sjeveru-crne-gore-dodijelila-oko-500-paketa-humanitarne-pomoci\/\" \/>\n<meta property=\"og:locale\" content=\"bs_BA\" \/>\n<meta property=\"og:type\" content=\"article\" \/>\n<meta property=\"og:title\" content=\"Turska organizacija Milli Goru\u0161 iz Njema\u010dke, na sjeveru Crne Gore dodijelila oko 500 paketa humanitarne pomo\u0107i\" \/>\n<meta property=\"og:description\" content=\"Pljevlja, Bijelo Polje, Berane, Ro\u017eaje \u2013 Organizacija Milli Goru\u0161, sa sjedi\u0161tem u njema\u010dkom gradu Kelnu, u periodu od 26. do 28 juna ove godine, u saradnji sa Islamskom zajednicom u Crnoj Gori sprovela je predramazansku humanitarnu akciju u op\u0107inama na sjeveru Crne Gore.\u00a0 Obzirom da je ovo prva akcija pomenute organizacije u Crnoj Gori, novitet [&hellip;]\" \/>\n<meta property=\"og:url\" content=\"https:\/\/sandzakpress.net\/arhiva\/turska-organizacija-milli-gorus-iz-njemacke-na-sjeveru-crne-gore-dodijelila-oko-500-paketa-humanitarne-pomoci\/\" \/>\n<meta property=\"og:site_name\" content=\"Sand\u017eak PRESS\" \/>\n<meta property=\"article:published_time\" content=\"2012-06-29T11:49:39+00:00\" \/>\n<meta property=\"article:modified_time\" content=\"2012-06-29T11:51:01+00:00\" \/>\n<meta property=\"og:image\" content=\"https:\/\/sandzakpress.net\/arhiva\/wp-content\/uploads\/2012\/06\/predstavnice-Milli-Gorus-1-300x200.jpg\" \/>\n\t<meta property=\"og:image:width\" content=\"300\" \/>\n\t<meta property=\"og:image:height\" content=\"200\" \/>\n\t<meta property=\"og:image:type\" content=\"image\/jpeg\" \/>\n<meta name=\"twitter:card\" content=\"summary_large_image\" \/>\n<meta name=\"twitter:label1\" content=\"Written by\" \/>\n\t<meta name=\"twitter:data1\" content=\"\" \/>\n\t<meta name=\"twitter:label2\" content=\"Est. reading time\" \/>\n\t<meta name=\"twitter:data2\" content=\"4 minute\" \/>\n<script type=\"application\/ld+json\" class=\"yoast-schema-graph\">{\"@context\":\"https:\/\/schema.org\",\"@graph\":[{\"@type\":\"Article\",\"@id\":\"https:\/\/sandzakpress.net\/arhiva\/turska-organizacija-milli-gorus-iz-njemacke-na-sjeveru-crne-gore-dodijelila-oko-500-paketa-humanitarne-pomoci\/#article\",\"isPartOf\":{\"@id\":\"https:\/\/sandzakpress.net\/arhiva\/turska-organizacija-milli-gorus-iz-njemacke-na-sjeveru-crne-gore-dodijelila-oko-500-paketa-humanitarne-pomoci\/\"},\"author\":{\"name\":\"\",\"@id\":\"\"},\"headline\":\"Turska organizacija Milli Goru\u0161 iz Njema\u010dke, na sjeveru Crne Gore dodijelila oko 500 paketa humanitarne pomo\u0107i\",\"datePublished\":\"2012-06-29T11:49:39+00:00\",\"dateModified\":\"2012-06-29T11:51:01+00:00\",\"mainEntityOfPage\":{\"@id\":\"https:\/\/sandzakpress.net\/arhiva\/turska-organizacija-milli-gorus-iz-njemacke-na-sjeveru-crne-gore-dodijelila-oko-500-paketa-humanitarne-pomoci\/\"},\"wordCount\":722,\"commentCount\":0,\"publisher\":{\"@id\":\"https:\/\/sandzakpress.net\/arhiva\/#\/schema\/person\/6e72b67d6e51910a1117b3b483ba20bd\"},\"image\":{\"@id\":\"https:\/\/sandzakpress.net\/arhiva\/turska-organizacija-milli-gorus-iz-njemacke-na-sjeveru-crne-gore-dodijelila-oko-500-paketa-humanitarne-pomoci\/#primaryimage\"},\"thumbnailUrl\":\"https:\/\/sandzakpress.net\/arhiva\/wp-content\/uploads\/2012\/06\/predstavnice-Milli-Gorus-1-300x200.jpg\",\"articleSection\":[\"Ro\u017eaje\",\"Berane\",\"Bijelo Polje\",\"Pljevlja\",\"Dru\u0161tvo\"],\"inLanguage\":\"bs-BA\",\"potentialAction\":[{\"@type\":\"CommentAction\",\"name\":\"Comment\",\"target\":[\"https:\/\/sandzakpress.net\/arhiva\/turska-organizacija-milli-gorus-iz-njemacke-na-sjeveru-crne-gore-dodijelila-oko-500-paketa-humanitarne-pomoci\/#respond\"]}]},{\"@type\":\"WebPage\",\"@id\":\"https:\/\/sandzakpress.net\/arhiva\/turska-organizacija-milli-gorus-iz-njemacke-na-sjeveru-crne-gore-dodijelila-oko-500-paketa-humanitarne-pomoci\/\",\"url\":\"https:\/\/sandzakpress.net\/arhiva\/turska-organizacija-milli-gorus-iz-njemacke-na-sjeveru-crne-gore-dodijelila-oko-500-paketa-humanitarne-pomoci\/\",\"name\":\"Turska organizacija Milli Goru\u0161 iz Njema\u010dke, na sjeveru Crne Gore dodijelila oko 500 paketa humanitarne pomo\u0107i\",\"isPartOf\":{\"@id\":\"https:\/\/sandzakpress.net\/arhiva\/#website\"},\"primaryImageOfPage\":{\"@id\":\"https:\/\/sandzakpress.net\/arhiva\/turska-organizacija-milli-gorus-iz-njemacke-na-sjeveru-crne-gore-dodijelila-oko-500-paketa-humanitarne-pomoci\/#primaryimage\"},\"image\":{\"@id\":\"https:\/\/sandzakpress.net\/arhiva\/turska-organizacija-milli-gorus-iz-njemacke-na-sjeveru-crne-gore-dodijelila-oko-500-paketa-humanitarne-pomoci\/#primaryimage\"},\"thumbnailUrl\":\"https:\/\/sandzakpress.net\/arhiva\/wp-content\/uploads\/2012\/06\/predstavnice-Milli-Gorus-1-300x200.jpg\",\"datePublished\":\"2012-06-29T11:49:39+00:00\",\"dateModified\":\"2012-06-29T11:51:01+00:00\",\"breadcrumb\":{\"@id\":\"https:\/\/sandzakpress.net\/arhiva\/turska-organizacija-milli-gorus-iz-njemacke-na-sjeveru-crne-gore-dodijelila-oko-500-paketa-humanitarne-pomoci\/#breadcrumb\"},\"inLanguage\":\"bs-BA\",\"potentialAction\":[{\"@type\":\"ReadAction\",\"target\":[\"https:\/\/sandzakpress.net\/arhiva\/turska-organizacija-milli-gorus-iz-njemacke-na-sjeveru-crne-gore-dodijelila-oko-500-paketa-humanitarne-pomoci\/\"]}]},{\"@type\":\"ImageObject\",\"inLanguage\":\"bs-BA\",\"@id\":\"https:\/\/sandzakpress.net\/arhiva\/turska-organizacija-milli-gorus-iz-njemacke-na-sjeveru-crne-gore-dodijelila-oko-500-paketa-humanitarne-pomoci\/#primaryimage\",\"url\":\"https:\/\/sandzakpress.net\/arhiva\/wp-content\/uploads\/2012\/06\/predstavnice-Milli-Gorus-1-300x200.jpg\",\"contentUrl\":\"https:\/\/sandzakpress.net\/arhiva\/wp-content\/uploads\/2012\/06\/predstavnice-Milli-Gorus-1-300x200.jpg\",\"width\":300,\"height\":200},{\"@type\":\"BreadcrumbList\",\"@id\":\"https:\/\/sandzakpress.net\/arhiva\/turska-organizacija-milli-gorus-iz-njemacke-na-sjeveru-crne-gore-dodijelila-oko-500-paketa-humanitarne-pomoci\/#breadcrumb\",\"itemListElement\":[{\"@type\":\"ListItem\",\"position\":1,\"name\":\"Home\",\"item\":\"https:\/\/sandzakpress.net\/arhiva\/\"},{\"@type\":\"ListItem\",\"position\":2,\"name\":\"Turska organizacija Milli Goru\u0161 iz Njema\u010dke, na sjeveru Crne Gore dodijelila oko 500 paketa humanitarne pomo\u0107i\"}]},{\"@type\":\"WebSite\",\"@id\":\"https:\/\/sandzakpress.net\/arhiva\/#website\",\"url\":\"https:\/\/sandzakpress.net\/arhiva\/\",\"name\":\"Sand\u017eak PRESS\",\"description\":\"Prve elektronske novine u Sand\u017eaku\",\"publisher\":{\"@id\":\"https:\/\/sandzakpress.net\/arhiva\/#\/schema\/person\/6e72b67d6e51910a1117b3b483ba20bd\"},\"potentialAction\":[{\"@type\":\"SearchAction\",\"target\":{\"@type\":\"EntryPoint\",\"urlTemplate\":\"https:\/\/sandzakpress.net\/arhiva\/?s={search_term_string}\"},\"query-input\":{\"@type\":\"PropertyValueSpecification\",\"valueRequired\":true,\"valueName\":\"search_term_string\"}}],\"inLanguage\":\"bs-BA\"},{\"@type\":[\"Person\",\"Organization\"],\"@id\":\"https:\/\/sandzakpress.net\/arhiva\/#\/schema\/person\/6e72b67d6e51910a1117b3b483ba20bd\",\"name\":\"Kul\",\"image\":{\"@type\":\"ImageObject\",\"inLanguage\":\"bs-BA\",\"@id\":\"https:\/\/sandzakpress.net\/arhiva\/#\/schema\/person\/image\/\",\"url\":\"https:\/\/secure.gravatar.com\/avatar\/42263f39aa27ac04c43cab85c280eb2e?s=96&d=mm&r=pg\",\"contentUrl\":\"https:\/\/secure.gravatar.com\/avatar\/42263f39aa27ac04c43cab85c280eb2e?s=96&d=mm&r=pg\",\"caption\":\"Kul\"},\"logo\":{\"@id\":\"https:\/\/sandzakpress.net\/arhiva\/#\/schema\/person\/image\/\"}},{\"@type\":\"Person\",\"@id\":\"\",\"url\":\"https:\/\/sandzakpress.net\/arhiva\/author\/\"}]}<\/script>\n<!-- \/ Yoast SEO Premium plugin. -->","yoast_head_json":{"title":"Turska organizacija Milli Goru\u0161 iz Njema\u010dke, na sjeveru Crne Gore dodijelila oko 500 paketa humanitarne pomo\u0107i","robots":{"index":"index","follow":"follow","max-snippet":"max-snippet:-1","max-image-preview":"max-image-preview:large","max-video-preview":"max-video-preview:-1"},"canonical":"https:\/\/sandzakpress.net\/arhiva\/turska-organizacija-milli-gorus-iz-njemacke-na-sjeveru-crne-gore-dodijelila-oko-500-paketa-humanitarne-pomoci\/","og_locale":"bs_BA","og_type":"article","og_title":"Turska organizacija Milli Goru\u0161 iz Njema\u010dke, na sjeveru Crne Gore dodijelila oko 500 paketa humanitarne pomo\u0107i","og_description":"Pljevlja, Bijelo Polje, Berane, Ro\u017eaje \u2013 Organizacija Milli Goru\u0161, sa sjedi\u0161tem u njema\u010dkom gradu Kelnu, u periodu od 26. do 28 juna ove godine, u saradnji sa Islamskom zajednicom u Crnoj Gori sprovela je predramazansku humanitarnu akciju u op\u0107inama na sjeveru Crne Gore.\u00a0 Obzirom da je ovo prva akcija pomenute organizacije u Crnoj Gori, novitet [&hellip;]","og_url":"https:\/\/sandzakpress.net\/arhiva\/turska-organizacija-milli-gorus-iz-njemacke-na-sjeveru-crne-gore-dodijelila-oko-500-paketa-humanitarne-pomoci\/","og_site_name":"Sand\u017eak PRESS","article_published_time":"2012-06-29T11:49:39+00:00","article_modified_time":"2012-06-29T11:51:01+00:00","og_image":[{"width":300,"height":200,"url":"https:\/\/sandzakpress.net\/arhiva\/wp-content\/uploads\/2012\/06\/predstavnice-Milli-Gorus-1-300x200.jpg","type":"image\/jpeg"}],"twitter_card":"summary_large_image","twitter_misc":{"Written by":"","Est. reading time":"4 minute"},"schema":{"@context":"https:\/\/schema.org","@graph":[{"@type":"Article","@id":"https:\/\/sandzakpress.net\/arhiva\/turska-organizacija-milli-gorus-iz-njemacke-na-sjeveru-crne-gore-dodijelila-oko-500-paketa-humanitarne-pomoci\/#article","isPartOf":{"@id":"https:\/\/sandzakpress.net\/arhiva\/turska-organizacija-milli-gorus-iz-njemacke-na-sjeveru-crne-gore-dodijelila-oko-500-paketa-humanitarne-pomoci\/"},"author":{"name":"","@id":""},"headline":"Turska organizacija Milli Goru\u0161 iz Njema\u010dke, na sjeveru Crne Gore dodijelila oko 500 paketa humanitarne pomo\u0107i","datePublished":"2012-06-29T11:49:39+00:00","dateModified":"2012-06-29T11:51:01+00:00","mainEntityOfPage":{"@id":"https:\/\/sandzakpress.net\/arhiva\/turska-organizacija-milli-gorus-iz-njemacke-na-sjeveru-crne-gore-dodijelila-oko-500-paketa-humanitarne-pomoci\/"},"wordCount":722,"commentCount":0,"publisher":{"@id":"https:\/\/sandzakpress.net\/arhiva\/#\/schema\/person\/6e72b67d6e51910a1117b3b483ba20bd"},"image":{"@id":"https:\/\/sandzakpress.net\/arhiva\/turska-organizacija-milli-gorus-iz-njemacke-na-sjeveru-crne-gore-dodijelila-oko-500-paketa-humanitarne-pomoci\/#primaryimage"},"thumbnailUrl":"https:\/\/sandzakpress.net\/arhiva\/wp-content\/uploads\/2012\/06\/predstavnice-Milli-Gorus-1-300x200.jpg","articleSection":["Ro\u017eaje","Berane","Bijelo Polje","Pljevlja","Dru\u0161tvo"],"inLanguage":"bs-BA","potentialAction":[{"@type":"CommentAction","name":"Comment","target":["https:\/\/sandzakpress.net\/arhiva\/turska-organizacija-milli-gorus-iz-njemacke-na-sjeveru-crne-gore-dodijelila-oko-500-paketa-humanitarne-pomoci\/#respond"]}]},{"@type":"WebPage","@id":"https:\/\/sandzakpress.net\/arhiva\/turska-organizacija-milli-gorus-iz-njemacke-na-sjeveru-crne-gore-dodijelila-oko-500-paketa-humanitarne-pomoci\/","url":"https:\/\/sandzakpress.net\/arhiva\/turska-organizacija-milli-gorus-iz-njemacke-na-sjeveru-crne-gore-dodijelila-oko-500-paketa-humanitarne-pomoci\/","name":"Turska organizacija Milli Goru\u0161 iz Njema\u010dke, na sjeveru Crne Gore dodijelila oko 500 paketa humanitarne pomo\u0107i","isPartOf":{"@id":"https:\/\/sandzakpress.net\/arhiva\/#website"},"primaryImageOfPage":{"@id":"https:\/\/sandzakpress.net\/arhiva\/turska-organizacija-milli-gorus-iz-njemacke-na-sjeveru-crne-gore-dodijelila-oko-500-paketa-humanitarne-pomoci\/#primaryimage"},"image":{"@id":"https:\/\/sandzakpress.net\/arhiva\/turska-organizacija-milli-gorus-iz-njemacke-na-sjeveru-crne-gore-dodijelila-oko-500-paketa-humanitarne-pomoci\/#primaryimage"},"thumbnailUrl":"https:\/\/sandzakpress.net\/arhiva\/wp-content\/uploads\/2012\/06\/predstavnice-Milli-Gorus-1-300x200.jpg","datePublished":"2012-06-29T11:49:39+00:00","dateModified":"2012-06-29T11:51:01+00:00","breadcrumb":{"@id":"https:\/\/sandzakpress.net\/arhiva\/turska-organizacija-milli-gorus-iz-njemacke-na-sjeveru-crne-gore-dodijelila-oko-500-paketa-humanitarne-pomoci\/#breadcrumb"},"inLanguage":"bs-BA","potentialAction":[{"@type":"ReadAction","target":["https:\/\/sandzakpress.net\/arhiva\/turska-organizacija-milli-gorus-iz-njemacke-na-sjeveru-crne-gore-dodijelila-oko-500-paketa-humanitarne-pomoci\/"]}]},{"@type":"ImageObject","inLanguage":"bs-BA","@id":"https:\/\/sandzakpress.net\/arhiva\/turska-organizacija-milli-gorus-iz-njemacke-na-sjeveru-crne-gore-dodijelila-oko-500-paketa-humanitarne-pomoci\/#primaryimage","url":"https:\/\/sandzakpress.net\/arhiva\/wp-content\/uploads\/2012\/06\/predstavnice-Milli-Gorus-1-300x200.jpg","contentUrl":"https:\/\/sandzakpress.net\/arhiva\/wp-content\/uploads\/2012\/06\/predstavnice-Milli-Gorus-1-300x200.jpg","width":300,"height":200},{"@type":"BreadcrumbList","@id":"https:\/\/sandzakpress.net\/arhiva\/turska-organizacija-milli-gorus-iz-njemacke-na-sjeveru-crne-gore-dodijelila-oko-500-paketa-humanitarne-pomoci\/#breadcrumb","itemListElement":[{"@type":"ListItem","position":1,"name":"Home","item":"https:\/\/sandzakpress.net\/arhiva\/"},{"@type":"ListItem","position":2,"name":"Turska organizacija Milli Goru\u0161 iz Njema\u010dke, na sjeveru Crne Gore dodijelila oko 500 paketa humanitarne pomo\u0107i"}]},{"@type":"WebSite","@id":"https:\/\/sandzakpress.net\/arhiva\/#website","url":"https:\/\/sandzakpress.net\/arhiva\/","name":"Sand\u017eak PRESS","description":"Prve elektronske novine u Sand\u017eaku","publisher":{"@id":"https:\/\/sandzakpress.net\/arhiva\/#\/schema\/person\/6e72b67d6e51910a1117b3b483ba20bd"},"potentialAction":[{"@type":"SearchAction","target":{"@type":"EntryPoint","urlTemplate":"https:\/\/sandzakpress.net\/arhiva\/?s={search_term_string}"},"query-input":{"@type":"PropertyValueSpecification","valueRequired":true,"valueName":"search_term_string"}}],"inLanguage":"bs-BA"},{"@type":["Person","Organization"],"@id":"https:\/\/sandzakpress.net\/arhiva\/#\/schema\/person\/6e72b67d6e51910a1117b3b483ba20bd","name":"Kul","image":{"@type":"ImageObject","inLanguage":"bs-BA","@id":"https:\/\/sandzakpress.net\/arhiva\/#\/schema\/person\/image\/","url":"https:\/\/secure.gravatar.com\/avatar\/42263f39aa27ac04c43cab85c280eb2e?s=96&d=mm&r=pg","contentUrl":"https:\/\/secure.gravatar.com\/avatar\/42263f39aa27ac04c43cab85c280eb2e?s=96&d=mm&r=pg","caption":"Kul"},"logo":{"@id":"https:\/\/sandzakpress.net\/arhiva\/#\/schema\/person\/image\/"}},{"@type":"Person","@id":"","url":"https:\/\/sandzakpress.net\/arhiva\/author\/"}]}},"_links":{"self":[{"href":"https:\/\/sandzakpress.net\/arhiva\/wp-json\/wp\/v2\/posts\/43673"}],"collection":[{"href":"https:\/\/sandzakpress.net\/arhiva\/wp-json\/wp\/v2\/posts"}],"about":[{"href":"https:\/\/sandzakpress.net\/arhiva\/wp-json\/wp\/v2\/types\/post"}],"author":[{"embeddable":true,"href":"https:\/\/sandzakpress.net\/arhiva\/wp-json\/wp\/v2\/users\/13"}],"replies":[{"embeddable":true,"href":"https:\/\/sandzakpress.net\/arhiva\/wp-json\/wp\/v2\/comments?post=43673"}],"version-history":[{"count":0,"href":"https:\/\/sandzakpress.net\/arhiva\/wp-json\/wp\/v2\/posts\/43673\/revisions"}],"wp:featuredmedia":[{"embeddable":true,"href":"https:\/\/sandzakpress.net\/arhiva\/wp-json\/wp\/v2\/media\/43674"}],"wp:attachment":[{"href":"https:\/\/sandzakpress.net\/arhiva\/wp-json\/wp\/v2\/media?parent=43673"}],"wp:term":[{"taxonomy":"category","embeddable":true,"href":"https:\/\/sandzakpress.net\/arhiva\/wp-json\/wp\/v2\/categories?post=43673"},{"taxonomy":"post_tag","embeddable":true,"href":"https:\/\/sandzakpress.net\/arhiva\/wp-json\/wp\/v2\/tags?post=43673"}],"curies":[{"name":"wp","href":"https:\/\/api.w.org\/{rel}","templated":true}]}}