{"id":4313,"date":"2010-05-11T16:25:56","date_gmt":"2010-05-11T16:25:56","guid":{"rendered":"https:\/\/sandzakpress.net\/arhiva\/?p=4313"},"modified":"2010-05-11T16:25:56","modified_gmt":"2010-05-11T16:25:56","slug":"posjeta-centru-za-boravak-lica-sa-posebnim-potrebama","status":"publish","type":"post","link":"https:\/\/sandzakpress.net\/arhiva\/posjeta-centru-za-boravak-lica-sa-posebnim-potrebama\/","title":{"rendered":"Posjeta Centru za boravak lica sa posebnim potrebama"},"content":{"rendered":"<p><strong><a href=\"https:\/\/sandzakpress.net\/arhiva\/wp-content\/uploads\/2010\/05\/posjeta-licima-s-posebnim-potrebama-2.jpg\"><img loading=\"lazy\" decoding=\"async\" class=\"alignleft size-medium wp-image-4314\" title=\"posjeta-licima-s-posebnim-potrebama (2)\" src=\"https:\/\/sandzakpress.net\/arhiva\/wp-content\/uploads\/2010\/05\/posjeta-licima-s-posebnim-potrebama-2-300x199.jpg\" alt=\"\" width=\"300\" height=\"199\" \/><\/a>Novi Pazar &#8211; Glavni muftija Muamer-ef. Zukorli\u0107 posjetio je danas gradili\u0161te  Centra za boravak lica sa posebnim potrebama u Novom Pazaru. Muftija je u svojstvu nosioca liste BKZ-a,\u00a0 ispred ove kulturne organizacije, rukovodiocima Centra uru\u010dio nov\u010danu pomo\u0107 kao i pomo\u0107 u gra\u0111evinskom materijalu.Delegaciju BKZ-a pored Muftije sa\u010dinjavali su i dr Mrvlud Dudi\u0107 &#8211; predsjednik BKZ-a, mr Nusret Nicevi\u0107 &#8211; zamjenik predsjednika, dr  Rifat Red\u017eovi\u0107 &#8211; potpredsjednik i Sead \u0160a\u0107irovi\u0107 &#8211; potpredsjednik Skup\u0161tine BKZ-a. <\/strong><\/p>\n<p>Delegaciju Bo\u0161nja\u010dke kulturne zajednice do\u010dekali su predsjednik  Dru\u0161tva za pomo\u0107 mentalno nedovoljno razvijenih lica Iljaz Uglji\u0107, Tahir  Deli\u0107 sekretar Dru\u0161tva, kao i veliki broj roditelja i djece sa posebnim  potrebama.<br \/>\nSekretar Dru\u0161tva Tahir Deli\u0107 je upoznao Glavnog muftiju sa ciljevima i  planovima Centra, istakav\u0161i da \u0107e kada se zavr\u0161i, ovaj Centar pru\u017eiti  zna\u010dajnu podr\u0161ku roditeljima i licima sa posebnim potrebama. Ta podr\u0161ka  \u0107e se ogledati u radnom osposobljavanju, cjelodnevnom boravku, kao i u  sticanju raznih znanja i vje\u0161tina.<\/p>\n<p>Prema rije\u010dima gospodina Deli\u0107a izgradnja Centra je zapo\u010dela 2007.  godine, i kada bude zavr\u0161en Centar \u0107e imati oko 800 metara kvadratnih  savremenog prostora, koji \u0107e biti prilago\u0111en kako u gra\u0111evinskom i  funkcionalnom smislu, tako i u sadr\u017eajnom smislu licima sa posebnim  potrebama. Centar se gradi novcem od donacija i priloga gra\u0111ana, i do  sada je utro\u0161eno preko 13 miliona dinara, a Ministarstvo za rad i  socijalnu politiku je doniralo oko 3,5 miliona dinara.<\/p>\n<p>\u201eNa\u0161e geslo je da ne \u017eelimo da \u017eivimo pored vas ve\u0107 da \u017eelimo da \u017eivimo  sa vama\u201c, rekao je Tahir Deli\u0107.<br \/>\nUru\u010duju\u0107i nov\u010danu pomo\u0107 Glavni muftija je izme\u0111u ostalog rekao:<\/p>\n<p>\u201eDanas sam ovdje u prilici da izrazim, prije svega podr\u0161ku, zahvalnost i  po\u0161tovanje ljudima koji su proteklih mjeseci ulo\u017eili ogroman trud da  izgrade ovu zgradu za potrebe Centra. Na\u0161e prisustvo ima moralno  simboli\u010dku dimenziju, kojom \u017eelimo ukazati na va\u017enost jednog ovakvog  projekta. Uvijek velike i va\u017ene stvari po\u010dinju i po\u010divaju na  pojedincima. U\u010denje islama je postavljeno tako, da ne postoji ni jedno  lice koje smije biti odba\u010deno iz dru\u0161tva. Ne postoji niti jedno ljudsko  bi\u0107e za koje se mo\u017ee re\u0107i da nije sposobno za \u017eivot. Mi nismo gospodari  \u017eivota i nemamo pravo kvalifikovati ljude po pitanju njihovog \u017eivota.  Svako \u017eivo bi\u0107e koje je do\u0161lo na ovaj svijet ima izvjesne sposobnosti za  \u017eivot i samo je pitanje na\u0161e svijesti, na\u0161e odgovornosti, na\u0161eg  mentalnog i organizacionog kapaciteta, da se tim ljudima olak\u0161a i da im  se da \u0161ansa. Mi koji \u017eivimo u ambijentu gdje nemamo dovoljnu brigu  dr\u017eavnih sistema u prilici smo da posegnemo za posljednjim atomom na\u0161e  snage i dru\u0161tvene solidarnosti. Ovim na\u0161im dolaskom ova akcija se ne  zavr\u0161ava, ve\u0107 upravo zapo\u010dinje. Zalo\u017ei\u0107u se i da drugi korak bude kroz  Islamsku zajednicu. Pokrenut \u0107emno opse\u017enu akciju prikupljanja sredstava  za dalje radove po\u0161to ovdje o\u010dito treba jo\u0161 da se ula\u017ee. Isto tako \u0107u  se zalo\u017eiti da se i Centar za humanitarni rad \u201eHajrat\u201c, koji funkcioni\u0161e  pri Islamskoj zajednici uklju\u010di u ovu akciju. Ja vjerujem da na\u0161 narod  ima kapaciteta i svijesti, i da \u0107e se odazvati na ovaj poziv za pomo\u0107.  Ono \u0161to jeste na\u0161e i duhovno i moralno u\u010denje je da su svi ljudi koji \u0107e  biti \u0161ti\u0107enici Centra dio nas. Vama koji ste najve\u0107i trud ulo\u017eili, kao i  roditeljima koji su pokazali svijest i suo\u010dili se sa ovim pitanjem  \u017eelim da izrazim veliko po\u0161tovanje. Sve \u0161to je od Boga nije sramota.\u201c<\/p>\n<p>Nakon ovog obra\u0107anja tri kamiona preduze\u0107a \u201eTrgo Kemo\u201c natovarena  gra\u0111evinskim materijalom u\u0161la su u dvori\u0161te Centra da bi istovarili  gra\u0111evinski materijal, donaciju BKZ-a. A prema rije\u010dima Tahira Deli\u0107a,  vlasnik preduze\u0107a \u201eTrgo Kemo\u201c, do sada je kroz donacije i popuste  prilikom kupovine gra\u0111evinskog materijala, pomogao graditeljima Centra  za boravak lica sa posebnim potrebama da u\u0161tede preko 50 hiljada eura.<\/p>\n<p>Izvor: <strong>IslamskaZajednica.org<\/strong><\/p>\n","protected":false},"excerpt":{"rendered":"<p>Novi Pazar &#8211; Glavni muftija Muamer-ef. Zukorli\u0107 posjetio je danas gradili\u0161te Centra za boravak lica sa posebnim potrebama u Novom Pazaru. Muftija je u svojstvu nosioca liste BKZ-a,\u00a0 ispred ove kulturne organizacije, rukovodiocima Centra uru\u010dio nov\u010danu pomo\u0107 kao i pomo\u0107 u gra\u0111evinskom materijalu.Delegaciju BKZ-a pored Muftije sa\u010dinjavali su i dr Mrvlud Dudi\u0107 &#8211; predsjednik BKZ-a, [&hellip;]<\/p>\n","protected":false},"author":83,"featured_media":4314,"comment_status":"open","ping_status":"open","sticky":false,"template":"","format":"standard","meta":{"footnotes":""},"categories":[5],"tags":[],"class_list":{"0":"post-4313","1":"post","2":"type-post","3":"status-publish","4":"format-standard","5":"has-post-thumbnail","7":"category-drustvo"},"yoast_head":"<!-- This site is optimized with the Yoast SEO Premium plugin v23.1 (Yoast SEO v24.9) - https:\/\/yoast.com\/wordpress\/plugins\/seo\/ -->\n<title>Posjeta Centru za boravak lica sa posebnim potrebama<\/title>\n<meta name=\"robots\" content=\"index, follow, max-snippet:-1, max-image-preview:large, max-video-preview:-1\" \/>\n<link rel=\"canonical\" href=\"https:\/\/sandzakpress.net\/arhiva\/posjeta-centru-za-boravak-lica-sa-posebnim-potrebama\/\" \/>\n<meta property=\"og:locale\" content=\"bs_BA\" \/>\n<meta property=\"og:type\" content=\"article\" \/>\n<meta property=\"og:title\" content=\"Posjeta Centru za boravak lica sa posebnim potrebama\" \/>\n<meta property=\"og:description\" content=\"Novi Pazar &#8211; Glavni muftija Muamer-ef. Zukorli\u0107 posjetio je danas gradili\u0161te Centra za boravak lica sa posebnim potrebama u Novom Pazaru. Muftija je u svojstvu nosioca liste BKZ-a,\u00a0 ispred ove kulturne organizacije, rukovodiocima Centra uru\u010dio nov\u010danu pomo\u0107 kao i pomo\u0107 u gra\u0111evinskom materijalu.Delegaciju BKZ-a pored Muftije sa\u010dinjavali su i dr Mrvlud Dudi\u0107 &#8211; predsjednik BKZ-a, [&hellip;]\" \/>\n<meta property=\"og:url\" content=\"https:\/\/sandzakpress.net\/arhiva\/posjeta-centru-za-boravak-lica-sa-posebnim-potrebama\/\" \/>\n<meta property=\"og:site_name\" content=\"Sand\u017eak PRESS\" \/>\n<meta property=\"article:published_time\" content=\"2010-05-11T16:25:56+00:00\" \/>\n<meta property=\"og:image\" content=\"https:\/\/sandzakpress.net\/arhiva\/wp-content\/uploads\/2010\/05\/posjeta-licima-s-posebnim-potrebama-2.jpg\" \/>\n\t<meta property=\"og:image:width\" content=\"600\" \/>\n\t<meta property=\"og:image:height\" content=\"399\" \/>\n\t<meta property=\"og:image:type\" content=\"image\/jpeg\" \/>\n<meta name=\"author\" content=\"bosniak\" \/>\n<meta name=\"twitter:card\" content=\"summary_large_image\" \/>\n<meta name=\"twitter:label1\" content=\"Written by\" \/>\n\t<meta name=\"twitter:data1\" content=\"bosniak\" \/>\n\t<meta name=\"twitter:label2\" content=\"Est. reading time\" \/>\n\t<meta name=\"twitter:data2\" content=\"3 minute\" \/>\n<script type=\"application\/ld+json\" class=\"yoast-schema-graph\">{\"@context\":\"https:\/\/schema.org\",\"@graph\":[{\"@type\":\"Article\",\"@id\":\"https:\/\/sandzakpress.net\/arhiva\/posjeta-centru-za-boravak-lica-sa-posebnim-potrebama\/#article\",\"isPartOf\":{\"@id\":\"https:\/\/sandzakpress.net\/arhiva\/posjeta-centru-za-boravak-lica-sa-posebnim-potrebama\/\"},\"author\":{\"name\":\"bosniak\",\"@id\":\"https:\/\/sandzakpress.net\/arhiva\/#\/schema\/person\/c8baee722073534b583ea7bdb2e36c02\"},\"headline\":\"Posjeta Centru za boravak lica sa posebnim potrebama\",\"datePublished\":\"2010-05-11T16:25:56+00:00\",\"mainEntityOfPage\":{\"@id\":\"https:\/\/sandzakpress.net\/arhiva\/posjeta-centru-za-boravak-lica-sa-posebnim-potrebama\/\"},\"wordCount\":699,\"commentCount\":3,\"publisher\":{\"@id\":\"https:\/\/sandzakpress.net\/arhiva\/#\/schema\/person\/6e72b67d6e51910a1117b3b483ba20bd\"},\"image\":{\"@id\":\"https:\/\/sandzakpress.net\/arhiva\/posjeta-centru-za-boravak-lica-sa-posebnim-potrebama\/#primaryimage\"},\"thumbnailUrl\":\"https:\/\/sandzakpress.net\/arhiva\/wp-content\/uploads\/2010\/05\/posjeta-licima-s-posebnim-potrebama-2.jpg\",\"articleSection\":[\"Dru\u0161tvo\"],\"inLanguage\":\"bs-BA\",\"potentialAction\":[{\"@type\":\"CommentAction\",\"name\":\"Comment\",\"target\":[\"https:\/\/sandzakpress.net\/arhiva\/posjeta-centru-za-boravak-lica-sa-posebnim-potrebama\/#respond\"]}]},{\"@type\":\"WebPage\",\"@id\":\"https:\/\/sandzakpress.net\/arhiva\/posjeta-centru-za-boravak-lica-sa-posebnim-potrebama\/\",\"url\":\"https:\/\/sandzakpress.net\/arhiva\/posjeta-centru-za-boravak-lica-sa-posebnim-potrebama\/\",\"name\":\"Posjeta Centru za boravak lica sa posebnim potrebama\",\"isPartOf\":{\"@id\":\"https:\/\/sandzakpress.net\/arhiva\/#website\"},\"primaryImageOfPage\":{\"@id\":\"https:\/\/sandzakpress.net\/arhiva\/posjeta-centru-za-boravak-lica-sa-posebnim-potrebama\/#primaryimage\"},\"image\":{\"@id\":\"https:\/\/sandzakpress.net\/arhiva\/posjeta-centru-za-boravak-lica-sa-posebnim-potrebama\/#primaryimage\"},\"thumbnailUrl\":\"https:\/\/sandzakpress.net\/arhiva\/wp-content\/uploads\/2010\/05\/posjeta-licima-s-posebnim-potrebama-2.jpg\",\"datePublished\":\"2010-05-11T16:25:56+00:00\",\"breadcrumb\":{\"@id\":\"https:\/\/sandzakpress.net\/arhiva\/posjeta-centru-za-boravak-lica-sa-posebnim-potrebama\/#breadcrumb\"},\"inLanguage\":\"bs-BA\",\"potentialAction\":[{\"@type\":\"ReadAction\",\"target\":[\"https:\/\/sandzakpress.net\/arhiva\/posjeta-centru-za-boravak-lica-sa-posebnim-potrebama\/\"]}]},{\"@type\":\"ImageObject\",\"inLanguage\":\"bs-BA\",\"@id\":\"https:\/\/sandzakpress.net\/arhiva\/posjeta-centru-za-boravak-lica-sa-posebnim-potrebama\/#primaryimage\",\"url\":\"https:\/\/sandzakpress.net\/arhiva\/wp-content\/uploads\/2010\/05\/posjeta-licima-s-posebnim-potrebama-2.jpg\",\"contentUrl\":\"https:\/\/sandzakpress.net\/arhiva\/wp-content\/uploads\/2010\/05\/posjeta-licima-s-posebnim-potrebama-2.jpg\",\"width\":600,\"height\":399},{\"@type\":\"BreadcrumbList\",\"@id\":\"https:\/\/sandzakpress.net\/arhiva\/posjeta-centru-za-boravak-lica-sa-posebnim-potrebama\/#breadcrumb\",\"itemListElement\":[{\"@type\":\"ListItem\",\"position\":1,\"name\":\"Home\",\"item\":\"https:\/\/sandzakpress.net\/arhiva\/\"},{\"@type\":\"ListItem\",\"position\":2,\"name\":\"Posjeta Centru za boravak lica sa posebnim potrebama\"}]},{\"@type\":\"WebSite\",\"@id\":\"https:\/\/sandzakpress.net\/arhiva\/#website\",\"url\":\"https:\/\/sandzakpress.net\/arhiva\/\",\"name\":\"Sand\u017eak PRESS\",\"description\":\"Prve elektronske novine u Sand\u017eaku\",\"publisher\":{\"@id\":\"https:\/\/sandzakpress.net\/arhiva\/#\/schema\/person\/6e72b67d6e51910a1117b3b483ba20bd\"},\"potentialAction\":[{\"@type\":\"SearchAction\",\"target\":{\"@type\":\"EntryPoint\",\"urlTemplate\":\"https:\/\/sandzakpress.net\/arhiva\/?s={search_term_string}\"},\"query-input\":{\"@type\":\"PropertyValueSpecification\",\"valueRequired\":true,\"valueName\":\"search_term_string\"}}],\"inLanguage\":\"bs-BA\"},{\"@type\":[\"Person\",\"Organization\"],\"@id\":\"https:\/\/sandzakpress.net\/arhiva\/#\/schema\/person\/6e72b67d6e51910a1117b3b483ba20bd\",\"name\":\"Kul\",\"image\":{\"@type\":\"ImageObject\",\"inLanguage\":\"bs-BA\",\"@id\":\"https:\/\/sandzakpress.net\/arhiva\/#\/schema\/person\/image\/\",\"url\":\"https:\/\/secure.gravatar.com\/avatar\/42263f39aa27ac04c43cab85c280eb2e?s=96&d=mm&r=pg\",\"contentUrl\":\"https:\/\/secure.gravatar.com\/avatar\/42263f39aa27ac04c43cab85c280eb2e?s=96&d=mm&r=pg\",\"caption\":\"Kul\"},\"logo\":{\"@id\":\"https:\/\/sandzakpress.net\/arhiva\/#\/schema\/person\/image\/\"}},{\"@type\":\"Person\",\"@id\":\"https:\/\/sandzakpress.net\/arhiva\/#\/schema\/person\/c8baee722073534b583ea7bdb2e36c02\",\"name\":\"bosniak\",\"image\":{\"@type\":\"ImageObject\",\"inLanguage\":\"bs-BA\",\"@id\":\"https:\/\/sandzakpress.net\/arhiva\/#\/schema\/person\/image\/\",\"url\":\"https:\/\/secure.gravatar.com\/avatar\/a04fd330bfe3a36a72a0ad4a6d89fca7?s=96&d=mm&r=pg\",\"contentUrl\":\"https:\/\/secure.gravatar.com\/avatar\/a04fd330bfe3a36a72a0ad4a6d89fca7?s=96&d=mm&r=pg\",\"caption\":\"bosniak\"},\"url\":\"https:\/\/sandzakpress.net\/arhiva\/author\/bosniak\/\"}]}<\/script>\n<!-- \/ Yoast SEO Premium plugin. -->","yoast_head_json":{"title":"Posjeta Centru za boravak lica sa posebnim potrebama","robots":{"index":"index","follow":"follow","max-snippet":"max-snippet:-1","max-image-preview":"max-image-preview:large","max-video-preview":"max-video-preview:-1"},"canonical":"https:\/\/sandzakpress.net\/arhiva\/posjeta-centru-za-boravak-lica-sa-posebnim-potrebama\/","og_locale":"bs_BA","og_type":"article","og_title":"Posjeta Centru za boravak lica sa posebnim potrebama","og_description":"Novi Pazar &#8211; Glavni muftija Muamer-ef. Zukorli\u0107 posjetio je danas gradili\u0161te Centra za boravak lica sa posebnim potrebama u Novom Pazaru. Muftija je u svojstvu nosioca liste BKZ-a,\u00a0 ispred ove kulturne organizacije, rukovodiocima Centra uru\u010dio nov\u010danu pomo\u0107 kao i pomo\u0107 u gra\u0111evinskom materijalu.Delegaciju BKZ-a pored Muftije sa\u010dinjavali su i dr Mrvlud Dudi\u0107 &#8211; predsjednik BKZ-a, [&hellip;]","og_url":"https:\/\/sandzakpress.net\/arhiva\/posjeta-centru-za-boravak-lica-sa-posebnim-potrebama\/","og_site_name":"Sand\u017eak PRESS","article_published_time":"2010-05-11T16:25:56+00:00","og_image":[{"width":600,"height":399,"url":"https:\/\/sandzakpress.net\/arhiva\/wp-content\/uploads\/2010\/05\/posjeta-licima-s-posebnim-potrebama-2.jpg","type":"image\/jpeg"}],"author":"bosniak","twitter_card":"summary_large_image","twitter_misc":{"Written by":"bosniak","Est. reading time":"3 minute"},"schema":{"@context":"https:\/\/schema.org","@graph":[{"@type":"Article","@id":"https:\/\/sandzakpress.net\/arhiva\/posjeta-centru-za-boravak-lica-sa-posebnim-potrebama\/#article","isPartOf":{"@id":"https:\/\/sandzakpress.net\/arhiva\/posjeta-centru-za-boravak-lica-sa-posebnim-potrebama\/"},"author":{"name":"bosniak","@id":"https:\/\/sandzakpress.net\/arhiva\/#\/schema\/person\/c8baee722073534b583ea7bdb2e36c02"},"headline":"Posjeta Centru za boravak lica sa posebnim potrebama","datePublished":"2010-05-11T16:25:56+00:00","mainEntityOfPage":{"@id":"https:\/\/sandzakpress.net\/arhiva\/posjeta-centru-za-boravak-lica-sa-posebnim-potrebama\/"},"wordCount":699,"commentCount":3,"publisher":{"@id":"https:\/\/sandzakpress.net\/arhiva\/#\/schema\/person\/6e72b67d6e51910a1117b3b483ba20bd"},"image":{"@id":"https:\/\/sandzakpress.net\/arhiva\/posjeta-centru-za-boravak-lica-sa-posebnim-potrebama\/#primaryimage"},"thumbnailUrl":"https:\/\/sandzakpress.net\/arhiva\/wp-content\/uploads\/2010\/05\/posjeta-licima-s-posebnim-potrebama-2.jpg","articleSection":["Dru\u0161tvo"],"inLanguage":"bs-BA","potentialAction":[{"@type":"CommentAction","name":"Comment","target":["https:\/\/sandzakpress.net\/arhiva\/posjeta-centru-za-boravak-lica-sa-posebnim-potrebama\/#respond"]}]},{"@type":"WebPage","@id":"https:\/\/sandzakpress.net\/arhiva\/posjeta-centru-za-boravak-lica-sa-posebnim-potrebama\/","url":"https:\/\/sandzakpress.net\/arhiva\/posjeta-centru-za-boravak-lica-sa-posebnim-potrebama\/","name":"Posjeta Centru za boravak lica sa posebnim potrebama","isPartOf":{"@id":"https:\/\/sandzakpress.net\/arhiva\/#website"},"primaryImageOfPage":{"@id":"https:\/\/sandzakpress.net\/arhiva\/posjeta-centru-za-boravak-lica-sa-posebnim-potrebama\/#primaryimage"},"image":{"@id":"https:\/\/sandzakpress.net\/arhiva\/posjeta-centru-za-boravak-lica-sa-posebnim-potrebama\/#primaryimage"},"thumbnailUrl":"https:\/\/sandzakpress.net\/arhiva\/wp-content\/uploads\/2010\/05\/posjeta-licima-s-posebnim-potrebama-2.jpg","datePublished":"2010-05-11T16:25:56+00:00","breadcrumb":{"@id":"https:\/\/sandzakpress.net\/arhiva\/posjeta-centru-za-boravak-lica-sa-posebnim-potrebama\/#breadcrumb"},"inLanguage":"bs-BA","potentialAction":[{"@type":"ReadAction","target":["https:\/\/sandzakpress.net\/arhiva\/posjeta-centru-za-boravak-lica-sa-posebnim-potrebama\/"]}]},{"@type":"ImageObject","inLanguage":"bs-BA","@id":"https:\/\/sandzakpress.net\/arhiva\/posjeta-centru-za-boravak-lica-sa-posebnim-potrebama\/#primaryimage","url":"https:\/\/sandzakpress.net\/arhiva\/wp-content\/uploads\/2010\/05\/posjeta-licima-s-posebnim-potrebama-2.jpg","contentUrl":"https:\/\/sandzakpress.net\/arhiva\/wp-content\/uploads\/2010\/05\/posjeta-licima-s-posebnim-potrebama-2.jpg","width":600,"height":399},{"@type":"BreadcrumbList","@id":"https:\/\/sandzakpress.net\/arhiva\/posjeta-centru-za-boravak-lica-sa-posebnim-potrebama\/#breadcrumb","itemListElement":[{"@type":"ListItem","position":1,"name":"Home","item":"https:\/\/sandzakpress.net\/arhiva\/"},{"@type":"ListItem","position":2,"name":"Posjeta Centru za boravak lica sa posebnim potrebama"}]},{"@type":"WebSite","@id":"https:\/\/sandzakpress.net\/arhiva\/#website","url":"https:\/\/sandzakpress.net\/arhiva\/","name":"Sand\u017eak PRESS","description":"Prve elektronske novine u Sand\u017eaku","publisher":{"@id":"https:\/\/sandzakpress.net\/arhiva\/#\/schema\/person\/6e72b67d6e51910a1117b3b483ba20bd"},"potentialAction":[{"@type":"SearchAction","target":{"@type":"EntryPoint","urlTemplate":"https:\/\/sandzakpress.net\/arhiva\/?s={search_term_string}"},"query-input":{"@type":"PropertyValueSpecification","valueRequired":true,"valueName":"search_term_string"}}],"inLanguage":"bs-BA"},{"@type":["Person","Organization"],"@id":"https:\/\/sandzakpress.net\/arhiva\/#\/schema\/person\/6e72b67d6e51910a1117b3b483ba20bd","name":"Kul","image":{"@type":"ImageObject","inLanguage":"bs-BA","@id":"https:\/\/sandzakpress.net\/arhiva\/#\/schema\/person\/image\/","url":"https:\/\/secure.gravatar.com\/avatar\/42263f39aa27ac04c43cab85c280eb2e?s=96&d=mm&r=pg","contentUrl":"https:\/\/secure.gravatar.com\/avatar\/42263f39aa27ac04c43cab85c280eb2e?s=96&d=mm&r=pg","caption":"Kul"},"logo":{"@id":"https:\/\/sandzakpress.net\/arhiva\/#\/schema\/person\/image\/"}},{"@type":"Person","@id":"https:\/\/sandzakpress.net\/arhiva\/#\/schema\/person\/c8baee722073534b583ea7bdb2e36c02","name":"bosniak","image":{"@type":"ImageObject","inLanguage":"bs-BA","@id":"https:\/\/sandzakpress.net\/arhiva\/#\/schema\/person\/image\/","url":"https:\/\/secure.gravatar.com\/avatar\/a04fd330bfe3a36a72a0ad4a6d89fca7?s=96&d=mm&r=pg","contentUrl":"https:\/\/secure.gravatar.com\/avatar\/a04fd330bfe3a36a72a0ad4a6d89fca7?s=96&d=mm&r=pg","caption":"bosniak"},"url":"https:\/\/sandzakpress.net\/arhiva\/author\/bosniak\/"}]}},"_links":{"self":[{"href":"https:\/\/sandzakpress.net\/arhiva\/wp-json\/wp\/v2\/posts\/4313"}],"collection":[{"href":"https:\/\/sandzakpress.net\/arhiva\/wp-json\/wp\/v2\/posts"}],"about":[{"href":"https:\/\/sandzakpress.net\/arhiva\/wp-json\/wp\/v2\/types\/post"}],"author":[{"embeddable":true,"href":"https:\/\/sandzakpress.net\/arhiva\/wp-json\/wp\/v2\/users\/83"}],"replies":[{"embeddable":true,"href":"https:\/\/sandzakpress.net\/arhiva\/wp-json\/wp\/v2\/comments?post=4313"}],"version-history":[{"count":0,"href":"https:\/\/sandzakpress.net\/arhiva\/wp-json\/wp\/v2\/posts\/4313\/revisions"}],"wp:featuredmedia":[{"embeddable":true,"href":"https:\/\/sandzakpress.net\/arhiva\/wp-json\/wp\/v2\/media\/4314"}],"wp:attachment":[{"href":"https:\/\/sandzakpress.net\/arhiva\/wp-json\/wp\/v2\/media?parent=4313"}],"wp:term":[{"taxonomy":"category","embeddable":true,"href":"https:\/\/sandzakpress.net\/arhiva\/wp-json\/wp\/v2\/categories?post=4313"},{"taxonomy":"post_tag","embeddable":true,"href":"https:\/\/sandzakpress.net\/arhiva\/wp-json\/wp\/v2\/tags?post=4313"}],"curies":[{"name":"wp","href":"https:\/\/api.w.org\/{rel}","templated":true}]}}