{"id":42931,"date":"2012-06-22T14:24:16","date_gmt":"2012-06-22T12:24:16","guid":{"rendered":"https:\/\/sandzakpress.net\/arhiva\/?p=42931"},"modified":"2012-06-22T14:24:16","modified_gmt":"2012-06-22T12:24:16","slug":"rektor-dudic-na-medjunarodnoj-konferenciji-u-sarajevu","status":"publish","type":"post","link":"https:\/\/sandzakpress.net\/arhiva\/rektor-dudic-na-medjunarodnoj-konferenciji-u-sarajevu\/","title":{"rendered":"Rektor Dudi\u0107 na medjunarodnoj konferenciji u Sarajevu"},"content":{"rendered":"<p><strong><a href=\"https:\/\/sandzakpress.net\/arhiva\/wp-content\/uploads\/2012\/06\/dudic-akif-ersoy-2012_thumbnail.jpg\"><img loading=\"lazy\" decoding=\"async\" class=\"alignleft size-full wp-image-42932\" title=\"dudic-akif-ersoy-2012_thumbnail\" src=\"https:\/\/sandzakpress.net\/arhiva\/wp-content\/uploads\/2012\/06\/dudic-akif-ersoy-2012_thumbnail.jpg\" alt=\"\" width=\"199\" height=\"140\" \/><\/a>Novi Pazar, BiH &#8211; U \u010dast velikog pisca i mislioca, porijeklom iz Sand\u017eaka, autora Nacionalne himne Republike Turske, Mehmet Akifa Ersoja, <em>Fondacija Mehmet Akif Ersoj <\/em>i <em>Internacionalni univerzitet u Sarajevu<\/em> organizuju trodnevnu me\u0111unarodnu konferenciju\u00a0 posve\u0107enu ovom velikanu.<\/strong><\/p>\n<p>Na konferenciji \u0107e  u\u010destvovati preko 50 eminentnih profesora iz Turske, Bugarske, Gr\u010dke,  Bosne i Hercegovine, Hrvatske, Srbije i Crne Gore.<\/p>\n<p>U radu konferncije aktivno u\u010destvuje rektor\u00a0 Internacionalnog univerzitet u Novom Pazaru, prof. dr. Mevlud Dudi\u0107.<\/p>\n<p>Izvor: <strong>Uninp.Edu.rs<\/strong><\/p>\n","protected":false},"excerpt":{"rendered":"<p>Novi Pazar, BiH &#8211; U \u010dast velikog pisca i mislioca, porijeklom iz Sand\u017eaka, autora Nacionalne himne Republike Turske, Mehmet Akifa Ersoja, Fondacija Mehmet Akif Ersoj i Internacionalni univerzitet u Sarajevu organizuju trodnevnu me\u0111unarodnu konferenciju\u00a0 posve\u0107enu ovom velikanu. Na konferenciji \u0107e u\u010destvovati preko 50 eminentnih profesora iz Turske, Bugarske, Gr\u010dke, Bosne i Hercegovine, Hrvatske, Srbije i [&hellip;]<\/p>\n","protected":false},"author":13,"featured_media":42932,"comment_status":"open","ping_status":"open","sticky":false,"template":"","format":"standard","meta":{"footnotes":""},"categories":[72,2860,4],"tags":[],"class_list":{"0":"post-42931","1":"post","2":"type-post","3":"status-publish","4":"format-standard","5":"has-post-thumbnail","7":"category-novi-pazar","8":"category-bosna-i-hercegovina-gradovi","9":"category-obrazovanje"},"yoast_head":"<!-- This site is optimized with the Yoast SEO Premium plugin v23.1 (Yoast SEO v24.9) - https:\/\/yoast.com\/wordpress\/plugins\/seo\/ -->\n<title>Rektor Dudi\u0107 na medjunarodnoj konferenciji u Sarajevu<\/title>\n<meta name=\"robots\" content=\"index, follow, max-snippet:-1, max-image-preview:large, max-video-preview:-1\" \/>\n<link rel=\"canonical\" href=\"https:\/\/sandzakpress.net\/arhiva\/rektor-dudic-na-medjunarodnoj-konferenciji-u-sarajevu\/\" \/>\n<meta property=\"og:locale\" content=\"bs_BA\" \/>\n<meta property=\"og:type\" content=\"article\" \/>\n<meta property=\"og:title\" content=\"Rektor Dudi\u0107 na medjunarodnoj konferenciji u Sarajevu\" \/>\n<meta property=\"og:description\" content=\"Novi Pazar, BiH &#8211; U \u010dast velikog pisca i mislioca, porijeklom iz Sand\u017eaka, autora Nacionalne himne Republike Turske, Mehmet Akifa Ersoja, Fondacija Mehmet Akif Ersoj i Internacionalni univerzitet u Sarajevu organizuju trodnevnu me\u0111unarodnu konferenciju\u00a0 posve\u0107enu ovom velikanu. Na konferenciji \u0107e u\u010destvovati preko 50 eminentnih profesora iz Turske, Bugarske, Gr\u010dke, Bosne i Hercegovine, Hrvatske, Srbije i [&hellip;]\" \/>\n<meta property=\"og:url\" content=\"https:\/\/sandzakpress.net\/arhiva\/rektor-dudic-na-medjunarodnoj-konferenciji-u-sarajevu\/\" \/>\n<meta property=\"og:site_name\" content=\"Sand\u017eak PRESS\" \/>\n<meta property=\"article:published_time\" content=\"2012-06-22T12:24:16+00:00\" \/>\n<meta property=\"og:image\" content=\"https:\/\/sandzakpress.net\/arhiva\/wp-content\/uploads\/2012\/06\/dudic-akif-ersoy-2012_thumbnail.jpg\" \/>\n\t<meta property=\"og:image:width\" content=\"199\" \/>\n\t<meta property=\"og:image:height\" content=\"140\" \/>\n\t<meta property=\"og:image:type\" content=\"image\/jpeg\" \/>\n<meta name=\"twitter:card\" content=\"summary_large_image\" \/>\n<meta name=\"twitter:label1\" content=\"Written by\" \/>\n\t<meta name=\"twitter:data1\" content=\"\" \/>\n<script type=\"application\/ld+json\" class=\"yoast-schema-graph\">{\"@context\":\"https:\/\/schema.org\",\"@graph\":[{\"@type\":\"Article\",\"@id\":\"https:\/\/sandzakpress.net\/arhiva\/rektor-dudic-na-medjunarodnoj-konferenciji-u-sarajevu\/#article\",\"isPartOf\":{\"@id\":\"https:\/\/sandzakpress.net\/arhiva\/rektor-dudic-na-medjunarodnoj-konferenciji-u-sarajevu\/\"},\"author\":{\"name\":\"\",\"@id\":\"\"},\"headline\":\"Rektor Dudi\u0107 na medjunarodnoj konferenciji u Sarajevu\",\"datePublished\":\"2012-06-22T12:24:16+00:00\",\"mainEntityOfPage\":{\"@id\":\"https:\/\/sandzakpress.net\/arhiva\/rektor-dudic-na-medjunarodnoj-konferenciji-u-sarajevu\/\"},\"wordCount\":88,\"commentCount\":0,\"publisher\":{\"@id\":\"https:\/\/sandzakpress.net\/arhiva\/#\/schema\/person\/6e72b67d6e51910a1117b3b483ba20bd\"},\"image\":{\"@id\":\"https:\/\/sandzakpress.net\/arhiva\/rektor-dudic-na-medjunarodnoj-konferenciji-u-sarajevu\/#primaryimage\"},\"thumbnailUrl\":\"https:\/\/sandzakpress.net\/arhiva\/wp-content\/uploads\/2012\/06\/dudic-akif-ersoy-2012_thumbnail.jpg\",\"articleSection\":[\"Novi Pazar\",\"Bosna i Hercegovina\",\"Obrazovanje\"],\"inLanguage\":\"bs-BA\",\"potentialAction\":[{\"@type\":\"CommentAction\",\"name\":\"Comment\",\"target\":[\"https:\/\/sandzakpress.net\/arhiva\/rektor-dudic-na-medjunarodnoj-konferenciji-u-sarajevu\/#respond\"]}]},{\"@type\":\"WebPage\",\"@id\":\"https:\/\/sandzakpress.net\/arhiva\/rektor-dudic-na-medjunarodnoj-konferenciji-u-sarajevu\/\",\"url\":\"https:\/\/sandzakpress.net\/arhiva\/rektor-dudic-na-medjunarodnoj-konferenciji-u-sarajevu\/\",\"name\":\"Rektor Dudi\u0107 na medjunarodnoj konferenciji u Sarajevu\",\"isPartOf\":{\"@id\":\"https:\/\/sandzakpress.net\/arhiva\/#website\"},\"primaryImageOfPage\":{\"@id\":\"https:\/\/sandzakpress.net\/arhiva\/rektor-dudic-na-medjunarodnoj-konferenciji-u-sarajevu\/#primaryimage\"},\"image\":{\"@id\":\"https:\/\/sandzakpress.net\/arhiva\/rektor-dudic-na-medjunarodnoj-konferenciji-u-sarajevu\/#primaryimage\"},\"thumbnailUrl\":\"https:\/\/sandzakpress.net\/arhiva\/wp-content\/uploads\/2012\/06\/dudic-akif-ersoy-2012_thumbnail.jpg\",\"datePublished\":\"2012-06-22T12:24:16+00:00\",\"breadcrumb\":{\"@id\":\"https:\/\/sandzakpress.net\/arhiva\/rektor-dudic-na-medjunarodnoj-konferenciji-u-sarajevu\/#breadcrumb\"},\"inLanguage\":\"bs-BA\",\"potentialAction\":[{\"@type\":\"ReadAction\",\"target\":[\"https:\/\/sandzakpress.net\/arhiva\/rektor-dudic-na-medjunarodnoj-konferenciji-u-sarajevu\/\"]}]},{\"@type\":\"ImageObject\",\"inLanguage\":\"bs-BA\",\"@id\":\"https:\/\/sandzakpress.net\/arhiva\/rektor-dudic-na-medjunarodnoj-konferenciji-u-sarajevu\/#primaryimage\",\"url\":\"https:\/\/sandzakpress.net\/arhiva\/wp-content\/uploads\/2012\/06\/dudic-akif-ersoy-2012_thumbnail.jpg\",\"contentUrl\":\"https:\/\/sandzakpress.net\/arhiva\/wp-content\/uploads\/2012\/06\/dudic-akif-ersoy-2012_thumbnail.jpg\",\"width\":199,\"height\":140},{\"@type\":\"BreadcrumbList\",\"@id\":\"https:\/\/sandzakpress.net\/arhiva\/rektor-dudic-na-medjunarodnoj-konferenciji-u-sarajevu\/#breadcrumb\",\"itemListElement\":[{\"@type\":\"ListItem\",\"position\":1,\"name\":\"Home\",\"item\":\"https:\/\/sandzakpress.net\/arhiva\/\"},{\"@type\":\"ListItem\",\"position\":2,\"name\":\"Rektor Dudi\u0107 na medjunarodnoj konferenciji u Sarajevu\"}]},{\"@type\":\"WebSite\",\"@id\":\"https:\/\/sandzakpress.net\/arhiva\/#website\",\"url\":\"https:\/\/sandzakpress.net\/arhiva\/\",\"name\":\"Sand\u017eak PRESS\",\"description\":\"Prve elektronske novine u Sand\u017eaku\",\"publisher\":{\"@id\":\"https:\/\/sandzakpress.net\/arhiva\/#\/schema\/person\/6e72b67d6e51910a1117b3b483ba20bd\"},\"potentialAction\":[{\"@type\":\"SearchAction\",\"target\":{\"@type\":\"EntryPoint\",\"urlTemplate\":\"https:\/\/sandzakpress.net\/arhiva\/?s={search_term_string}\"},\"query-input\":{\"@type\":\"PropertyValueSpecification\",\"valueRequired\":true,\"valueName\":\"search_term_string\"}}],\"inLanguage\":\"bs-BA\"},{\"@type\":[\"Person\",\"Organization\"],\"@id\":\"https:\/\/sandzakpress.net\/arhiva\/#\/schema\/person\/6e72b67d6e51910a1117b3b483ba20bd\",\"name\":\"Kul\",\"image\":{\"@type\":\"ImageObject\",\"inLanguage\":\"bs-BA\",\"@id\":\"https:\/\/sandzakpress.net\/arhiva\/#\/schema\/person\/image\/\",\"url\":\"https:\/\/secure.gravatar.com\/avatar\/42263f39aa27ac04c43cab85c280eb2e?s=96&d=mm&r=pg\",\"contentUrl\":\"https:\/\/secure.gravatar.com\/avatar\/42263f39aa27ac04c43cab85c280eb2e?s=96&d=mm&r=pg\",\"caption\":\"Kul\"},\"logo\":{\"@id\":\"https:\/\/sandzakpress.net\/arhiva\/#\/schema\/person\/image\/\"}},{\"@type\":\"Person\",\"@id\":\"\",\"url\":\"https:\/\/sandzakpress.net\/arhiva\/author\/\"}]}<\/script>\n<!-- \/ Yoast SEO Premium plugin. -->","yoast_head_json":{"title":"Rektor Dudi\u0107 na medjunarodnoj konferenciji u Sarajevu","robots":{"index":"index","follow":"follow","max-snippet":"max-snippet:-1","max-image-preview":"max-image-preview:large","max-video-preview":"max-video-preview:-1"},"canonical":"https:\/\/sandzakpress.net\/arhiva\/rektor-dudic-na-medjunarodnoj-konferenciji-u-sarajevu\/","og_locale":"bs_BA","og_type":"article","og_title":"Rektor Dudi\u0107 na medjunarodnoj konferenciji u Sarajevu","og_description":"Novi Pazar, BiH &#8211; U \u010dast velikog pisca i mislioca, porijeklom iz Sand\u017eaka, autora Nacionalne himne Republike Turske, Mehmet Akifa Ersoja, Fondacija Mehmet Akif Ersoj i Internacionalni univerzitet u Sarajevu organizuju trodnevnu me\u0111unarodnu konferenciju\u00a0 posve\u0107enu ovom velikanu. Na konferenciji \u0107e u\u010destvovati preko 50 eminentnih profesora iz Turske, Bugarske, Gr\u010dke, Bosne i Hercegovine, Hrvatske, Srbije i [&hellip;]","og_url":"https:\/\/sandzakpress.net\/arhiva\/rektor-dudic-na-medjunarodnoj-konferenciji-u-sarajevu\/","og_site_name":"Sand\u017eak PRESS","article_published_time":"2012-06-22T12:24:16+00:00","og_image":[{"width":199,"height":140,"url":"https:\/\/sandzakpress.net\/arhiva\/wp-content\/uploads\/2012\/06\/dudic-akif-ersoy-2012_thumbnail.jpg","type":"image\/jpeg"}],"twitter_card":"summary_large_image","twitter_misc":{"Written by":""},"schema":{"@context":"https:\/\/schema.org","@graph":[{"@type":"Article","@id":"https:\/\/sandzakpress.net\/arhiva\/rektor-dudic-na-medjunarodnoj-konferenciji-u-sarajevu\/#article","isPartOf":{"@id":"https:\/\/sandzakpress.net\/arhiva\/rektor-dudic-na-medjunarodnoj-konferenciji-u-sarajevu\/"},"author":{"name":"","@id":""},"headline":"Rektor Dudi\u0107 na medjunarodnoj konferenciji u Sarajevu","datePublished":"2012-06-22T12:24:16+00:00","mainEntityOfPage":{"@id":"https:\/\/sandzakpress.net\/arhiva\/rektor-dudic-na-medjunarodnoj-konferenciji-u-sarajevu\/"},"wordCount":88,"commentCount":0,"publisher":{"@id":"https:\/\/sandzakpress.net\/arhiva\/#\/schema\/person\/6e72b67d6e51910a1117b3b483ba20bd"},"image":{"@id":"https:\/\/sandzakpress.net\/arhiva\/rektor-dudic-na-medjunarodnoj-konferenciji-u-sarajevu\/#primaryimage"},"thumbnailUrl":"https:\/\/sandzakpress.net\/arhiva\/wp-content\/uploads\/2012\/06\/dudic-akif-ersoy-2012_thumbnail.jpg","articleSection":["Novi Pazar","Bosna i Hercegovina","Obrazovanje"],"inLanguage":"bs-BA","potentialAction":[{"@type":"CommentAction","name":"Comment","target":["https:\/\/sandzakpress.net\/arhiva\/rektor-dudic-na-medjunarodnoj-konferenciji-u-sarajevu\/#respond"]}]},{"@type":"WebPage","@id":"https:\/\/sandzakpress.net\/arhiva\/rektor-dudic-na-medjunarodnoj-konferenciji-u-sarajevu\/","url":"https:\/\/sandzakpress.net\/arhiva\/rektor-dudic-na-medjunarodnoj-konferenciji-u-sarajevu\/","name":"Rektor Dudi\u0107 na medjunarodnoj konferenciji u Sarajevu","isPartOf":{"@id":"https:\/\/sandzakpress.net\/arhiva\/#website"},"primaryImageOfPage":{"@id":"https:\/\/sandzakpress.net\/arhiva\/rektor-dudic-na-medjunarodnoj-konferenciji-u-sarajevu\/#primaryimage"},"image":{"@id":"https:\/\/sandzakpress.net\/arhiva\/rektor-dudic-na-medjunarodnoj-konferenciji-u-sarajevu\/#primaryimage"},"thumbnailUrl":"https:\/\/sandzakpress.net\/arhiva\/wp-content\/uploads\/2012\/06\/dudic-akif-ersoy-2012_thumbnail.jpg","datePublished":"2012-06-22T12:24:16+00:00","breadcrumb":{"@id":"https:\/\/sandzakpress.net\/arhiva\/rektor-dudic-na-medjunarodnoj-konferenciji-u-sarajevu\/#breadcrumb"},"inLanguage":"bs-BA","potentialAction":[{"@type":"ReadAction","target":["https:\/\/sandzakpress.net\/arhiva\/rektor-dudic-na-medjunarodnoj-konferenciji-u-sarajevu\/"]}]},{"@type":"ImageObject","inLanguage":"bs-BA","@id":"https:\/\/sandzakpress.net\/arhiva\/rektor-dudic-na-medjunarodnoj-konferenciji-u-sarajevu\/#primaryimage","url":"https:\/\/sandzakpress.net\/arhiva\/wp-content\/uploads\/2012\/06\/dudic-akif-ersoy-2012_thumbnail.jpg","contentUrl":"https:\/\/sandzakpress.net\/arhiva\/wp-content\/uploads\/2012\/06\/dudic-akif-ersoy-2012_thumbnail.jpg","width":199,"height":140},{"@type":"BreadcrumbList","@id":"https:\/\/sandzakpress.net\/arhiva\/rektor-dudic-na-medjunarodnoj-konferenciji-u-sarajevu\/#breadcrumb","itemListElement":[{"@type":"ListItem","position":1,"name":"Home","item":"https:\/\/sandzakpress.net\/arhiva\/"},{"@type":"ListItem","position":2,"name":"Rektor Dudi\u0107 na medjunarodnoj konferenciji u Sarajevu"}]},{"@type":"WebSite","@id":"https:\/\/sandzakpress.net\/arhiva\/#website","url":"https:\/\/sandzakpress.net\/arhiva\/","name":"Sand\u017eak PRESS","description":"Prve elektronske novine u Sand\u017eaku","publisher":{"@id":"https:\/\/sandzakpress.net\/arhiva\/#\/schema\/person\/6e72b67d6e51910a1117b3b483ba20bd"},"potentialAction":[{"@type":"SearchAction","target":{"@type":"EntryPoint","urlTemplate":"https:\/\/sandzakpress.net\/arhiva\/?s={search_term_string}"},"query-input":{"@type":"PropertyValueSpecification","valueRequired":true,"valueName":"search_term_string"}}],"inLanguage":"bs-BA"},{"@type":["Person","Organization"],"@id":"https:\/\/sandzakpress.net\/arhiva\/#\/schema\/person\/6e72b67d6e51910a1117b3b483ba20bd","name":"Kul","image":{"@type":"ImageObject","inLanguage":"bs-BA","@id":"https:\/\/sandzakpress.net\/arhiva\/#\/schema\/person\/image\/","url":"https:\/\/secure.gravatar.com\/avatar\/42263f39aa27ac04c43cab85c280eb2e?s=96&d=mm&r=pg","contentUrl":"https:\/\/secure.gravatar.com\/avatar\/42263f39aa27ac04c43cab85c280eb2e?s=96&d=mm&r=pg","caption":"Kul"},"logo":{"@id":"https:\/\/sandzakpress.net\/arhiva\/#\/schema\/person\/image\/"}},{"@type":"Person","@id":"","url":"https:\/\/sandzakpress.net\/arhiva\/author\/"}]}},"_links":{"self":[{"href":"https:\/\/sandzakpress.net\/arhiva\/wp-json\/wp\/v2\/posts\/42931"}],"collection":[{"href":"https:\/\/sandzakpress.net\/arhiva\/wp-json\/wp\/v2\/posts"}],"about":[{"href":"https:\/\/sandzakpress.net\/arhiva\/wp-json\/wp\/v2\/types\/post"}],"author":[{"embeddable":true,"href":"https:\/\/sandzakpress.net\/arhiva\/wp-json\/wp\/v2\/users\/13"}],"replies":[{"embeddable":true,"href":"https:\/\/sandzakpress.net\/arhiva\/wp-json\/wp\/v2\/comments?post=42931"}],"version-history":[{"count":0,"href":"https:\/\/sandzakpress.net\/arhiva\/wp-json\/wp\/v2\/posts\/42931\/revisions"}],"wp:featuredmedia":[{"embeddable":true,"href":"https:\/\/sandzakpress.net\/arhiva\/wp-json\/wp\/v2\/media\/42932"}],"wp:attachment":[{"href":"https:\/\/sandzakpress.net\/arhiva\/wp-json\/wp\/v2\/media?parent=42931"}],"wp:term":[{"taxonomy":"category","embeddable":true,"href":"https:\/\/sandzakpress.net\/arhiva\/wp-json\/wp\/v2\/categories?post=42931"},{"taxonomy":"post_tag","embeddable":true,"href":"https:\/\/sandzakpress.net\/arhiva\/wp-json\/wp\/v2\/tags?post=42931"}],"curies":[{"name":"wp","href":"https:\/\/api.w.org\/{rel}","templated":true}]}}