{"id":42900,"date":"2012-06-22T13:24:27","date_gmt":"2012-06-22T11:24:27","guid":{"rendered":"https:\/\/sandzakpress.net\/arhiva\/?p=42900"},"modified":"2012-06-22T13:24:27","modified_gmt":"2012-06-22T11:24:27","slug":"taci-smenio-editu-tahiri","status":"publish","type":"post","link":"https:\/\/sandzakpress.net\/arhiva\/taci-smenio-editu-tahiri\/","title":{"rendered":"Ta\u010di smenio Editu Tahiri"},"content":{"rendered":"<p><strong><a href=\"https:\/\/sandzakpress.net\/arhiva\/wp-content\/uploads\/2012\/06\/51379.jpg\"><img loading=\"lazy\" decoding=\"async\" class=\"alignleft size-medium wp-image-42901\" title=\"51379\" src=\"https:\/\/sandzakpress.net\/arhiva\/wp-content\/uploads\/2012\/06\/51379-300x199.jpg\" alt=\"\" width=\"300\" height=\"199\" \/><\/a>Kosovo &#8211; Zamjenica kosovskog premijera Edita Tahiri nije vi\u0161e na \u010delu  pregovara\u010dkog tima Kosova u tehni\u010dkom dijalogu sa Beogradom, pi\u0161e list  Koha ditore.<\/strong><\/p>\n<p>Dnevnik navodi da je takvu odluku doneo kosovski premijer Ha\u0161im Ta\u010di.<\/p>\n<p>Na  ovan na\u010din, prema izvorima dnevnika, zavr\u0161ava se faza tehni\u010dkog  dijaloga i najavljuje po\u010detak politi\u010dkih razgovora, koje ne\u0107e predvoditi  Tahiri.<\/p>\n<p>Kako pi\u0161e list, tokom ju\u010dera\u0161njeg sastanka izaslanik EU u  tehni\u010dkom dijalogu Robert Kuper i Ta\u010di razgovarali su jedino o  pitanjima tehni\u010dkog dijaloga po\u0161to ni Kuper nije siguran da li \u0107e biti  posrednik i u politi\u010dkom dijalogu.<\/p>\n<p>Polit\u010dki dijalog, dodaje se u  tekstu, treba da sa\u010deka dok se u Srbiji ne formira Vlada, na \u010dijem \u010delu  se o\u010dekuje da bude Boris Tadi\u0107.<\/p>\n<p>Prema ovim izvorima, predsjednik  Srbije Tomislav Nikoli\u0107 je tokom nedavne posjete Briselu izrazio  spremnost da se susretne sa kosovskom predsjednicom Atifete Jahjagom i da  sprovede do sada postignute sporazume u dijalogu Beograda i Pri\u0161tine,  kao i opredeljenje da se dijalog nastavi na nivou vlada dve zemlje.<\/p>\n<p>Jahjagin  savjetnik za medije Arber Vlahiu je ovih dana izjavio da kabinet  kosovske predsjednice nema ni slu\u017ebene niti neslu\u017ebene najave da mo\u017ee  do\u010di do susreta na vrhu izme\u0111u Kosova i Srbije.<\/p>\n<p>Izvor: <strong>Tanjug<\/strong><\/p>\n","protected":false},"excerpt":{"rendered":"<p>Kosovo &#8211; Zamjenica kosovskog premijera Edita Tahiri nije vi\u0161e na \u010delu pregovara\u010dkog tima Kosova u tehni\u010dkom dijalogu sa Beogradom, pi\u0161e list Koha ditore. Dnevnik navodi da je takvu odluku doneo kosovski premijer Ha\u0161im Ta\u010di. Na ovan na\u010din, prema izvorima dnevnika, zavr\u0161ava se faza tehni\u010dkog dijaloga i najavljuje po\u010detak politi\u010dkih razgovora, koje ne\u0107e predvoditi Tahiri. Kako [&hellip;]<\/p>\n","protected":false},"author":13,"featured_media":42901,"comment_status":"open","ping_status":"open","sticky":false,"template":"","format":"standard","meta":{"footnotes":""},"categories":[2690],"tags":[],"class_list":{"0":"post-42900","1":"post","2":"type-post","3":"status-publish","4":"format-standard","5":"has-post-thumbnail","7":"category-kosovo-gradovi"},"yoast_head":"<!-- This site is optimized with the Yoast SEO Premium plugin v23.1 (Yoast SEO v24.9) - https:\/\/yoast.com\/wordpress\/plugins\/seo\/ -->\n<title>Ta\u010di smenio Editu Tahiri<\/title>\n<meta name=\"robots\" content=\"index, follow, max-snippet:-1, max-image-preview:large, max-video-preview:-1\" \/>\n<link rel=\"canonical\" href=\"https:\/\/sandzakpress.net\/arhiva\/taci-smenio-editu-tahiri\/\" \/>\n<meta property=\"og:locale\" content=\"bs_BA\" \/>\n<meta property=\"og:type\" content=\"article\" \/>\n<meta property=\"og:title\" content=\"Ta\u010di smenio Editu Tahiri\" \/>\n<meta property=\"og:description\" content=\"Kosovo &#8211; Zamjenica kosovskog premijera Edita Tahiri nije vi\u0161e na \u010delu pregovara\u010dkog tima Kosova u tehni\u010dkom dijalogu sa Beogradom, pi\u0161e list Koha ditore. Dnevnik navodi da je takvu odluku doneo kosovski premijer Ha\u0161im Ta\u010di. Na ovan na\u010din, prema izvorima dnevnika, zavr\u0161ava se faza tehni\u010dkog dijaloga i najavljuje po\u010detak politi\u010dkih razgovora, koje ne\u0107e predvoditi Tahiri. Kako [&hellip;]\" \/>\n<meta property=\"og:url\" content=\"https:\/\/sandzakpress.net\/arhiva\/taci-smenio-editu-tahiri\/\" \/>\n<meta property=\"og:site_name\" content=\"Sand\u017eak PRESS\" \/>\n<meta property=\"article:published_time\" content=\"2012-06-22T11:24:27+00:00\" \/>\n<meta property=\"og:image\" content=\"https:\/\/sandzakpress.net\/arhiva\/wp-content\/uploads\/2012\/06\/51379.jpg\" \/>\n\t<meta property=\"og:image:width\" content=\"320\" \/>\n\t<meta property=\"og:image:height\" content=\"213\" \/>\n\t<meta property=\"og:image:type\" content=\"image\/jpeg\" \/>\n<meta name=\"twitter:card\" content=\"summary_large_image\" \/>\n<meta name=\"twitter:label1\" content=\"Written by\" \/>\n\t<meta name=\"twitter:data1\" content=\"\" \/>\n\t<meta name=\"twitter:label2\" content=\"Est. reading time\" \/>\n\t<meta name=\"twitter:data2\" content=\"1 minuta\" \/>\n<script type=\"application\/ld+json\" class=\"yoast-schema-graph\">{\"@context\":\"https:\/\/schema.org\",\"@graph\":[{\"@type\":\"Article\",\"@id\":\"https:\/\/sandzakpress.net\/arhiva\/taci-smenio-editu-tahiri\/#article\",\"isPartOf\":{\"@id\":\"https:\/\/sandzakpress.net\/arhiva\/taci-smenio-editu-tahiri\/\"},\"author\":{\"name\":\"\",\"@id\":\"\"},\"headline\":\"Ta\u010di smenio Editu Tahiri\",\"datePublished\":\"2012-06-22T11:24:27+00:00\",\"mainEntityOfPage\":{\"@id\":\"https:\/\/sandzakpress.net\/arhiva\/taci-smenio-editu-tahiri\/\"},\"wordCount\":228,\"commentCount\":0,\"publisher\":{\"@id\":\"https:\/\/sandzakpress.net\/arhiva\/#\/schema\/person\/6e72b67d6e51910a1117b3b483ba20bd\"},\"image\":{\"@id\":\"https:\/\/sandzakpress.net\/arhiva\/taci-smenio-editu-tahiri\/#primaryimage\"},\"thumbnailUrl\":\"https:\/\/sandzakpress.net\/arhiva\/wp-content\/uploads\/2012\/06\/51379.jpg\",\"articleSection\":[\"Kosovo\"],\"inLanguage\":\"bs-BA\",\"potentialAction\":[{\"@type\":\"CommentAction\",\"name\":\"Comment\",\"target\":[\"https:\/\/sandzakpress.net\/arhiva\/taci-smenio-editu-tahiri\/#respond\"]}]},{\"@type\":\"WebPage\",\"@id\":\"https:\/\/sandzakpress.net\/arhiva\/taci-smenio-editu-tahiri\/\",\"url\":\"https:\/\/sandzakpress.net\/arhiva\/taci-smenio-editu-tahiri\/\",\"name\":\"Ta\u010di smenio Editu Tahiri\",\"isPartOf\":{\"@id\":\"https:\/\/sandzakpress.net\/arhiva\/#website\"},\"primaryImageOfPage\":{\"@id\":\"https:\/\/sandzakpress.net\/arhiva\/taci-smenio-editu-tahiri\/#primaryimage\"},\"image\":{\"@id\":\"https:\/\/sandzakpress.net\/arhiva\/taci-smenio-editu-tahiri\/#primaryimage\"},\"thumbnailUrl\":\"https:\/\/sandzakpress.net\/arhiva\/wp-content\/uploads\/2012\/06\/51379.jpg\",\"datePublished\":\"2012-06-22T11:24:27+00:00\",\"breadcrumb\":{\"@id\":\"https:\/\/sandzakpress.net\/arhiva\/taci-smenio-editu-tahiri\/#breadcrumb\"},\"inLanguage\":\"bs-BA\",\"potentialAction\":[{\"@type\":\"ReadAction\",\"target\":[\"https:\/\/sandzakpress.net\/arhiva\/taci-smenio-editu-tahiri\/\"]}]},{\"@type\":\"ImageObject\",\"inLanguage\":\"bs-BA\",\"@id\":\"https:\/\/sandzakpress.net\/arhiva\/taci-smenio-editu-tahiri\/#primaryimage\",\"url\":\"https:\/\/sandzakpress.net\/arhiva\/wp-content\/uploads\/2012\/06\/51379.jpg\",\"contentUrl\":\"https:\/\/sandzakpress.net\/arhiva\/wp-content\/uploads\/2012\/06\/51379.jpg\",\"width\":320,\"height\":213},{\"@type\":\"BreadcrumbList\",\"@id\":\"https:\/\/sandzakpress.net\/arhiva\/taci-smenio-editu-tahiri\/#breadcrumb\",\"itemListElement\":[{\"@type\":\"ListItem\",\"position\":1,\"name\":\"Home\",\"item\":\"https:\/\/sandzakpress.net\/arhiva\/\"},{\"@type\":\"ListItem\",\"position\":2,\"name\":\"Ta\u010di smenio Editu Tahiri\"}]},{\"@type\":\"WebSite\",\"@id\":\"https:\/\/sandzakpress.net\/arhiva\/#website\",\"url\":\"https:\/\/sandzakpress.net\/arhiva\/\",\"name\":\"Sand\u017eak PRESS\",\"description\":\"Prve elektronske novine u Sand\u017eaku\",\"publisher\":{\"@id\":\"https:\/\/sandzakpress.net\/arhiva\/#\/schema\/person\/6e72b67d6e51910a1117b3b483ba20bd\"},\"potentialAction\":[{\"@type\":\"SearchAction\",\"target\":{\"@type\":\"EntryPoint\",\"urlTemplate\":\"https:\/\/sandzakpress.net\/arhiva\/?s={search_term_string}\"},\"query-input\":{\"@type\":\"PropertyValueSpecification\",\"valueRequired\":true,\"valueName\":\"search_term_string\"}}],\"inLanguage\":\"bs-BA\"},{\"@type\":[\"Person\",\"Organization\"],\"@id\":\"https:\/\/sandzakpress.net\/arhiva\/#\/schema\/person\/6e72b67d6e51910a1117b3b483ba20bd\",\"name\":\"Kul\",\"image\":{\"@type\":\"ImageObject\",\"inLanguage\":\"bs-BA\",\"@id\":\"https:\/\/sandzakpress.net\/arhiva\/#\/schema\/person\/image\/\",\"url\":\"https:\/\/secure.gravatar.com\/avatar\/42263f39aa27ac04c43cab85c280eb2e?s=96&d=mm&r=pg\",\"contentUrl\":\"https:\/\/secure.gravatar.com\/avatar\/42263f39aa27ac04c43cab85c280eb2e?s=96&d=mm&r=pg\",\"caption\":\"Kul\"},\"logo\":{\"@id\":\"https:\/\/sandzakpress.net\/arhiva\/#\/schema\/person\/image\/\"}},{\"@type\":\"Person\",\"@id\":\"\",\"url\":\"https:\/\/sandzakpress.net\/arhiva\/author\/\"}]}<\/script>\n<!-- \/ Yoast SEO Premium plugin. -->","yoast_head_json":{"title":"Ta\u010di smenio Editu Tahiri","robots":{"index":"index","follow":"follow","max-snippet":"max-snippet:-1","max-image-preview":"max-image-preview:large","max-video-preview":"max-video-preview:-1"},"canonical":"https:\/\/sandzakpress.net\/arhiva\/taci-smenio-editu-tahiri\/","og_locale":"bs_BA","og_type":"article","og_title":"Ta\u010di smenio Editu Tahiri","og_description":"Kosovo &#8211; Zamjenica kosovskog premijera Edita Tahiri nije vi\u0161e na \u010delu pregovara\u010dkog tima Kosova u tehni\u010dkom dijalogu sa Beogradom, pi\u0161e list Koha ditore. Dnevnik navodi da je takvu odluku doneo kosovski premijer Ha\u0161im Ta\u010di. Na ovan na\u010din, prema izvorima dnevnika, zavr\u0161ava se faza tehni\u010dkog dijaloga i najavljuje po\u010detak politi\u010dkih razgovora, koje ne\u0107e predvoditi Tahiri. Kako [&hellip;]","og_url":"https:\/\/sandzakpress.net\/arhiva\/taci-smenio-editu-tahiri\/","og_site_name":"Sand\u017eak PRESS","article_published_time":"2012-06-22T11:24:27+00:00","og_image":[{"width":320,"height":213,"url":"https:\/\/sandzakpress.net\/arhiva\/wp-content\/uploads\/2012\/06\/51379.jpg","type":"image\/jpeg"}],"twitter_card":"summary_large_image","twitter_misc":{"Written by":"","Est. reading time":"1 minuta"},"schema":{"@context":"https:\/\/schema.org","@graph":[{"@type":"Article","@id":"https:\/\/sandzakpress.net\/arhiva\/taci-smenio-editu-tahiri\/#article","isPartOf":{"@id":"https:\/\/sandzakpress.net\/arhiva\/taci-smenio-editu-tahiri\/"},"author":{"name":"","@id":""},"headline":"Ta\u010di smenio Editu Tahiri","datePublished":"2012-06-22T11:24:27+00:00","mainEntityOfPage":{"@id":"https:\/\/sandzakpress.net\/arhiva\/taci-smenio-editu-tahiri\/"},"wordCount":228,"commentCount":0,"publisher":{"@id":"https:\/\/sandzakpress.net\/arhiva\/#\/schema\/person\/6e72b67d6e51910a1117b3b483ba20bd"},"image":{"@id":"https:\/\/sandzakpress.net\/arhiva\/taci-smenio-editu-tahiri\/#primaryimage"},"thumbnailUrl":"https:\/\/sandzakpress.net\/arhiva\/wp-content\/uploads\/2012\/06\/51379.jpg","articleSection":["Kosovo"],"inLanguage":"bs-BA","potentialAction":[{"@type":"CommentAction","name":"Comment","target":["https:\/\/sandzakpress.net\/arhiva\/taci-smenio-editu-tahiri\/#respond"]}]},{"@type":"WebPage","@id":"https:\/\/sandzakpress.net\/arhiva\/taci-smenio-editu-tahiri\/","url":"https:\/\/sandzakpress.net\/arhiva\/taci-smenio-editu-tahiri\/","name":"Ta\u010di smenio Editu Tahiri","isPartOf":{"@id":"https:\/\/sandzakpress.net\/arhiva\/#website"},"primaryImageOfPage":{"@id":"https:\/\/sandzakpress.net\/arhiva\/taci-smenio-editu-tahiri\/#primaryimage"},"image":{"@id":"https:\/\/sandzakpress.net\/arhiva\/taci-smenio-editu-tahiri\/#primaryimage"},"thumbnailUrl":"https:\/\/sandzakpress.net\/arhiva\/wp-content\/uploads\/2012\/06\/51379.jpg","datePublished":"2012-06-22T11:24:27+00:00","breadcrumb":{"@id":"https:\/\/sandzakpress.net\/arhiva\/taci-smenio-editu-tahiri\/#breadcrumb"},"inLanguage":"bs-BA","potentialAction":[{"@type":"ReadAction","target":["https:\/\/sandzakpress.net\/arhiva\/taci-smenio-editu-tahiri\/"]}]},{"@type":"ImageObject","inLanguage":"bs-BA","@id":"https:\/\/sandzakpress.net\/arhiva\/taci-smenio-editu-tahiri\/#primaryimage","url":"https:\/\/sandzakpress.net\/arhiva\/wp-content\/uploads\/2012\/06\/51379.jpg","contentUrl":"https:\/\/sandzakpress.net\/arhiva\/wp-content\/uploads\/2012\/06\/51379.jpg","width":320,"height":213},{"@type":"BreadcrumbList","@id":"https:\/\/sandzakpress.net\/arhiva\/taci-smenio-editu-tahiri\/#breadcrumb","itemListElement":[{"@type":"ListItem","position":1,"name":"Home","item":"https:\/\/sandzakpress.net\/arhiva\/"},{"@type":"ListItem","position":2,"name":"Ta\u010di smenio Editu Tahiri"}]},{"@type":"WebSite","@id":"https:\/\/sandzakpress.net\/arhiva\/#website","url":"https:\/\/sandzakpress.net\/arhiva\/","name":"Sand\u017eak PRESS","description":"Prve elektronske novine u Sand\u017eaku","publisher":{"@id":"https:\/\/sandzakpress.net\/arhiva\/#\/schema\/person\/6e72b67d6e51910a1117b3b483ba20bd"},"potentialAction":[{"@type":"SearchAction","target":{"@type":"EntryPoint","urlTemplate":"https:\/\/sandzakpress.net\/arhiva\/?s={search_term_string}"},"query-input":{"@type":"PropertyValueSpecification","valueRequired":true,"valueName":"search_term_string"}}],"inLanguage":"bs-BA"},{"@type":["Person","Organization"],"@id":"https:\/\/sandzakpress.net\/arhiva\/#\/schema\/person\/6e72b67d6e51910a1117b3b483ba20bd","name":"Kul","image":{"@type":"ImageObject","inLanguage":"bs-BA","@id":"https:\/\/sandzakpress.net\/arhiva\/#\/schema\/person\/image\/","url":"https:\/\/secure.gravatar.com\/avatar\/42263f39aa27ac04c43cab85c280eb2e?s=96&d=mm&r=pg","contentUrl":"https:\/\/secure.gravatar.com\/avatar\/42263f39aa27ac04c43cab85c280eb2e?s=96&d=mm&r=pg","caption":"Kul"},"logo":{"@id":"https:\/\/sandzakpress.net\/arhiva\/#\/schema\/person\/image\/"}},{"@type":"Person","@id":"","url":"https:\/\/sandzakpress.net\/arhiva\/author\/"}]}},"_links":{"self":[{"href":"https:\/\/sandzakpress.net\/arhiva\/wp-json\/wp\/v2\/posts\/42900"}],"collection":[{"href":"https:\/\/sandzakpress.net\/arhiva\/wp-json\/wp\/v2\/posts"}],"about":[{"href":"https:\/\/sandzakpress.net\/arhiva\/wp-json\/wp\/v2\/types\/post"}],"author":[{"embeddable":true,"href":"https:\/\/sandzakpress.net\/arhiva\/wp-json\/wp\/v2\/users\/13"}],"replies":[{"embeddable":true,"href":"https:\/\/sandzakpress.net\/arhiva\/wp-json\/wp\/v2\/comments?post=42900"}],"version-history":[{"count":0,"href":"https:\/\/sandzakpress.net\/arhiva\/wp-json\/wp\/v2\/posts\/42900\/revisions"}],"wp:featuredmedia":[{"embeddable":true,"href":"https:\/\/sandzakpress.net\/arhiva\/wp-json\/wp\/v2\/media\/42901"}],"wp:attachment":[{"href":"https:\/\/sandzakpress.net\/arhiva\/wp-json\/wp\/v2\/media?parent=42900"}],"wp:term":[{"taxonomy":"category","embeddable":true,"href":"https:\/\/sandzakpress.net\/arhiva\/wp-json\/wp\/v2\/categories?post=42900"},{"taxonomy":"post_tag","embeddable":true,"href":"https:\/\/sandzakpress.net\/arhiva\/wp-json\/wp\/v2\/tags?post=42900"}],"curies":[{"name":"wp","href":"https:\/\/api.w.org\/{rel}","templated":true}]}}