{"id":42483,"date":"2012-06-18T15:57:29","date_gmt":"2012-06-18T13:57:29","guid":{"rendered":"https:\/\/sandzakpress.net\/arhiva\/?p=42483"},"modified":"2012-06-18T15:57:44","modified_gmt":"2012-06-18T13:57:44","slug":"hasanovic-na-kraju-zauzeo-41-mjesto","status":"publish","type":"post","link":"https:\/\/sandzakpress.net\/arhiva\/hasanovic-na-kraju-zauzeo-41-mjesto\/","title":{"rendered":"Hasanovi\u0107 na kraju zauzeo 41. mjesto"},"content":{"rendered":"<address><span style=\"font-style: normal;\"><strong><a href=\"https:\/\/sandzakpress.net\/arhiva\/wp-content\/uploads\/2012\/06\/trkakrsr.jpg\"><img loading=\"lazy\" decoding=\"async\" class=\"alignleft size-full wp-image-42484\" title=\"trkakrsr\" src=\"https:\/\/sandzakpress.net\/arhiva\/wp-content\/uploads\/2012\/06\/trkakrsr.jpg\" alt=\"\" width=\"275\" height=\"183\" \/><\/a>Novi Pazar &#8211; Novopazarski biciklista i voza\u010d Kragujeva\u010dkog Radni\u010dkog, Esad Hasanovi\u0107, zauzeo je 41. mjesto u generalnom plasmanu 52. me\u0111unarodne \u201cTrke kroz Srbiju\u201d.<\/strong><\/span><\/address>\n<address><\/address>\n<address>.<\/address>\n<address><span style=\"font-style: normal;\">Pobijedio je nemac \u0160tefan \u0160umaher koji vozi ze ekipu \u201cKristina vo\u010diz\u201d, drugi je bio Sergej Rudaskov, a tre\u0107i Aleksandar Pri\u0161ipetni, obojica voza\u010di \u201cKa\u0107u\u0161e\u201d. Za pobjednikom, Hasanovi\u0107 je zaostao 20 minuta i 3 sekunde.<\/span><\/address>\n<address><span style=\"font-style: normal;\">.<\/span><\/address>\n<address><\/address>\n<address><span style=\"font-style: normal;\">Iako je bilo najavljeno da \u0107e selektor Srbije Radi\u0161a \u010cubri\u0107 drugog putnika za Olimpijske igre odrediti nakon \u201cTrke kroz Srbiju\u201d, to se nije desilo, ve\u0107 \u0107e kona\u010dnu odluku doneti tek nakon dr\u017eavnog prvenstva.<\/span><\/address>\n<address><span style=\"font-style: normal;\">.<\/span><\/address>\n<address><\/address>\n<address><span style=\"font-style: normal;\">Izvor: <strong>Jedinstvo.tv<\/strong><\/span><\/address>\n","protected":false},"excerpt":{"rendered":"<p>Novi Pazar &#8211; Novopazarski biciklista i voza\u010d Kragujeva\u010dkog Radni\u010dkog, Esad Hasanovi\u0107, zauzeo je 41. mjesto u generalnom plasmanu 52. me\u0111unarodne \u201cTrke kroz Srbiju\u201d. . Pobijedio je nemac \u0160tefan \u0160umaher koji vozi ze ekipu \u201cKristina vo\u010diz\u201d, drugi je bio Sergej Rudaskov, a tre\u0107i Aleksandar Pri\u0161ipetni, obojica voza\u010di \u201cKa\u0107u\u0161e\u201d. Za pobjednikom, Hasanovi\u0107 je zaostao 20 minuta i [&hellip;]<\/p>\n","protected":false},"author":14,"featured_media":42484,"comment_status":"open","ping_status":"open","sticky":false,"template":"","format":"standard","meta":{"footnotes":""},"categories":[72,13,8957],"tags":[],"class_list":{"0":"post-42483","1":"post","2":"type-post","3":"status-publish","4":"format-standard","5":"has-post-thumbnail","7":"category-novi-pazar","8":"category-sport","9":"category-vijesti-dana"},"yoast_head":"<!-- This site is optimized with the Yoast SEO Premium plugin v23.1 (Yoast SEO v24.9) - https:\/\/yoast.com\/wordpress\/plugins\/seo\/ -->\n<title>Hasanovi\u0107 na kraju zauzeo 41. mjesto<\/title>\n<meta name=\"robots\" content=\"index, follow, max-snippet:-1, max-image-preview:large, max-video-preview:-1\" \/>\n<link rel=\"canonical\" href=\"https:\/\/sandzakpress.net\/arhiva\/hasanovic-na-kraju-zauzeo-41-mjesto\/\" \/>\n<meta property=\"og:locale\" content=\"bs_BA\" \/>\n<meta property=\"og:type\" content=\"article\" \/>\n<meta property=\"og:title\" content=\"Hasanovi\u0107 na kraju zauzeo 41. mjesto\" \/>\n<meta property=\"og:description\" content=\"Novi Pazar &#8211; Novopazarski biciklista i voza\u010d Kragujeva\u010dkog Radni\u010dkog, Esad Hasanovi\u0107, zauzeo je 41. mjesto u generalnom plasmanu 52. me\u0111unarodne \u201cTrke kroz Srbiju\u201d. . Pobijedio je nemac \u0160tefan \u0160umaher koji vozi ze ekipu \u201cKristina vo\u010diz\u201d, drugi je bio Sergej Rudaskov, a tre\u0107i Aleksandar Pri\u0161ipetni, obojica voza\u010di \u201cKa\u0107u\u0161e\u201d. Za pobjednikom, Hasanovi\u0107 je zaostao 20 minuta i [&hellip;]\" \/>\n<meta property=\"og:url\" content=\"https:\/\/sandzakpress.net\/arhiva\/hasanovic-na-kraju-zauzeo-41-mjesto\/\" \/>\n<meta property=\"og:site_name\" content=\"Sand\u017eak PRESS\" \/>\n<meta property=\"article:published_time\" content=\"2012-06-18T13:57:29+00:00\" \/>\n<meta property=\"article:modified_time\" content=\"2012-06-18T13:57:44+00:00\" \/>\n<meta property=\"og:image\" content=\"https:\/\/sandzakpress.net\/arhiva\/wp-content\/uploads\/2012\/06\/trkakrsr.jpg\" \/>\n\t<meta property=\"og:image:width\" content=\"275\" \/>\n\t<meta property=\"og:image:height\" content=\"183\" \/>\n\t<meta property=\"og:image:type\" content=\"image\/jpeg\" \/>\n<meta name=\"twitter:card\" content=\"summary_large_image\" \/>\n<meta name=\"twitter:label1\" content=\"Written by\" \/>\n\t<meta name=\"twitter:data1\" content=\"\" \/>\n\t<meta name=\"twitter:label2\" content=\"Est. reading time\" \/>\n\t<meta name=\"twitter:data2\" content=\"1 minuta\" \/>\n<script type=\"application\/ld+json\" class=\"yoast-schema-graph\">{\"@context\":\"https:\/\/schema.org\",\"@graph\":[{\"@type\":\"Article\",\"@id\":\"https:\/\/sandzakpress.net\/arhiva\/hasanovic-na-kraju-zauzeo-41-mjesto\/#article\",\"isPartOf\":{\"@id\":\"https:\/\/sandzakpress.net\/arhiva\/hasanovic-na-kraju-zauzeo-41-mjesto\/\"},\"author\":{\"name\":\"\",\"@id\":\"\"},\"headline\":\"Hasanovi\u0107 na kraju zauzeo 41. mjesto\",\"datePublished\":\"2012-06-18T13:57:29+00:00\",\"dateModified\":\"2012-06-18T13:57:44+00:00\",\"mainEntityOfPage\":{\"@id\":\"https:\/\/sandzakpress.net\/arhiva\/hasanovic-na-kraju-zauzeo-41-mjesto\/\"},\"wordCount\":105,\"commentCount\":0,\"publisher\":{\"@id\":\"https:\/\/sandzakpress.net\/arhiva\/#\/schema\/person\/6e72b67d6e51910a1117b3b483ba20bd\"},\"image\":{\"@id\":\"https:\/\/sandzakpress.net\/arhiva\/hasanovic-na-kraju-zauzeo-41-mjesto\/#primaryimage\"},\"thumbnailUrl\":\"https:\/\/sandzakpress.net\/arhiva\/wp-content\/uploads\/2012\/06\/trkakrsr.jpg\",\"articleSection\":[\"Novi Pazar\",\"Sport\",\"VIJESTI DANA\"],\"inLanguage\":\"bs-BA\",\"potentialAction\":[{\"@type\":\"CommentAction\",\"name\":\"Comment\",\"target\":[\"https:\/\/sandzakpress.net\/arhiva\/hasanovic-na-kraju-zauzeo-41-mjesto\/#respond\"]}]},{\"@type\":\"WebPage\",\"@id\":\"https:\/\/sandzakpress.net\/arhiva\/hasanovic-na-kraju-zauzeo-41-mjesto\/\",\"url\":\"https:\/\/sandzakpress.net\/arhiva\/hasanovic-na-kraju-zauzeo-41-mjesto\/\",\"name\":\"Hasanovi\u0107 na kraju zauzeo 41. mjesto\",\"isPartOf\":{\"@id\":\"https:\/\/sandzakpress.net\/arhiva\/#website\"},\"primaryImageOfPage\":{\"@id\":\"https:\/\/sandzakpress.net\/arhiva\/hasanovic-na-kraju-zauzeo-41-mjesto\/#primaryimage\"},\"image\":{\"@id\":\"https:\/\/sandzakpress.net\/arhiva\/hasanovic-na-kraju-zauzeo-41-mjesto\/#primaryimage\"},\"thumbnailUrl\":\"https:\/\/sandzakpress.net\/arhiva\/wp-content\/uploads\/2012\/06\/trkakrsr.jpg\",\"datePublished\":\"2012-06-18T13:57:29+00:00\",\"dateModified\":\"2012-06-18T13:57:44+00:00\",\"breadcrumb\":{\"@id\":\"https:\/\/sandzakpress.net\/arhiva\/hasanovic-na-kraju-zauzeo-41-mjesto\/#breadcrumb\"},\"inLanguage\":\"bs-BA\",\"potentialAction\":[{\"@type\":\"ReadAction\",\"target\":[\"https:\/\/sandzakpress.net\/arhiva\/hasanovic-na-kraju-zauzeo-41-mjesto\/\"]}]},{\"@type\":\"ImageObject\",\"inLanguage\":\"bs-BA\",\"@id\":\"https:\/\/sandzakpress.net\/arhiva\/hasanovic-na-kraju-zauzeo-41-mjesto\/#primaryimage\",\"url\":\"https:\/\/sandzakpress.net\/arhiva\/wp-content\/uploads\/2012\/06\/trkakrsr.jpg\",\"contentUrl\":\"https:\/\/sandzakpress.net\/arhiva\/wp-content\/uploads\/2012\/06\/trkakrsr.jpg\",\"width\":275,\"height\":183},{\"@type\":\"BreadcrumbList\",\"@id\":\"https:\/\/sandzakpress.net\/arhiva\/hasanovic-na-kraju-zauzeo-41-mjesto\/#breadcrumb\",\"itemListElement\":[{\"@type\":\"ListItem\",\"position\":1,\"name\":\"Home\",\"item\":\"https:\/\/sandzakpress.net\/arhiva\/\"},{\"@type\":\"ListItem\",\"position\":2,\"name\":\"Hasanovi\u0107 na kraju zauzeo 41. mjesto\"}]},{\"@type\":\"WebSite\",\"@id\":\"https:\/\/sandzakpress.net\/arhiva\/#website\",\"url\":\"https:\/\/sandzakpress.net\/arhiva\/\",\"name\":\"Sand\u017eak PRESS\",\"description\":\"Prve elektronske novine u Sand\u017eaku\",\"publisher\":{\"@id\":\"https:\/\/sandzakpress.net\/arhiva\/#\/schema\/person\/6e72b67d6e51910a1117b3b483ba20bd\"},\"potentialAction\":[{\"@type\":\"SearchAction\",\"target\":{\"@type\":\"EntryPoint\",\"urlTemplate\":\"https:\/\/sandzakpress.net\/arhiva\/?s={search_term_string}\"},\"query-input\":{\"@type\":\"PropertyValueSpecification\",\"valueRequired\":true,\"valueName\":\"search_term_string\"}}],\"inLanguage\":\"bs-BA\"},{\"@type\":[\"Person\",\"Organization\"],\"@id\":\"https:\/\/sandzakpress.net\/arhiva\/#\/schema\/person\/6e72b67d6e51910a1117b3b483ba20bd\",\"name\":\"Kul\",\"image\":{\"@type\":\"ImageObject\",\"inLanguage\":\"bs-BA\",\"@id\":\"https:\/\/sandzakpress.net\/arhiva\/#\/schema\/person\/image\/\",\"url\":\"https:\/\/secure.gravatar.com\/avatar\/42263f39aa27ac04c43cab85c280eb2e?s=96&d=mm&r=pg\",\"contentUrl\":\"https:\/\/secure.gravatar.com\/avatar\/42263f39aa27ac04c43cab85c280eb2e?s=96&d=mm&r=pg\",\"caption\":\"Kul\"},\"logo\":{\"@id\":\"https:\/\/sandzakpress.net\/arhiva\/#\/schema\/person\/image\/\"}},{\"@type\":\"Person\",\"@id\":\"\",\"url\":\"https:\/\/sandzakpress.net\/arhiva\/author\/\"}]}<\/script>\n<!-- \/ Yoast SEO Premium plugin. -->","yoast_head_json":{"title":"Hasanovi\u0107 na kraju zauzeo 41. mjesto","robots":{"index":"index","follow":"follow","max-snippet":"max-snippet:-1","max-image-preview":"max-image-preview:large","max-video-preview":"max-video-preview:-1"},"canonical":"https:\/\/sandzakpress.net\/arhiva\/hasanovic-na-kraju-zauzeo-41-mjesto\/","og_locale":"bs_BA","og_type":"article","og_title":"Hasanovi\u0107 na kraju zauzeo 41. mjesto","og_description":"Novi Pazar &#8211; Novopazarski biciklista i voza\u010d Kragujeva\u010dkog Radni\u010dkog, Esad Hasanovi\u0107, zauzeo je 41. mjesto u generalnom plasmanu 52. me\u0111unarodne \u201cTrke kroz Srbiju\u201d. . Pobijedio je nemac \u0160tefan \u0160umaher koji vozi ze ekipu \u201cKristina vo\u010diz\u201d, drugi je bio Sergej Rudaskov, a tre\u0107i Aleksandar Pri\u0161ipetni, obojica voza\u010di \u201cKa\u0107u\u0161e\u201d. Za pobjednikom, Hasanovi\u0107 je zaostao 20 minuta i [&hellip;]","og_url":"https:\/\/sandzakpress.net\/arhiva\/hasanovic-na-kraju-zauzeo-41-mjesto\/","og_site_name":"Sand\u017eak PRESS","article_published_time":"2012-06-18T13:57:29+00:00","article_modified_time":"2012-06-18T13:57:44+00:00","og_image":[{"width":275,"height":183,"url":"https:\/\/sandzakpress.net\/arhiva\/wp-content\/uploads\/2012\/06\/trkakrsr.jpg","type":"image\/jpeg"}],"twitter_card":"summary_large_image","twitter_misc":{"Written by":"","Est. reading time":"1 minuta"},"schema":{"@context":"https:\/\/schema.org","@graph":[{"@type":"Article","@id":"https:\/\/sandzakpress.net\/arhiva\/hasanovic-na-kraju-zauzeo-41-mjesto\/#article","isPartOf":{"@id":"https:\/\/sandzakpress.net\/arhiva\/hasanovic-na-kraju-zauzeo-41-mjesto\/"},"author":{"name":"","@id":""},"headline":"Hasanovi\u0107 na kraju zauzeo 41. mjesto","datePublished":"2012-06-18T13:57:29+00:00","dateModified":"2012-06-18T13:57:44+00:00","mainEntityOfPage":{"@id":"https:\/\/sandzakpress.net\/arhiva\/hasanovic-na-kraju-zauzeo-41-mjesto\/"},"wordCount":105,"commentCount":0,"publisher":{"@id":"https:\/\/sandzakpress.net\/arhiva\/#\/schema\/person\/6e72b67d6e51910a1117b3b483ba20bd"},"image":{"@id":"https:\/\/sandzakpress.net\/arhiva\/hasanovic-na-kraju-zauzeo-41-mjesto\/#primaryimage"},"thumbnailUrl":"https:\/\/sandzakpress.net\/arhiva\/wp-content\/uploads\/2012\/06\/trkakrsr.jpg","articleSection":["Novi Pazar","Sport","VIJESTI DANA"],"inLanguage":"bs-BA","potentialAction":[{"@type":"CommentAction","name":"Comment","target":["https:\/\/sandzakpress.net\/arhiva\/hasanovic-na-kraju-zauzeo-41-mjesto\/#respond"]}]},{"@type":"WebPage","@id":"https:\/\/sandzakpress.net\/arhiva\/hasanovic-na-kraju-zauzeo-41-mjesto\/","url":"https:\/\/sandzakpress.net\/arhiva\/hasanovic-na-kraju-zauzeo-41-mjesto\/","name":"Hasanovi\u0107 na kraju zauzeo 41. mjesto","isPartOf":{"@id":"https:\/\/sandzakpress.net\/arhiva\/#website"},"primaryImageOfPage":{"@id":"https:\/\/sandzakpress.net\/arhiva\/hasanovic-na-kraju-zauzeo-41-mjesto\/#primaryimage"},"image":{"@id":"https:\/\/sandzakpress.net\/arhiva\/hasanovic-na-kraju-zauzeo-41-mjesto\/#primaryimage"},"thumbnailUrl":"https:\/\/sandzakpress.net\/arhiva\/wp-content\/uploads\/2012\/06\/trkakrsr.jpg","datePublished":"2012-06-18T13:57:29+00:00","dateModified":"2012-06-18T13:57:44+00:00","breadcrumb":{"@id":"https:\/\/sandzakpress.net\/arhiva\/hasanovic-na-kraju-zauzeo-41-mjesto\/#breadcrumb"},"inLanguage":"bs-BA","potentialAction":[{"@type":"ReadAction","target":["https:\/\/sandzakpress.net\/arhiva\/hasanovic-na-kraju-zauzeo-41-mjesto\/"]}]},{"@type":"ImageObject","inLanguage":"bs-BA","@id":"https:\/\/sandzakpress.net\/arhiva\/hasanovic-na-kraju-zauzeo-41-mjesto\/#primaryimage","url":"https:\/\/sandzakpress.net\/arhiva\/wp-content\/uploads\/2012\/06\/trkakrsr.jpg","contentUrl":"https:\/\/sandzakpress.net\/arhiva\/wp-content\/uploads\/2012\/06\/trkakrsr.jpg","width":275,"height":183},{"@type":"BreadcrumbList","@id":"https:\/\/sandzakpress.net\/arhiva\/hasanovic-na-kraju-zauzeo-41-mjesto\/#breadcrumb","itemListElement":[{"@type":"ListItem","position":1,"name":"Home","item":"https:\/\/sandzakpress.net\/arhiva\/"},{"@type":"ListItem","position":2,"name":"Hasanovi\u0107 na kraju zauzeo 41. mjesto"}]},{"@type":"WebSite","@id":"https:\/\/sandzakpress.net\/arhiva\/#website","url":"https:\/\/sandzakpress.net\/arhiva\/","name":"Sand\u017eak PRESS","description":"Prve elektronske novine u Sand\u017eaku","publisher":{"@id":"https:\/\/sandzakpress.net\/arhiva\/#\/schema\/person\/6e72b67d6e51910a1117b3b483ba20bd"},"potentialAction":[{"@type":"SearchAction","target":{"@type":"EntryPoint","urlTemplate":"https:\/\/sandzakpress.net\/arhiva\/?s={search_term_string}"},"query-input":{"@type":"PropertyValueSpecification","valueRequired":true,"valueName":"search_term_string"}}],"inLanguage":"bs-BA"},{"@type":["Person","Organization"],"@id":"https:\/\/sandzakpress.net\/arhiva\/#\/schema\/person\/6e72b67d6e51910a1117b3b483ba20bd","name":"Kul","image":{"@type":"ImageObject","inLanguage":"bs-BA","@id":"https:\/\/sandzakpress.net\/arhiva\/#\/schema\/person\/image\/","url":"https:\/\/secure.gravatar.com\/avatar\/42263f39aa27ac04c43cab85c280eb2e?s=96&d=mm&r=pg","contentUrl":"https:\/\/secure.gravatar.com\/avatar\/42263f39aa27ac04c43cab85c280eb2e?s=96&d=mm&r=pg","caption":"Kul"},"logo":{"@id":"https:\/\/sandzakpress.net\/arhiva\/#\/schema\/person\/image\/"}},{"@type":"Person","@id":"","url":"https:\/\/sandzakpress.net\/arhiva\/author\/"}]}},"_links":{"self":[{"href":"https:\/\/sandzakpress.net\/arhiva\/wp-json\/wp\/v2\/posts\/42483"}],"collection":[{"href":"https:\/\/sandzakpress.net\/arhiva\/wp-json\/wp\/v2\/posts"}],"about":[{"href":"https:\/\/sandzakpress.net\/arhiva\/wp-json\/wp\/v2\/types\/post"}],"author":[{"embeddable":true,"href":"https:\/\/sandzakpress.net\/arhiva\/wp-json\/wp\/v2\/users\/14"}],"replies":[{"embeddable":true,"href":"https:\/\/sandzakpress.net\/arhiva\/wp-json\/wp\/v2\/comments?post=42483"}],"version-history":[{"count":0,"href":"https:\/\/sandzakpress.net\/arhiva\/wp-json\/wp\/v2\/posts\/42483\/revisions"}],"wp:featuredmedia":[{"embeddable":true,"href":"https:\/\/sandzakpress.net\/arhiva\/wp-json\/wp\/v2\/media\/42484"}],"wp:attachment":[{"href":"https:\/\/sandzakpress.net\/arhiva\/wp-json\/wp\/v2\/media?parent=42483"}],"wp:term":[{"taxonomy":"category","embeddable":true,"href":"https:\/\/sandzakpress.net\/arhiva\/wp-json\/wp\/v2\/categories?post=42483"},{"taxonomy":"post_tag","embeddable":true,"href":"https:\/\/sandzakpress.net\/arhiva\/wp-json\/wp\/v2\/tags?post=42483"}],"curies":[{"name":"wp","href":"https:\/\/api.w.org\/{rel}","templated":true}]}}