{"id":42331,"date":"2012-06-16T16:36:01","date_gmt":"2012-06-16T14:36:01","guid":{"rendered":"https:\/\/sandzakpress.net\/arhiva\/?p=42331"},"modified":"2012-06-17T16:09:24","modified_gmt":"2012-06-17T14:09:24","slug":"salkano-kup-u-mtb-u-iznad-pazarista-subota-11-00","status":"publish","type":"post","link":"https:\/\/sandzakpress.net\/arhiva\/salkano-kup-u-mtb-u-iznad-pazarista-subota-11-00\/","title":{"rendered":"Salkano Kup u MTB-u iznad Pazari\u0161ta (subota, 11.00)"},"content":{"rendered":"<p><strong><a href=\"https:\/\/sandzakpress.net\/arhiva\/wp-content\/uploads\/2012\/06\/e965379ea6e1ce51d1a4319bcbc25f0e_XL.jpg\"><img loading=\"lazy\" decoding=\"async\" class=\"alignleft size-medium wp-image-42335\" title=\"e965379ea6e1ce51d1a4319bcbc25f0e_XL\" src=\"https:\/\/sandzakpress.net\/arhiva\/wp-content\/uploads\/2012\/06\/e965379ea6e1ce51d1a4319bcbc25f0e_XL-300x225.jpg\" alt=\"\" width=\"300\" height=\"225\" \/><\/a>Novi Pazar &#8211; Trener biciklista novopazarske Trnave Bajram Kola\u0161inac izrazio je o\u010dekivanje da \u0107e \u010dlanovi tog kluba posti\u0107i dobre rezultate na subotnjem &#8220;Salkano Kupu&#8221; u Novom Pazaru, gdje \u0107e nastupiti takmi\u010dari iz balkanskih zemalja i koji se boduje za Ligu Srbije u planinskom biciklizmu.<\/strong><\/p>\n<p>&#8220;Iako nam je drum prioritet u odnosu na planinski biciklizam, ne\u0107emo propustiti priliku da u svom gradu pru\u017eimo maksimum. Najvi\u0161e o\u010dekujem od mla\u0111eg kadeta Almina Hod\u017ei\u0107a, a do dobrog plasmana mogu jo\u0161 kadeti Ermin i Elvedin \u0106atovi\u0107&#8221;, rekao je Kola\u0161inac radiju Sto plus.<\/p>\n<p>Almin Hod\u017ei\u0107, jedan od najboljih mladih drumskih voza\u010da u Srbiji, osvojio je ju\u010de drugo mesto kod mla\u0111ih kadeta na trci koja je vo\u017eena na Kopaoniku i bodovana je za Ligu Srbije u planinskom biciklizmu, dok su Ermin i Elvedin \u0106atovi\u0107, tim redosledom, zauzeli tre\u0107u i \u010detvrtu poziciju u konkurenciji kadeta.<\/p>\n<p>Takmi\u010denje u planinskom biciklizmu bi\u0107e odr\u017eano iznad Pazari\u0161ta, a sve\u010dano otvaranje zakazano je za 11.00.<\/p>\n<p>Generalni sponzor ove sportske manifestacije je turski proizvo\u0111a\u010d bicikala &#8220;Salkano&#8221;.<\/p>\n<p>Izvor: <strong>RadioStoPlus.com<\/strong><\/p>\n","protected":false},"excerpt":{"rendered":"<p>Novi Pazar &#8211; Trener biciklista novopazarske Trnave Bajram Kola\u0161inac izrazio je o\u010dekivanje da \u0107e \u010dlanovi tog kluba posti\u0107i dobre rezultate na subotnjem &#8220;Salkano Kupu&#8221; u Novom Pazaru, gdje \u0107e nastupiti takmi\u010dari iz balkanskih zemalja i koji se boduje za Ligu Srbije u planinskom biciklizmu. &#8220;Iako nam je drum prioritet u odnosu na planinski biciklizam, ne\u0107emo [&hellip;]<\/p>\n","protected":false},"author":14,"featured_media":42335,"comment_status":"open","ping_status":"open","sticky":false,"template":"","format":"standard","meta":{"footnotes":""},"categories":[72,13,8957],"tags":[],"class_list":{"0":"post-42331","1":"post","2":"type-post","3":"status-publish","4":"format-standard","5":"has-post-thumbnail","7":"category-novi-pazar","8":"category-sport","9":"category-vijesti-dana"},"yoast_head":"<!-- This site is optimized with the Yoast SEO Premium plugin v23.1 (Yoast SEO v24.9) - https:\/\/yoast.com\/wordpress\/plugins\/seo\/ -->\n<title>Salkano Kup u MTB-u iznad Pazari\u0161ta (subota, 11.00)<\/title>\n<meta name=\"robots\" content=\"index, follow, max-snippet:-1, max-image-preview:large, max-video-preview:-1\" \/>\n<link rel=\"canonical\" href=\"https:\/\/sandzakpress.net\/arhiva\/salkano-kup-u-mtb-u-iznad-pazarista-subota-11-00\/\" \/>\n<meta property=\"og:locale\" content=\"bs_BA\" \/>\n<meta property=\"og:type\" content=\"article\" \/>\n<meta property=\"og:title\" content=\"Salkano Kup u MTB-u iznad Pazari\u0161ta (subota, 11.00)\" \/>\n<meta property=\"og:description\" content=\"Novi Pazar &#8211; Trener biciklista novopazarske Trnave Bajram Kola\u0161inac izrazio je o\u010dekivanje da \u0107e \u010dlanovi tog kluba posti\u0107i dobre rezultate na subotnjem &#8220;Salkano Kupu&#8221; u Novom Pazaru, gdje \u0107e nastupiti takmi\u010dari iz balkanskih zemalja i koji se boduje za Ligu Srbije u planinskom biciklizmu. &#8220;Iako nam je drum prioritet u odnosu na planinski biciklizam, ne\u0107emo [&hellip;]\" \/>\n<meta property=\"og:url\" content=\"https:\/\/sandzakpress.net\/arhiva\/salkano-kup-u-mtb-u-iznad-pazarista-subota-11-00\/\" \/>\n<meta property=\"og:site_name\" content=\"Sand\u017eak PRESS\" \/>\n<meta property=\"article:published_time\" content=\"2012-06-16T14:36:01+00:00\" \/>\n<meta property=\"article:modified_time\" content=\"2012-06-17T14:09:24+00:00\" \/>\n<meta property=\"og:image\" content=\"https:\/\/sandzakpress.net\/arhiva\/wp-content\/uploads\/2012\/06\/e965379ea6e1ce51d1a4319bcbc25f0e_XL.jpg\" \/>\n\t<meta property=\"og:image:width\" content=\"616\" \/>\n\t<meta property=\"og:image:height\" content=\"462\" \/>\n\t<meta property=\"og:image:type\" content=\"image\/jpeg\" \/>\n<meta name=\"twitter:card\" content=\"summary_large_image\" \/>\n<meta name=\"twitter:label1\" content=\"Written by\" \/>\n\t<meta name=\"twitter:data1\" content=\"\" \/>\n\t<meta name=\"twitter:label2\" content=\"Est. reading time\" \/>\n\t<meta name=\"twitter:data2\" content=\"1 minuta\" \/>\n<script type=\"application\/ld+json\" class=\"yoast-schema-graph\">{\"@context\":\"https:\/\/schema.org\",\"@graph\":[{\"@type\":\"Article\",\"@id\":\"https:\/\/sandzakpress.net\/arhiva\/salkano-kup-u-mtb-u-iznad-pazarista-subota-11-00\/#article\",\"isPartOf\":{\"@id\":\"https:\/\/sandzakpress.net\/arhiva\/salkano-kup-u-mtb-u-iznad-pazarista-subota-11-00\/\"},\"author\":{\"name\":\"\",\"@id\":\"\"},\"headline\":\"Salkano Kup u MTB-u iznad Pazari\u0161ta (subota, 11.00)\",\"datePublished\":\"2012-06-16T14:36:01+00:00\",\"dateModified\":\"2012-06-17T14:09:24+00:00\",\"mainEntityOfPage\":{\"@id\":\"https:\/\/sandzakpress.net\/arhiva\/salkano-kup-u-mtb-u-iznad-pazarista-subota-11-00\/\"},\"wordCount\":196,\"commentCount\":0,\"publisher\":{\"@id\":\"https:\/\/sandzakpress.net\/arhiva\/#\/schema\/person\/6e72b67d6e51910a1117b3b483ba20bd\"},\"image\":{\"@id\":\"https:\/\/sandzakpress.net\/arhiva\/salkano-kup-u-mtb-u-iznad-pazarista-subota-11-00\/#primaryimage\"},\"thumbnailUrl\":\"https:\/\/sandzakpress.net\/arhiva\/wp-content\/uploads\/2012\/06\/e965379ea6e1ce51d1a4319bcbc25f0e_XL.jpg\",\"articleSection\":[\"Novi Pazar\",\"Sport\",\"VIJESTI DANA\"],\"inLanguage\":\"bs-BA\",\"potentialAction\":[{\"@type\":\"CommentAction\",\"name\":\"Comment\",\"target\":[\"https:\/\/sandzakpress.net\/arhiva\/salkano-kup-u-mtb-u-iznad-pazarista-subota-11-00\/#respond\"]}]},{\"@type\":\"WebPage\",\"@id\":\"https:\/\/sandzakpress.net\/arhiva\/salkano-kup-u-mtb-u-iznad-pazarista-subota-11-00\/\",\"url\":\"https:\/\/sandzakpress.net\/arhiva\/salkano-kup-u-mtb-u-iznad-pazarista-subota-11-00\/\",\"name\":\"Salkano Kup u MTB-u iznad Pazari\u0161ta (subota, 11.00)\",\"isPartOf\":{\"@id\":\"https:\/\/sandzakpress.net\/arhiva\/#website\"},\"primaryImageOfPage\":{\"@id\":\"https:\/\/sandzakpress.net\/arhiva\/salkano-kup-u-mtb-u-iznad-pazarista-subota-11-00\/#primaryimage\"},\"image\":{\"@id\":\"https:\/\/sandzakpress.net\/arhiva\/salkano-kup-u-mtb-u-iznad-pazarista-subota-11-00\/#primaryimage\"},\"thumbnailUrl\":\"https:\/\/sandzakpress.net\/arhiva\/wp-content\/uploads\/2012\/06\/e965379ea6e1ce51d1a4319bcbc25f0e_XL.jpg\",\"datePublished\":\"2012-06-16T14:36:01+00:00\",\"dateModified\":\"2012-06-17T14:09:24+00:00\",\"breadcrumb\":{\"@id\":\"https:\/\/sandzakpress.net\/arhiva\/salkano-kup-u-mtb-u-iznad-pazarista-subota-11-00\/#breadcrumb\"},\"inLanguage\":\"bs-BA\",\"potentialAction\":[{\"@type\":\"ReadAction\",\"target\":[\"https:\/\/sandzakpress.net\/arhiva\/salkano-kup-u-mtb-u-iznad-pazarista-subota-11-00\/\"]}]},{\"@type\":\"ImageObject\",\"inLanguage\":\"bs-BA\",\"@id\":\"https:\/\/sandzakpress.net\/arhiva\/salkano-kup-u-mtb-u-iznad-pazarista-subota-11-00\/#primaryimage\",\"url\":\"https:\/\/sandzakpress.net\/arhiva\/wp-content\/uploads\/2012\/06\/e965379ea6e1ce51d1a4319bcbc25f0e_XL.jpg\",\"contentUrl\":\"https:\/\/sandzakpress.net\/arhiva\/wp-content\/uploads\/2012\/06\/e965379ea6e1ce51d1a4319bcbc25f0e_XL.jpg\",\"width\":616,\"height\":462},{\"@type\":\"BreadcrumbList\",\"@id\":\"https:\/\/sandzakpress.net\/arhiva\/salkano-kup-u-mtb-u-iznad-pazarista-subota-11-00\/#breadcrumb\",\"itemListElement\":[{\"@type\":\"ListItem\",\"position\":1,\"name\":\"Home\",\"item\":\"https:\/\/sandzakpress.net\/arhiva\/\"},{\"@type\":\"ListItem\",\"position\":2,\"name\":\"Salkano Kup u MTB-u iznad Pazari\u0161ta (subota, 11.00)\"}]},{\"@type\":\"WebSite\",\"@id\":\"https:\/\/sandzakpress.net\/arhiva\/#website\",\"url\":\"https:\/\/sandzakpress.net\/arhiva\/\",\"name\":\"Sand\u017eak PRESS\",\"description\":\"Prve elektronske novine u Sand\u017eaku\",\"publisher\":{\"@id\":\"https:\/\/sandzakpress.net\/arhiva\/#\/schema\/person\/6e72b67d6e51910a1117b3b483ba20bd\"},\"potentialAction\":[{\"@type\":\"SearchAction\",\"target\":{\"@type\":\"EntryPoint\",\"urlTemplate\":\"https:\/\/sandzakpress.net\/arhiva\/?s={search_term_string}\"},\"query-input\":{\"@type\":\"PropertyValueSpecification\",\"valueRequired\":true,\"valueName\":\"search_term_string\"}}],\"inLanguage\":\"bs-BA\"},{\"@type\":[\"Person\",\"Organization\"],\"@id\":\"https:\/\/sandzakpress.net\/arhiva\/#\/schema\/person\/6e72b67d6e51910a1117b3b483ba20bd\",\"name\":\"Kul\",\"image\":{\"@type\":\"ImageObject\",\"inLanguage\":\"bs-BA\",\"@id\":\"https:\/\/sandzakpress.net\/arhiva\/#\/schema\/person\/image\/\",\"url\":\"https:\/\/secure.gravatar.com\/avatar\/42263f39aa27ac04c43cab85c280eb2e?s=96&d=mm&r=pg\",\"contentUrl\":\"https:\/\/secure.gravatar.com\/avatar\/42263f39aa27ac04c43cab85c280eb2e?s=96&d=mm&r=pg\",\"caption\":\"Kul\"},\"logo\":{\"@id\":\"https:\/\/sandzakpress.net\/arhiva\/#\/schema\/person\/image\/\"}},{\"@type\":\"Person\",\"@id\":\"\",\"url\":\"https:\/\/sandzakpress.net\/arhiva\/author\/\"}]}<\/script>\n<!-- \/ Yoast SEO Premium plugin. -->","yoast_head_json":{"title":"Salkano Kup u MTB-u iznad Pazari\u0161ta (subota, 11.00)","robots":{"index":"index","follow":"follow","max-snippet":"max-snippet:-1","max-image-preview":"max-image-preview:large","max-video-preview":"max-video-preview:-1"},"canonical":"https:\/\/sandzakpress.net\/arhiva\/salkano-kup-u-mtb-u-iznad-pazarista-subota-11-00\/","og_locale":"bs_BA","og_type":"article","og_title":"Salkano Kup u MTB-u iznad Pazari\u0161ta (subota, 11.00)","og_description":"Novi Pazar &#8211; Trener biciklista novopazarske Trnave Bajram Kola\u0161inac izrazio je o\u010dekivanje da \u0107e \u010dlanovi tog kluba posti\u0107i dobre rezultate na subotnjem &#8220;Salkano Kupu&#8221; u Novom Pazaru, gdje \u0107e nastupiti takmi\u010dari iz balkanskih zemalja i koji se boduje za Ligu Srbije u planinskom biciklizmu. &#8220;Iako nam je drum prioritet u odnosu na planinski biciklizam, ne\u0107emo [&hellip;]","og_url":"https:\/\/sandzakpress.net\/arhiva\/salkano-kup-u-mtb-u-iznad-pazarista-subota-11-00\/","og_site_name":"Sand\u017eak PRESS","article_published_time":"2012-06-16T14:36:01+00:00","article_modified_time":"2012-06-17T14:09:24+00:00","og_image":[{"width":616,"height":462,"url":"https:\/\/sandzakpress.net\/arhiva\/wp-content\/uploads\/2012\/06\/e965379ea6e1ce51d1a4319bcbc25f0e_XL.jpg","type":"image\/jpeg"}],"twitter_card":"summary_large_image","twitter_misc":{"Written by":"","Est. reading time":"1 minuta"},"schema":{"@context":"https:\/\/schema.org","@graph":[{"@type":"Article","@id":"https:\/\/sandzakpress.net\/arhiva\/salkano-kup-u-mtb-u-iznad-pazarista-subota-11-00\/#article","isPartOf":{"@id":"https:\/\/sandzakpress.net\/arhiva\/salkano-kup-u-mtb-u-iznad-pazarista-subota-11-00\/"},"author":{"name":"","@id":""},"headline":"Salkano Kup u MTB-u iznad Pazari\u0161ta (subota, 11.00)","datePublished":"2012-06-16T14:36:01+00:00","dateModified":"2012-06-17T14:09:24+00:00","mainEntityOfPage":{"@id":"https:\/\/sandzakpress.net\/arhiva\/salkano-kup-u-mtb-u-iznad-pazarista-subota-11-00\/"},"wordCount":196,"commentCount":0,"publisher":{"@id":"https:\/\/sandzakpress.net\/arhiva\/#\/schema\/person\/6e72b67d6e51910a1117b3b483ba20bd"},"image":{"@id":"https:\/\/sandzakpress.net\/arhiva\/salkano-kup-u-mtb-u-iznad-pazarista-subota-11-00\/#primaryimage"},"thumbnailUrl":"https:\/\/sandzakpress.net\/arhiva\/wp-content\/uploads\/2012\/06\/e965379ea6e1ce51d1a4319bcbc25f0e_XL.jpg","articleSection":["Novi Pazar","Sport","VIJESTI DANA"],"inLanguage":"bs-BA","potentialAction":[{"@type":"CommentAction","name":"Comment","target":["https:\/\/sandzakpress.net\/arhiva\/salkano-kup-u-mtb-u-iznad-pazarista-subota-11-00\/#respond"]}]},{"@type":"WebPage","@id":"https:\/\/sandzakpress.net\/arhiva\/salkano-kup-u-mtb-u-iznad-pazarista-subota-11-00\/","url":"https:\/\/sandzakpress.net\/arhiva\/salkano-kup-u-mtb-u-iznad-pazarista-subota-11-00\/","name":"Salkano Kup u MTB-u iznad Pazari\u0161ta (subota, 11.00)","isPartOf":{"@id":"https:\/\/sandzakpress.net\/arhiva\/#website"},"primaryImageOfPage":{"@id":"https:\/\/sandzakpress.net\/arhiva\/salkano-kup-u-mtb-u-iznad-pazarista-subota-11-00\/#primaryimage"},"image":{"@id":"https:\/\/sandzakpress.net\/arhiva\/salkano-kup-u-mtb-u-iznad-pazarista-subota-11-00\/#primaryimage"},"thumbnailUrl":"https:\/\/sandzakpress.net\/arhiva\/wp-content\/uploads\/2012\/06\/e965379ea6e1ce51d1a4319bcbc25f0e_XL.jpg","datePublished":"2012-06-16T14:36:01+00:00","dateModified":"2012-06-17T14:09:24+00:00","breadcrumb":{"@id":"https:\/\/sandzakpress.net\/arhiva\/salkano-kup-u-mtb-u-iznad-pazarista-subota-11-00\/#breadcrumb"},"inLanguage":"bs-BA","potentialAction":[{"@type":"ReadAction","target":["https:\/\/sandzakpress.net\/arhiva\/salkano-kup-u-mtb-u-iznad-pazarista-subota-11-00\/"]}]},{"@type":"ImageObject","inLanguage":"bs-BA","@id":"https:\/\/sandzakpress.net\/arhiva\/salkano-kup-u-mtb-u-iznad-pazarista-subota-11-00\/#primaryimage","url":"https:\/\/sandzakpress.net\/arhiva\/wp-content\/uploads\/2012\/06\/e965379ea6e1ce51d1a4319bcbc25f0e_XL.jpg","contentUrl":"https:\/\/sandzakpress.net\/arhiva\/wp-content\/uploads\/2012\/06\/e965379ea6e1ce51d1a4319bcbc25f0e_XL.jpg","width":616,"height":462},{"@type":"BreadcrumbList","@id":"https:\/\/sandzakpress.net\/arhiva\/salkano-kup-u-mtb-u-iznad-pazarista-subota-11-00\/#breadcrumb","itemListElement":[{"@type":"ListItem","position":1,"name":"Home","item":"https:\/\/sandzakpress.net\/arhiva\/"},{"@type":"ListItem","position":2,"name":"Salkano Kup u MTB-u iznad Pazari\u0161ta (subota, 11.00)"}]},{"@type":"WebSite","@id":"https:\/\/sandzakpress.net\/arhiva\/#website","url":"https:\/\/sandzakpress.net\/arhiva\/","name":"Sand\u017eak PRESS","description":"Prve elektronske novine u Sand\u017eaku","publisher":{"@id":"https:\/\/sandzakpress.net\/arhiva\/#\/schema\/person\/6e72b67d6e51910a1117b3b483ba20bd"},"potentialAction":[{"@type":"SearchAction","target":{"@type":"EntryPoint","urlTemplate":"https:\/\/sandzakpress.net\/arhiva\/?s={search_term_string}"},"query-input":{"@type":"PropertyValueSpecification","valueRequired":true,"valueName":"search_term_string"}}],"inLanguage":"bs-BA"},{"@type":["Person","Organization"],"@id":"https:\/\/sandzakpress.net\/arhiva\/#\/schema\/person\/6e72b67d6e51910a1117b3b483ba20bd","name":"Kul","image":{"@type":"ImageObject","inLanguage":"bs-BA","@id":"https:\/\/sandzakpress.net\/arhiva\/#\/schema\/person\/image\/","url":"https:\/\/secure.gravatar.com\/avatar\/42263f39aa27ac04c43cab85c280eb2e?s=96&d=mm&r=pg","contentUrl":"https:\/\/secure.gravatar.com\/avatar\/42263f39aa27ac04c43cab85c280eb2e?s=96&d=mm&r=pg","caption":"Kul"},"logo":{"@id":"https:\/\/sandzakpress.net\/arhiva\/#\/schema\/person\/image\/"}},{"@type":"Person","@id":"","url":"https:\/\/sandzakpress.net\/arhiva\/author\/"}]}},"_links":{"self":[{"href":"https:\/\/sandzakpress.net\/arhiva\/wp-json\/wp\/v2\/posts\/42331"}],"collection":[{"href":"https:\/\/sandzakpress.net\/arhiva\/wp-json\/wp\/v2\/posts"}],"about":[{"href":"https:\/\/sandzakpress.net\/arhiva\/wp-json\/wp\/v2\/types\/post"}],"author":[{"embeddable":true,"href":"https:\/\/sandzakpress.net\/arhiva\/wp-json\/wp\/v2\/users\/14"}],"replies":[{"embeddable":true,"href":"https:\/\/sandzakpress.net\/arhiva\/wp-json\/wp\/v2\/comments?post=42331"}],"version-history":[{"count":0,"href":"https:\/\/sandzakpress.net\/arhiva\/wp-json\/wp\/v2\/posts\/42331\/revisions"}],"wp:featuredmedia":[{"embeddable":true,"href":"https:\/\/sandzakpress.net\/arhiva\/wp-json\/wp\/v2\/media\/42335"}],"wp:attachment":[{"href":"https:\/\/sandzakpress.net\/arhiva\/wp-json\/wp\/v2\/media?parent=42331"}],"wp:term":[{"taxonomy":"category","embeddable":true,"href":"https:\/\/sandzakpress.net\/arhiva\/wp-json\/wp\/v2\/categories?post=42331"},{"taxonomy":"post_tag","embeddable":true,"href":"https:\/\/sandzakpress.net\/arhiva\/wp-json\/wp\/v2\/tags?post=42331"}],"curies":[{"name":"wp","href":"https:\/\/api.w.org\/{rel}","templated":true}]}}