{"id":42172,"date":"2012-06-15T16:46:18","date_gmt":"2012-06-15T14:46:18","guid":{"rendered":"https:\/\/sandzakpress.net\/arhiva\/?p=42172"},"modified":"2012-06-15T19:31:14","modified_gmt":"2012-06-15T17:31:14","slug":"konstituisana-vlast","status":"publish","type":"post","link":"https:\/\/sandzakpress.net\/arhiva\/konstituisana-vlast\/","title":{"rendered":"Izabrana nova vlast Novog Pazara"},"content":{"rendered":"<p><a href=\"https:\/\/sandzakpress.net\/arhiva\/wp-content\/uploads\/2012\/06\/Untitled-18.jpg\"><img loading=\"lazy\" decoding=\"async\" class=\"aligncenter size-full wp-image-42227\" title=\"Untitled-1\" src=\"https:\/\/sandzakpress.net\/arhiva\/wp-content\/uploads\/2012\/06\/Untitled-18.jpg\" alt=\"\" width=\"616\" height=\"353\" srcset=\"https:\/\/sandzakpress.net\/arhiva\/wp-content\/uploads\/2012\/06\/Untitled-18.jpg 616w, https:\/\/sandzakpress.net\/arhiva\/wp-content\/uploads\/2012\/06\/Untitled-18-350x200.jpg 350w\" sizes=\"(max-width: 616px) 100vw, 616px\" \/><\/a><\/p>\n<p><strong>Novi Pazar &#8211; Konstitutivna sjednica novog saziva Gradske skup\u0161tine Novog Pazara, na kojoj \u0107e biti verifikovani mandati novoizabranih odbornika, odr\u017eana je danas.<\/strong><\/p>\n<p>Na dnevnom redu ove sjednice bio je izbor gradona\u010delnika, njegovog zamjenika i \u010dlanova Gradskog vije\u0107a, kao i izbor predsjednika Gradske skup\u0161tine, sekretara i njihovih zamjenika.<\/p>\n<p>Meho Mahmutovi\u0107 iz Sand\u017ea\u010dke demokratske partije danas je izabran za gradona\u010delnika Novog Pazara a zamjenik \u0107e mu biti Ahmedin \u0160krijelj iz Stranke demokratske akcije.<\/p>\n<p>Za predsjednika Skup\u0161tine Novog Pazara izabran je Fuad Be\u0107i\u0107anin iz SDA, a za njegovog zamenika Vinko Dobri\u0107, funkcionera Demokratske stranke.<\/p>\n<p>Budu\u0107e Gradsko vije\u0107e Novog Pazara \u010dini\u0107e po \u010detiri predstavnika partija koje su formirale skup\u0161tinsku ve\u0107inu.<\/p>\n<p><img loading=\"lazy\" decoding=\"async\" class=\"alignleft\" src=\"http:\/\/www.novipazar.rs\/vesti%5C9.skupstina%20grada...novog%20pazara%20038.jpg\" alt=\"\" width=\"288\" height=\"190\" \/><\/p>\n<h3>Tok Skup\u0161tine<\/h3>\n<p>Dvojica odbornika takozvane srpske liste su na konstitutivnoj sjednici bili uzdr\u017eani po svim ta\u010dkama dnevnog reda, deset odbornika Bo\u0161nja\u010dke demokratske zajednice su glasali samo za izbor sekretara Skup\u0161tine Almira Lekovi\u0107a, dok su \u010detvorica odbornika Sand\u017ea\u010dke narodne partije Mirsada \u0110erleka odmah posle verifikacije mandata napustili zasjedanje.<\/p>\n<h3>Mahmutovi\u0107 gradona\u010delnik<\/h3>\n<p>Mahmutovi\u0107 je novinarima rekao da je na novoformiranoj vlasti te\u017eak zadatak da poku\u0161aju da od Novog Pazara naprave mjesto u koje \u0107e svi \u017eeleti da do\u0111u.<\/p>\n<p>\u201cOsim toga, \u017eelimo da ovo bude mjesto u kome \u0107e biti zadovoljni i gra\u0111ani koji u njemu \u017eive. Mislim da smo dosada\u0161njim na\u010dinom rada dokazali da smo ozbiljni ljudi koji vole svoj grad i na nama je da taj posao samo nastavimo sa svima koji su danas bili u ovoj sali. Ovo je veliki posao koji ne mo\u017ee jedan \u010dovek da radi, ve\u0107 je potrebna velika ekipa uz ozbiljnu podr\u0161ku\u201d, rekao je Mahmutovi\u0107.<\/p>\n<h3><img loading=\"lazy\" decoding=\"async\" class=\"alignleft\" src=\"http:\/\/i1188.photobucket.com\/albums\/z405\/kedza2\/KoalicionisporazumSDAiSDP2.jpg\" alt=\"\" width=\"249\" height=\"166\" \/>Ba\u0107i\u0107anin predsjednik Skup\u0161tine<\/h3>\n<p>Ba\u0107i\u0107anin je novinarima rekao da vjeruje da \u0107e novoformirana vlast u Novom Pazaru opravdati povjerenje gra\u0111ana koje su dobili na nedavnim izborima.<\/p>\n<p>\u201cMislim da \u0107e skup\u0161tinskom ve\u0107inom i ostalim novoimenovanim funkcionerima gra\u0111ani biti zadovoljni, kao i da su za ne\u0161to ovako i glasali. \u010cast mi je da \u0107u predsjedavati Gradskom skup\u0161tinom i da \u0107u raditi sa ovim odbornicima. O\u010dekujm veliku podr\u0161ku svih odbornika i gra\u0111ana u predstoje\u0107em \u010detvorogodi\u0161njem radu\u201d, rekao je Ba\u0107i\u0107anin.<\/p>\n<h3>Gradsko vije\u0107e \u0107e \u010diniti SDA-SDP<\/h3>\n<p>Koalicija okupljena oko SDP je za ove funkcije imenovala Re\u0161ada Hod\u017ei\u0107a, Seadetina Mujezinovi\u0107a, Tarika Imamovi\u0107a i Rifata Li\u010dinu, dok \u0107e SDA u gradskoj vladi predstavljati Muamer Smailbergovi\u0107, Edin Gud\u017eevi\u0107,\u00a0\u00a0Amel Ali\u0107 i Ifeta Radon\u010di\u0107.<\/p>\n<p>Dvojica odbornika koalicije \u201cPokrenimo Novi Pazar\u201d na konstitutivnoj sednici bili su uzdr\u017eani po svim ta\u010dkama dnevnog reda.<\/p>\n<h3>Srbi iz SNS-a uzdr\u017eani<\/h3>\n<p>Odbornik ove liste Gradimir Nedeljkovi\u0107 rekao je radiju Sto plus da su oni do sada obavili nekoliko pojedina\u010dnih neformalnih razgovora sa predstavnicima novoformirane vlasti u Novom Pazaru, ali da nikakvih konkretnih dogovora nije bilo, kao i da bi u\u010de\u0161\u0107e ove liste u vlasti bilo od velikog zna\u010daja za Srbe u ovom gradu.<\/p>\n<p>\u201cMi smo na tim neformalnim razgovorima pokazali \u017eelju da u\u010destvujemo u vlasti, bili smo konstruktivni sa konkretnim prijedlozima, o\u010dekivali i tra\u017eili formalne razgovore do kojih, na \u017ealost, nije do\u0161lo. Iz mnogo razloga ne bi bilo dobro da imamo jednonacionalnu vlast u Novom Pazaru, jer su Srbi ovde u manjini i to bi bila veoma lo\u0161a poruka za njih\u201d, rekao je Nedeljkovi\u0107.<\/p>\n<h3>BDZ najja\u010da opoziciona stranka u Novom Pazara<\/h3>\n<p><img loading=\"lazy\" decoding=\"async\" class=\"alignright\" src=\"http:\/\/www.blic.rs\/data\/images\/2010-10-19\/83141_sead-sacirovic01-fonet-fonetenes-halilovi_hs.jpg?ver=1287488341\" alt=\"\" width=\"249\" height=\"203\" \/>10 odbornika Bo\u0161nja\u010dke demokratske zajednice glasalo samo za izbor sekretara Gradske skup\u0161tine Almira Lekovi\u0107a, dok su po drugim ta\u010dkama dnevnog reda bili protiv ili uzdr\u017eani.<\/p>\n<p>Odbornik ove stranke Sead \u0160a\u0107irovi\u0107 ka\u017ee za radio Sto plus da su oni uzdr\u017eavanjem ili glasanjem za pojedine predloge \u017eeleli da poka\u017eu da \u0107e vrednovati ljude po dobroti i njihovoj sposobnosti da u\u010dine\u00a0\u00a0dobro za Novi Pazar.<\/p>\n<p>\u201cBili smo uzdra\u017eani kada se glasalo za predsednika skup\u0161tine, a glasali smo protiv kandidata za njenogovog zamenika. Bili smo za imenovanje Lekovi\u0107a na mesto sekretara Gradske skup\u0161tine, bez obzira \u0161to su se neki tome za\u010dudili, jer smatramo da je to vanpoliti\u010dko telo a da je on izuzetna osoba, dobar \u010dovek i radnik. Time zapravo pokazujemo da \u0107emo biti konstruktivna opozicija, da ne\u0107emo praviti probleme koji \u0107e usporavati rad skup\u0161tine i da \u0107emo raditi za dobrobit gra\u0111ana bez obzira na njihovu nacionalnu pripadnost\u201d, rekao je \u0160a\u0107irovi\u0107 radiju Sto plus.<\/p>\n<p><iframe loading=\"lazy\" width=\"616\" height=\"350\" src=\"http:\/\/www.youtube.com\/embed\/aGpiSUEq4BE\" frameborder=\"0\" allowfullscreen><\/iframe><\/p>\n<p>Izvor: <strong>SANAPRESS<\/strong><\/p>\n","protected":false},"excerpt":{"rendered":"<p>Novi Pazar &#8211; Konstitutivna sjednica novog saziva Gradske skup\u0161tine Novog Pazara, na kojoj \u0107e biti verifikovani mandati novoizabranih odbornika, odr\u017eana je danas. Na dnevnom redu ove sjednice bio je izbor gradona\u010delnika, njegovog zamjenika i \u010dlanova Gradskog vije\u0107a, kao i izbor predsjednika Gradske skup\u0161tine, sekretara i njihovih zamjenika. Meho Mahmutovi\u0107 iz Sand\u017ea\u010dke demokratske partije danas je [&hellip;]<\/p>\n","protected":false},"author":14,"featured_media":42227,"comment_status":"open","ping_status":"open","sticky":false,"template":"","format":"standard","meta":{"footnotes":""},"categories":[72,1,8957],"tags":[],"class_list":{"0":"post-42172","1":"post","2":"type-post","3":"status-publish","4":"format-standard","5":"has-post-thumbnail","7":"category-novi-pazar","8":"category-politika","9":"category-vijesti-dana"},"yoast_head":"<!-- This site is optimized with the Yoast SEO Premium plugin v23.1 (Yoast SEO v24.9) - https:\/\/yoast.com\/wordpress\/plugins\/seo\/ -->\n<title>Izabrana nova vlast Novog Pazara<\/title>\n<meta name=\"robots\" content=\"index, follow, max-snippet:-1, max-image-preview:large, max-video-preview:-1\" \/>\n<link rel=\"canonical\" href=\"https:\/\/sandzakpress.net\/arhiva\/konstituisana-vlast\/\" \/>\n<meta property=\"og:locale\" content=\"bs_BA\" \/>\n<meta property=\"og:type\" content=\"article\" \/>\n<meta property=\"og:title\" content=\"Izabrana nova vlast Novog Pazara\" \/>\n<meta property=\"og:description\" content=\"Novi Pazar &#8211; Konstitutivna sjednica novog saziva Gradske skup\u0161tine Novog Pazara, na kojoj \u0107e biti verifikovani mandati novoizabranih odbornika, odr\u017eana je danas. Na dnevnom redu ove sjednice bio je izbor gradona\u010delnika, njegovog zamjenika i \u010dlanova Gradskog vije\u0107a, kao i izbor predsjednika Gradske skup\u0161tine, sekretara i njihovih zamjenika. Meho Mahmutovi\u0107 iz Sand\u017ea\u010dke demokratske partije danas je [&hellip;]\" \/>\n<meta property=\"og:url\" content=\"https:\/\/sandzakpress.net\/arhiva\/konstituisana-vlast\/\" \/>\n<meta property=\"og:site_name\" content=\"Sand\u017eak PRESS\" \/>\n<meta property=\"article:published_time\" content=\"2012-06-15T14:46:18+00:00\" \/>\n<meta property=\"article:modified_time\" content=\"2012-06-15T17:31:14+00:00\" \/>\n<meta property=\"og:image\" content=\"https:\/\/sandzakpress.net\/arhiva\/wp-content\/uploads\/2012\/06\/Untitled-18.jpg\" \/>\n\t<meta property=\"og:image:width\" content=\"616\" \/>\n\t<meta property=\"og:image:height\" content=\"353\" \/>\n\t<meta property=\"og:image:type\" content=\"image\/jpeg\" \/>\n<meta name=\"twitter:card\" content=\"summary_large_image\" \/>\n<meta name=\"twitter:label1\" content=\"Written by\" \/>\n\t<meta name=\"twitter:data1\" content=\"\" \/>\n\t<meta name=\"twitter:label2\" content=\"Est. reading time\" \/>\n\t<meta name=\"twitter:data2\" content=\"4 minute\" \/>\n<script type=\"application\/ld+json\" class=\"yoast-schema-graph\">{\"@context\":\"https:\/\/schema.org\",\"@graph\":[{\"@type\":\"Article\",\"@id\":\"https:\/\/sandzakpress.net\/arhiva\/konstituisana-vlast\/#article\",\"isPartOf\":{\"@id\":\"https:\/\/sandzakpress.net\/arhiva\/konstituisana-vlast\/\"},\"author\":{\"name\":\"\",\"@id\":\"\"},\"headline\":\"Izabrana nova vlast Novog Pazara\",\"datePublished\":\"2012-06-15T14:46:18+00:00\",\"dateModified\":\"2012-06-15T17:31:14+00:00\",\"mainEntityOfPage\":{\"@id\":\"https:\/\/sandzakpress.net\/arhiva\/konstituisana-vlast\/\"},\"wordCount\":760,\"commentCount\":12,\"publisher\":{\"@id\":\"https:\/\/sandzakpress.net\/arhiva\/#\/schema\/person\/6e72b67d6e51910a1117b3b483ba20bd\"},\"image\":{\"@id\":\"https:\/\/sandzakpress.net\/arhiva\/konstituisana-vlast\/#primaryimage\"},\"thumbnailUrl\":\"https:\/\/sandzakpress.net\/arhiva\/wp-content\/uploads\/2012\/06\/Untitled-18.jpg\",\"articleSection\":[\"Novi Pazar\",\"Politika\",\"VIJESTI DANA\"],\"inLanguage\":\"bs-BA\",\"potentialAction\":[{\"@type\":\"CommentAction\",\"name\":\"Comment\",\"target\":[\"https:\/\/sandzakpress.net\/arhiva\/konstituisana-vlast\/#respond\"]}]},{\"@type\":\"WebPage\",\"@id\":\"https:\/\/sandzakpress.net\/arhiva\/konstituisana-vlast\/\",\"url\":\"https:\/\/sandzakpress.net\/arhiva\/konstituisana-vlast\/\",\"name\":\"Izabrana nova vlast Novog Pazara\",\"isPartOf\":{\"@id\":\"https:\/\/sandzakpress.net\/arhiva\/#website\"},\"primaryImageOfPage\":{\"@id\":\"https:\/\/sandzakpress.net\/arhiva\/konstituisana-vlast\/#primaryimage\"},\"image\":{\"@id\":\"https:\/\/sandzakpress.net\/arhiva\/konstituisana-vlast\/#primaryimage\"},\"thumbnailUrl\":\"https:\/\/sandzakpress.net\/arhiva\/wp-content\/uploads\/2012\/06\/Untitled-18.jpg\",\"datePublished\":\"2012-06-15T14:46:18+00:00\",\"dateModified\":\"2012-06-15T17:31:14+00:00\",\"breadcrumb\":{\"@id\":\"https:\/\/sandzakpress.net\/arhiva\/konstituisana-vlast\/#breadcrumb\"},\"inLanguage\":\"bs-BA\",\"potentialAction\":[{\"@type\":\"ReadAction\",\"target\":[\"https:\/\/sandzakpress.net\/arhiva\/konstituisana-vlast\/\"]}]},{\"@type\":\"ImageObject\",\"inLanguage\":\"bs-BA\",\"@id\":\"https:\/\/sandzakpress.net\/arhiva\/konstituisana-vlast\/#primaryimage\",\"url\":\"https:\/\/sandzakpress.net\/arhiva\/wp-content\/uploads\/2012\/06\/Untitled-18.jpg\",\"contentUrl\":\"https:\/\/sandzakpress.net\/arhiva\/wp-content\/uploads\/2012\/06\/Untitled-18.jpg\",\"width\":616,\"height\":353},{\"@type\":\"BreadcrumbList\",\"@id\":\"https:\/\/sandzakpress.net\/arhiva\/konstituisana-vlast\/#breadcrumb\",\"itemListElement\":[{\"@type\":\"ListItem\",\"position\":1,\"name\":\"Home\",\"item\":\"https:\/\/sandzakpress.net\/arhiva\/\"},{\"@type\":\"ListItem\",\"position\":2,\"name\":\"Izabrana nova vlast Novog Pazara\"}]},{\"@type\":\"WebSite\",\"@id\":\"https:\/\/sandzakpress.net\/arhiva\/#website\",\"url\":\"https:\/\/sandzakpress.net\/arhiva\/\",\"name\":\"Sand\u017eak PRESS\",\"description\":\"Prve elektronske novine u Sand\u017eaku\",\"publisher\":{\"@id\":\"https:\/\/sandzakpress.net\/arhiva\/#\/schema\/person\/6e72b67d6e51910a1117b3b483ba20bd\"},\"potentialAction\":[{\"@type\":\"SearchAction\",\"target\":{\"@type\":\"EntryPoint\",\"urlTemplate\":\"https:\/\/sandzakpress.net\/arhiva\/?s={search_term_string}\"},\"query-input\":{\"@type\":\"PropertyValueSpecification\",\"valueRequired\":true,\"valueName\":\"search_term_string\"}}],\"inLanguage\":\"bs-BA\"},{\"@type\":[\"Person\",\"Organization\"],\"@id\":\"https:\/\/sandzakpress.net\/arhiva\/#\/schema\/person\/6e72b67d6e51910a1117b3b483ba20bd\",\"name\":\"Kul\",\"image\":{\"@type\":\"ImageObject\",\"inLanguage\":\"bs-BA\",\"@id\":\"https:\/\/sandzakpress.net\/arhiva\/#\/schema\/person\/image\/\",\"url\":\"https:\/\/secure.gravatar.com\/avatar\/42263f39aa27ac04c43cab85c280eb2e?s=96&d=mm&r=pg\",\"contentUrl\":\"https:\/\/secure.gravatar.com\/avatar\/42263f39aa27ac04c43cab85c280eb2e?s=96&d=mm&r=pg\",\"caption\":\"Kul\"},\"logo\":{\"@id\":\"https:\/\/sandzakpress.net\/arhiva\/#\/schema\/person\/image\/\"}},{\"@type\":\"Person\",\"@id\":\"\",\"url\":\"https:\/\/sandzakpress.net\/arhiva\/author\/\"}]}<\/script>\n<!-- \/ Yoast SEO Premium plugin. -->","yoast_head_json":{"title":"Izabrana nova vlast Novog Pazara","robots":{"index":"index","follow":"follow","max-snippet":"max-snippet:-1","max-image-preview":"max-image-preview:large","max-video-preview":"max-video-preview:-1"},"canonical":"https:\/\/sandzakpress.net\/arhiva\/konstituisana-vlast\/","og_locale":"bs_BA","og_type":"article","og_title":"Izabrana nova vlast Novog Pazara","og_description":"Novi Pazar &#8211; Konstitutivna sjednica novog saziva Gradske skup\u0161tine Novog Pazara, na kojoj \u0107e biti verifikovani mandati novoizabranih odbornika, odr\u017eana je danas. Na dnevnom redu ove sjednice bio je izbor gradona\u010delnika, njegovog zamjenika i \u010dlanova Gradskog vije\u0107a, kao i izbor predsjednika Gradske skup\u0161tine, sekretara i njihovih zamjenika. Meho Mahmutovi\u0107 iz Sand\u017ea\u010dke demokratske partije danas je [&hellip;]","og_url":"https:\/\/sandzakpress.net\/arhiva\/konstituisana-vlast\/","og_site_name":"Sand\u017eak PRESS","article_published_time":"2012-06-15T14:46:18+00:00","article_modified_time":"2012-06-15T17:31:14+00:00","og_image":[{"width":616,"height":353,"url":"https:\/\/sandzakpress.net\/arhiva\/wp-content\/uploads\/2012\/06\/Untitled-18.jpg","type":"image\/jpeg"}],"twitter_card":"summary_large_image","twitter_misc":{"Written by":"","Est. reading time":"4 minute"},"schema":{"@context":"https:\/\/schema.org","@graph":[{"@type":"Article","@id":"https:\/\/sandzakpress.net\/arhiva\/konstituisana-vlast\/#article","isPartOf":{"@id":"https:\/\/sandzakpress.net\/arhiva\/konstituisana-vlast\/"},"author":{"name":"","@id":""},"headline":"Izabrana nova vlast Novog Pazara","datePublished":"2012-06-15T14:46:18+00:00","dateModified":"2012-06-15T17:31:14+00:00","mainEntityOfPage":{"@id":"https:\/\/sandzakpress.net\/arhiva\/konstituisana-vlast\/"},"wordCount":760,"commentCount":12,"publisher":{"@id":"https:\/\/sandzakpress.net\/arhiva\/#\/schema\/person\/6e72b67d6e51910a1117b3b483ba20bd"},"image":{"@id":"https:\/\/sandzakpress.net\/arhiva\/konstituisana-vlast\/#primaryimage"},"thumbnailUrl":"https:\/\/sandzakpress.net\/arhiva\/wp-content\/uploads\/2012\/06\/Untitled-18.jpg","articleSection":["Novi Pazar","Politika","VIJESTI DANA"],"inLanguage":"bs-BA","potentialAction":[{"@type":"CommentAction","name":"Comment","target":["https:\/\/sandzakpress.net\/arhiva\/konstituisana-vlast\/#respond"]}]},{"@type":"WebPage","@id":"https:\/\/sandzakpress.net\/arhiva\/konstituisana-vlast\/","url":"https:\/\/sandzakpress.net\/arhiva\/konstituisana-vlast\/","name":"Izabrana nova vlast Novog Pazara","isPartOf":{"@id":"https:\/\/sandzakpress.net\/arhiva\/#website"},"primaryImageOfPage":{"@id":"https:\/\/sandzakpress.net\/arhiva\/konstituisana-vlast\/#primaryimage"},"image":{"@id":"https:\/\/sandzakpress.net\/arhiva\/konstituisana-vlast\/#primaryimage"},"thumbnailUrl":"https:\/\/sandzakpress.net\/arhiva\/wp-content\/uploads\/2012\/06\/Untitled-18.jpg","datePublished":"2012-06-15T14:46:18+00:00","dateModified":"2012-06-15T17:31:14+00:00","breadcrumb":{"@id":"https:\/\/sandzakpress.net\/arhiva\/konstituisana-vlast\/#breadcrumb"},"inLanguage":"bs-BA","potentialAction":[{"@type":"ReadAction","target":["https:\/\/sandzakpress.net\/arhiva\/konstituisana-vlast\/"]}]},{"@type":"ImageObject","inLanguage":"bs-BA","@id":"https:\/\/sandzakpress.net\/arhiva\/konstituisana-vlast\/#primaryimage","url":"https:\/\/sandzakpress.net\/arhiva\/wp-content\/uploads\/2012\/06\/Untitled-18.jpg","contentUrl":"https:\/\/sandzakpress.net\/arhiva\/wp-content\/uploads\/2012\/06\/Untitled-18.jpg","width":616,"height":353},{"@type":"BreadcrumbList","@id":"https:\/\/sandzakpress.net\/arhiva\/konstituisana-vlast\/#breadcrumb","itemListElement":[{"@type":"ListItem","position":1,"name":"Home","item":"https:\/\/sandzakpress.net\/arhiva\/"},{"@type":"ListItem","position":2,"name":"Izabrana nova vlast Novog Pazara"}]},{"@type":"WebSite","@id":"https:\/\/sandzakpress.net\/arhiva\/#website","url":"https:\/\/sandzakpress.net\/arhiva\/","name":"Sand\u017eak PRESS","description":"Prve elektronske novine u Sand\u017eaku","publisher":{"@id":"https:\/\/sandzakpress.net\/arhiva\/#\/schema\/person\/6e72b67d6e51910a1117b3b483ba20bd"},"potentialAction":[{"@type":"SearchAction","target":{"@type":"EntryPoint","urlTemplate":"https:\/\/sandzakpress.net\/arhiva\/?s={search_term_string}"},"query-input":{"@type":"PropertyValueSpecification","valueRequired":true,"valueName":"search_term_string"}}],"inLanguage":"bs-BA"},{"@type":["Person","Organization"],"@id":"https:\/\/sandzakpress.net\/arhiva\/#\/schema\/person\/6e72b67d6e51910a1117b3b483ba20bd","name":"Kul","image":{"@type":"ImageObject","inLanguage":"bs-BA","@id":"https:\/\/sandzakpress.net\/arhiva\/#\/schema\/person\/image\/","url":"https:\/\/secure.gravatar.com\/avatar\/42263f39aa27ac04c43cab85c280eb2e?s=96&d=mm&r=pg","contentUrl":"https:\/\/secure.gravatar.com\/avatar\/42263f39aa27ac04c43cab85c280eb2e?s=96&d=mm&r=pg","caption":"Kul"},"logo":{"@id":"https:\/\/sandzakpress.net\/arhiva\/#\/schema\/person\/image\/"}},{"@type":"Person","@id":"","url":"https:\/\/sandzakpress.net\/arhiva\/author\/"}]}},"_links":{"self":[{"href":"https:\/\/sandzakpress.net\/arhiva\/wp-json\/wp\/v2\/posts\/42172"}],"collection":[{"href":"https:\/\/sandzakpress.net\/arhiva\/wp-json\/wp\/v2\/posts"}],"about":[{"href":"https:\/\/sandzakpress.net\/arhiva\/wp-json\/wp\/v2\/types\/post"}],"author":[{"embeddable":true,"href":"https:\/\/sandzakpress.net\/arhiva\/wp-json\/wp\/v2\/users\/14"}],"replies":[{"embeddable":true,"href":"https:\/\/sandzakpress.net\/arhiva\/wp-json\/wp\/v2\/comments?post=42172"}],"version-history":[{"count":0,"href":"https:\/\/sandzakpress.net\/arhiva\/wp-json\/wp\/v2\/posts\/42172\/revisions"}],"wp:featuredmedia":[{"embeddable":true,"href":"https:\/\/sandzakpress.net\/arhiva\/wp-json\/wp\/v2\/media\/42227"}],"wp:attachment":[{"href":"https:\/\/sandzakpress.net\/arhiva\/wp-json\/wp\/v2\/media?parent=42172"}],"wp:term":[{"taxonomy":"category","embeddable":true,"href":"https:\/\/sandzakpress.net\/arhiva\/wp-json\/wp\/v2\/categories?post=42172"},{"taxonomy":"post_tag","embeddable":true,"href":"https:\/\/sandzakpress.net\/arhiva\/wp-json\/wp\/v2\/tags?post=42172"}],"curies":[{"name":"wp","href":"https:\/\/api.w.org\/{rel}","templated":true}]}}