{"id":42051,"date":"2012-06-14T16:30:52","date_gmt":"2012-06-14T14:30:52","guid":{"rendered":"https:\/\/sandzakpress.net\/arhiva\/?p=42051"},"modified":"2012-06-14T16:30:52","modified_gmt":"2012-06-14T14:30:52","slug":"u-evropi-raste-diskriminacija-prema-muslimankama","status":"publish","type":"post","link":"https:\/\/sandzakpress.net\/arhiva\/u-evropi-raste-diskriminacija-prema-muslimankama\/","title":{"rendered":"U Evropi raste diskriminacija prema muslimankama"},"content":{"rendered":"<p><strong><a href=\"https:\/\/sandzakpress.net\/arhiva\/wp-content\/uploads\/2012\/06\/t7.jpg\"><img loading=\"lazy\" decoding=\"async\" class=\"alignleft size-medium wp-image-42076\" title=\"t\" src=\"https:\/\/sandzakpress.net\/arhiva\/wp-content\/uploads\/2012\/06\/t7-300x208.jpg\" alt=\"\" width=\"300\" height=\"208\" \/><\/a>Evropa &#8211; U izvje\u0161taju koji je pripremila Parlamentarna skup\u0161tina Vije\u0107a Evrope (PSVE) upozorava se na rast diskriminacije \u017eena islamske vjeroispovijesti u evropskim zemljama. U izvje\u0161taju se navodi da je potrebno poduzeti sve mjere kako bi se omogu\u0107ilo muslimankama u Evropi da vi\u0161e u\u010destvuju u javnom \u017eivotu.<\/strong><\/p>\n<p>\u010clan Komisije za jednakost i spre\u010davanje diskriminacije u VE Athina Kyriakidou istakla je da su &#8220;muslimanke u evropskim zemljama, zbog svoje vjere i ustaljenih predrasuda postale \u017ertve&#8221;.<\/p>\n<p>&#8220;Potrebno je \u0161to prije sprije\u010diti ovakve doga\u0111aje i omogu\u0107iti \u017eenama islamske vjeroispovijesti da aktivno u\u010destvuju u javnom \u017eivotu\u201d, izjavila je Kyriakidou.PSVE \u0107e ovog mjeseca u Strasbourgu predstaviti izvje\u0161taj i tom prilikom upozoriti javnost da se muslimanke i ostale manjinske grupe u Evropi suo\u010davaju sa raznim oblicima disrkiminacije, iako \u010dine zna\u010dajan procenat evropske populacije.<\/p>\n<p>U izvje\u0161taju PSVE se isti\u010de da muslimanke posljednjih godina igraju zna\u010dajnu ulogu u procesima dru\u0161tvenih promjena.<\/p>\n<p>\u201cDo\u0161lo je vrijeme kada se moraju mijenjati percepcije i stavovi u vezi sa ulogom muslimanki u javnom \u017eivotu. Potrebno je da se omogu\u0107i muslimankama da u\u017eivaju ista prava kao i ostali gra\u0111ani u evropskim dru\u0161tvima, umjesto da budu vrije\u0111ane, izolirane iz dru\u0161tva i \u017ertve predrasuda\u201d, pi\u0161e uz ostalo u izvje\u0161taju.<br \/>\nU ovom dokumentu nadalje se navodi da svako treba da demonstrira posve\u0107enost i entuzijazam da doprinese rje\u0161avanju ovog problema kako bi se pobolj\u0161ao polo\u017eaj muslimanki u evopskim zemljama u bra\u010dnim zajednicama i u javnom \u017eivotu.<\/p>\n<p>Tako\u0111er, u izvje\u0161taju je upozoreno da se muslimanke najvi\u0161e spominju u periodu odr\u017eavanja izbora u evropskim zemljama, kada se raspravlja o njihovom na\u010dinu obla\u010denja itd.<\/p>\n<p>\u201cPotrebno je poduzeti radikalne mjere i pokrenuti institucionalne i dru\u0161tvene procese koji bi omogu\u0107ili muslimankama da slobodno u\u010destvuju u zdravstvu, obrazovanju i poslovnom \u017eivotu\u201d, navodi izvje\u0161taj.<\/p>\n<p>Preporu\u010duje se da je potrebno na zakonit i institucionalan na\u010din sprije\u010diti diskriminaciju mislimanki, kao i da islamski vjerski lideri trebaju educirati javnost o potrebama dru\u0161tvenog dijaloga i aktivnog u\u010destvovanja muslimanki u javnom \u017eivotu.<\/p>\n<p>Izvor: <strong>ANADOLU<\/strong><\/p>\n","protected":false},"excerpt":{"rendered":"<p>Evropa &#8211; U izvje\u0161taju koji je pripremila Parlamentarna skup\u0161tina Vije\u0107a Evrope (PSVE) upozorava se na rast diskriminacije \u017eena islamske vjeroispovijesti u evropskim zemljama. U izvje\u0161taju se navodi da je potrebno poduzeti sve mjere kako bi se omogu\u0107ilo muslimankama u Evropi da vi\u0161e u\u010destvuju u javnom \u017eivotu. \u010clan Komisije za jednakost i spre\u010davanje diskriminacije u VE [&hellip;]<\/p>\n","protected":false},"author":83,"featured_media":42076,"comment_status":"open","ping_status":"open","sticky":false,"template":"","format":"standard","meta":{"footnotes":""},"categories":[9,8957],"tags":[],"class_list":{"0":"post-42051","1":"post","2":"type-post","3":"status-publish","4":"format-standard","5":"has-post-thumbnail","7":"category-svijet","8":"category-vijesti-dana"},"yoast_head":"<!-- This site is optimized with the Yoast SEO Premium plugin v23.1 (Yoast SEO v24.9) - https:\/\/yoast.com\/wordpress\/plugins\/seo\/ -->\n<title>U Evropi raste diskriminacija prema muslimankama<\/title>\n<meta name=\"robots\" content=\"index, follow, max-snippet:-1, max-image-preview:large, max-video-preview:-1\" \/>\n<link rel=\"canonical\" href=\"https:\/\/sandzakpress.net\/arhiva\/u-evropi-raste-diskriminacija-prema-muslimankama\/\" \/>\n<meta property=\"og:locale\" content=\"bs_BA\" \/>\n<meta property=\"og:type\" content=\"article\" \/>\n<meta property=\"og:title\" content=\"U Evropi raste diskriminacija prema muslimankama\" \/>\n<meta property=\"og:description\" content=\"Evropa &#8211; U izvje\u0161taju koji je pripremila Parlamentarna skup\u0161tina Vije\u0107a Evrope (PSVE) upozorava se na rast diskriminacije \u017eena islamske vjeroispovijesti u evropskim zemljama. U izvje\u0161taju se navodi da je potrebno poduzeti sve mjere kako bi se omogu\u0107ilo muslimankama u Evropi da vi\u0161e u\u010destvuju u javnom \u017eivotu. \u010clan Komisije za jednakost i spre\u010davanje diskriminacije u VE [&hellip;]\" \/>\n<meta property=\"og:url\" content=\"https:\/\/sandzakpress.net\/arhiva\/u-evropi-raste-diskriminacija-prema-muslimankama\/\" \/>\n<meta property=\"og:site_name\" content=\"Sand\u017eak PRESS\" \/>\n<meta property=\"article:published_time\" content=\"2012-06-14T14:30:52+00:00\" \/>\n<meta property=\"og:image\" content=\"https:\/\/sandzakpress.net\/arhiva\/wp-content\/uploads\/2012\/06\/t7.jpg\" \/>\n\t<meta property=\"og:image:width\" content=\"609\" \/>\n\t<meta property=\"og:image:height\" content=\"424\" \/>\n\t<meta property=\"og:image:type\" content=\"image\/jpeg\" \/>\n<meta name=\"author\" content=\"bosniak\" \/>\n<meta name=\"twitter:card\" content=\"summary_large_image\" \/>\n<meta name=\"twitter:label1\" content=\"Written by\" \/>\n\t<meta name=\"twitter:data1\" content=\"bosniak\" \/>\n\t<meta name=\"twitter:label2\" content=\"Est. reading time\" \/>\n\t<meta name=\"twitter:data2\" content=\"2 minute\" \/>\n<script type=\"application\/ld+json\" class=\"yoast-schema-graph\">{\"@context\":\"https:\/\/schema.org\",\"@graph\":[{\"@type\":\"Article\",\"@id\":\"https:\/\/sandzakpress.net\/arhiva\/u-evropi-raste-diskriminacija-prema-muslimankama\/#article\",\"isPartOf\":{\"@id\":\"https:\/\/sandzakpress.net\/arhiva\/u-evropi-raste-diskriminacija-prema-muslimankama\/\"},\"author\":{\"name\":\"bosniak\",\"@id\":\"https:\/\/sandzakpress.net\/arhiva\/#\/schema\/person\/c8baee722073534b583ea7bdb2e36c02\"},\"headline\":\"U Evropi raste diskriminacija prema muslimankama\",\"datePublished\":\"2012-06-14T14:30:52+00:00\",\"mainEntityOfPage\":{\"@id\":\"https:\/\/sandzakpress.net\/arhiva\/u-evropi-raste-diskriminacija-prema-muslimankama\/\"},\"wordCount\":368,\"commentCount\":2,\"publisher\":{\"@id\":\"https:\/\/sandzakpress.net\/arhiva\/#\/schema\/person\/6e72b67d6e51910a1117b3b483ba20bd\"},\"image\":{\"@id\":\"https:\/\/sandzakpress.net\/arhiva\/u-evropi-raste-diskriminacija-prema-muslimankama\/#primaryimage\"},\"thumbnailUrl\":\"https:\/\/sandzakpress.net\/arhiva\/wp-content\/uploads\/2012\/06\/t7.jpg\",\"articleSection\":[\"Svijet\",\"VIJESTI DANA\"],\"inLanguage\":\"bs-BA\",\"potentialAction\":[{\"@type\":\"CommentAction\",\"name\":\"Comment\",\"target\":[\"https:\/\/sandzakpress.net\/arhiva\/u-evropi-raste-diskriminacija-prema-muslimankama\/#respond\"]}]},{\"@type\":\"WebPage\",\"@id\":\"https:\/\/sandzakpress.net\/arhiva\/u-evropi-raste-diskriminacija-prema-muslimankama\/\",\"url\":\"https:\/\/sandzakpress.net\/arhiva\/u-evropi-raste-diskriminacija-prema-muslimankama\/\",\"name\":\"U Evropi raste diskriminacija prema muslimankama\",\"isPartOf\":{\"@id\":\"https:\/\/sandzakpress.net\/arhiva\/#website\"},\"primaryImageOfPage\":{\"@id\":\"https:\/\/sandzakpress.net\/arhiva\/u-evropi-raste-diskriminacija-prema-muslimankama\/#primaryimage\"},\"image\":{\"@id\":\"https:\/\/sandzakpress.net\/arhiva\/u-evropi-raste-diskriminacija-prema-muslimankama\/#primaryimage\"},\"thumbnailUrl\":\"https:\/\/sandzakpress.net\/arhiva\/wp-content\/uploads\/2012\/06\/t7.jpg\",\"datePublished\":\"2012-06-14T14:30:52+00:00\",\"breadcrumb\":{\"@id\":\"https:\/\/sandzakpress.net\/arhiva\/u-evropi-raste-diskriminacija-prema-muslimankama\/#breadcrumb\"},\"inLanguage\":\"bs-BA\",\"potentialAction\":[{\"@type\":\"ReadAction\",\"target\":[\"https:\/\/sandzakpress.net\/arhiva\/u-evropi-raste-diskriminacija-prema-muslimankama\/\"]}]},{\"@type\":\"ImageObject\",\"inLanguage\":\"bs-BA\",\"@id\":\"https:\/\/sandzakpress.net\/arhiva\/u-evropi-raste-diskriminacija-prema-muslimankama\/#primaryimage\",\"url\":\"https:\/\/sandzakpress.net\/arhiva\/wp-content\/uploads\/2012\/06\/t7.jpg\",\"contentUrl\":\"https:\/\/sandzakpress.net\/arhiva\/wp-content\/uploads\/2012\/06\/t7.jpg\",\"width\":609,\"height\":424},{\"@type\":\"BreadcrumbList\",\"@id\":\"https:\/\/sandzakpress.net\/arhiva\/u-evropi-raste-diskriminacija-prema-muslimankama\/#breadcrumb\",\"itemListElement\":[{\"@type\":\"ListItem\",\"position\":1,\"name\":\"Home\",\"item\":\"https:\/\/sandzakpress.net\/arhiva\/\"},{\"@type\":\"ListItem\",\"position\":2,\"name\":\"U Evropi raste diskriminacija prema muslimankama\"}]},{\"@type\":\"WebSite\",\"@id\":\"https:\/\/sandzakpress.net\/arhiva\/#website\",\"url\":\"https:\/\/sandzakpress.net\/arhiva\/\",\"name\":\"Sand\u017eak PRESS\",\"description\":\"Prve elektronske novine u Sand\u017eaku\",\"publisher\":{\"@id\":\"https:\/\/sandzakpress.net\/arhiva\/#\/schema\/person\/6e72b67d6e51910a1117b3b483ba20bd\"},\"potentialAction\":[{\"@type\":\"SearchAction\",\"target\":{\"@type\":\"EntryPoint\",\"urlTemplate\":\"https:\/\/sandzakpress.net\/arhiva\/?s={search_term_string}\"},\"query-input\":{\"@type\":\"PropertyValueSpecification\",\"valueRequired\":true,\"valueName\":\"search_term_string\"}}],\"inLanguage\":\"bs-BA\"},{\"@type\":[\"Person\",\"Organization\"],\"@id\":\"https:\/\/sandzakpress.net\/arhiva\/#\/schema\/person\/6e72b67d6e51910a1117b3b483ba20bd\",\"name\":\"Kul\",\"image\":{\"@type\":\"ImageObject\",\"inLanguage\":\"bs-BA\",\"@id\":\"https:\/\/sandzakpress.net\/arhiva\/#\/schema\/person\/image\/\",\"url\":\"https:\/\/secure.gravatar.com\/avatar\/42263f39aa27ac04c43cab85c280eb2e?s=96&d=mm&r=pg\",\"contentUrl\":\"https:\/\/secure.gravatar.com\/avatar\/42263f39aa27ac04c43cab85c280eb2e?s=96&d=mm&r=pg\",\"caption\":\"Kul\"},\"logo\":{\"@id\":\"https:\/\/sandzakpress.net\/arhiva\/#\/schema\/person\/image\/\"}},{\"@type\":\"Person\",\"@id\":\"https:\/\/sandzakpress.net\/arhiva\/#\/schema\/person\/c8baee722073534b583ea7bdb2e36c02\",\"name\":\"bosniak\",\"image\":{\"@type\":\"ImageObject\",\"inLanguage\":\"bs-BA\",\"@id\":\"https:\/\/sandzakpress.net\/arhiva\/#\/schema\/person\/image\/\",\"url\":\"https:\/\/secure.gravatar.com\/avatar\/a04fd330bfe3a36a72a0ad4a6d89fca7?s=96&d=mm&r=pg\",\"contentUrl\":\"https:\/\/secure.gravatar.com\/avatar\/a04fd330bfe3a36a72a0ad4a6d89fca7?s=96&d=mm&r=pg\",\"caption\":\"bosniak\"},\"url\":\"https:\/\/sandzakpress.net\/arhiva\/author\/bosniak\/\"}]}<\/script>\n<!-- \/ Yoast SEO Premium plugin. -->","yoast_head_json":{"title":"U Evropi raste diskriminacija prema muslimankama","robots":{"index":"index","follow":"follow","max-snippet":"max-snippet:-1","max-image-preview":"max-image-preview:large","max-video-preview":"max-video-preview:-1"},"canonical":"https:\/\/sandzakpress.net\/arhiva\/u-evropi-raste-diskriminacija-prema-muslimankama\/","og_locale":"bs_BA","og_type":"article","og_title":"U Evropi raste diskriminacija prema muslimankama","og_description":"Evropa &#8211; U izvje\u0161taju koji je pripremila Parlamentarna skup\u0161tina Vije\u0107a Evrope (PSVE) upozorava se na rast diskriminacije \u017eena islamske vjeroispovijesti u evropskim zemljama. U izvje\u0161taju se navodi da je potrebno poduzeti sve mjere kako bi se omogu\u0107ilo muslimankama u Evropi da vi\u0161e u\u010destvuju u javnom \u017eivotu. \u010clan Komisije za jednakost i spre\u010davanje diskriminacije u VE [&hellip;]","og_url":"https:\/\/sandzakpress.net\/arhiva\/u-evropi-raste-diskriminacija-prema-muslimankama\/","og_site_name":"Sand\u017eak PRESS","article_published_time":"2012-06-14T14:30:52+00:00","og_image":[{"width":609,"height":424,"url":"https:\/\/sandzakpress.net\/arhiva\/wp-content\/uploads\/2012\/06\/t7.jpg","type":"image\/jpeg"}],"author":"bosniak","twitter_card":"summary_large_image","twitter_misc":{"Written by":"bosniak","Est. reading time":"2 minute"},"schema":{"@context":"https:\/\/schema.org","@graph":[{"@type":"Article","@id":"https:\/\/sandzakpress.net\/arhiva\/u-evropi-raste-diskriminacija-prema-muslimankama\/#article","isPartOf":{"@id":"https:\/\/sandzakpress.net\/arhiva\/u-evropi-raste-diskriminacija-prema-muslimankama\/"},"author":{"name":"bosniak","@id":"https:\/\/sandzakpress.net\/arhiva\/#\/schema\/person\/c8baee722073534b583ea7bdb2e36c02"},"headline":"U Evropi raste diskriminacija prema muslimankama","datePublished":"2012-06-14T14:30:52+00:00","mainEntityOfPage":{"@id":"https:\/\/sandzakpress.net\/arhiva\/u-evropi-raste-diskriminacija-prema-muslimankama\/"},"wordCount":368,"commentCount":2,"publisher":{"@id":"https:\/\/sandzakpress.net\/arhiva\/#\/schema\/person\/6e72b67d6e51910a1117b3b483ba20bd"},"image":{"@id":"https:\/\/sandzakpress.net\/arhiva\/u-evropi-raste-diskriminacija-prema-muslimankama\/#primaryimage"},"thumbnailUrl":"https:\/\/sandzakpress.net\/arhiva\/wp-content\/uploads\/2012\/06\/t7.jpg","articleSection":["Svijet","VIJESTI DANA"],"inLanguage":"bs-BA","potentialAction":[{"@type":"CommentAction","name":"Comment","target":["https:\/\/sandzakpress.net\/arhiva\/u-evropi-raste-diskriminacija-prema-muslimankama\/#respond"]}]},{"@type":"WebPage","@id":"https:\/\/sandzakpress.net\/arhiva\/u-evropi-raste-diskriminacija-prema-muslimankama\/","url":"https:\/\/sandzakpress.net\/arhiva\/u-evropi-raste-diskriminacija-prema-muslimankama\/","name":"U Evropi raste diskriminacija prema muslimankama","isPartOf":{"@id":"https:\/\/sandzakpress.net\/arhiva\/#website"},"primaryImageOfPage":{"@id":"https:\/\/sandzakpress.net\/arhiva\/u-evropi-raste-diskriminacija-prema-muslimankama\/#primaryimage"},"image":{"@id":"https:\/\/sandzakpress.net\/arhiva\/u-evropi-raste-diskriminacija-prema-muslimankama\/#primaryimage"},"thumbnailUrl":"https:\/\/sandzakpress.net\/arhiva\/wp-content\/uploads\/2012\/06\/t7.jpg","datePublished":"2012-06-14T14:30:52+00:00","breadcrumb":{"@id":"https:\/\/sandzakpress.net\/arhiva\/u-evropi-raste-diskriminacija-prema-muslimankama\/#breadcrumb"},"inLanguage":"bs-BA","potentialAction":[{"@type":"ReadAction","target":["https:\/\/sandzakpress.net\/arhiva\/u-evropi-raste-diskriminacija-prema-muslimankama\/"]}]},{"@type":"ImageObject","inLanguage":"bs-BA","@id":"https:\/\/sandzakpress.net\/arhiva\/u-evropi-raste-diskriminacija-prema-muslimankama\/#primaryimage","url":"https:\/\/sandzakpress.net\/arhiva\/wp-content\/uploads\/2012\/06\/t7.jpg","contentUrl":"https:\/\/sandzakpress.net\/arhiva\/wp-content\/uploads\/2012\/06\/t7.jpg","width":609,"height":424},{"@type":"BreadcrumbList","@id":"https:\/\/sandzakpress.net\/arhiva\/u-evropi-raste-diskriminacija-prema-muslimankama\/#breadcrumb","itemListElement":[{"@type":"ListItem","position":1,"name":"Home","item":"https:\/\/sandzakpress.net\/arhiva\/"},{"@type":"ListItem","position":2,"name":"U Evropi raste diskriminacija prema muslimankama"}]},{"@type":"WebSite","@id":"https:\/\/sandzakpress.net\/arhiva\/#website","url":"https:\/\/sandzakpress.net\/arhiva\/","name":"Sand\u017eak PRESS","description":"Prve elektronske novine u Sand\u017eaku","publisher":{"@id":"https:\/\/sandzakpress.net\/arhiva\/#\/schema\/person\/6e72b67d6e51910a1117b3b483ba20bd"},"potentialAction":[{"@type":"SearchAction","target":{"@type":"EntryPoint","urlTemplate":"https:\/\/sandzakpress.net\/arhiva\/?s={search_term_string}"},"query-input":{"@type":"PropertyValueSpecification","valueRequired":true,"valueName":"search_term_string"}}],"inLanguage":"bs-BA"},{"@type":["Person","Organization"],"@id":"https:\/\/sandzakpress.net\/arhiva\/#\/schema\/person\/6e72b67d6e51910a1117b3b483ba20bd","name":"Kul","image":{"@type":"ImageObject","inLanguage":"bs-BA","@id":"https:\/\/sandzakpress.net\/arhiva\/#\/schema\/person\/image\/","url":"https:\/\/secure.gravatar.com\/avatar\/42263f39aa27ac04c43cab85c280eb2e?s=96&d=mm&r=pg","contentUrl":"https:\/\/secure.gravatar.com\/avatar\/42263f39aa27ac04c43cab85c280eb2e?s=96&d=mm&r=pg","caption":"Kul"},"logo":{"@id":"https:\/\/sandzakpress.net\/arhiva\/#\/schema\/person\/image\/"}},{"@type":"Person","@id":"https:\/\/sandzakpress.net\/arhiva\/#\/schema\/person\/c8baee722073534b583ea7bdb2e36c02","name":"bosniak","image":{"@type":"ImageObject","inLanguage":"bs-BA","@id":"https:\/\/sandzakpress.net\/arhiva\/#\/schema\/person\/image\/","url":"https:\/\/secure.gravatar.com\/avatar\/a04fd330bfe3a36a72a0ad4a6d89fca7?s=96&d=mm&r=pg","contentUrl":"https:\/\/secure.gravatar.com\/avatar\/a04fd330bfe3a36a72a0ad4a6d89fca7?s=96&d=mm&r=pg","caption":"bosniak"},"url":"https:\/\/sandzakpress.net\/arhiva\/author\/bosniak\/"}]}},"_links":{"self":[{"href":"https:\/\/sandzakpress.net\/arhiva\/wp-json\/wp\/v2\/posts\/42051"}],"collection":[{"href":"https:\/\/sandzakpress.net\/arhiva\/wp-json\/wp\/v2\/posts"}],"about":[{"href":"https:\/\/sandzakpress.net\/arhiva\/wp-json\/wp\/v2\/types\/post"}],"author":[{"embeddable":true,"href":"https:\/\/sandzakpress.net\/arhiva\/wp-json\/wp\/v2\/users\/83"}],"replies":[{"embeddable":true,"href":"https:\/\/sandzakpress.net\/arhiva\/wp-json\/wp\/v2\/comments?post=42051"}],"version-history":[{"count":0,"href":"https:\/\/sandzakpress.net\/arhiva\/wp-json\/wp\/v2\/posts\/42051\/revisions"}],"wp:featuredmedia":[{"embeddable":true,"href":"https:\/\/sandzakpress.net\/arhiva\/wp-json\/wp\/v2\/media\/42076"}],"wp:attachment":[{"href":"https:\/\/sandzakpress.net\/arhiva\/wp-json\/wp\/v2\/media?parent=42051"}],"wp:term":[{"taxonomy":"category","embeddable":true,"href":"https:\/\/sandzakpress.net\/arhiva\/wp-json\/wp\/v2\/categories?post=42051"},{"taxonomy":"post_tag","embeddable":true,"href":"https:\/\/sandzakpress.net\/arhiva\/wp-json\/wp\/v2\/tags?post=42051"}],"curies":[{"name":"wp","href":"https:\/\/api.w.org\/{rel}","templated":true}]}}