{"id":42002,"date":"2012-06-14T15:08:00","date_gmt":"2012-06-14T13:08:00","guid":{"rendered":"https:\/\/sandzakpress.net\/arhiva\/?p=42002"},"modified":"2012-06-14T15:08:00","modified_gmt":"2012-06-14T13:08:00","slug":"nikolic-u-briselu-buducnost-srbije-je-u-eu","status":"publish","type":"post","link":"https:\/\/sandzakpress.net\/arhiva\/nikolic-u-briselu-buducnost-srbije-je-u-eu\/","title":{"rendered":"Nikoli\u0107 u Briselu: Budu\u0107nost Srbije je u EU"},"content":{"rendered":"<p><strong><a href=\"https:\/\/sandzakpress.net\/arhiva\/wp-content\/uploads\/2012\/06\/Evropa.jpg\"><img loading=\"lazy\" decoding=\"async\" class=\"alignleft size-medium wp-image-42003\" title=\"Evropa\" src=\"https:\/\/sandzakpress.net\/arhiva\/wp-content\/uploads\/2012\/06\/Evropa-300x168.jpg\" alt=\"\" width=\"300\" height=\"168\" \/><\/a>Srbija, Evropa &#8211; Predsednik Srbije\u00a0Tomislav Nikoli\u0107 preneo je u \u010detvrtak u prvoj zvani\u010dnoj poseti Briselu, \u0161efici evropske diplomatije\u00a0Ketrin E\u0161ton da smatra da bi budu\u0107i dijalog Beograda i Pri\u0161tine trebalo da predvodi premijer Srbije.<br \/>\n<\/strong><br \/>\nU izjavi, nakon susreta sa E\u0161tonovom, Nikoli\u0107 je rekao da misli da ju je u iskrenom razgovoru ubedio da za Srbiju nema bolje budu\u0107nosti od Evropske unije.<\/p>\n<p>Po mi\u0161ljenju Nikoli\u0107a, trebalo bi \u0161to pre formirati vladu u Beogradu jer, kako je kazao, Srbiji &#8220;isti\u010de dragoceno vreme&#8221;.<\/p>\n<p>Me\u0111u temama razgovora, kojem je prisustvovao i posrednik u dijalogu Beograda i Pri\u0161tine\u00a0Robert Kuper, bila je i situacija na Kosovu, a Nikoli\u0107 je rekao da bi sve strane trebalo da se uzdr\u017ee od bilo kakvih provokativnih akcija, kako bi gra\u0111ani na Kosovu \u017eiveli bezbedno.<\/p>\n<p><em>&#8220;<\/em>Razgovarali smo o pro\u0161losti, sada\u0161njosti, ali najvi\u0161e o budu\u0107nosti<em>&#8220;<\/em>, rekao je Nikoli\u0107 i na kraju podvukao da &#8220;Srbija nikad ne\u0107e priznati Kosovo&#8221;.<\/p>\n<p>Nikoli\u0107a u Briselu, uz Ketrin E\u0161ton, primaju i \u0161ef Evropske komisije\u00a0\u017doze Manuel Baroso, predsednik Saveta EU\u00a0Herman van Rompej.<\/p>\n<p>Ovo je prvi evropski test za Nikoli\u0107a nakon njegovih problemati\u010dnih izjava o Srebrenici i Vukovaru, neposredno nakon predsedni\u010dkih izbora.<br \/>\nIzvor: <strong>SlobodnaEvropa.org<\/strong><\/p>\n","protected":false},"excerpt":{"rendered":"<p>Srbija, Evropa &#8211; Predsednik Srbije\u00a0Tomislav Nikoli\u0107 preneo je u \u010detvrtak u prvoj zvani\u010dnoj poseti Briselu, \u0161efici evropske diplomatije\u00a0Ketrin E\u0161ton da smatra da bi budu\u0107i dijalog Beograda i Pri\u0161tine trebalo da predvodi premijer Srbije. U izjavi, nakon susreta sa E\u0161tonovom, Nikoli\u0107 je rekao da misli da ju je u iskrenom razgovoru ubedio da za Srbiju nema [&hellip;]<\/p>\n","protected":false},"author":14,"featured_media":42003,"comment_status":"open","ping_status":"open","sticky":false,"template":"","format":"standard","meta":{"footnotes":""},"categories":[2693],"tags":[],"class_list":{"0":"post-42002","1":"post","2":"type-post","3":"status-publish","4":"format-standard","5":"has-post-thumbnail","7":"category-dijaspora-gradovi"},"yoast_head":"<!-- This site is optimized with the Yoast SEO Premium plugin v23.1 (Yoast SEO v24.9) - https:\/\/yoast.com\/wordpress\/plugins\/seo\/ -->\n<title>Nikoli\u0107 u Briselu: Budu\u0107nost Srbije je u EU<\/title>\n<meta name=\"robots\" content=\"index, follow, max-snippet:-1, max-image-preview:large, max-video-preview:-1\" \/>\n<link rel=\"canonical\" href=\"https:\/\/sandzakpress.net\/arhiva\/nikolic-u-briselu-buducnost-srbije-je-u-eu\/\" \/>\n<meta property=\"og:locale\" content=\"bs_BA\" \/>\n<meta property=\"og:type\" content=\"article\" \/>\n<meta property=\"og:title\" content=\"Nikoli\u0107 u Briselu: Budu\u0107nost Srbije je u EU\" \/>\n<meta property=\"og:description\" content=\"Srbija, Evropa &#8211; Predsednik Srbije\u00a0Tomislav Nikoli\u0107 preneo je u \u010detvrtak u prvoj zvani\u010dnoj poseti Briselu, \u0161efici evropske diplomatije\u00a0Ketrin E\u0161ton da smatra da bi budu\u0107i dijalog Beograda i Pri\u0161tine trebalo da predvodi premijer Srbije. U izjavi, nakon susreta sa E\u0161tonovom, Nikoli\u0107 je rekao da misli da ju je u iskrenom razgovoru ubedio da za Srbiju nema [&hellip;]\" \/>\n<meta property=\"og:url\" content=\"https:\/\/sandzakpress.net\/arhiva\/nikolic-u-briselu-buducnost-srbije-je-u-eu\/\" \/>\n<meta property=\"og:site_name\" content=\"Sand\u017eak PRESS\" \/>\n<meta property=\"article:published_time\" content=\"2012-06-14T13:08:00+00:00\" \/>\n<meta property=\"og:image\" content=\"https:\/\/sandzakpress.net\/arhiva\/wp-content\/uploads\/2012\/06\/Evropa.jpg\" \/>\n\t<meta property=\"og:image:width\" content=\"616\" \/>\n\t<meta property=\"og:image:height\" content=\"346\" \/>\n\t<meta property=\"og:image:type\" content=\"image\/jpeg\" \/>\n<meta name=\"twitter:card\" content=\"summary_large_image\" \/>\n<meta name=\"twitter:label1\" content=\"Written by\" \/>\n\t<meta name=\"twitter:data1\" content=\"\" \/>\n\t<meta name=\"twitter:label2\" content=\"Est. reading time\" \/>\n\t<meta name=\"twitter:data2\" content=\"1 minuta\" \/>\n<script type=\"application\/ld+json\" class=\"yoast-schema-graph\">{\"@context\":\"https:\/\/schema.org\",\"@graph\":[{\"@type\":\"Article\",\"@id\":\"https:\/\/sandzakpress.net\/arhiva\/nikolic-u-briselu-buducnost-srbije-je-u-eu\/#article\",\"isPartOf\":{\"@id\":\"https:\/\/sandzakpress.net\/arhiva\/nikolic-u-briselu-buducnost-srbije-je-u-eu\/\"},\"author\":{\"name\":\"\",\"@id\":\"\"},\"headline\":\"Nikoli\u0107 u Briselu: Budu\u0107nost Srbije je u EU\",\"datePublished\":\"2012-06-14T13:08:00+00:00\",\"mainEntityOfPage\":{\"@id\":\"https:\/\/sandzakpress.net\/arhiva\/nikolic-u-briselu-buducnost-srbije-je-u-eu\/\"},\"wordCount\":222,\"commentCount\":0,\"publisher\":{\"@id\":\"https:\/\/sandzakpress.net\/arhiva\/#\/schema\/person\/6e72b67d6e51910a1117b3b483ba20bd\"},\"image\":{\"@id\":\"https:\/\/sandzakpress.net\/arhiva\/nikolic-u-briselu-buducnost-srbije-je-u-eu\/#primaryimage\"},\"thumbnailUrl\":\"https:\/\/sandzakpress.net\/arhiva\/wp-content\/uploads\/2012\/06\/Evropa.jpg\",\"articleSection\":[\"Evropa\"],\"inLanguage\":\"bs-BA\",\"potentialAction\":[{\"@type\":\"CommentAction\",\"name\":\"Comment\",\"target\":[\"https:\/\/sandzakpress.net\/arhiva\/nikolic-u-briselu-buducnost-srbije-je-u-eu\/#respond\"]}]},{\"@type\":\"WebPage\",\"@id\":\"https:\/\/sandzakpress.net\/arhiva\/nikolic-u-briselu-buducnost-srbije-je-u-eu\/\",\"url\":\"https:\/\/sandzakpress.net\/arhiva\/nikolic-u-briselu-buducnost-srbije-je-u-eu\/\",\"name\":\"Nikoli\u0107 u Briselu: Budu\u0107nost Srbije je u EU\",\"isPartOf\":{\"@id\":\"https:\/\/sandzakpress.net\/arhiva\/#website\"},\"primaryImageOfPage\":{\"@id\":\"https:\/\/sandzakpress.net\/arhiva\/nikolic-u-briselu-buducnost-srbije-je-u-eu\/#primaryimage\"},\"image\":{\"@id\":\"https:\/\/sandzakpress.net\/arhiva\/nikolic-u-briselu-buducnost-srbije-je-u-eu\/#primaryimage\"},\"thumbnailUrl\":\"https:\/\/sandzakpress.net\/arhiva\/wp-content\/uploads\/2012\/06\/Evropa.jpg\",\"datePublished\":\"2012-06-14T13:08:00+00:00\",\"breadcrumb\":{\"@id\":\"https:\/\/sandzakpress.net\/arhiva\/nikolic-u-briselu-buducnost-srbije-je-u-eu\/#breadcrumb\"},\"inLanguage\":\"bs-BA\",\"potentialAction\":[{\"@type\":\"ReadAction\",\"target\":[\"https:\/\/sandzakpress.net\/arhiva\/nikolic-u-briselu-buducnost-srbije-je-u-eu\/\"]}]},{\"@type\":\"ImageObject\",\"inLanguage\":\"bs-BA\",\"@id\":\"https:\/\/sandzakpress.net\/arhiva\/nikolic-u-briselu-buducnost-srbije-je-u-eu\/#primaryimage\",\"url\":\"https:\/\/sandzakpress.net\/arhiva\/wp-content\/uploads\/2012\/06\/Evropa.jpg\",\"contentUrl\":\"https:\/\/sandzakpress.net\/arhiva\/wp-content\/uploads\/2012\/06\/Evropa.jpg\",\"width\":616,\"height\":346},{\"@type\":\"BreadcrumbList\",\"@id\":\"https:\/\/sandzakpress.net\/arhiva\/nikolic-u-briselu-buducnost-srbije-je-u-eu\/#breadcrumb\",\"itemListElement\":[{\"@type\":\"ListItem\",\"position\":1,\"name\":\"Home\",\"item\":\"https:\/\/sandzakpress.net\/arhiva\/\"},{\"@type\":\"ListItem\",\"position\":2,\"name\":\"Nikoli\u0107 u Briselu: Budu\u0107nost Srbije je u EU\"}]},{\"@type\":\"WebSite\",\"@id\":\"https:\/\/sandzakpress.net\/arhiva\/#website\",\"url\":\"https:\/\/sandzakpress.net\/arhiva\/\",\"name\":\"Sand\u017eak PRESS\",\"description\":\"Prve elektronske novine u Sand\u017eaku\",\"publisher\":{\"@id\":\"https:\/\/sandzakpress.net\/arhiva\/#\/schema\/person\/6e72b67d6e51910a1117b3b483ba20bd\"},\"potentialAction\":[{\"@type\":\"SearchAction\",\"target\":{\"@type\":\"EntryPoint\",\"urlTemplate\":\"https:\/\/sandzakpress.net\/arhiva\/?s={search_term_string}\"},\"query-input\":{\"@type\":\"PropertyValueSpecification\",\"valueRequired\":true,\"valueName\":\"search_term_string\"}}],\"inLanguage\":\"bs-BA\"},{\"@type\":[\"Person\",\"Organization\"],\"@id\":\"https:\/\/sandzakpress.net\/arhiva\/#\/schema\/person\/6e72b67d6e51910a1117b3b483ba20bd\",\"name\":\"Kul\",\"image\":{\"@type\":\"ImageObject\",\"inLanguage\":\"bs-BA\",\"@id\":\"https:\/\/sandzakpress.net\/arhiva\/#\/schema\/person\/image\/\",\"url\":\"https:\/\/secure.gravatar.com\/avatar\/42263f39aa27ac04c43cab85c280eb2e?s=96&d=mm&r=pg\",\"contentUrl\":\"https:\/\/secure.gravatar.com\/avatar\/42263f39aa27ac04c43cab85c280eb2e?s=96&d=mm&r=pg\",\"caption\":\"Kul\"},\"logo\":{\"@id\":\"https:\/\/sandzakpress.net\/arhiva\/#\/schema\/person\/image\/\"}},{\"@type\":\"Person\",\"@id\":\"\",\"url\":\"https:\/\/sandzakpress.net\/arhiva\/author\/\"}]}<\/script>\n<!-- \/ Yoast SEO Premium plugin. -->","yoast_head_json":{"title":"Nikoli\u0107 u Briselu: Budu\u0107nost Srbije je u EU","robots":{"index":"index","follow":"follow","max-snippet":"max-snippet:-1","max-image-preview":"max-image-preview:large","max-video-preview":"max-video-preview:-1"},"canonical":"https:\/\/sandzakpress.net\/arhiva\/nikolic-u-briselu-buducnost-srbije-je-u-eu\/","og_locale":"bs_BA","og_type":"article","og_title":"Nikoli\u0107 u Briselu: Budu\u0107nost Srbije je u EU","og_description":"Srbija, Evropa &#8211; Predsednik Srbije\u00a0Tomislav Nikoli\u0107 preneo je u \u010detvrtak u prvoj zvani\u010dnoj poseti Briselu, \u0161efici evropske diplomatije\u00a0Ketrin E\u0161ton da smatra da bi budu\u0107i dijalog Beograda i Pri\u0161tine trebalo da predvodi premijer Srbije. U izjavi, nakon susreta sa E\u0161tonovom, Nikoli\u0107 je rekao da misli da ju je u iskrenom razgovoru ubedio da za Srbiju nema [&hellip;]","og_url":"https:\/\/sandzakpress.net\/arhiva\/nikolic-u-briselu-buducnost-srbije-je-u-eu\/","og_site_name":"Sand\u017eak PRESS","article_published_time":"2012-06-14T13:08:00+00:00","og_image":[{"width":616,"height":346,"url":"https:\/\/sandzakpress.net\/arhiva\/wp-content\/uploads\/2012\/06\/Evropa.jpg","type":"image\/jpeg"}],"twitter_card":"summary_large_image","twitter_misc":{"Written by":"","Est. reading time":"1 minuta"},"schema":{"@context":"https:\/\/schema.org","@graph":[{"@type":"Article","@id":"https:\/\/sandzakpress.net\/arhiva\/nikolic-u-briselu-buducnost-srbije-je-u-eu\/#article","isPartOf":{"@id":"https:\/\/sandzakpress.net\/arhiva\/nikolic-u-briselu-buducnost-srbije-je-u-eu\/"},"author":{"name":"","@id":""},"headline":"Nikoli\u0107 u Briselu: Budu\u0107nost Srbije je u EU","datePublished":"2012-06-14T13:08:00+00:00","mainEntityOfPage":{"@id":"https:\/\/sandzakpress.net\/arhiva\/nikolic-u-briselu-buducnost-srbije-je-u-eu\/"},"wordCount":222,"commentCount":0,"publisher":{"@id":"https:\/\/sandzakpress.net\/arhiva\/#\/schema\/person\/6e72b67d6e51910a1117b3b483ba20bd"},"image":{"@id":"https:\/\/sandzakpress.net\/arhiva\/nikolic-u-briselu-buducnost-srbije-je-u-eu\/#primaryimage"},"thumbnailUrl":"https:\/\/sandzakpress.net\/arhiva\/wp-content\/uploads\/2012\/06\/Evropa.jpg","articleSection":["Evropa"],"inLanguage":"bs-BA","potentialAction":[{"@type":"CommentAction","name":"Comment","target":["https:\/\/sandzakpress.net\/arhiva\/nikolic-u-briselu-buducnost-srbije-je-u-eu\/#respond"]}]},{"@type":"WebPage","@id":"https:\/\/sandzakpress.net\/arhiva\/nikolic-u-briselu-buducnost-srbije-je-u-eu\/","url":"https:\/\/sandzakpress.net\/arhiva\/nikolic-u-briselu-buducnost-srbije-je-u-eu\/","name":"Nikoli\u0107 u Briselu: Budu\u0107nost Srbije je u EU","isPartOf":{"@id":"https:\/\/sandzakpress.net\/arhiva\/#website"},"primaryImageOfPage":{"@id":"https:\/\/sandzakpress.net\/arhiva\/nikolic-u-briselu-buducnost-srbije-je-u-eu\/#primaryimage"},"image":{"@id":"https:\/\/sandzakpress.net\/arhiva\/nikolic-u-briselu-buducnost-srbije-je-u-eu\/#primaryimage"},"thumbnailUrl":"https:\/\/sandzakpress.net\/arhiva\/wp-content\/uploads\/2012\/06\/Evropa.jpg","datePublished":"2012-06-14T13:08:00+00:00","breadcrumb":{"@id":"https:\/\/sandzakpress.net\/arhiva\/nikolic-u-briselu-buducnost-srbije-je-u-eu\/#breadcrumb"},"inLanguage":"bs-BA","potentialAction":[{"@type":"ReadAction","target":["https:\/\/sandzakpress.net\/arhiva\/nikolic-u-briselu-buducnost-srbije-je-u-eu\/"]}]},{"@type":"ImageObject","inLanguage":"bs-BA","@id":"https:\/\/sandzakpress.net\/arhiva\/nikolic-u-briselu-buducnost-srbije-je-u-eu\/#primaryimage","url":"https:\/\/sandzakpress.net\/arhiva\/wp-content\/uploads\/2012\/06\/Evropa.jpg","contentUrl":"https:\/\/sandzakpress.net\/arhiva\/wp-content\/uploads\/2012\/06\/Evropa.jpg","width":616,"height":346},{"@type":"BreadcrumbList","@id":"https:\/\/sandzakpress.net\/arhiva\/nikolic-u-briselu-buducnost-srbije-je-u-eu\/#breadcrumb","itemListElement":[{"@type":"ListItem","position":1,"name":"Home","item":"https:\/\/sandzakpress.net\/arhiva\/"},{"@type":"ListItem","position":2,"name":"Nikoli\u0107 u Briselu: Budu\u0107nost Srbije je u EU"}]},{"@type":"WebSite","@id":"https:\/\/sandzakpress.net\/arhiva\/#website","url":"https:\/\/sandzakpress.net\/arhiva\/","name":"Sand\u017eak PRESS","description":"Prve elektronske novine u Sand\u017eaku","publisher":{"@id":"https:\/\/sandzakpress.net\/arhiva\/#\/schema\/person\/6e72b67d6e51910a1117b3b483ba20bd"},"potentialAction":[{"@type":"SearchAction","target":{"@type":"EntryPoint","urlTemplate":"https:\/\/sandzakpress.net\/arhiva\/?s={search_term_string}"},"query-input":{"@type":"PropertyValueSpecification","valueRequired":true,"valueName":"search_term_string"}}],"inLanguage":"bs-BA"},{"@type":["Person","Organization"],"@id":"https:\/\/sandzakpress.net\/arhiva\/#\/schema\/person\/6e72b67d6e51910a1117b3b483ba20bd","name":"Kul","image":{"@type":"ImageObject","inLanguage":"bs-BA","@id":"https:\/\/sandzakpress.net\/arhiva\/#\/schema\/person\/image\/","url":"https:\/\/secure.gravatar.com\/avatar\/42263f39aa27ac04c43cab85c280eb2e?s=96&d=mm&r=pg","contentUrl":"https:\/\/secure.gravatar.com\/avatar\/42263f39aa27ac04c43cab85c280eb2e?s=96&d=mm&r=pg","caption":"Kul"},"logo":{"@id":"https:\/\/sandzakpress.net\/arhiva\/#\/schema\/person\/image\/"}},{"@type":"Person","@id":"","url":"https:\/\/sandzakpress.net\/arhiva\/author\/"}]}},"_links":{"self":[{"href":"https:\/\/sandzakpress.net\/arhiva\/wp-json\/wp\/v2\/posts\/42002"}],"collection":[{"href":"https:\/\/sandzakpress.net\/arhiva\/wp-json\/wp\/v2\/posts"}],"about":[{"href":"https:\/\/sandzakpress.net\/arhiva\/wp-json\/wp\/v2\/types\/post"}],"author":[{"embeddable":true,"href":"https:\/\/sandzakpress.net\/arhiva\/wp-json\/wp\/v2\/users\/14"}],"replies":[{"embeddable":true,"href":"https:\/\/sandzakpress.net\/arhiva\/wp-json\/wp\/v2\/comments?post=42002"}],"version-history":[{"count":0,"href":"https:\/\/sandzakpress.net\/arhiva\/wp-json\/wp\/v2\/posts\/42002\/revisions"}],"wp:featuredmedia":[{"embeddable":true,"href":"https:\/\/sandzakpress.net\/arhiva\/wp-json\/wp\/v2\/media\/42003"}],"wp:attachment":[{"href":"https:\/\/sandzakpress.net\/arhiva\/wp-json\/wp\/v2\/media?parent=42002"}],"wp:term":[{"taxonomy":"category","embeddable":true,"href":"https:\/\/sandzakpress.net\/arhiva\/wp-json\/wp\/v2\/categories?post=42002"},{"taxonomy":"post_tag","embeddable":true,"href":"https:\/\/sandzakpress.net\/arhiva\/wp-json\/wp\/v2\/tags?post=42002"}],"curies":[{"name":"wp","href":"https:\/\/api.w.org\/{rel}","templated":true}]}}