{"id":41893,"date":"2012-06-13T15:45:41","date_gmt":"2012-06-13T13:45:41","guid":{"rendered":"https:\/\/sandzakpress.net\/arhiva\/?p=41893"},"modified":"2012-06-13T16:13:54","modified_gmt":"2012-06-13T14:13:54","slug":"bosnjak-sefko-salkovic-proglasen-herojem-kosova","status":"publish","type":"post","link":"https:\/\/sandzakpress.net\/arhiva\/bosnjak-sefko-salkovic-proglasen-herojem-kosova\/","title":{"rendered":"Bo\u0161njak \u0160efko Salkovi\u0107 progla\u0161en herojem Kosova"},"content":{"rendered":"<div><strong><a href=\"https:\/\/sandzakpress.net\/arhiva\/wp-content\/uploads\/2012\/06\/sevkosalkovic1.jpg\"><img loading=\"lazy\" decoding=\"async\" class=\"alignleft size-medium wp-image-41894\" title=\"sevkosalkovic\" src=\"https:\/\/sandzakpress.net\/arhiva\/wp-content\/uploads\/2012\/06\/sevkosalkovic1-300x209.jpg\" alt=\"\" width=\"300\" height=\"209\" \/><\/a>Kosovo &#8211; Srbijanska BIA je preko svojih kriminalnih bandi na sjevernom dijelu Kosova, 8-og decembra 2010. godine, desetak dana pred same centralne izbore, mu\u010dki ubila\u00a0\u00a0\u0160efka Salkovi\u0107a a te\u0161ko ranila Edina Islamovi\u0107a &#8211; oboica iz sela Rvatska kod Leposavi\u0107a, du\u017enosnike republi\u010dkog CIK-a koji su bili anga\u017eirani od ovda\u0161nje vlade da sprovedu izbore na tom dijelu Kosova.<\/strong><\/div>\n<div>.<\/div>\n<div>Nepoznati napada\u010di su ih u selu Po\u0161tenje, na samom mostu rijeke Ibar, oko 200m od magistralnog puta Ra\u0161ka-Mitrovica, nakon kra\u0107e vo\u017enje pred njihovim vozilom, iznenadili brzim izlijetanjem iz automobila i munjevitom paljbom na njih gdje je rahmetli \u0160efko ostao na licu mjesta mrtav a Edin i ako sa 7 hitaca pogo\u0111en uspio nekako iskliznuti iz vozila te spas prona\u0107i u skrovitom dijelu korita rijeke.<\/div>\n<div>.<\/div>\n<div>Salkovi\u0107\u00a0se i prije ovog anga\u017emana isticao kao bitan faktor na tom podru\u010dju te utjecajan bo\u0161nja\u010dki politi\u010dki aktivista, i to najprije preko SDA Kosova, a potom i ispred bo\u0161nja\u010dke koalicije &#8220;Vakat&#8221;. On je za sobom ostavio suprugu Marinu, i polugodi\u0161nju\u00a0\u0107erkicu Saru koja je nedavno napunila dvije godine.<\/div>\n<div>.<\/div>\n<div>Edin Islamovi\u0107\u00a0je kao klju\u010dni svjedok ovog gnusnog\u00a0\u010dina, od strane organa unutra\u0161njih poslova bio sklonjen i za\u0161ti\u0107en, no nakon godinu dana, bez fizi\u010dke za\u0161tite i materijalne situiranosti ostaje nezbrinut i izlo\u017een opasnosti da bude likvidiran od strane kriminalnih grupa koje slobodno haraju tim krajevima.<\/div>\n<div>.<\/div>\n<div>Stradanje ovih mladih i hrabrih Bo\u0161njaka, potreslo je ne samo narod kom pripadaju nego i cijelo kosovsko dru\u0161tvo, a to je rezultiralo i pokretanjem inicijative od strane\u00a0\u00a0\u0106erima Bajramija i Sahita Kandi\u0107a,\u00a0bo\u0161nja\u010dkih\u00a0predstavnika\u00a0u Konsultativnom Vije\u0107u za Zajednice koje funkcionira pri kabinetu predsjednika Kosova, da se\u00a0\u0160efko Salkovi\u0107\u00a0proglasi herojem Kosova.<\/div>\n<div>.<\/div>\n<div>Nakon nekoliko javnih tribina i internih konsultacija, te javne medijske i ine kampanje usagla\u0161en je aklamativni koncenzus i onda su uz uredno spremljen zahtjev i Salkovi\u0107evu biografiju, a u skladu sa predvi\u0111enom zakonskom procedurom, obratili se predsjednici, te nakon nekoliko lobisti\u010dkih aktivnosti kojima se u me\u0111uvremenu priklju\u010dila i Duda Balje poslanica kosovskog parlamenta, time i ostvarili\u00a0\u017eeljeni cilj.<\/div>\n<div>.<\/div>\n<div>Uo\u010di trinaestogodi\u0161njice oslobo\u0111enja Republike Kosova, predsjednica Atifete Jahjaga je donijela ukaz o odlikovanju jednog broja ljudi zaslu\u017enih a me\u0111u kojima je i na\u0161\u00a0\u0161ehid\u00a0\u0160efko Salkovi\u0107\u00a0odlikovan Ordenom Heroja Kosova a\u00a0\u0161to je najve\u0107e odli\u010dje na Kosovu koje se dodjeljuje najzaslu\u017enijim za hrabrost i po\u017ertvovanje za slobodu i neovisnost Kosova. Tim povodom je\u00a0\u0106erim Bajrami u svojoj cestitki familiji Salkovi\u0107\u00a0izme\u0111u ostalog istakao &#8220;Nek je hairli i svim Bo\u0161njacima, posebice onima na Kosovu, jer smo dobili jednog zaista zaslu\u017enog Narodnog heroja! Na\u017ealost, on je oti\u0161ao, ali nama ostaje kao primjer i motiv za daljnju borbu za ljudska i nacionalna prava na\u0161eg naroda na Kosovu, i za prava svih ostalih gra\u0111ana. Nadam se da kosovsko dru\u0161tvo i dr\u017eava, kao i Bo\u0161njaci uop\u0107e, te svi humani ljudi, ne\u0107e zaboraviti familiju rahmetli\u00a0\u0160efka Salkovi\u0107a i njihove potrebe, ali tako\u0111er da ne\u0107e zaboraviti ni na potrebe Edina Islamovi\u0107a, te\u0161ko ranjenog tokom tog gnusnog napada na\u00a0\u0160efka.&#8221; samouvjereno je zaklju\u010dio\u00a0\u0106erim Bajrami a koji je i doministar za dijasporu u kosovskoj vladi.<\/div>\n<p>Izvor: <strong>SandzakRRESS.net<\/strong><\/p>\n","protected":false},"excerpt":{"rendered":"<p>Kosovo &#8211; Srbijanska BIA je preko svojih kriminalnih bandi na sjevernom dijelu Kosova, 8-og decembra 2010. godine, desetak dana pred same centralne izbore, mu\u010dki ubila\u00a0\u00a0\u0160efka Salkovi\u0107a a te\u0161ko ranila Edina Islamovi\u0107a &#8211; oboica iz sela Rvatska kod Leposavi\u0107a, du\u017enosnike republi\u010dkog CIK-a koji su bili anga\u017eirani od ovda\u0161nje vlade da sprovedu izbore na tom dijelu Kosova. [&hellip;]<\/p>\n","protected":false},"author":14,"featured_media":41894,"comment_status":"open","ping_status":"open","sticky":false,"template":"","format":"standard","meta":{"footnotes":""},"categories":[800,2690,8957],"tags":[],"class_list":{"0":"post-41893","1":"post","2":"type-post","3":"status-publish","4":"format-standard","5":"has-post-thumbnail","7":"category-nacija","8":"category-kosovo-gradovi","9":"category-vijesti-dana"},"yoast_head":"<!-- This site is optimized with the Yoast SEO Premium plugin v23.1 (Yoast SEO v24.9) - https:\/\/yoast.com\/wordpress\/plugins\/seo\/ -->\n<title>Bo\u0161njak \u0160efko Salkovi\u0107 progla\u0161en herojem Kosova<\/title>\n<meta name=\"robots\" content=\"index, follow, max-snippet:-1, max-image-preview:large, max-video-preview:-1\" \/>\n<link rel=\"canonical\" href=\"https:\/\/sandzakpress.net\/arhiva\/bosnjak-sefko-salkovic-proglasen-herojem-kosova\/\" \/>\n<meta property=\"og:locale\" content=\"bs_BA\" \/>\n<meta property=\"og:type\" content=\"article\" \/>\n<meta property=\"og:title\" content=\"Bo\u0161njak \u0160efko Salkovi\u0107 progla\u0161en herojem Kosova\" \/>\n<meta property=\"og:description\" content=\"Kosovo &#8211; Srbijanska BIA je preko svojih kriminalnih bandi na sjevernom dijelu Kosova, 8-og decembra 2010. godine, desetak dana pred same centralne izbore, mu\u010dki ubila\u00a0\u00a0\u0160efka Salkovi\u0107a a te\u0161ko ranila Edina Islamovi\u0107a &#8211; oboica iz sela Rvatska kod Leposavi\u0107a, du\u017enosnike republi\u010dkog CIK-a koji su bili anga\u017eirani od ovda\u0161nje vlade da sprovedu izbore na tom dijelu Kosova. [&hellip;]\" \/>\n<meta property=\"og:url\" content=\"https:\/\/sandzakpress.net\/arhiva\/bosnjak-sefko-salkovic-proglasen-herojem-kosova\/\" \/>\n<meta property=\"og:site_name\" content=\"Sand\u017eak PRESS\" \/>\n<meta property=\"article:published_time\" content=\"2012-06-13T13:45:41+00:00\" \/>\n<meta property=\"article:modified_time\" content=\"2012-06-13T14:13:54+00:00\" \/>\n<meta property=\"og:image\" content=\"https:\/\/sandzakpress.net\/arhiva\/wp-content\/uploads\/2012\/06\/sevkosalkovic1.jpg\" \/>\n\t<meta property=\"og:image:width\" content=\"400\" \/>\n\t<meta property=\"og:image:height\" content=\"279\" \/>\n\t<meta property=\"og:image:type\" content=\"image\/jpeg\" \/>\n<meta name=\"twitter:card\" content=\"summary_large_image\" \/>\n<meta name=\"twitter:label1\" content=\"Written by\" \/>\n\t<meta name=\"twitter:data1\" content=\"\" \/>\n\t<meta name=\"twitter:label2\" content=\"Est. reading time\" \/>\n\t<meta name=\"twitter:data2\" content=\"3 minute\" \/>\n<script type=\"application\/ld+json\" class=\"yoast-schema-graph\">{\"@context\":\"https:\/\/schema.org\",\"@graph\":[{\"@type\":\"Article\",\"@id\":\"https:\/\/sandzakpress.net\/arhiva\/bosnjak-sefko-salkovic-proglasen-herojem-kosova\/#article\",\"isPartOf\":{\"@id\":\"https:\/\/sandzakpress.net\/arhiva\/bosnjak-sefko-salkovic-proglasen-herojem-kosova\/\"},\"author\":{\"name\":\"\",\"@id\":\"\"},\"headline\":\"Bo\u0161njak \u0160efko Salkovi\u0107 progla\u0161en herojem Kosova\",\"datePublished\":\"2012-06-13T13:45:41+00:00\",\"dateModified\":\"2012-06-13T14:13:54+00:00\",\"mainEntityOfPage\":{\"@id\":\"https:\/\/sandzakpress.net\/arhiva\/bosnjak-sefko-salkovic-proglasen-herojem-kosova\/\"},\"wordCount\":569,\"commentCount\":4,\"publisher\":{\"@id\":\"https:\/\/sandzakpress.net\/arhiva\/#\/schema\/person\/6e72b67d6e51910a1117b3b483ba20bd\"},\"image\":{\"@id\":\"https:\/\/sandzakpress.net\/arhiva\/bosnjak-sefko-salkovic-proglasen-herojem-kosova\/#primaryimage\"},\"thumbnailUrl\":\"https:\/\/sandzakpress.net\/arhiva\/wp-content\/uploads\/2012\/06\/sevkosalkovic1.jpg\",\"articleSection\":[\"Nacija\",\"Kosovo\",\"VIJESTI DANA\"],\"inLanguage\":\"bs-BA\",\"potentialAction\":[{\"@type\":\"CommentAction\",\"name\":\"Comment\",\"target\":[\"https:\/\/sandzakpress.net\/arhiva\/bosnjak-sefko-salkovic-proglasen-herojem-kosova\/#respond\"]}]},{\"@type\":\"WebPage\",\"@id\":\"https:\/\/sandzakpress.net\/arhiva\/bosnjak-sefko-salkovic-proglasen-herojem-kosova\/\",\"url\":\"https:\/\/sandzakpress.net\/arhiva\/bosnjak-sefko-salkovic-proglasen-herojem-kosova\/\",\"name\":\"Bo\u0161njak \u0160efko Salkovi\u0107 progla\u0161en herojem Kosova\",\"isPartOf\":{\"@id\":\"https:\/\/sandzakpress.net\/arhiva\/#website\"},\"primaryImageOfPage\":{\"@id\":\"https:\/\/sandzakpress.net\/arhiva\/bosnjak-sefko-salkovic-proglasen-herojem-kosova\/#primaryimage\"},\"image\":{\"@id\":\"https:\/\/sandzakpress.net\/arhiva\/bosnjak-sefko-salkovic-proglasen-herojem-kosova\/#primaryimage\"},\"thumbnailUrl\":\"https:\/\/sandzakpress.net\/arhiva\/wp-content\/uploads\/2012\/06\/sevkosalkovic1.jpg\",\"datePublished\":\"2012-06-13T13:45:41+00:00\",\"dateModified\":\"2012-06-13T14:13:54+00:00\",\"breadcrumb\":{\"@id\":\"https:\/\/sandzakpress.net\/arhiva\/bosnjak-sefko-salkovic-proglasen-herojem-kosova\/#breadcrumb\"},\"inLanguage\":\"bs-BA\",\"potentialAction\":[{\"@type\":\"ReadAction\",\"target\":[\"https:\/\/sandzakpress.net\/arhiva\/bosnjak-sefko-salkovic-proglasen-herojem-kosova\/\"]}]},{\"@type\":\"ImageObject\",\"inLanguage\":\"bs-BA\",\"@id\":\"https:\/\/sandzakpress.net\/arhiva\/bosnjak-sefko-salkovic-proglasen-herojem-kosova\/#primaryimage\",\"url\":\"https:\/\/sandzakpress.net\/arhiva\/wp-content\/uploads\/2012\/06\/sevkosalkovic1.jpg\",\"contentUrl\":\"https:\/\/sandzakpress.net\/arhiva\/wp-content\/uploads\/2012\/06\/sevkosalkovic1.jpg\",\"width\":400,\"height\":279},{\"@type\":\"BreadcrumbList\",\"@id\":\"https:\/\/sandzakpress.net\/arhiva\/bosnjak-sefko-salkovic-proglasen-herojem-kosova\/#breadcrumb\",\"itemListElement\":[{\"@type\":\"ListItem\",\"position\":1,\"name\":\"Home\",\"item\":\"https:\/\/sandzakpress.net\/arhiva\/\"},{\"@type\":\"ListItem\",\"position\":2,\"name\":\"Bo\u0161njak \u0160efko Salkovi\u0107 progla\u0161en herojem Kosova\"}]},{\"@type\":\"WebSite\",\"@id\":\"https:\/\/sandzakpress.net\/arhiva\/#website\",\"url\":\"https:\/\/sandzakpress.net\/arhiva\/\",\"name\":\"Sand\u017eak PRESS\",\"description\":\"Prve elektronske novine u Sand\u017eaku\",\"publisher\":{\"@id\":\"https:\/\/sandzakpress.net\/arhiva\/#\/schema\/person\/6e72b67d6e51910a1117b3b483ba20bd\"},\"potentialAction\":[{\"@type\":\"SearchAction\",\"target\":{\"@type\":\"EntryPoint\",\"urlTemplate\":\"https:\/\/sandzakpress.net\/arhiva\/?s={search_term_string}\"},\"query-input\":{\"@type\":\"PropertyValueSpecification\",\"valueRequired\":true,\"valueName\":\"search_term_string\"}}],\"inLanguage\":\"bs-BA\"},{\"@type\":[\"Person\",\"Organization\"],\"@id\":\"https:\/\/sandzakpress.net\/arhiva\/#\/schema\/person\/6e72b67d6e51910a1117b3b483ba20bd\",\"name\":\"Kul\",\"image\":{\"@type\":\"ImageObject\",\"inLanguage\":\"bs-BA\",\"@id\":\"https:\/\/sandzakpress.net\/arhiva\/#\/schema\/person\/image\/\",\"url\":\"https:\/\/secure.gravatar.com\/avatar\/42263f39aa27ac04c43cab85c280eb2e?s=96&d=mm&r=pg\",\"contentUrl\":\"https:\/\/secure.gravatar.com\/avatar\/42263f39aa27ac04c43cab85c280eb2e?s=96&d=mm&r=pg\",\"caption\":\"Kul\"},\"logo\":{\"@id\":\"https:\/\/sandzakpress.net\/arhiva\/#\/schema\/person\/image\/\"}},{\"@type\":\"Person\",\"@id\":\"\",\"url\":\"https:\/\/sandzakpress.net\/arhiva\/author\/\"}]}<\/script>\n<!-- \/ Yoast SEO Premium plugin. -->","yoast_head_json":{"title":"Bo\u0161njak \u0160efko Salkovi\u0107 progla\u0161en herojem Kosova","robots":{"index":"index","follow":"follow","max-snippet":"max-snippet:-1","max-image-preview":"max-image-preview:large","max-video-preview":"max-video-preview:-1"},"canonical":"https:\/\/sandzakpress.net\/arhiva\/bosnjak-sefko-salkovic-proglasen-herojem-kosova\/","og_locale":"bs_BA","og_type":"article","og_title":"Bo\u0161njak \u0160efko Salkovi\u0107 progla\u0161en herojem Kosova","og_description":"Kosovo &#8211; Srbijanska BIA je preko svojih kriminalnih bandi na sjevernom dijelu Kosova, 8-og decembra 2010. godine, desetak dana pred same centralne izbore, mu\u010dki ubila\u00a0\u00a0\u0160efka Salkovi\u0107a a te\u0161ko ranila Edina Islamovi\u0107a &#8211; oboica iz sela Rvatska kod Leposavi\u0107a, du\u017enosnike republi\u010dkog CIK-a koji su bili anga\u017eirani od ovda\u0161nje vlade da sprovedu izbore na tom dijelu Kosova. [&hellip;]","og_url":"https:\/\/sandzakpress.net\/arhiva\/bosnjak-sefko-salkovic-proglasen-herojem-kosova\/","og_site_name":"Sand\u017eak PRESS","article_published_time":"2012-06-13T13:45:41+00:00","article_modified_time":"2012-06-13T14:13:54+00:00","og_image":[{"width":400,"height":279,"url":"https:\/\/sandzakpress.net\/arhiva\/wp-content\/uploads\/2012\/06\/sevkosalkovic1.jpg","type":"image\/jpeg"}],"twitter_card":"summary_large_image","twitter_misc":{"Written by":"","Est. reading time":"3 minute"},"schema":{"@context":"https:\/\/schema.org","@graph":[{"@type":"Article","@id":"https:\/\/sandzakpress.net\/arhiva\/bosnjak-sefko-salkovic-proglasen-herojem-kosova\/#article","isPartOf":{"@id":"https:\/\/sandzakpress.net\/arhiva\/bosnjak-sefko-salkovic-proglasen-herojem-kosova\/"},"author":{"name":"","@id":""},"headline":"Bo\u0161njak \u0160efko Salkovi\u0107 progla\u0161en herojem Kosova","datePublished":"2012-06-13T13:45:41+00:00","dateModified":"2012-06-13T14:13:54+00:00","mainEntityOfPage":{"@id":"https:\/\/sandzakpress.net\/arhiva\/bosnjak-sefko-salkovic-proglasen-herojem-kosova\/"},"wordCount":569,"commentCount":4,"publisher":{"@id":"https:\/\/sandzakpress.net\/arhiva\/#\/schema\/person\/6e72b67d6e51910a1117b3b483ba20bd"},"image":{"@id":"https:\/\/sandzakpress.net\/arhiva\/bosnjak-sefko-salkovic-proglasen-herojem-kosova\/#primaryimage"},"thumbnailUrl":"https:\/\/sandzakpress.net\/arhiva\/wp-content\/uploads\/2012\/06\/sevkosalkovic1.jpg","articleSection":["Nacija","Kosovo","VIJESTI DANA"],"inLanguage":"bs-BA","potentialAction":[{"@type":"CommentAction","name":"Comment","target":["https:\/\/sandzakpress.net\/arhiva\/bosnjak-sefko-salkovic-proglasen-herojem-kosova\/#respond"]}]},{"@type":"WebPage","@id":"https:\/\/sandzakpress.net\/arhiva\/bosnjak-sefko-salkovic-proglasen-herojem-kosova\/","url":"https:\/\/sandzakpress.net\/arhiva\/bosnjak-sefko-salkovic-proglasen-herojem-kosova\/","name":"Bo\u0161njak \u0160efko Salkovi\u0107 progla\u0161en herojem Kosova","isPartOf":{"@id":"https:\/\/sandzakpress.net\/arhiva\/#website"},"primaryImageOfPage":{"@id":"https:\/\/sandzakpress.net\/arhiva\/bosnjak-sefko-salkovic-proglasen-herojem-kosova\/#primaryimage"},"image":{"@id":"https:\/\/sandzakpress.net\/arhiva\/bosnjak-sefko-salkovic-proglasen-herojem-kosova\/#primaryimage"},"thumbnailUrl":"https:\/\/sandzakpress.net\/arhiva\/wp-content\/uploads\/2012\/06\/sevkosalkovic1.jpg","datePublished":"2012-06-13T13:45:41+00:00","dateModified":"2012-06-13T14:13:54+00:00","breadcrumb":{"@id":"https:\/\/sandzakpress.net\/arhiva\/bosnjak-sefko-salkovic-proglasen-herojem-kosova\/#breadcrumb"},"inLanguage":"bs-BA","potentialAction":[{"@type":"ReadAction","target":["https:\/\/sandzakpress.net\/arhiva\/bosnjak-sefko-salkovic-proglasen-herojem-kosova\/"]}]},{"@type":"ImageObject","inLanguage":"bs-BA","@id":"https:\/\/sandzakpress.net\/arhiva\/bosnjak-sefko-salkovic-proglasen-herojem-kosova\/#primaryimage","url":"https:\/\/sandzakpress.net\/arhiva\/wp-content\/uploads\/2012\/06\/sevkosalkovic1.jpg","contentUrl":"https:\/\/sandzakpress.net\/arhiva\/wp-content\/uploads\/2012\/06\/sevkosalkovic1.jpg","width":400,"height":279},{"@type":"BreadcrumbList","@id":"https:\/\/sandzakpress.net\/arhiva\/bosnjak-sefko-salkovic-proglasen-herojem-kosova\/#breadcrumb","itemListElement":[{"@type":"ListItem","position":1,"name":"Home","item":"https:\/\/sandzakpress.net\/arhiva\/"},{"@type":"ListItem","position":2,"name":"Bo\u0161njak \u0160efko Salkovi\u0107 progla\u0161en herojem Kosova"}]},{"@type":"WebSite","@id":"https:\/\/sandzakpress.net\/arhiva\/#website","url":"https:\/\/sandzakpress.net\/arhiva\/","name":"Sand\u017eak PRESS","description":"Prve elektronske novine u Sand\u017eaku","publisher":{"@id":"https:\/\/sandzakpress.net\/arhiva\/#\/schema\/person\/6e72b67d6e51910a1117b3b483ba20bd"},"potentialAction":[{"@type":"SearchAction","target":{"@type":"EntryPoint","urlTemplate":"https:\/\/sandzakpress.net\/arhiva\/?s={search_term_string}"},"query-input":{"@type":"PropertyValueSpecification","valueRequired":true,"valueName":"search_term_string"}}],"inLanguage":"bs-BA"},{"@type":["Person","Organization"],"@id":"https:\/\/sandzakpress.net\/arhiva\/#\/schema\/person\/6e72b67d6e51910a1117b3b483ba20bd","name":"Kul","image":{"@type":"ImageObject","inLanguage":"bs-BA","@id":"https:\/\/sandzakpress.net\/arhiva\/#\/schema\/person\/image\/","url":"https:\/\/secure.gravatar.com\/avatar\/42263f39aa27ac04c43cab85c280eb2e?s=96&d=mm&r=pg","contentUrl":"https:\/\/secure.gravatar.com\/avatar\/42263f39aa27ac04c43cab85c280eb2e?s=96&d=mm&r=pg","caption":"Kul"},"logo":{"@id":"https:\/\/sandzakpress.net\/arhiva\/#\/schema\/person\/image\/"}},{"@type":"Person","@id":"","url":"https:\/\/sandzakpress.net\/arhiva\/author\/"}]}},"_links":{"self":[{"href":"https:\/\/sandzakpress.net\/arhiva\/wp-json\/wp\/v2\/posts\/41893"}],"collection":[{"href":"https:\/\/sandzakpress.net\/arhiva\/wp-json\/wp\/v2\/posts"}],"about":[{"href":"https:\/\/sandzakpress.net\/arhiva\/wp-json\/wp\/v2\/types\/post"}],"author":[{"embeddable":true,"href":"https:\/\/sandzakpress.net\/arhiva\/wp-json\/wp\/v2\/users\/14"}],"replies":[{"embeddable":true,"href":"https:\/\/sandzakpress.net\/arhiva\/wp-json\/wp\/v2\/comments?post=41893"}],"version-history":[{"count":0,"href":"https:\/\/sandzakpress.net\/arhiva\/wp-json\/wp\/v2\/posts\/41893\/revisions"}],"wp:featuredmedia":[{"embeddable":true,"href":"https:\/\/sandzakpress.net\/arhiva\/wp-json\/wp\/v2\/media\/41894"}],"wp:attachment":[{"href":"https:\/\/sandzakpress.net\/arhiva\/wp-json\/wp\/v2\/media?parent=41893"}],"wp:term":[{"taxonomy":"category","embeddable":true,"href":"https:\/\/sandzakpress.net\/arhiva\/wp-json\/wp\/v2\/categories?post=41893"},{"taxonomy":"post_tag","embeddable":true,"href":"https:\/\/sandzakpress.net\/arhiva\/wp-json\/wp\/v2\/tags?post=41893"}],"curies":[{"name":"wp","href":"https:\/\/api.w.org\/{rel}","templated":true}]}}