{"id":41780,"date":"2012-06-12T22:39:36","date_gmt":"2012-06-12T20:39:36","guid":{"rendered":"https:\/\/sandzakpress.net\/arhiva\/?p=41780"},"modified":"2012-06-12T22:39:36","modified_gmt":"2012-06-12T20:39:36","slug":"rektor-medinskog-univerziteta-poziva-muftiju-u-zijaret","status":"publish","type":"post","link":"https:\/\/sandzakpress.net\/arhiva\/rektor-medinskog-univerziteta-poziva-muftiju-u-zijaret\/","title":{"rendered":"Rektor Medinskog univerziteta poziva Muftiju u zijaret"},"content":{"rendered":"<p><strong><a href=\"https:\/\/sandzakpress.net\/arhiva\/wp-content\/uploads\/2012\/06\/medina.jpg\"><img loading=\"lazy\" decoding=\"async\" class=\"alignleft size-medium wp-image-41782\" title=\"medina\" src=\"https:\/\/sandzakpress.net\/arhiva\/wp-content\/uploads\/2012\/06\/medina-300x224.jpg\" alt=\"\" width=\"300\" height=\"224\" \/><\/a>Novi Pazar &#8211; Na adresu Me\u0161ihata i Glavnog muftije Muamera ef. Zukorli\u0107a stiglo je pismo Medinskog univerziteta kojim se Me\u0161ihat i Internacionalni univerzitet pozivaju na saradnju sa ovom respektabilnom visokoobrazovnom ustanovom iz Saudijske Arabije. <\/strong><\/p>\n<p>Rektor Medinskog univerziteta prof. dr. Muhamed bin Ali al Ukla izrazio je zahvalnost Muftiji na dosada\u0161njoj borbi za prava muslimana na balkanu i u Evropi. On je tako\u0111er rije\u010dima hvale okarakterisao delegaciju sand\u017ea\u010dkih institucija koja je po\u010detkom 2012. posjetila KSA i uspostavila kontakte sa svim relevantnim dr\u017eavnim institucijama, posebno sa odgojno-obrazovnim visoko\u0161kolskim ustanovama. Na kraju rektor se zahvalio Muftiji:<\/p>\n<p><em>Raduje nas da mo\u017eemo da Vam uzvratimo zahvalom na Va\u0161im bratskim osje\u0107anjima i \u017eelim Vas obavijestiti da Univerzitet tako\u0111e \u017eeli saradnju sa Vama, \u010dime bi se ostvarila dobrobit islama i muslimana.<\/em><\/p>\n<p><em>Primite moje \u010destitke i moje visoko po\u0161tovanje.<\/em><\/p>\n<p><a href=\"https:\/\/sandzakpress.net\/arhiva\/wp-content\/uploads\/2012\/06\/pismo-rektora-Medinskog-univerziteta-Muftiji-.jpg\"><img loading=\"lazy\" decoding=\"async\" class=\"aligncenter size-full wp-image-41781\" title=\"pismo rektora Medinskog univerziteta Muftiji\" src=\"https:\/\/sandzakpress.net\/arhiva\/wp-content\/uploads\/2012\/06\/pismo-rektora-Medinskog-univerziteta-Muftiji-.jpg\" alt=\"\" width=\"620\" height=\"918\" \/><\/a><\/p>\n<p>Izvor: <strong>Mesihat.org<\/strong><\/p>\n","protected":false},"excerpt":{"rendered":"<p>Novi Pazar &#8211; Na adresu Me\u0161ihata i Glavnog muftije Muamera ef. Zukorli\u0107a stiglo je pismo Medinskog univerziteta kojim se Me\u0161ihat i Internacionalni univerzitet pozivaju na saradnju sa ovom respektabilnom visokoobrazovnom ustanovom iz Saudijske Arabije. Rektor Medinskog univerziteta prof. dr. Muhamed bin Ali al Ukla izrazio je zahvalnost Muftiji na dosada\u0161njoj borbi za prava muslimana na [&hellip;]<\/p>\n","protected":false},"author":83,"featured_media":41782,"comment_status":"open","ping_status":"open","sticky":false,"template":"","format":"standard","meta":{"footnotes":""},"categories":[72,800,8957],"tags":[],"class_list":{"0":"post-41780","1":"post","2":"type-post","3":"status-publish","4":"format-standard","5":"has-post-thumbnail","7":"category-novi-pazar","8":"category-nacija","9":"category-vijesti-dana"},"yoast_head":"<!-- This site is optimized with the Yoast SEO Premium plugin v23.1 (Yoast SEO v24.9) - https:\/\/yoast.com\/wordpress\/plugins\/seo\/ -->\n<title>Rektor Medinskog univerziteta poziva Muftiju u zijaret<\/title>\n<meta name=\"robots\" content=\"index, follow, max-snippet:-1, max-image-preview:large, max-video-preview:-1\" \/>\n<link rel=\"canonical\" href=\"https:\/\/sandzakpress.net\/arhiva\/rektor-medinskog-univerziteta-poziva-muftiju-u-zijaret\/\" \/>\n<meta property=\"og:locale\" content=\"bs_BA\" \/>\n<meta property=\"og:type\" content=\"article\" \/>\n<meta property=\"og:title\" content=\"Rektor Medinskog univerziteta poziva Muftiju u zijaret\" \/>\n<meta property=\"og:description\" content=\"Novi Pazar &#8211; Na adresu Me\u0161ihata i Glavnog muftije Muamera ef. Zukorli\u0107a stiglo je pismo Medinskog univerziteta kojim se Me\u0161ihat i Internacionalni univerzitet pozivaju na saradnju sa ovom respektabilnom visokoobrazovnom ustanovom iz Saudijske Arabije. Rektor Medinskog univerziteta prof. dr. Muhamed bin Ali al Ukla izrazio je zahvalnost Muftiji na dosada\u0161njoj borbi za prava muslimana na [&hellip;]\" \/>\n<meta property=\"og:url\" content=\"https:\/\/sandzakpress.net\/arhiva\/rektor-medinskog-univerziteta-poziva-muftiju-u-zijaret\/\" \/>\n<meta property=\"og:site_name\" content=\"Sand\u017eak PRESS\" \/>\n<meta property=\"article:published_time\" content=\"2012-06-12T20:39:36+00:00\" \/>\n<meta property=\"og:image\" content=\"https:\/\/sandzakpress.net\/arhiva\/wp-content\/uploads\/2012\/06\/medina.jpg\" \/>\n\t<meta property=\"og:image:width\" content=\"343\" \/>\n\t<meta property=\"og:image:height\" content=\"257\" \/>\n\t<meta property=\"og:image:type\" content=\"image\/jpeg\" \/>\n<meta name=\"author\" content=\"bosniak\" \/>\n<meta name=\"twitter:card\" content=\"summary_large_image\" \/>\n<meta name=\"twitter:label1\" content=\"Written by\" \/>\n\t<meta name=\"twitter:data1\" content=\"bosniak\" \/>\n\t<meta name=\"twitter:label2\" content=\"Est. reading time\" \/>\n\t<meta name=\"twitter:data2\" content=\"1 minuta\" \/>\n<script type=\"application\/ld+json\" class=\"yoast-schema-graph\">{\"@context\":\"https:\/\/schema.org\",\"@graph\":[{\"@type\":\"Article\",\"@id\":\"https:\/\/sandzakpress.net\/arhiva\/rektor-medinskog-univerziteta-poziva-muftiju-u-zijaret\/#article\",\"isPartOf\":{\"@id\":\"https:\/\/sandzakpress.net\/arhiva\/rektor-medinskog-univerziteta-poziva-muftiju-u-zijaret\/\"},\"author\":{\"name\":\"bosniak\",\"@id\":\"https:\/\/sandzakpress.net\/arhiva\/#\/schema\/person\/c8baee722073534b583ea7bdb2e36c02\"},\"headline\":\"Rektor Medinskog univerziteta poziva Muftiju u zijaret\",\"datePublished\":\"2012-06-12T20:39:36+00:00\",\"mainEntityOfPage\":{\"@id\":\"https:\/\/sandzakpress.net\/arhiva\/rektor-medinskog-univerziteta-poziva-muftiju-u-zijaret\/\"},\"wordCount\":156,\"commentCount\":3,\"publisher\":{\"@id\":\"https:\/\/sandzakpress.net\/arhiva\/#\/schema\/person\/6e72b67d6e51910a1117b3b483ba20bd\"},\"image\":{\"@id\":\"https:\/\/sandzakpress.net\/arhiva\/rektor-medinskog-univerziteta-poziva-muftiju-u-zijaret\/#primaryimage\"},\"thumbnailUrl\":\"https:\/\/sandzakpress.net\/arhiva\/wp-content\/uploads\/2012\/06\/medina.jpg\",\"articleSection\":[\"Novi Pazar\",\"Nacija\",\"VIJESTI DANA\"],\"inLanguage\":\"bs-BA\",\"potentialAction\":[{\"@type\":\"CommentAction\",\"name\":\"Comment\",\"target\":[\"https:\/\/sandzakpress.net\/arhiva\/rektor-medinskog-univerziteta-poziva-muftiju-u-zijaret\/#respond\"]}]},{\"@type\":\"WebPage\",\"@id\":\"https:\/\/sandzakpress.net\/arhiva\/rektor-medinskog-univerziteta-poziva-muftiju-u-zijaret\/\",\"url\":\"https:\/\/sandzakpress.net\/arhiva\/rektor-medinskog-univerziteta-poziva-muftiju-u-zijaret\/\",\"name\":\"Rektor Medinskog univerziteta poziva Muftiju u zijaret\",\"isPartOf\":{\"@id\":\"https:\/\/sandzakpress.net\/arhiva\/#website\"},\"primaryImageOfPage\":{\"@id\":\"https:\/\/sandzakpress.net\/arhiva\/rektor-medinskog-univerziteta-poziva-muftiju-u-zijaret\/#primaryimage\"},\"image\":{\"@id\":\"https:\/\/sandzakpress.net\/arhiva\/rektor-medinskog-univerziteta-poziva-muftiju-u-zijaret\/#primaryimage\"},\"thumbnailUrl\":\"https:\/\/sandzakpress.net\/arhiva\/wp-content\/uploads\/2012\/06\/medina.jpg\",\"datePublished\":\"2012-06-12T20:39:36+00:00\",\"breadcrumb\":{\"@id\":\"https:\/\/sandzakpress.net\/arhiva\/rektor-medinskog-univerziteta-poziva-muftiju-u-zijaret\/#breadcrumb\"},\"inLanguage\":\"bs-BA\",\"potentialAction\":[{\"@type\":\"ReadAction\",\"target\":[\"https:\/\/sandzakpress.net\/arhiva\/rektor-medinskog-univerziteta-poziva-muftiju-u-zijaret\/\"]}]},{\"@type\":\"ImageObject\",\"inLanguage\":\"bs-BA\",\"@id\":\"https:\/\/sandzakpress.net\/arhiva\/rektor-medinskog-univerziteta-poziva-muftiju-u-zijaret\/#primaryimage\",\"url\":\"https:\/\/sandzakpress.net\/arhiva\/wp-content\/uploads\/2012\/06\/medina.jpg\",\"contentUrl\":\"https:\/\/sandzakpress.net\/arhiva\/wp-content\/uploads\/2012\/06\/medina.jpg\",\"width\":343,\"height\":257},{\"@type\":\"BreadcrumbList\",\"@id\":\"https:\/\/sandzakpress.net\/arhiva\/rektor-medinskog-univerziteta-poziva-muftiju-u-zijaret\/#breadcrumb\",\"itemListElement\":[{\"@type\":\"ListItem\",\"position\":1,\"name\":\"Home\",\"item\":\"https:\/\/sandzakpress.net\/arhiva\/\"},{\"@type\":\"ListItem\",\"position\":2,\"name\":\"Rektor Medinskog univerziteta poziva Muftiju u zijaret\"}]},{\"@type\":\"WebSite\",\"@id\":\"https:\/\/sandzakpress.net\/arhiva\/#website\",\"url\":\"https:\/\/sandzakpress.net\/arhiva\/\",\"name\":\"Sand\u017eak PRESS\",\"description\":\"Prve elektronske novine u Sand\u017eaku\",\"publisher\":{\"@id\":\"https:\/\/sandzakpress.net\/arhiva\/#\/schema\/person\/6e72b67d6e51910a1117b3b483ba20bd\"},\"potentialAction\":[{\"@type\":\"SearchAction\",\"target\":{\"@type\":\"EntryPoint\",\"urlTemplate\":\"https:\/\/sandzakpress.net\/arhiva\/?s={search_term_string}\"},\"query-input\":{\"@type\":\"PropertyValueSpecification\",\"valueRequired\":true,\"valueName\":\"search_term_string\"}}],\"inLanguage\":\"bs-BA\"},{\"@type\":[\"Person\",\"Organization\"],\"@id\":\"https:\/\/sandzakpress.net\/arhiva\/#\/schema\/person\/6e72b67d6e51910a1117b3b483ba20bd\",\"name\":\"Kul\",\"image\":{\"@type\":\"ImageObject\",\"inLanguage\":\"bs-BA\",\"@id\":\"https:\/\/sandzakpress.net\/arhiva\/#\/schema\/person\/image\/\",\"url\":\"https:\/\/secure.gravatar.com\/avatar\/42263f39aa27ac04c43cab85c280eb2e?s=96&d=mm&r=pg\",\"contentUrl\":\"https:\/\/secure.gravatar.com\/avatar\/42263f39aa27ac04c43cab85c280eb2e?s=96&d=mm&r=pg\",\"caption\":\"Kul\"},\"logo\":{\"@id\":\"https:\/\/sandzakpress.net\/arhiva\/#\/schema\/person\/image\/\"}},{\"@type\":\"Person\",\"@id\":\"https:\/\/sandzakpress.net\/arhiva\/#\/schema\/person\/c8baee722073534b583ea7bdb2e36c02\",\"name\":\"bosniak\",\"image\":{\"@type\":\"ImageObject\",\"inLanguage\":\"bs-BA\",\"@id\":\"https:\/\/sandzakpress.net\/arhiva\/#\/schema\/person\/image\/\",\"url\":\"https:\/\/secure.gravatar.com\/avatar\/a04fd330bfe3a36a72a0ad4a6d89fca7?s=96&d=mm&r=pg\",\"contentUrl\":\"https:\/\/secure.gravatar.com\/avatar\/a04fd330bfe3a36a72a0ad4a6d89fca7?s=96&d=mm&r=pg\",\"caption\":\"bosniak\"},\"url\":\"https:\/\/sandzakpress.net\/arhiva\/author\/bosniak\/\"}]}<\/script>\n<!-- \/ Yoast SEO Premium plugin. -->","yoast_head_json":{"title":"Rektor Medinskog univerziteta poziva Muftiju u zijaret","robots":{"index":"index","follow":"follow","max-snippet":"max-snippet:-1","max-image-preview":"max-image-preview:large","max-video-preview":"max-video-preview:-1"},"canonical":"https:\/\/sandzakpress.net\/arhiva\/rektor-medinskog-univerziteta-poziva-muftiju-u-zijaret\/","og_locale":"bs_BA","og_type":"article","og_title":"Rektor Medinskog univerziteta poziva Muftiju u zijaret","og_description":"Novi Pazar &#8211; Na adresu Me\u0161ihata i Glavnog muftije Muamera ef. Zukorli\u0107a stiglo je pismo Medinskog univerziteta kojim se Me\u0161ihat i Internacionalni univerzitet pozivaju na saradnju sa ovom respektabilnom visokoobrazovnom ustanovom iz Saudijske Arabije. Rektor Medinskog univerziteta prof. dr. Muhamed bin Ali al Ukla izrazio je zahvalnost Muftiji na dosada\u0161njoj borbi za prava muslimana na [&hellip;]","og_url":"https:\/\/sandzakpress.net\/arhiva\/rektor-medinskog-univerziteta-poziva-muftiju-u-zijaret\/","og_site_name":"Sand\u017eak PRESS","article_published_time":"2012-06-12T20:39:36+00:00","og_image":[{"width":343,"height":257,"url":"https:\/\/sandzakpress.net\/arhiva\/wp-content\/uploads\/2012\/06\/medina.jpg","type":"image\/jpeg"}],"author":"bosniak","twitter_card":"summary_large_image","twitter_misc":{"Written by":"bosniak","Est. reading time":"1 minuta"},"schema":{"@context":"https:\/\/schema.org","@graph":[{"@type":"Article","@id":"https:\/\/sandzakpress.net\/arhiva\/rektor-medinskog-univerziteta-poziva-muftiju-u-zijaret\/#article","isPartOf":{"@id":"https:\/\/sandzakpress.net\/arhiva\/rektor-medinskog-univerziteta-poziva-muftiju-u-zijaret\/"},"author":{"name":"bosniak","@id":"https:\/\/sandzakpress.net\/arhiva\/#\/schema\/person\/c8baee722073534b583ea7bdb2e36c02"},"headline":"Rektor Medinskog univerziteta poziva Muftiju u zijaret","datePublished":"2012-06-12T20:39:36+00:00","mainEntityOfPage":{"@id":"https:\/\/sandzakpress.net\/arhiva\/rektor-medinskog-univerziteta-poziva-muftiju-u-zijaret\/"},"wordCount":156,"commentCount":3,"publisher":{"@id":"https:\/\/sandzakpress.net\/arhiva\/#\/schema\/person\/6e72b67d6e51910a1117b3b483ba20bd"},"image":{"@id":"https:\/\/sandzakpress.net\/arhiva\/rektor-medinskog-univerziteta-poziva-muftiju-u-zijaret\/#primaryimage"},"thumbnailUrl":"https:\/\/sandzakpress.net\/arhiva\/wp-content\/uploads\/2012\/06\/medina.jpg","articleSection":["Novi Pazar","Nacija","VIJESTI DANA"],"inLanguage":"bs-BA","potentialAction":[{"@type":"CommentAction","name":"Comment","target":["https:\/\/sandzakpress.net\/arhiva\/rektor-medinskog-univerziteta-poziva-muftiju-u-zijaret\/#respond"]}]},{"@type":"WebPage","@id":"https:\/\/sandzakpress.net\/arhiva\/rektor-medinskog-univerziteta-poziva-muftiju-u-zijaret\/","url":"https:\/\/sandzakpress.net\/arhiva\/rektor-medinskog-univerziteta-poziva-muftiju-u-zijaret\/","name":"Rektor Medinskog univerziteta poziva Muftiju u zijaret","isPartOf":{"@id":"https:\/\/sandzakpress.net\/arhiva\/#website"},"primaryImageOfPage":{"@id":"https:\/\/sandzakpress.net\/arhiva\/rektor-medinskog-univerziteta-poziva-muftiju-u-zijaret\/#primaryimage"},"image":{"@id":"https:\/\/sandzakpress.net\/arhiva\/rektor-medinskog-univerziteta-poziva-muftiju-u-zijaret\/#primaryimage"},"thumbnailUrl":"https:\/\/sandzakpress.net\/arhiva\/wp-content\/uploads\/2012\/06\/medina.jpg","datePublished":"2012-06-12T20:39:36+00:00","breadcrumb":{"@id":"https:\/\/sandzakpress.net\/arhiva\/rektor-medinskog-univerziteta-poziva-muftiju-u-zijaret\/#breadcrumb"},"inLanguage":"bs-BA","potentialAction":[{"@type":"ReadAction","target":["https:\/\/sandzakpress.net\/arhiva\/rektor-medinskog-univerziteta-poziva-muftiju-u-zijaret\/"]}]},{"@type":"ImageObject","inLanguage":"bs-BA","@id":"https:\/\/sandzakpress.net\/arhiva\/rektor-medinskog-univerziteta-poziva-muftiju-u-zijaret\/#primaryimage","url":"https:\/\/sandzakpress.net\/arhiva\/wp-content\/uploads\/2012\/06\/medina.jpg","contentUrl":"https:\/\/sandzakpress.net\/arhiva\/wp-content\/uploads\/2012\/06\/medina.jpg","width":343,"height":257},{"@type":"BreadcrumbList","@id":"https:\/\/sandzakpress.net\/arhiva\/rektor-medinskog-univerziteta-poziva-muftiju-u-zijaret\/#breadcrumb","itemListElement":[{"@type":"ListItem","position":1,"name":"Home","item":"https:\/\/sandzakpress.net\/arhiva\/"},{"@type":"ListItem","position":2,"name":"Rektor Medinskog univerziteta poziva Muftiju u zijaret"}]},{"@type":"WebSite","@id":"https:\/\/sandzakpress.net\/arhiva\/#website","url":"https:\/\/sandzakpress.net\/arhiva\/","name":"Sand\u017eak PRESS","description":"Prve elektronske novine u Sand\u017eaku","publisher":{"@id":"https:\/\/sandzakpress.net\/arhiva\/#\/schema\/person\/6e72b67d6e51910a1117b3b483ba20bd"},"potentialAction":[{"@type":"SearchAction","target":{"@type":"EntryPoint","urlTemplate":"https:\/\/sandzakpress.net\/arhiva\/?s={search_term_string}"},"query-input":{"@type":"PropertyValueSpecification","valueRequired":true,"valueName":"search_term_string"}}],"inLanguage":"bs-BA"},{"@type":["Person","Organization"],"@id":"https:\/\/sandzakpress.net\/arhiva\/#\/schema\/person\/6e72b67d6e51910a1117b3b483ba20bd","name":"Kul","image":{"@type":"ImageObject","inLanguage":"bs-BA","@id":"https:\/\/sandzakpress.net\/arhiva\/#\/schema\/person\/image\/","url":"https:\/\/secure.gravatar.com\/avatar\/42263f39aa27ac04c43cab85c280eb2e?s=96&d=mm&r=pg","contentUrl":"https:\/\/secure.gravatar.com\/avatar\/42263f39aa27ac04c43cab85c280eb2e?s=96&d=mm&r=pg","caption":"Kul"},"logo":{"@id":"https:\/\/sandzakpress.net\/arhiva\/#\/schema\/person\/image\/"}},{"@type":"Person","@id":"https:\/\/sandzakpress.net\/arhiva\/#\/schema\/person\/c8baee722073534b583ea7bdb2e36c02","name":"bosniak","image":{"@type":"ImageObject","inLanguage":"bs-BA","@id":"https:\/\/sandzakpress.net\/arhiva\/#\/schema\/person\/image\/","url":"https:\/\/secure.gravatar.com\/avatar\/a04fd330bfe3a36a72a0ad4a6d89fca7?s=96&d=mm&r=pg","contentUrl":"https:\/\/secure.gravatar.com\/avatar\/a04fd330bfe3a36a72a0ad4a6d89fca7?s=96&d=mm&r=pg","caption":"bosniak"},"url":"https:\/\/sandzakpress.net\/arhiva\/author\/bosniak\/"}]}},"_links":{"self":[{"href":"https:\/\/sandzakpress.net\/arhiva\/wp-json\/wp\/v2\/posts\/41780"}],"collection":[{"href":"https:\/\/sandzakpress.net\/arhiva\/wp-json\/wp\/v2\/posts"}],"about":[{"href":"https:\/\/sandzakpress.net\/arhiva\/wp-json\/wp\/v2\/types\/post"}],"author":[{"embeddable":true,"href":"https:\/\/sandzakpress.net\/arhiva\/wp-json\/wp\/v2\/users\/83"}],"replies":[{"embeddable":true,"href":"https:\/\/sandzakpress.net\/arhiva\/wp-json\/wp\/v2\/comments?post=41780"}],"version-history":[{"count":0,"href":"https:\/\/sandzakpress.net\/arhiva\/wp-json\/wp\/v2\/posts\/41780\/revisions"}],"wp:featuredmedia":[{"embeddable":true,"href":"https:\/\/sandzakpress.net\/arhiva\/wp-json\/wp\/v2\/media\/41782"}],"wp:attachment":[{"href":"https:\/\/sandzakpress.net\/arhiva\/wp-json\/wp\/v2\/media?parent=41780"}],"wp:term":[{"taxonomy":"category","embeddable":true,"href":"https:\/\/sandzakpress.net\/arhiva\/wp-json\/wp\/v2\/categories?post=41780"},{"taxonomy":"post_tag","embeddable":true,"href":"https:\/\/sandzakpress.net\/arhiva\/wp-json\/wp\/v2\/tags?post=41780"}],"curies":[{"name":"wp","href":"https:\/\/api.w.org\/{rel}","templated":true}]}}