{"id":41681,"date":"2012-06-12T14:10:49","date_gmt":"2012-06-12T12:10:49","guid":{"rendered":"https:\/\/sandzakpress.net\/arhiva\/?p=41681"},"modified":"2012-06-12T14:10:49","modified_gmt":"2012-06-12T12:10:49","slug":"konkurs-za-radno-mjesto-glavnog-imama-u-oiz-e-ulcinj","status":"publish","type":"post","link":"https:\/\/sandzakpress.net\/arhiva\/konkurs-za-radno-mjesto-glavnog-imama-u-oiz-e-ulcinj\/","title":{"rendered":"Konkurs  za radno mjesto glavnog imama u OIZ-e Ulcinj"},"content":{"rendered":"<p><a href=\"https:\/\/sandzakpress.net\/arhiva\/wp-content\/uploads\/2012\/06\/oiz-UL-300x188.jpg\"><img loading=\"lazy\" decoding=\"async\" class=\"alignleft size-full wp-image-41683\" title=\"oiz-UL-300x188\" src=\"https:\/\/sandzakpress.net\/arhiva\/wp-content\/uploads\/2012\/06\/oiz-UL-300x188.jpg\" alt=\"\" width=\"300\" height=\"188\" \/><\/a>Ju\u017eni Sand\u017eak &#8211; ISLAMSKA ZAJEDNICA U CRNOJ GORI \u2013 ME\u0160IHAT ISLAMSKE ZAJEDNICE \u2013 Na  osnovu \u010dlana 5. Pravilnika o slu\u017ebenicima Islamske zajednice u Crnoj  Gori, raspisuje<\/p>\n<p><strong>KONKURS<\/strong><\/p>\n<p>Za radno mjesto glavnog imama u Odboru Islamske zajednice Ulcinj<\/p>\n<p>Pored op\u0161tih uslova propisanih \u010dl. 9 Pravilnika o slu\u017ebenicima  Islamske zajednice u Crnoj Gori, kandidat treba ispuniti sljede\u0107e  posebne uslove:<\/p>\n<ul>\n<li>zavr\u0161ena medresa,<\/li>\n<li>zavr\u0161en fakultet islamskih nauka,<\/li>\n<li>da nema zapreka za imenovanje od strane Me\u0161ihata Islamske zajednice u Crnoj Gori,<\/li>\n<li>radno iskustvo, najmanje pet godina,\u00a0 u Islamskoj zajednici,<\/li>\n<li>poznavanje albanskog jezika.<\/li>\n<\/ul>\n<p>Uz prijavu kandidat je du\u017ean prilo\u017eiti, sljede\u0107u dokumentaciju:<\/p>\n<ul>\n<li>Kopiju diplome zavr\u0161ene jedne od medresa,<\/li>\n<li>Kopiju diplome zavr\u0161enog jednog od fakulteta islamskih nauka,<\/li>\n<li>Uvjerenje o dr\u017eavljanstvu,<\/li>\n<li>Izvod iz mati\u010dne knjige ro\u0111enih,<\/li>\n<li>Uvjerenje da se ne vodi krivi\u010dni postupak,<\/li>\n<li>Uvjerenje o ne ka\u017enjavanju,<\/li>\n<li>CV (kra\u0107u biografiju).<\/li>\n<\/ul>\n<p>Rok za podno\u0161enje prijave je 15. dana od dana objavljivanja na  slu\u017ebenom sajtu Islamske zajednice u Crnoj Gori,\u00a0 www.monteislam.com.<\/p>\n<p>Prijave se mogu dostaviti\u00a0 li\u010dno ili po\u0161tom na adresu Me\u0161ihat  islamske zajenice u Crnoj Gori, \u00a0Ul. Gojka Radonji\u0107a br.42, Podgorica.<\/p>\n<p>Nepotpune, neuredne i \u00a0neblagovremene prijave ne\u0107e se razmatrati.<\/p>\n<p>Izvor:<strong> MonteIslam.com<\/strong><\/p>\n","protected":false},"excerpt":{"rendered":"<p>Ju\u017eni Sand\u017eak &#8211; ISLAMSKA ZAJEDNICA U CRNOJ GORI \u2013 ME\u0160IHAT ISLAMSKE ZAJEDNICE \u2013 Na osnovu \u010dlana 5. Pravilnika o slu\u017ebenicima Islamske zajednice u Crnoj Gori, raspisuje KONKURS Za radno mjesto glavnog imama u Odboru Islamske zajednice Ulcinj Pored op\u0161tih uslova propisanih \u010dl. 9 Pravilnika o slu\u017ebenicima Islamske zajednice u Crnoj Gori, kandidat treba ispuniti sljede\u0107e [&hellip;]<\/p>\n","protected":false},"author":13,"featured_media":41683,"comment_status":"open","ping_status":"open","sticky":false,"template":"","format":"standard","meta":{"footnotes":""},"categories":[398,397,396,802,395,399],"tags":[],"class_list":{"0":"post-41681","1":"post","2":"type-post","3":"status-publish","4":"format-standard","5":"has-post-thumbnail","7":"category-rozaje","8":"category-berane","9":"category-bijelo_polje","10":"category-islamska_zajednica","11":"category-pljevlja_","12":"category-plav_"},"yoast_head":"<!-- This site is optimized with the Yoast SEO Premium plugin v23.1 (Yoast SEO v24.9) - https:\/\/yoast.com\/wordpress\/plugins\/seo\/ -->\n<title>Konkurs za radno mjesto glavnog imama u OIZ-e Ulcinj<\/title>\n<meta name=\"robots\" content=\"index, follow, max-snippet:-1, max-image-preview:large, max-video-preview:-1\" \/>\n<link rel=\"canonical\" href=\"https:\/\/sandzakpress.net\/arhiva\/konkurs-za-radno-mjesto-glavnog-imama-u-oiz-e-ulcinj\/\" \/>\n<meta property=\"og:locale\" content=\"bs_BA\" \/>\n<meta property=\"og:type\" content=\"article\" \/>\n<meta property=\"og:title\" content=\"Konkurs za radno mjesto glavnog imama u OIZ-e Ulcinj\" \/>\n<meta property=\"og:description\" content=\"Ju\u017eni Sand\u017eak &#8211; ISLAMSKA ZAJEDNICA U CRNOJ GORI \u2013 ME\u0160IHAT ISLAMSKE ZAJEDNICE \u2013 Na osnovu \u010dlana 5. Pravilnika o slu\u017ebenicima Islamske zajednice u Crnoj Gori, raspisuje KONKURS Za radno mjesto glavnog imama u Odboru Islamske zajednice Ulcinj Pored op\u0161tih uslova propisanih \u010dl. 9 Pravilnika o slu\u017ebenicima Islamske zajednice u Crnoj Gori, kandidat treba ispuniti sljede\u0107e [&hellip;]\" \/>\n<meta property=\"og:url\" content=\"https:\/\/sandzakpress.net\/arhiva\/konkurs-za-radno-mjesto-glavnog-imama-u-oiz-e-ulcinj\/\" \/>\n<meta property=\"og:site_name\" content=\"Sand\u017eak PRESS\" \/>\n<meta property=\"article:published_time\" content=\"2012-06-12T12:10:49+00:00\" \/>\n<meta property=\"og:image\" content=\"https:\/\/sandzakpress.net\/arhiva\/wp-content\/uploads\/2012\/06\/oiz-UL-300x188.jpg\" \/>\n\t<meta property=\"og:image:width\" content=\"300\" \/>\n\t<meta property=\"og:image:height\" content=\"188\" \/>\n\t<meta property=\"og:image:type\" content=\"image\/jpeg\" \/>\n<meta name=\"twitter:card\" content=\"summary_large_image\" \/>\n<meta name=\"twitter:label1\" content=\"Written by\" \/>\n\t<meta name=\"twitter:data1\" content=\"\" \/>\n\t<meta name=\"twitter:label2\" content=\"Est. reading time\" \/>\n\t<meta name=\"twitter:data2\" content=\"1 minuta\" \/>\n<script type=\"application\/ld+json\" class=\"yoast-schema-graph\">{\"@context\":\"https:\/\/schema.org\",\"@graph\":[{\"@type\":\"Article\",\"@id\":\"https:\/\/sandzakpress.net\/arhiva\/konkurs-za-radno-mjesto-glavnog-imama-u-oiz-e-ulcinj\/#article\",\"isPartOf\":{\"@id\":\"https:\/\/sandzakpress.net\/arhiva\/konkurs-za-radno-mjesto-glavnog-imama-u-oiz-e-ulcinj\/\"},\"author\":{\"name\":\"\",\"@id\":\"\"},\"headline\":\"Konkurs za radno mjesto glavnog imama u OIZ-e Ulcinj\",\"datePublished\":\"2012-06-12T12:10:49+00:00\",\"mainEntityOfPage\":{\"@id\":\"https:\/\/sandzakpress.net\/arhiva\/konkurs-za-radno-mjesto-glavnog-imama-u-oiz-e-ulcinj\/\"},\"wordCount\":215,\"commentCount\":0,\"publisher\":{\"@id\":\"https:\/\/sandzakpress.net\/arhiva\/#\/schema\/person\/6e72b67d6e51910a1117b3b483ba20bd\"},\"image\":{\"@id\":\"https:\/\/sandzakpress.net\/arhiva\/konkurs-za-radno-mjesto-glavnog-imama-u-oiz-e-ulcinj\/#primaryimage\"},\"thumbnailUrl\":\"https:\/\/sandzakpress.net\/arhiva\/wp-content\/uploads\/2012\/06\/oiz-UL-300x188.jpg\",\"articleSection\":[\"Ro\u017eaje\",\"Berane\",\"Bijelo Polje\",\"Islamska zajednica\",\"Pljevlja\",\"Plav\"],\"inLanguage\":\"bs-BA\",\"potentialAction\":[{\"@type\":\"CommentAction\",\"name\":\"Comment\",\"target\":[\"https:\/\/sandzakpress.net\/arhiva\/konkurs-za-radno-mjesto-glavnog-imama-u-oiz-e-ulcinj\/#respond\"]}]},{\"@type\":\"WebPage\",\"@id\":\"https:\/\/sandzakpress.net\/arhiva\/konkurs-za-radno-mjesto-glavnog-imama-u-oiz-e-ulcinj\/\",\"url\":\"https:\/\/sandzakpress.net\/arhiva\/konkurs-za-radno-mjesto-glavnog-imama-u-oiz-e-ulcinj\/\",\"name\":\"Konkurs za radno mjesto glavnog imama u OIZ-e Ulcinj\",\"isPartOf\":{\"@id\":\"https:\/\/sandzakpress.net\/arhiva\/#website\"},\"primaryImageOfPage\":{\"@id\":\"https:\/\/sandzakpress.net\/arhiva\/konkurs-za-radno-mjesto-glavnog-imama-u-oiz-e-ulcinj\/#primaryimage\"},\"image\":{\"@id\":\"https:\/\/sandzakpress.net\/arhiva\/konkurs-za-radno-mjesto-glavnog-imama-u-oiz-e-ulcinj\/#primaryimage\"},\"thumbnailUrl\":\"https:\/\/sandzakpress.net\/arhiva\/wp-content\/uploads\/2012\/06\/oiz-UL-300x188.jpg\",\"datePublished\":\"2012-06-12T12:10:49+00:00\",\"breadcrumb\":{\"@id\":\"https:\/\/sandzakpress.net\/arhiva\/konkurs-za-radno-mjesto-glavnog-imama-u-oiz-e-ulcinj\/#breadcrumb\"},\"inLanguage\":\"bs-BA\",\"potentialAction\":[{\"@type\":\"ReadAction\",\"target\":[\"https:\/\/sandzakpress.net\/arhiva\/konkurs-za-radno-mjesto-glavnog-imama-u-oiz-e-ulcinj\/\"]}]},{\"@type\":\"ImageObject\",\"inLanguage\":\"bs-BA\",\"@id\":\"https:\/\/sandzakpress.net\/arhiva\/konkurs-za-radno-mjesto-glavnog-imama-u-oiz-e-ulcinj\/#primaryimage\",\"url\":\"https:\/\/sandzakpress.net\/arhiva\/wp-content\/uploads\/2012\/06\/oiz-UL-300x188.jpg\",\"contentUrl\":\"https:\/\/sandzakpress.net\/arhiva\/wp-content\/uploads\/2012\/06\/oiz-UL-300x188.jpg\",\"width\":300,\"height\":188},{\"@type\":\"BreadcrumbList\",\"@id\":\"https:\/\/sandzakpress.net\/arhiva\/konkurs-za-radno-mjesto-glavnog-imama-u-oiz-e-ulcinj\/#breadcrumb\",\"itemListElement\":[{\"@type\":\"ListItem\",\"position\":1,\"name\":\"Home\",\"item\":\"https:\/\/sandzakpress.net\/arhiva\/\"},{\"@type\":\"ListItem\",\"position\":2,\"name\":\"Konkurs za radno mjesto glavnog imama u OIZ-e Ulcinj\"}]},{\"@type\":\"WebSite\",\"@id\":\"https:\/\/sandzakpress.net\/arhiva\/#website\",\"url\":\"https:\/\/sandzakpress.net\/arhiva\/\",\"name\":\"Sand\u017eak PRESS\",\"description\":\"Prve elektronske novine u Sand\u017eaku\",\"publisher\":{\"@id\":\"https:\/\/sandzakpress.net\/arhiva\/#\/schema\/person\/6e72b67d6e51910a1117b3b483ba20bd\"},\"potentialAction\":[{\"@type\":\"SearchAction\",\"target\":{\"@type\":\"EntryPoint\",\"urlTemplate\":\"https:\/\/sandzakpress.net\/arhiva\/?s={search_term_string}\"},\"query-input\":{\"@type\":\"PropertyValueSpecification\",\"valueRequired\":true,\"valueName\":\"search_term_string\"}}],\"inLanguage\":\"bs-BA\"},{\"@type\":[\"Person\",\"Organization\"],\"@id\":\"https:\/\/sandzakpress.net\/arhiva\/#\/schema\/person\/6e72b67d6e51910a1117b3b483ba20bd\",\"name\":\"Kul\",\"image\":{\"@type\":\"ImageObject\",\"inLanguage\":\"bs-BA\",\"@id\":\"https:\/\/sandzakpress.net\/arhiva\/#\/schema\/person\/image\/\",\"url\":\"https:\/\/secure.gravatar.com\/avatar\/42263f39aa27ac04c43cab85c280eb2e?s=96&d=mm&r=pg\",\"contentUrl\":\"https:\/\/secure.gravatar.com\/avatar\/42263f39aa27ac04c43cab85c280eb2e?s=96&d=mm&r=pg\",\"caption\":\"Kul\"},\"logo\":{\"@id\":\"https:\/\/sandzakpress.net\/arhiva\/#\/schema\/person\/image\/\"}},{\"@type\":\"Person\",\"@id\":\"\",\"url\":\"https:\/\/sandzakpress.net\/arhiva\/author\/\"}]}<\/script>\n<!-- \/ Yoast SEO Premium plugin. -->","yoast_head_json":{"title":"Konkurs za radno mjesto glavnog imama u OIZ-e Ulcinj","robots":{"index":"index","follow":"follow","max-snippet":"max-snippet:-1","max-image-preview":"max-image-preview:large","max-video-preview":"max-video-preview:-1"},"canonical":"https:\/\/sandzakpress.net\/arhiva\/konkurs-za-radno-mjesto-glavnog-imama-u-oiz-e-ulcinj\/","og_locale":"bs_BA","og_type":"article","og_title":"Konkurs za radno mjesto glavnog imama u OIZ-e Ulcinj","og_description":"Ju\u017eni Sand\u017eak &#8211; ISLAMSKA ZAJEDNICA U CRNOJ GORI \u2013 ME\u0160IHAT ISLAMSKE ZAJEDNICE \u2013 Na osnovu \u010dlana 5. Pravilnika o slu\u017ebenicima Islamske zajednice u Crnoj Gori, raspisuje KONKURS Za radno mjesto glavnog imama u Odboru Islamske zajednice Ulcinj Pored op\u0161tih uslova propisanih \u010dl. 9 Pravilnika o slu\u017ebenicima Islamske zajednice u Crnoj Gori, kandidat treba ispuniti sljede\u0107e [&hellip;]","og_url":"https:\/\/sandzakpress.net\/arhiva\/konkurs-za-radno-mjesto-glavnog-imama-u-oiz-e-ulcinj\/","og_site_name":"Sand\u017eak PRESS","article_published_time":"2012-06-12T12:10:49+00:00","og_image":[{"width":300,"height":188,"url":"https:\/\/sandzakpress.net\/arhiva\/wp-content\/uploads\/2012\/06\/oiz-UL-300x188.jpg","type":"image\/jpeg"}],"twitter_card":"summary_large_image","twitter_misc":{"Written by":"","Est. reading time":"1 minuta"},"schema":{"@context":"https:\/\/schema.org","@graph":[{"@type":"Article","@id":"https:\/\/sandzakpress.net\/arhiva\/konkurs-za-radno-mjesto-glavnog-imama-u-oiz-e-ulcinj\/#article","isPartOf":{"@id":"https:\/\/sandzakpress.net\/arhiva\/konkurs-za-radno-mjesto-glavnog-imama-u-oiz-e-ulcinj\/"},"author":{"name":"","@id":""},"headline":"Konkurs za radno mjesto glavnog imama u OIZ-e Ulcinj","datePublished":"2012-06-12T12:10:49+00:00","mainEntityOfPage":{"@id":"https:\/\/sandzakpress.net\/arhiva\/konkurs-za-radno-mjesto-glavnog-imama-u-oiz-e-ulcinj\/"},"wordCount":215,"commentCount":0,"publisher":{"@id":"https:\/\/sandzakpress.net\/arhiva\/#\/schema\/person\/6e72b67d6e51910a1117b3b483ba20bd"},"image":{"@id":"https:\/\/sandzakpress.net\/arhiva\/konkurs-za-radno-mjesto-glavnog-imama-u-oiz-e-ulcinj\/#primaryimage"},"thumbnailUrl":"https:\/\/sandzakpress.net\/arhiva\/wp-content\/uploads\/2012\/06\/oiz-UL-300x188.jpg","articleSection":["Ro\u017eaje","Berane","Bijelo Polje","Islamska zajednica","Pljevlja","Plav"],"inLanguage":"bs-BA","potentialAction":[{"@type":"CommentAction","name":"Comment","target":["https:\/\/sandzakpress.net\/arhiva\/konkurs-za-radno-mjesto-glavnog-imama-u-oiz-e-ulcinj\/#respond"]}]},{"@type":"WebPage","@id":"https:\/\/sandzakpress.net\/arhiva\/konkurs-za-radno-mjesto-glavnog-imama-u-oiz-e-ulcinj\/","url":"https:\/\/sandzakpress.net\/arhiva\/konkurs-za-radno-mjesto-glavnog-imama-u-oiz-e-ulcinj\/","name":"Konkurs za radno mjesto glavnog imama u OIZ-e Ulcinj","isPartOf":{"@id":"https:\/\/sandzakpress.net\/arhiva\/#website"},"primaryImageOfPage":{"@id":"https:\/\/sandzakpress.net\/arhiva\/konkurs-za-radno-mjesto-glavnog-imama-u-oiz-e-ulcinj\/#primaryimage"},"image":{"@id":"https:\/\/sandzakpress.net\/arhiva\/konkurs-za-radno-mjesto-glavnog-imama-u-oiz-e-ulcinj\/#primaryimage"},"thumbnailUrl":"https:\/\/sandzakpress.net\/arhiva\/wp-content\/uploads\/2012\/06\/oiz-UL-300x188.jpg","datePublished":"2012-06-12T12:10:49+00:00","breadcrumb":{"@id":"https:\/\/sandzakpress.net\/arhiva\/konkurs-za-radno-mjesto-glavnog-imama-u-oiz-e-ulcinj\/#breadcrumb"},"inLanguage":"bs-BA","potentialAction":[{"@type":"ReadAction","target":["https:\/\/sandzakpress.net\/arhiva\/konkurs-za-radno-mjesto-glavnog-imama-u-oiz-e-ulcinj\/"]}]},{"@type":"ImageObject","inLanguage":"bs-BA","@id":"https:\/\/sandzakpress.net\/arhiva\/konkurs-za-radno-mjesto-glavnog-imama-u-oiz-e-ulcinj\/#primaryimage","url":"https:\/\/sandzakpress.net\/arhiva\/wp-content\/uploads\/2012\/06\/oiz-UL-300x188.jpg","contentUrl":"https:\/\/sandzakpress.net\/arhiva\/wp-content\/uploads\/2012\/06\/oiz-UL-300x188.jpg","width":300,"height":188},{"@type":"BreadcrumbList","@id":"https:\/\/sandzakpress.net\/arhiva\/konkurs-za-radno-mjesto-glavnog-imama-u-oiz-e-ulcinj\/#breadcrumb","itemListElement":[{"@type":"ListItem","position":1,"name":"Home","item":"https:\/\/sandzakpress.net\/arhiva\/"},{"@type":"ListItem","position":2,"name":"Konkurs za radno mjesto glavnog imama u OIZ-e Ulcinj"}]},{"@type":"WebSite","@id":"https:\/\/sandzakpress.net\/arhiva\/#website","url":"https:\/\/sandzakpress.net\/arhiva\/","name":"Sand\u017eak PRESS","description":"Prve elektronske novine u Sand\u017eaku","publisher":{"@id":"https:\/\/sandzakpress.net\/arhiva\/#\/schema\/person\/6e72b67d6e51910a1117b3b483ba20bd"},"potentialAction":[{"@type":"SearchAction","target":{"@type":"EntryPoint","urlTemplate":"https:\/\/sandzakpress.net\/arhiva\/?s={search_term_string}"},"query-input":{"@type":"PropertyValueSpecification","valueRequired":true,"valueName":"search_term_string"}}],"inLanguage":"bs-BA"},{"@type":["Person","Organization"],"@id":"https:\/\/sandzakpress.net\/arhiva\/#\/schema\/person\/6e72b67d6e51910a1117b3b483ba20bd","name":"Kul","image":{"@type":"ImageObject","inLanguage":"bs-BA","@id":"https:\/\/sandzakpress.net\/arhiva\/#\/schema\/person\/image\/","url":"https:\/\/secure.gravatar.com\/avatar\/42263f39aa27ac04c43cab85c280eb2e?s=96&d=mm&r=pg","contentUrl":"https:\/\/secure.gravatar.com\/avatar\/42263f39aa27ac04c43cab85c280eb2e?s=96&d=mm&r=pg","caption":"Kul"},"logo":{"@id":"https:\/\/sandzakpress.net\/arhiva\/#\/schema\/person\/image\/"}},{"@type":"Person","@id":"","url":"https:\/\/sandzakpress.net\/arhiva\/author\/"}]}},"_links":{"self":[{"href":"https:\/\/sandzakpress.net\/arhiva\/wp-json\/wp\/v2\/posts\/41681"}],"collection":[{"href":"https:\/\/sandzakpress.net\/arhiva\/wp-json\/wp\/v2\/posts"}],"about":[{"href":"https:\/\/sandzakpress.net\/arhiva\/wp-json\/wp\/v2\/types\/post"}],"author":[{"embeddable":true,"href":"https:\/\/sandzakpress.net\/arhiva\/wp-json\/wp\/v2\/users\/13"}],"replies":[{"embeddable":true,"href":"https:\/\/sandzakpress.net\/arhiva\/wp-json\/wp\/v2\/comments?post=41681"}],"version-history":[{"count":0,"href":"https:\/\/sandzakpress.net\/arhiva\/wp-json\/wp\/v2\/posts\/41681\/revisions"}],"wp:featuredmedia":[{"embeddable":true,"href":"https:\/\/sandzakpress.net\/arhiva\/wp-json\/wp\/v2\/media\/41683"}],"wp:attachment":[{"href":"https:\/\/sandzakpress.net\/arhiva\/wp-json\/wp\/v2\/media?parent=41681"}],"wp:term":[{"taxonomy":"category","embeddable":true,"href":"https:\/\/sandzakpress.net\/arhiva\/wp-json\/wp\/v2\/categories?post=41681"},{"taxonomy":"post_tag","embeddable":true,"href":"https:\/\/sandzakpress.net\/arhiva\/wp-json\/wp\/v2\/tags?post=41681"}],"curies":[{"name":"wp","href":"https:\/\/api.w.org\/{rel}","templated":true}]}}