{"id":41480,"date":"2012-06-10T16:24:53","date_gmt":"2012-06-10T14:24:53","guid":{"rendered":"https:\/\/sandzakpress.net\/arhiva\/?p=41480"},"modified":"2012-06-10T16:25:30","modified_gmt":"2012-06-10T14:25:30","slug":"interes-svih-bosnjaka-je-ocuvanje-i-izradnja-bosne-i-hercegovine","status":"publish","type":"post","link":"https:\/\/sandzakpress.net\/arhiva\/interes-svih-bosnjaka-je-ocuvanje-i-izradnja-bosne-i-hercegovine\/","title":{"rendered":"&#8216;Interes svih Bo\u0161njaka je o\u010duvanje i izradnja Bosne i Hercegovine&#8217;"},"content":{"rendered":"<p><strong><a href=\"https:\/\/sandzakpress.net\/arhiva\/wp-content\/uploads\/2012\/06\/150316_475294006696_8139670_n.jpg\"><img loading=\"lazy\" decoding=\"async\" class=\"alignleft size-medium wp-image-41483\" title=\"150316_475294006696_8139670_n\" src=\"https:\/\/sandzakpress.net\/arhiva\/wp-content\/uploads\/2012\/06\/150316_475294006696_8139670_n-258x300.jpg\" alt=\"\" width=\"258\" height=\"300\" \/><\/a>BiH &#8211; Glavni muftija Islamske zajednice u Srbiji Muamer ef. Zukorli\u0107, najmla\u0111i je muftija u Evropi, a mo\u017eda i u svijetu, \u010dovjek kojeg jedni do\u017eivljavaju kao borca za prava Bo\u0161njaka, a drugi ga osporavaju i optu\u017euju za ru\u0161enje dr\u017eavnih institucija Republike Srbije, \u010dovjek koji je uzburkao Srbiju svojim politi\u010dkim anga\u017emanom, u intervjuu za Fenu ka\u017ee da je zadatak Bo\u0161njaka uspostava i ja\u010danje bo\u0161nja\u010dkih nacionalnih institucija, te da je interes svih Bo\u0161njaka svijeta o\u010duvanje i izgradnja dr\u017eave Bosne i Hercegovine kao matice.<\/strong><\/p>\n<p>Zukorli\u0107 nagla\u0161ava da se kapacitet i kvalitet jednog naroda mjeri njegovom snagom da bude organiziran, odnosno civiliziranost jednog naroda procjenjuje se njegovom sposobno\u0161\u0107u da bude organiziran, a \u201emi imamo raskorak izme\u0111u onoga \u0161to je dubinska, bo\u0161nja\u010dka i islamska kultura u pogledu onoga \u0161to predstavljamo kao nacionalni korpus koji je li\u0161en institucionalnog \u017eivota skoro 100 godina. Dvadeseti vijek je obilje\u017eila bo\u0161nja\u010dka nacionalna obezglavljenost koja je dovela do toga da imamo krizu u institucionalnom smislu, u individualnom hvala Bogu ne\u201c.<\/p>\n<p>&#8211; Zato je na\u0161 nacionalni zadatak uspostava i ja\u010danje bo\u0161nja\u010dkih nacionalnih institucija koje \u0107e objediniti Bo\u0161njake BiH, Sand\u017eaka, Kosova, Makedonije, dijaspore. Bo\u0161nja\u010dki nacionalni interes &#8220;broj jedan&#8221; za sve Bo\u0161njake svijeta je o\u010duvanje i izgradnja dr\u017eave BiH kao matice.<\/p>\n<h3>Odnos Sarajlija i Sand\u017eaklija<\/h3>\n<p>Na pitanje o &#8220;animozitetu Sarajlija prema Sand\u017eaklijama\u201c, Zukorli\u0107 ka\u017ee da je to antibo\u0161nja\u010dki projekt koji ima korijene u Beogradu i \u010diji su protagonisti, na\u017ealost, probeogradski i antimuslimanski igra\u010di ovdje u Sarajevu, koji ovdje igraju na razjedinjavanju i atomizaciji \u201ejer \u0107e prvo dijeliti ljude na Bosance i Sand\u017eaklije, a potom na Sarajlije i nesarajlije, vratni\u010dane i bistri\u010dane, zna\u010di, atomizacija kojoj nema kraja i koja ima za cilj potpunu denacionalizaciju Bo\u0161njaka, obezglavljivanje Bo\u0161njaka i okretanje jednih protiv drugih.<\/p>\n<p>&#8211; To Bo\u0161njaci moraju smatrati kao maligni karcinom i tome se moraju suprotstaviti &#8211; ka\u017ee Zukorli\u0107.<\/p>\n<p>Smatra pogre\u0161nim tezu da se treba odre\u0107i nacionalnog, zbog multietni\u010dke strukture BiH jer \u201eonda na jednoj strani imamo dekadencu ili potpuno zaostajanje nacionalnog, a na drugoj strani imamo one koji misle da po svaku cijenu treba afirmirati nacionalno a zapostaviti dr\u017eavno, a to su dvije trake puta koje treba da se dopunjuju\u201c.<\/p>\n<h3>Institucionalizaciji bo\u0161nja\u010dkog nacionalnog identiteta<\/h3>\n<p>&#8211; Moj akcent je na institucionalizaciji bo\u0161nja\u010dkog nacionalnog identiteta, interesa i djelovanja. U tom pogledu mislim da je osnivanje Bo\u0161nja\u010dke akademije nauka i umjetnosti (BANU) jedan od najva\u017enijih iskoraka. Sada je neophodna afirmacija i aktiviranje tog projekta &#8211; ka\u017ee Zukorli\u0107.<\/p>\n<p>Poja\u0161njavaju\u0107i funkciju i cilj BANU-a, sand\u017ea\u010dki muftija ka\u017ee da je to dru\u0161tvo misle\u0107ih ljudi koji se bave nau\u010dnim istra\u017eivanjima i obrazovanjem, te da je ta institucija nastala kao nacionalna potreba svih Bo\u0161njaka svijeta i \u201eda je sre\u0107e da je jo\u0161 mnogo ranije formirana, ali eto onog trenutka kada je stanje sazrjelo a to je godinu dana od osnivanja\u201c.<\/p>\n<p>Bo\u0161nja\u010dka nacionalna fondacija tako\u0111er je strate\u0161ki projekt \u201eiz razloga \u0161to imamo situaciju da je nedovr\u0161ena dr\u017eava BiH dovela do toga da institucije s tradicijom poput pozori\u0161ta, muzeja, prosto nemaju svoj bud\u017eet, nemaju onoga ko \u0107e o njima voditi brigu da bi pre\u017eivjele.<\/p>\n<p>&#8211; \u010cinjenica je da nedostaje sloboda u pojedinim institucijama dr\u017eave BiH koje bi trebale da budu u slu\u017ebi gra\u0111ana. Pa imamo paradoks da institucije koje su finansirane od gra\u0111ana sav svoj kapacitet koriste da razaraju vjersko i nacionalno tkivo, odnosno identitet tih gra\u0111ana &#8211; smatra Zukorli\u0107.<\/p>\n<h3>Svjetski bo\u0161nja\u010dki kongres<\/h3>\n<p>Kao primjer navodi da su Jevreji imali Svjetski jevrejski kongres dok nisu imali dr\u017eavu, te su iz tog kongresa servisirani svi nacionalni interesi Jevreja svijeta, \u201ea mi, muslimani, valja nam u\u010diti i uzeti mudrost gdje god je na\u0111emo\u201c.<\/p>\n<p>&#8211; I nama je sada potreban svjetski bo\u0161nja\u010dki kongres, zato \u0161to imamo nedovr\u0161enu dr\u017eavu BiH, koja ne mo\u017ee servisirati ni interese samih gra\u0111ana BiH, a kamoli mene kao Bo\u0161njaka izvan BiH. Prema tome, ja sam zakinut i imam pravo na dodatne mehanizme i ne\u0107u se pomiriti dok se ti mehanizmi ne naprave. Zadatak broj jedan je institucionalizacija bo\u0161nja\u010dkog nacionalnog tijela &#8211; nagla\u0161ava Zukorli\u0107.<\/p>\n<p>Ka\u017ee da je BANU svojevrsni nacionalni mozak bo\u0161nja\u010dkog naroda i jedina je institucija toga tipa, jer prosto ne postoji misle\u0107e tijelo koje se bavi nau\u010dnim istra\u017eivanjima, promi\u0161ljanjem, temama od izuzetnog zna\u010daja za bo\u0161nja\u010dki nacionalni opstanak. To je ne\u0161to \u0161to imaju svi narodi i sve nacije svijeta. S obzirom na nedovr\u0161ene nacionalne procese u pogledu dr\u017eavotvornosti i u pogledu kulturologije i ostalih segmenata identiteta, evo mi to \u010dinimo. O\u010dekujem da \u0107e BANU vr\u0161iti svoju ulogu u skladu s izazovima i potrebama &#8211; ka\u017ee Zukorli\u0107.<\/p>\n<p>U nastavku razgovora navodi da Bo\u0161njaci nacionalni identitet crpe iz svog etni\u010dkog porijekla i etni\u010dke bo\u0161nja\u010dke predislamske i predslavenske tradicije \u201eali isto tako najzna\u010dajniji aspekt na\u0161eg identiteta je na\u0161a islamska tradicija, i mi smo najpozvaniji da sopstveni identitet afirmiramo kroz znanje, obrazovanje i nauku, \u0161to jeste jedan od osnovnih principa na\u0161e islamske tradicije, jer je prva kur'anska poruka &#8216;u\u010di u ime tvoga Gospodara koji stvara'\u201c.<\/p>\n<p>Djelovanje udru\u017eenja Bo\u0161njaka u Evropi i svijetu mnogi nazivaju pan-bo\u0161nja\u010dko bu\u0111enje, iako je to kolokvijalni izraz, muftija je rekao kako je to za njega prihvatljiv izraz, jer je to definitivno novi talas bo\u0161nja\u010dkoga bu\u0111enja.<\/p>\n<h3>Politi\u010dki pokret pod imenom SDA je do\u017eivio neuspjeh<\/h3>\n<p>&#8211; Na\u017ealost, talas koji se desio devedestih godina 20. vijeka kroz politi\u010dki pokret SDA, koja je poku\u0161ala objediniti sve Bo\u0161njake Balkana i dijaspore, do\u017eivio je svojevrsni neuspjeh, a sada je na nama da ne dozvolimo da zbog neuspjeha jednog politi\u010dkog projekta mi odustanemo od elementarnih nacionalnih interesa, a jedan od klju\u010dnih interesa jeste uvezivanje Bo\u0161njaka ma gdje oni \u017eivjeli \u2013 poja\u0161njava Zukorli\u0107.<\/p>\n<p>S obzirom na \u010dinjenicu da BiH kao mati\u010dna dr\u017eava svih Bo\u0161njaka nije tako ustavno ustrojena, da bi bila nacionalna dr\u017eava koja se brine o Bo\u0161njacima izvan BiH, Zukorli\u0107 je naglasio da to predstavlja obavezu vi\u0161e da imamo alternativne oblike organizovanja, a jedna od tih organizacija je Bo\u0161nja\u010dka kulturna zajednica, \u201ekoja je ve\u0107 prerasla u kulturno-nacionalni projekt i pokret koji je krenuo iz Sand\u017eaka prema svijetu, s ambicijom kulturne organizacije koja \u0107e biti bliska i ne\u0107e se baviti elitisti\u010dkom kulturom i umjetno\u0161\u0107u, ve\u0107 svim segmentima o\u017eivljavanja i ba\u0161tinjenja bo\u0161nja\u010dke kulture, zapravo predstavljat \u0107e faktor povezivanja svih Bo\u0161njaka na Balkanu i u svijetu op\u0107enito\u201c.<\/p>\n<h3>Beograd ne \u017eeli slobodnu Islamsku zajednicu<\/h3>\n<p>O aktuelnoj situaciji unutar Islamske zajednice Srbije i Sand\u017eaka muftija Zukorli\u0107 ka\u017ee kako se beogradski re\u017eim ne miri s \u010dinjenicom da u BiH i Sand\u017eaku postoji slobodna Islamska zajednica, jer je cijeli 20. vijek bio obilje\u017een time da je Islamska zajednica bila kontrolirana od re\u017eima u Beogradu i da je kori\u0161tena da legalizira antimuslimanske i antibo\u0161nja\u010dke projekte.<\/p>\n<p>&#8211; Bo\u0161njaci se izbacuju iz Ustava dok tamo neka &#8216;ahmedija&#8217; sjedi u parlamentu i legalizira taj antimuslimanski i antibo\u0161nja\u010dki \u010din; kada se ukidaju neka prava, kada se vr\u0161i diskriminacija, uvijek je postojala ta &#8216;de\u017eurna ahmedija&#8217; koja je simboli\u010dki to legalizirala. Reformom u Islamskoj zajednici 1993.godine to smo zaustavili i izborili se za autonomnost Islamske zajednice, koja je garantirana Ustavom te dr\u017eave &#8211; ka\u017ee Zukorli\u0107.<\/p>\n<p>Me\u0111utim, dodao je, kada nisu mogli zaustaviti projekte da se i mi pretvorimo u poltrone prema dr\u017eavnom re\u017eimu u Beogradu i da slu\u017eimo njihovim, a ne na\u0161im islamskim i bo\u0161nja\u010dkim interesima, oni su poku\u0161ali oteti Islamsku zajednicu. Kada u tome nisu uspjeli onda su je poku\u0161ali pocijepati, i uspjeli su na\u017ealost da 20-tak i vi\u0161e imama izdvoje i navodno formiraju paralelnu Islamsku zajednicu.<\/p>\n<p>Naglasio je kako je to antiustavni, anticivilizacijski, antizakonski, antihumani \u010din, \u201cto je direktna agresija Beograda na Islamsku zajednicu, te prema tome, tu je Zilki\u0107 potpuno nebitan faktor, jer da nije Zilki\u0107, onda bi bio neko drugi. To je projekt beogradskog re\u017eima kojim treba da se otupi o\u0161trica ovog slobodarskog pokreta koji je nastao u Islamskoj zajednica Sand\u017eak\u201c.<\/p>\n<p>Zukorli\u0107 je ponovio da je to atak na slobodu, i vjersku i nacionalnu, i poku\u0161aj da se Bo\u0161njaci kroz Islamsku zajednicu ponovno poltroniziraju, a \u201emi ne prihvatamo poltronski odnos prema dr\u017eavi, mi \u017eelimo partnerski odnos \u0161to jeste predvi\u0111eno Ustavom dr\u017eave, ali i \u0161to jeste na\u0161e duhovno i civilizacijsko pravo\u201c.<\/p>\n<p>&#8211; Zna\u010di to nije problem unutar muslimana Sand\u017eaka, jer vi znate da smo mi Sand\u017eaklije najslo\u017eniji narod na svijetu, prema tome, to je bio i ostao projekt Beograda, kojim je trebalo oslabiti i na\u0161 vjerski i nacionalni razvoj i ugroziti slobodarski pokret Bo\u0161njaka koji je krenuo iz Sand\u017eaka jer je Islamska zajednica bila gnijezdo iz koje je nikao Internacionalni univerzitet u Novom Pazaru, iz kojeg je organizirana vjerska nauka, o\u017eivljena vakufska imovina, oslobo\u0111eno Bo\u0161nja\u010dko nacionalno vije\u0107e, to su bili veliki nacionalni projekti koje je Beograd opstruirao- precizira sand\u017ea\u010dki muftija.<\/p>\n<h3><strong>Izborom Nikoli\u0107a srpska politika prema Bo\u0161njacima jasnija<\/strong><\/h3>\n<p>Na pitanje ho\u0107e li se politi\u010dka situacija u Srbiji promijeniti izborom Tomislava Nikoli\u0107a za predsjednika, Zukorli\u0107 je bez okoli\u0161anja napravio distinkciju izme\u0111u doskora\u0161njeg srbijanskog predsjednika Borisa Tadi\u0107a i novoizabranog Tomislava Nikoli\u0107a rekav\u0161i &#8220;da \u0107e se situacija promijeniti tako da \u0107emo imati potpuno demaskiranu i jasnu srpsku politiku prema Bo\u0161njacima\u201c.<\/p>\n<p>&#8211; Ako biram izme\u0111u &#8216;licemjernog demokrate&#8217; i &#8216;iskrenog \u010detnika&#8217;, vi\u0161e volim imati ovog drugog za kojeg znam \u0161ta mi misli, a to sam rekao i u Beogradu, a evo ponavljam i vama u Sarajevu -kazao je Zukorli\u0107.<\/p>\n<p>Poja\u0161njava da je do sada na sceni bila maskirana antibo\u0161nja\u010dka politika simbolizirana u Borisu Tadi\u0107u koji je bio \u201eevropski ljubimac i koji je protiv Bo\u0161njaka i iz BiH i Sand\u017eaka mogao raditi \u0161to ho\u0107e\u201c.<\/p>\n<p>Ka\u017ee da je Tadi\u0107 jedno pri\u010dao u Beogradu, drugo u Banjoj Luci, tre\u0107e u Bruxellesu, \u010detvrto u Ankari, a sada \u0107emo imati jasnu politiku, a onda \u0107emo se morati prema toj politici odrediti, jer \u0107e Nikoli\u0107 \u201evoditi politiku koja \u0107e biti jasna i transparentna\u201c.<\/p>\n<p>&#8211; Ja sam se borio za obaranje Borisa Tadi\u0107a, nisam se borio za dovo\u0111enje Tomislava Nikoli\u0107a, to je ogromna razlika, ali smatram da je ovo bolje rje\u0161enje i za Sand\u017eak i za BiH jer \u0107ete imati potpuno jasnu situaciju i znat \u0107ete \u0161ta vam predsjednik Srbije misli.<\/p>\n<p>U intervju za Fenu sand\u017ea\u010dki muftija nije \u017eelio komentirati aktuelnu politi\u010dku situaciju u BiH nakon koalicionih prekomponiranja rekav\u0161i kako se ne bavi dnevno-politi\u010dkim pitanjima u BiH.<\/p>\n<p>&#8211; Ja promatram tu scenu u mjeri u kojoj ona ima nacionalne implikacije i u mjeri u kojoj ima sand\u017ea\u010dke implikacije, jer je moj problem \u0161to sam ja principijelno za promjene, ja ka\u017eem &#8216;i kad nemate kre\u010da kre\u010dite sobu tako \u0161to \u0107ete pomjeriti ormare i po\u010distiti pra\u0161inu&#8217;- kazao je na kraju razgovora sand\u017ea\u010dki muftija Muamer ef. Zukorli\u0107, koji je u petak borave\u0107i u Srebrenici najavio da \u0107e se registrirati u toj op\u0107ini kako bi na predstoje\u0107im lokalnim izborima mogao glasati za izbor na\u010delnika Op\u0107ine Srebrenica.<\/p>\n<p>Izvor: <strong>FENA<\/strong><\/p>\n","protected":false},"excerpt":{"rendered":"<p>BiH &#8211; Glavni muftija Islamske zajednice u Srbiji Muamer ef. Zukorli\u0107, najmla\u0111i je muftija u Evropi, a mo\u017eda i u svijetu, \u010dovjek kojeg jedni do\u017eivljavaju kao borca za prava Bo\u0161njaka, a drugi ga osporavaju i optu\u017euju za ru\u0161enje dr\u017eavnih institucija Republike Srbije, \u010dovjek koji je uzburkao Srbiju svojim politi\u010dkim anga\u017emanom, u intervjuu za Fenu ka\u017ee [&hellip;]<\/p>\n","protected":false},"author":83,"featured_media":41483,"comment_status":"open","ping_status":"open","sticky":false,"template":"","format":"standard","meta":{"footnotes":""},"categories":[800,2860,8957],"tags":[],"class_list":{"0":"post-41480","1":"post","2":"type-post","3":"status-publish","4":"format-standard","5":"has-post-thumbnail","7":"category-nacija","8":"category-bosna-i-hercegovina-gradovi","9":"category-vijesti-dana"},"yoast_head":"<!-- This site is optimized with the Yoast SEO Premium plugin v23.1 (Yoast SEO v24.9) - https:\/\/yoast.com\/wordpress\/plugins\/seo\/ -->\n<title>&#039;Interes svih Bo\u0161njaka je o\u010duvanje i izradnja Bosne i Hercegovine&#039;<\/title>\n<meta name=\"robots\" content=\"index, follow, max-snippet:-1, max-image-preview:large, max-video-preview:-1\" \/>\n<link rel=\"canonical\" href=\"https:\/\/sandzakpress.net\/arhiva\/interes-svih-bosnjaka-je-ocuvanje-i-izradnja-bosne-i-hercegovine\/\" \/>\n<meta property=\"og:locale\" content=\"bs_BA\" \/>\n<meta property=\"og:type\" content=\"article\" \/>\n<meta property=\"og:title\" content=\"&#039;Interes svih Bo\u0161njaka je o\u010duvanje i izradnja Bosne i Hercegovine&#039;\" \/>\n<meta property=\"og:description\" content=\"BiH &#8211; Glavni muftija Islamske zajednice u Srbiji Muamer ef. Zukorli\u0107, najmla\u0111i je muftija u Evropi, a mo\u017eda i u svijetu, \u010dovjek kojeg jedni do\u017eivljavaju kao borca za prava Bo\u0161njaka, a drugi ga osporavaju i optu\u017euju za ru\u0161enje dr\u017eavnih institucija Republike Srbije, \u010dovjek koji je uzburkao Srbiju svojim politi\u010dkim anga\u017emanom, u intervjuu za Fenu ka\u017ee [&hellip;]\" \/>\n<meta property=\"og:url\" content=\"https:\/\/sandzakpress.net\/arhiva\/interes-svih-bosnjaka-je-ocuvanje-i-izradnja-bosne-i-hercegovine\/\" \/>\n<meta property=\"og:site_name\" content=\"Sand\u017eak PRESS\" \/>\n<meta property=\"article:published_time\" content=\"2012-06-10T14:24:53+00:00\" \/>\n<meta property=\"article:modified_time\" content=\"2012-06-10T14:25:30+00:00\" \/>\n<meta property=\"og:image\" content=\"https:\/\/sandzakpress.net\/arhiva\/wp-content\/uploads\/2012\/06\/150316_475294006696_8139670_n.jpg\" \/>\n\t<meta property=\"og:image:width\" content=\"300\" \/>\n\t<meta property=\"og:image:height\" content=\"348\" \/>\n\t<meta property=\"og:image:type\" content=\"image\/jpeg\" \/>\n<meta name=\"author\" content=\"bosniak\" \/>\n<meta name=\"twitter:card\" content=\"summary_large_image\" \/>\n<meta name=\"twitter:label1\" content=\"Written by\" \/>\n\t<meta name=\"twitter:data1\" content=\"bosniak\" \/>\n\t<meta name=\"twitter:label2\" content=\"Est. reading time\" \/>\n\t<meta name=\"twitter:data2\" content=\"10 minuta\" \/>\n<script type=\"application\/ld+json\" class=\"yoast-schema-graph\">{\"@context\":\"https:\/\/schema.org\",\"@graph\":[{\"@type\":\"Article\",\"@id\":\"https:\/\/sandzakpress.net\/arhiva\/interes-svih-bosnjaka-je-ocuvanje-i-izradnja-bosne-i-hercegovine\/#article\",\"isPartOf\":{\"@id\":\"https:\/\/sandzakpress.net\/arhiva\/interes-svih-bosnjaka-je-ocuvanje-i-izradnja-bosne-i-hercegovine\/\"},\"author\":{\"name\":\"bosniak\",\"@id\":\"https:\/\/sandzakpress.net\/arhiva\/#\/schema\/person\/c8baee722073534b583ea7bdb2e36c02\"},\"headline\":\"&#8216;Interes svih Bo\u0161njaka je o\u010duvanje i izradnja Bosne i Hercegovine&#8217;\",\"datePublished\":\"2012-06-10T14:24:53+00:00\",\"dateModified\":\"2012-06-10T14:25:30+00:00\",\"mainEntityOfPage\":{\"@id\":\"https:\/\/sandzakpress.net\/arhiva\/interes-svih-bosnjaka-je-ocuvanje-i-izradnja-bosne-i-hercegovine\/\"},\"wordCount\":1984,\"commentCount\":3,\"publisher\":{\"@id\":\"https:\/\/sandzakpress.net\/arhiva\/#\/schema\/person\/6e72b67d6e51910a1117b3b483ba20bd\"},\"image\":{\"@id\":\"https:\/\/sandzakpress.net\/arhiva\/interes-svih-bosnjaka-je-ocuvanje-i-izradnja-bosne-i-hercegovine\/#primaryimage\"},\"thumbnailUrl\":\"https:\/\/sandzakpress.net\/arhiva\/wp-content\/uploads\/2012\/06\/150316_475294006696_8139670_n.jpg\",\"articleSection\":[\"Nacija\",\"Bosna i Hercegovina\",\"VIJESTI DANA\"],\"inLanguage\":\"bs-BA\",\"potentialAction\":[{\"@type\":\"CommentAction\",\"name\":\"Comment\",\"target\":[\"https:\/\/sandzakpress.net\/arhiva\/interes-svih-bosnjaka-je-ocuvanje-i-izradnja-bosne-i-hercegovine\/#respond\"]}]},{\"@type\":\"WebPage\",\"@id\":\"https:\/\/sandzakpress.net\/arhiva\/interes-svih-bosnjaka-je-ocuvanje-i-izradnja-bosne-i-hercegovine\/\",\"url\":\"https:\/\/sandzakpress.net\/arhiva\/interes-svih-bosnjaka-je-ocuvanje-i-izradnja-bosne-i-hercegovine\/\",\"name\":\"'Interes svih Bo\u0161njaka je o\u010duvanje i izradnja Bosne i Hercegovine'\",\"isPartOf\":{\"@id\":\"https:\/\/sandzakpress.net\/arhiva\/#website\"},\"primaryImageOfPage\":{\"@id\":\"https:\/\/sandzakpress.net\/arhiva\/interes-svih-bosnjaka-je-ocuvanje-i-izradnja-bosne-i-hercegovine\/#primaryimage\"},\"image\":{\"@id\":\"https:\/\/sandzakpress.net\/arhiva\/interes-svih-bosnjaka-je-ocuvanje-i-izradnja-bosne-i-hercegovine\/#primaryimage\"},\"thumbnailUrl\":\"https:\/\/sandzakpress.net\/arhiva\/wp-content\/uploads\/2012\/06\/150316_475294006696_8139670_n.jpg\",\"datePublished\":\"2012-06-10T14:24:53+00:00\",\"dateModified\":\"2012-06-10T14:25:30+00:00\",\"breadcrumb\":{\"@id\":\"https:\/\/sandzakpress.net\/arhiva\/interes-svih-bosnjaka-je-ocuvanje-i-izradnja-bosne-i-hercegovine\/#breadcrumb\"},\"inLanguage\":\"bs-BA\",\"potentialAction\":[{\"@type\":\"ReadAction\",\"target\":[\"https:\/\/sandzakpress.net\/arhiva\/interes-svih-bosnjaka-je-ocuvanje-i-izradnja-bosne-i-hercegovine\/\"]}]},{\"@type\":\"ImageObject\",\"inLanguage\":\"bs-BA\",\"@id\":\"https:\/\/sandzakpress.net\/arhiva\/interes-svih-bosnjaka-je-ocuvanje-i-izradnja-bosne-i-hercegovine\/#primaryimage\",\"url\":\"https:\/\/sandzakpress.net\/arhiva\/wp-content\/uploads\/2012\/06\/150316_475294006696_8139670_n.jpg\",\"contentUrl\":\"https:\/\/sandzakpress.net\/arhiva\/wp-content\/uploads\/2012\/06\/150316_475294006696_8139670_n.jpg\",\"width\":300,\"height\":348},{\"@type\":\"BreadcrumbList\",\"@id\":\"https:\/\/sandzakpress.net\/arhiva\/interes-svih-bosnjaka-je-ocuvanje-i-izradnja-bosne-i-hercegovine\/#breadcrumb\",\"itemListElement\":[{\"@type\":\"ListItem\",\"position\":1,\"name\":\"Home\",\"item\":\"https:\/\/sandzakpress.net\/arhiva\/\"},{\"@type\":\"ListItem\",\"position\":2,\"name\":\"&#8216;Interes svih Bo\u0161njaka je o\u010duvanje i izradnja Bosne i Hercegovine&#8217;\"}]},{\"@type\":\"WebSite\",\"@id\":\"https:\/\/sandzakpress.net\/arhiva\/#website\",\"url\":\"https:\/\/sandzakpress.net\/arhiva\/\",\"name\":\"Sand\u017eak PRESS\",\"description\":\"Prve elektronske novine u Sand\u017eaku\",\"publisher\":{\"@id\":\"https:\/\/sandzakpress.net\/arhiva\/#\/schema\/person\/6e72b67d6e51910a1117b3b483ba20bd\"},\"potentialAction\":[{\"@type\":\"SearchAction\",\"target\":{\"@type\":\"EntryPoint\",\"urlTemplate\":\"https:\/\/sandzakpress.net\/arhiva\/?s={search_term_string}\"},\"query-input\":{\"@type\":\"PropertyValueSpecification\",\"valueRequired\":true,\"valueName\":\"search_term_string\"}}],\"inLanguage\":\"bs-BA\"},{\"@type\":[\"Person\",\"Organization\"],\"@id\":\"https:\/\/sandzakpress.net\/arhiva\/#\/schema\/person\/6e72b67d6e51910a1117b3b483ba20bd\",\"name\":\"Kul\",\"image\":{\"@type\":\"ImageObject\",\"inLanguage\":\"bs-BA\",\"@id\":\"https:\/\/sandzakpress.net\/arhiva\/#\/schema\/person\/image\/\",\"url\":\"https:\/\/secure.gravatar.com\/avatar\/42263f39aa27ac04c43cab85c280eb2e?s=96&d=mm&r=pg\",\"contentUrl\":\"https:\/\/secure.gravatar.com\/avatar\/42263f39aa27ac04c43cab85c280eb2e?s=96&d=mm&r=pg\",\"caption\":\"Kul\"},\"logo\":{\"@id\":\"https:\/\/sandzakpress.net\/arhiva\/#\/schema\/person\/image\/\"}},{\"@type\":\"Person\",\"@id\":\"https:\/\/sandzakpress.net\/arhiva\/#\/schema\/person\/c8baee722073534b583ea7bdb2e36c02\",\"name\":\"bosniak\",\"image\":{\"@type\":\"ImageObject\",\"inLanguage\":\"bs-BA\",\"@id\":\"https:\/\/sandzakpress.net\/arhiva\/#\/schema\/person\/image\/\",\"url\":\"https:\/\/secure.gravatar.com\/avatar\/a04fd330bfe3a36a72a0ad4a6d89fca7?s=96&d=mm&r=pg\",\"contentUrl\":\"https:\/\/secure.gravatar.com\/avatar\/a04fd330bfe3a36a72a0ad4a6d89fca7?s=96&d=mm&r=pg\",\"caption\":\"bosniak\"},\"url\":\"https:\/\/sandzakpress.net\/arhiva\/author\/bosniak\/\"}]}<\/script>\n<!-- \/ Yoast SEO Premium plugin. -->","yoast_head_json":{"title":"'Interes svih Bo\u0161njaka je o\u010duvanje i izradnja Bosne i Hercegovine'","robots":{"index":"index","follow":"follow","max-snippet":"max-snippet:-1","max-image-preview":"max-image-preview:large","max-video-preview":"max-video-preview:-1"},"canonical":"https:\/\/sandzakpress.net\/arhiva\/interes-svih-bosnjaka-je-ocuvanje-i-izradnja-bosne-i-hercegovine\/","og_locale":"bs_BA","og_type":"article","og_title":"'Interes svih Bo\u0161njaka je o\u010duvanje i izradnja Bosne i Hercegovine'","og_description":"BiH &#8211; Glavni muftija Islamske zajednice u Srbiji Muamer ef. Zukorli\u0107, najmla\u0111i je muftija u Evropi, a mo\u017eda i u svijetu, \u010dovjek kojeg jedni do\u017eivljavaju kao borca za prava Bo\u0161njaka, a drugi ga osporavaju i optu\u017euju za ru\u0161enje dr\u017eavnih institucija Republike Srbije, \u010dovjek koji je uzburkao Srbiju svojim politi\u010dkim anga\u017emanom, u intervjuu za Fenu ka\u017ee [&hellip;]","og_url":"https:\/\/sandzakpress.net\/arhiva\/interes-svih-bosnjaka-je-ocuvanje-i-izradnja-bosne-i-hercegovine\/","og_site_name":"Sand\u017eak PRESS","article_published_time":"2012-06-10T14:24:53+00:00","article_modified_time":"2012-06-10T14:25:30+00:00","og_image":[{"width":300,"height":348,"url":"https:\/\/sandzakpress.net\/arhiva\/wp-content\/uploads\/2012\/06\/150316_475294006696_8139670_n.jpg","type":"image\/jpeg"}],"author":"bosniak","twitter_card":"summary_large_image","twitter_misc":{"Written by":"bosniak","Est. reading time":"10 minuta"},"schema":{"@context":"https:\/\/schema.org","@graph":[{"@type":"Article","@id":"https:\/\/sandzakpress.net\/arhiva\/interes-svih-bosnjaka-je-ocuvanje-i-izradnja-bosne-i-hercegovine\/#article","isPartOf":{"@id":"https:\/\/sandzakpress.net\/arhiva\/interes-svih-bosnjaka-je-ocuvanje-i-izradnja-bosne-i-hercegovine\/"},"author":{"name":"bosniak","@id":"https:\/\/sandzakpress.net\/arhiva\/#\/schema\/person\/c8baee722073534b583ea7bdb2e36c02"},"headline":"&#8216;Interes svih Bo\u0161njaka je o\u010duvanje i izradnja Bosne i Hercegovine&#8217;","datePublished":"2012-06-10T14:24:53+00:00","dateModified":"2012-06-10T14:25:30+00:00","mainEntityOfPage":{"@id":"https:\/\/sandzakpress.net\/arhiva\/interes-svih-bosnjaka-je-ocuvanje-i-izradnja-bosne-i-hercegovine\/"},"wordCount":1984,"commentCount":3,"publisher":{"@id":"https:\/\/sandzakpress.net\/arhiva\/#\/schema\/person\/6e72b67d6e51910a1117b3b483ba20bd"},"image":{"@id":"https:\/\/sandzakpress.net\/arhiva\/interes-svih-bosnjaka-je-ocuvanje-i-izradnja-bosne-i-hercegovine\/#primaryimage"},"thumbnailUrl":"https:\/\/sandzakpress.net\/arhiva\/wp-content\/uploads\/2012\/06\/150316_475294006696_8139670_n.jpg","articleSection":["Nacija","Bosna i Hercegovina","VIJESTI DANA"],"inLanguage":"bs-BA","potentialAction":[{"@type":"CommentAction","name":"Comment","target":["https:\/\/sandzakpress.net\/arhiva\/interes-svih-bosnjaka-je-ocuvanje-i-izradnja-bosne-i-hercegovine\/#respond"]}]},{"@type":"WebPage","@id":"https:\/\/sandzakpress.net\/arhiva\/interes-svih-bosnjaka-je-ocuvanje-i-izradnja-bosne-i-hercegovine\/","url":"https:\/\/sandzakpress.net\/arhiva\/interes-svih-bosnjaka-je-ocuvanje-i-izradnja-bosne-i-hercegovine\/","name":"'Interes svih Bo\u0161njaka je o\u010duvanje i izradnja Bosne i Hercegovine'","isPartOf":{"@id":"https:\/\/sandzakpress.net\/arhiva\/#website"},"primaryImageOfPage":{"@id":"https:\/\/sandzakpress.net\/arhiva\/interes-svih-bosnjaka-je-ocuvanje-i-izradnja-bosne-i-hercegovine\/#primaryimage"},"image":{"@id":"https:\/\/sandzakpress.net\/arhiva\/interes-svih-bosnjaka-je-ocuvanje-i-izradnja-bosne-i-hercegovine\/#primaryimage"},"thumbnailUrl":"https:\/\/sandzakpress.net\/arhiva\/wp-content\/uploads\/2012\/06\/150316_475294006696_8139670_n.jpg","datePublished":"2012-06-10T14:24:53+00:00","dateModified":"2012-06-10T14:25:30+00:00","breadcrumb":{"@id":"https:\/\/sandzakpress.net\/arhiva\/interes-svih-bosnjaka-je-ocuvanje-i-izradnja-bosne-i-hercegovine\/#breadcrumb"},"inLanguage":"bs-BA","potentialAction":[{"@type":"ReadAction","target":["https:\/\/sandzakpress.net\/arhiva\/interes-svih-bosnjaka-je-ocuvanje-i-izradnja-bosne-i-hercegovine\/"]}]},{"@type":"ImageObject","inLanguage":"bs-BA","@id":"https:\/\/sandzakpress.net\/arhiva\/interes-svih-bosnjaka-je-ocuvanje-i-izradnja-bosne-i-hercegovine\/#primaryimage","url":"https:\/\/sandzakpress.net\/arhiva\/wp-content\/uploads\/2012\/06\/150316_475294006696_8139670_n.jpg","contentUrl":"https:\/\/sandzakpress.net\/arhiva\/wp-content\/uploads\/2012\/06\/150316_475294006696_8139670_n.jpg","width":300,"height":348},{"@type":"BreadcrumbList","@id":"https:\/\/sandzakpress.net\/arhiva\/interes-svih-bosnjaka-je-ocuvanje-i-izradnja-bosne-i-hercegovine\/#breadcrumb","itemListElement":[{"@type":"ListItem","position":1,"name":"Home","item":"https:\/\/sandzakpress.net\/arhiva\/"},{"@type":"ListItem","position":2,"name":"&#8216;Interes svih Bo\u0161njaka je o\u010duvanje i izradnja Bosne i Hercegovine&#8217;"}]},{"@type":"WebSite","@id":"https:\/\/sandzakpress.net\/arhiva\/#website","url":"https:\/\/sandzakpress.net\/arhiva\/","name":"Sand\u017eak PRESS","description":"Prve elektronske novine u Sand\u017eaku","publisher":{"@id":"https:\/\/sandzakpress.net\/arhiva\/#\/schema\/person\/6e72b67d6e51910a1117b3b483ba20bd"},"potentialAction":[{"@type":"SearchAction","target":{"@type":"EntryPoint","urlTemplate":"https:\/\/sandzakpress.net\/arhiva\/?s={search_term_string}"},"query-input":{"@type":"PropertyValueSpecification","valueRequired":true,"valueName":"search_term_string"}}],"inLanguage":"bs-BA"},{"@type":["Person","Organization"],"@id":"https:\/\/sandzakpress.net\/arhiva\/#\/schema\/person\/6e72b67d6e51910a1117b3b483ba20bd","name":"Kul","image":{"@type":"ImageObject","inLanguage":"bs-BA","@id":"https:\/\/sandzakpress.net\/arhiva\/#\/schema\/person\/image\/","url":"https:\/\/secure.gravatar.com\/avatar\/42263f39aa27ac04c43cab85c280eb2e?s=96&d=mm&r=pg","contentUrl":"https:\/\/secure.gravatar.com\/avatar\/42263f39aa27ac04c43cab85c280eb2e?s=96&d=mm&r=pg","caption":"Kul"},"logo":{"@id":"https:\/\/sandzakpress.net\/arhiva\/#\/schema\/person\/image\/"}},{"@type":"Person","@id":"https:\/\/sandzakpress.net\/arhiva\/#\/schema\/person\/c8baee722073534b583ea7bdb2e36c02","name":"bosniak","image":{"@type":"ImageObject","inLanguage":"bs-BA","@id":"https:\/\/sandzakpress.net\/arhiva\/#\/schema\/person\/image\/","url":"https:\/\/secure.gravatar.com\/avatar\/a04fd330bfe3a36a72a0ad4a6d89fca7?s=96&d=mm&r=pg","contentUrl":"https:\/\/secure.gravatar.com\/avatar\/a04fd330bfe3a36a72a0ad4a6d89fca7?s=96&d=mm&r=pg","caption":"bosniak"},"url":"https:\/\/sandzakpress.net\/arhiva\/author\/bosniak\/"}]}},"_links":{"self":[{"href":"https:\/\/sandzakpress.net\/arhiva\/wp-json\/wp\/v2\/posts\/41480"}],"collection":[{"href":"https:\/\/sandzakpress.net\/arhiva\/wp-json\/wp\/v2\/posts"}],"about":[{"href":"https:\/\/sandzakpress.net\/arhiva\/wp-json\/wp\/v2\/types\/post"}],"author":[{"embeddable":true,"href":"https:\/\/sandzakpress.net\/arhiva\/wp-json\/wp\/v2\/users\/83"}],"replies":[{"embeddable":true,"href":"https:\/\/sandzakpress.net\/arhiva\/wp-json\/wp\/v2\/comments?post=41480"}],"version-history":[{"count":0,"href":"https:\/\/sandzakpress.net\/arhiva\/wp-json\/wp\/v2\/posts\/41480\/revisions"}],"wp:featuredmedia":[{"embeddable":true,"href":"https:\/\/sandzakpress.net\/arhiva\/wp-json\/wp\/v2\/media\/41483"}],"wp:attachment":[{"href":"https:\/\/sandzakpress.net\/arhiva\/wp-json\/wp\/v2\/media?parent=41480"}],"wp:term":[{"taxonomy":"category","embeddable":true,"href":"https:\/\/sandzakpress.net\/arhiva\/wp-json\/wp\/v2\/categories?post=41480"},{"taxonomy":"post_tag","embeddable":true,"href":"https:\/\/sandzakpress.net\/arhiva\/wp-json\/wp\/v2\/tags?post=41480"}],"curies":[{"name":"wp","href":"https:\/\/api.w.org\/{rel}","templated":true}]}}