{"id":41283,"date":"2012-06-08T17:29:12","date_gmt":"2012-06-08T15:29:12","guid":{"rendered":"https:\/\/sandzakpress.net\/arhiva\/?p=41283"},"modified":"2012-06-08T17:29:12","modified_gmt":"2012-06-08T15:29:12","slug":"godisnjica-bosnjacke-akademije-nauka-i-umjetnosti","status":"publish","type":"post","link":"https:\/\/sandzakpress.net\/arhiva\/godisnjica-bosnjacke-akademije-nauka-i-umjetnosti\/","title":{"rendered":"Godi\u0161njica Bo\u0161nja\u010dke akademije nauka i umjetnosti"},"content":{"rendered":"<p><a href=\"https:\/\/sandzakpress.net\/arhiva\/wp-content\/uploads\/2012\/06\/Osinivanje_BANU_9_juni_20113.jpg\"><img loading=\"lazy\" decoding=\"async\" class=\"aligncenter size-full wp-image-41287\" title=\"Osinivanje_BANU_9_juni_2011\" src=\"https:\/\/sandzakpress.net\/arhiva\/wp-content\/uploads\/2012\/06\/Osinivanje_BANU_9_juni_20113.jpg\" alt=\"\" width=\"600\" height=\"315\" \/><\/a><\/p>\n<p><strong>Prije godinu dana, 9.06.2011. godine, na Internacionalnom univerzitetu u Novom Pazaru odr\u017eana je osniva\u010dka skup\u0161tina Bo\u0161nja\u010dke akademije nauka i umjetnosti.<\/strong><\/p>\n<p>Za prvog predsjednika ove elitne bo\u0161nja\u010dke institucije izabran je prof. dr. Ferid Muhi\u0107.<\/p>\n","protected":false},"excerpt":{"rendered":"<p>Prije godinu dana, 9.06.2011. godine, na Internacionalnom univerzitetu u Novom Pazaru odr\u017eana je osniva\u010dka skup\u0161tina Bo\u0161nja\u010dke akademije nauka i umjetnosti. Za prvog predsjednika ove elitne bo\u0161nja\u010dke institucije izabran je prof. dr. Ferid Muhi\u0107.<\/p>\n","protected":false},"author":14,"featured_media":41287,"comment_status":"open","ping_status":"open","sticky":false,"template":"","format":"standard","meta":{"footnotes":""},"categories":[14],"tags":[],"class_list":{"0":"post-41283","1":"post","2":"type-post","3":"status-publish","4":"format-standard","5":"has-post-thumbnail","7":"category-sandzak-historija"},"yoast_head":"<!-- This site is optimized with the Yoast SEO Premium plugin v23.1 (Yoast SEO v24.9) - https:\/\/yoast.com\/wordpress\/plugins\/seo\/ -->\n<title>Godi\u0161njica Bo\u0161nja\u010dke akademije nauka i umjetnosti<\/title>\n<meta name=\"robots\" content=\"index, follow, max-snippet:-1, max-image-preview:large, max-video-preview:-1\" \/>\n<link rel=\"canonical\" href=\"https:\/\/sandzakpress.net\/arhiva\/godisnjica-bosnjacke-akademije-nauka-i-umjetnosti\/\" \/>\n<meta property=\"og:locale\" content=\"bs_BA\" \/>\n<meta property=\"og:type\" content=\"article\" \/>\n<meta property=\"og:title\" content=\"Godi\u0161njica Bo\u0161nja\u010dke akademije nauka i umjetnosti\" \/>\n<meta property=\"og:description\" content=\"Prije godinu dana, 9.06.2011. godine, na Internacionalnom univerzitetu u Novom Pazaru odr\u017eana je osniva\u010dka skup\u0161tina Bo\u0161nja\u010dke akademije nauka i umjetnosti. Za prvog predsjednika ove elitne bo\u0161nja\u010dke institucije izabran je prof. dr. Ferid Muhi\u0107.\" \/>\n<meta property=\"og:url\" content=\"https:\/\/sandzakpress.net\/arhiva\/godisnjica-bosnjacke-akademije-nauka-i-umjetnosti\/\" \/>\n<meta property=\"og:site_name\" content=\"Sand\u017eak PRESS\" \/>\n<meta property=\"article:published_time\" content=\"2012-06-08T15:29:12+00:00\" \/>\n<meta property=\"og:image\" content=\"https:\/\/sandzakpress.net\/arhiva\/wp-content\/uploads\/2012\/06\/Osinivanje_BANU_9_juni_20113.jpg\" \/>\n\t<meta property=\"og:image:width\" content=\"600\" \/>\n\t<meta property=\"og:image:height\" content=\"315\" \/>\n\t<meta property=\"og:image:type\" content=\"image\/jpeg\" \/>\n<meta name=\"twitter:card\" content=\"summary_large_image\" \/>\n<meta name=\"twitter:label1\" content=\"Written by\" \/>\n\t<meta name=\"twitter:data1\" content=\"\" \/>\n<script type=\"application\/ld+json\" class=\"yoast-schema-graph\">{\"@context\":\"https:\/\/schema.org\",\"@graph\":[{\"@type\":\"Article\",\"@id\":\"https:\/\/sandzakpress.net\/arhiva\/godisnjica-bosnjacke-akademije-nauka-i-umjetnosti\/#article\",\"isPartOf\":{\"@id\":\"https:\/\/sandzakpress.net\/arhiva\/godisnjica-bosnjacke-akademije-nauka-i-umjetnosti\/\"},\"author\":{\"name\":\"\",\"@id\":\"\"},\"headline\":\"Godi\u0161njica Bo\u0161nja\u010dke akademije nauka i umjetnosti\",\"datePublished\":\"2012-06-08T15:29:12+00:00\",\"mainEntityOfPage\":{\"@id\":\"https:\/\/sandzakpress.net\/arhiva\/godisnjica-bosnjacke-akademije-nauka-i-umjetnosti\/\"},\"wordCount\":48,\"commentCount\":5,\"publisher\":{\"@id\":\"https:\/\/sandzakpress.net\/arhiva\/#\/schema\/person\/6e72b67d6e51910a1117b3b483ba20bd\"},\"image\":{\"@id\":\"https:\/\/sandzakpress.net\/arhiva\/godisnjica-bosnjacke-akademije-nauka-i-umjetnosti\/#primaryimage\"},\"thumbnailUrl\":\"https:\/\/sandzakpress.net\/arhiva\/wp-content\/uploads\/2012\/06\/Osinivanje_BANU_9_juni_20113.jpg\",\"articleSection\":[\"Sand\u017eak HISTORIJA\"],\"inLanguage\":\"bs-BA\",\"potentialAction\":[{\"@type\":\"CommentAction\",\"name\":\"Comment\",\"target\":[\"https:\/\/sandzakpress.net\/arhiva\/godisnjica-bosnjacke-akademije-nauka-i-umjetnosti\/#respond\"]}]},{\"@type\":\"WebPage\",\"@id\":\"https:\/\/sandzakpress.net\/arhiva\/godisnjica-bosnjacke-akademije-nauka-i-umjetnosti\/\",\"url\":\"https:\/\/sandzakpress.net\/arhiva\/godisnjica-bosnjacke-akademije-nauka-i-umjetnosti\/\",\"name\":\"Godi\u0161njica Bo\u0161nja\u010dke akademije nauka i umjetnosti\",\"isPartOf\":{\"@id\":\"https:\/\/sandzakpress.net\/arhiva\/#website\"},\"primaryImageOfPage\":{\"@id\":\"https:\/\/sandzakpress.net\/arhiva\/godisnjica-bosnjacke-akademije-nauka-i-umjetnosti\/#primaryimage\"},\"image\":{\"@id\":\"https:\/\/sandzakpress.net\/arhiva\/godisnjica-bosnjacke-akademije-nauka-i-umjetnosti\/#primaryimage\"},\"thumbnailUrl\":\"https:\/\/sandzakpress.net\/arhiva\/wp-content\/uploads\/2012\/06\/Osinivanje_BANU_9_juni_20113.jpg\",\"datePublished\":\"2012-06-08T15:29:12+00:00\",\"breadcrumb\":{\"@id\":\"https:\/\/sandzakpress.net\/arhiva\/godisnjica-bosnjacke-akademije-nauka-i-umjetnosti\/#breadcrumb\"},\"inLanguage\":\"bs-BA\",\"potentialAction\":[{\"@type\":\"ReadAction\",\"target\":[\"https:\/\/sandzakpress.net\/arhiva\/godisnjica-bosnjacke-akademije-nauka-i-umjetnosti\/\"]}]},{\"@type\":\"ImageObject\",\"inLanguage\":\"bs-BA\",\"@id\":\"https:\/\/sandzakpress.net\/arhiva\/godisnjica-bosnjacke-akademije-nauka-i-umjetnosti\/#primaryimage\",\"url\":\"https:\/\/sandzakpress.net\/arhiva\/wp-content\/uploads\/2012\/06\/Osinivanje_BANU_9_juni_20113.jpg\",\"contentUrl\":\"https:\/\/sandzakpress.net\/arhiva\/wp-content\/uploads\/2012\/06\/Osinivanje_BANU_9_juni_20113.jpg\",\"width\":600,\"height\":315},{\"@type\":\"BreadcrumbList\",\"@id\":\"https:\/\/sandzakpress.net\/arhiva\/godisnjica-bosnjacke-akademije-nauka-i-umjetnosti\/#breadcrumb\",\"itemListElement\":[{\"@type\":\"ListItem\",\"position\":1,\"name\":\"Home\",\"item\":\"https:\/\/sandzakpress.net\/arhiva\/\"},{\"@type\":\"ListItem\",\"position\":2,\"name\":\"Godi\u0161njica Bo\u0161nja\u010dke akademije nauka i umjetnosti\"}]},{\"@type\":\"WebSite\",\"@id\":\"https:\/\/sandzakpress.net\/arhiva\/#website\",\"url\":\"https:\/\/sandzakpress.net\/arhiva\/\",\"name\":\"Sand\u017eak PRESS\",\"description\":\"Prve elektronske novine u Sand\u017eaku\",\"publisher\":{\"@id\":\"https:\/\/sandzakpress.net\/arhiva\/#\/schema\/person\/6e72b67d6e51910a1117b3b483ba20bd\"},\"potentialAction\":[{\"@type\":\"SearchAction\",\"target\":{\"@type\":\"EntryPoint\",\"urlTemplate\":\"https:\/\/sandzakpress.net\/arhiva\/?s={search_term_string}\"},\"query-input\":{\"@type\":\"PropertyValueSpecification\",\"valueRequired\":true,\"valueName\":\"search_term_string\"}}],\"inLanguage\":\"bs-BA\"},{\"@type\":[\"Person\",\"Organization\"],\"@id\":\"https:\/\/sandzakpress.net\/arhiva\/#\/schema\/person\/6e72b67d6e51910a1117b3b483ba20bd\",\"name\":\"Kul\",\"image\":{\"@type\":\"ImageObject\",\"inLanguage\":\"bs-BA\",\"@id\":\"https:\/\/sandzakpress.net\/arhiva\/#\/schema\/person\/image\/\",\"url\":\"https:\/\/secure.gravatar.com\/avatar\/42263f39aa27ac04c43cab85c280eb2e?s=96&d=mm&r=pg\",\"contentUrl\":\"https:\/\/secure.gravatar.com\/avatar\/42263f39aa27ac04c43cab85c280eb2e?s=96&d=mm&r=pg\",\"caption\":\"Kul\"},\"logo\":{\"@id\":\"https:\/\/sandzakpress.net\/arhiva\/#\/schema\/person\/image\/\"}},{\"@type\":\"Person\",\"@id\":\"\",\"url\":\"https:\/\/sandzakpress.net\/arhiva\/author\/\"}]}<\/script>\n<!-- \/ Yoast SEO Premium plugin. -->","yoast_head_json":{"title":"Godi\u0161njica Bo\u0161nja\u010dke akademije nauka i umjetnosti","robots":{"index":"index","follow":"follow","max-snippet":"max-snippet:-1","max-image-preview":"max-image-preview:large","max-video-preview":"max-video-preview:-1"},"canonical":"https:\/\/sandzakpress.net\/arhiva\/godisnjica-bosnjacke-akademije-nauka-i-umjetnosti\/","og_locale":"bs_BA","og_type":"article","og_title":"Godi\u0161njica Bo\u0161nja\u010dke akademije nauka i umjetnosti","og_description":"Prije godinu dana, 9.06.2011. godine, na Internacionalnom univerzitetu u Novom Pazaru odr\u017eana je osniva\u010dka skup\u0161tina Bo\u0161nja\u010dke akademije nauka i umjetnosti. Za prvog predsjednika ove elitne bo\u0161nja\u010dke institucije izabran je prof. dr. Ferid Muhi\u0107.","og_url":"https:\/\/sandzakpress.net\/arhiva\/godisnjica-bosnjacke-akademije-nauka-i-umjetnosti\/","og_site_name":"Sand\u017eak PRESS","article_published_time":"2012-06-08T15:29:12+00:00","og_image":[{"width":600,"height":315,"url":"https:\/\/sandzakpress.net\/arhiva\/wp-content\/uploads\/2012\/06\/Osinivanje_BANU_9_juni_20113.jpg","type":"image\/jpeg"}],"twitter_card":"summary_large_image","twitter_misc":{"Written by":""},"schema":{"@context":"https:\/\/schema.org","@graph":[{"@type":"Article","@id":"https:\/\/sandzakpress.net\/arhiva\/godisnjica-bosnjacke-akademije-nauka-i-umjetnosti\/#article","isPartOf":{"@id":"https:\/\/sandzakpress.net\/arhiva\/godisnjica-bosnjacke-akademije-nauka-i-umjetnosti\/"},"author":{"name":"","@id":""},"headline":"Godi\u0161njica Bo\u0161nja\u010dke akademije nauka i umjetnosti","datePublished":"2012-06-08T15:29:12+00:00","mainEntityOfPage":{"@id":"https:\/\/sandzakpress.net\/arhiva\/godisnjica-bosnjacke-akademije-nauka-i-umjetnosti\/"},"wordCount":48,"commentCount":5,"publisher":{"@id":"https:\/\/sandzakpress.net\/arhiva\/#\/schema\/person\/6e72b67d6e51910a1117b3b483ba20bd"},"image":{"@id":"https:\/\/sandzakpress.net\/arhiva\/godisnjica-bosnjacke-akademije-nauka-i-umjetnosti\/#primaryimage"},"thumbnailUrl":"https:\/\/sandzakpress.net\/arhiva\/wp-content\/uploads\/2012\/06\/Osinivanje_BANU_9_juni_20113.jpg","articleSection":["Sand\u017eak HISTORIJA"],"inLanguage":"bs-BA","potentialAction":[{"@type":"CommentAction","name":"Comment","target":["https:\/\/sandzakpress.net\/arhiva\/godisnjica-bosnjacke-akademije-nauka-i-umjetnosti\/#respond"]}]},{"@type":"WebPage","@id":"https:\/\/sandzakpress.net\/arhiva\/godisnjica-bosnjacke-akademije-nauka-i-umjetnosti\/","url":"https:\/\/sandzakpress.net\/arhiva\/godisnjica-bosnjacke-akademije-nauka-i-umjetnosti\/","name":"Godi\u0161njica Bo\u0161nja\u010dke akademije nauka i umjetnosti","isPartOf":{"@id":"https:\/\/sandzakpress.net\/arhiva\/#website"},"primaryImageOfPage":{"@id":"https:\/\/sandzakpress.net\/arhiva\/godisnjica-bosnjacke-akademije-nauka-i-umjetnosti\/#primaryimage"},"image":{"@id":"https:\/\/sandzakpress.net\/arhiva\/godisnjica-bosnjacke-akademije-nauka-i-umjetnosti\/#primaryimage"},"thumbnailUrl":"https:\/\/sandzakpress.net\/arhiva\/wp-content\/uploads\/2012\/06\/Osinivanje_BANU_9_juni_20113.jpg","datePublished":"2012-06-08T15:29:12+00:00","breadcrumb":{"@id":"https:\/\/sandzakpress.net\/arhiva\/godisnjica-bosnjacke-akademije-nauka-i-umjetnosti\/#breadcrumb"},"inLanguage":"bs-BA","potentialAction":[{"@type":"ReadAction","target":["https:\/\/sandzakpress.net\/arhiva\/godisnjica-bosnjacke-akademije-nauka-i-umjetnosti\/"]}]},{"@type":"ImageObject","inLanguage":"bs-BA","@id":"https:\/\/sandzakpress.net\/arhiva\/godisnjica-bosnjacke-akademije-nauka-i-umjetnosti\/#primaryimage","url":"https:\/\/sandzakpress.net\/arhiva\/wp-content\/uploads\/2012\/06\/Osinivanje_BANU_9_juni_20113.jpg","contentUrl":"https:\/\/sandzakpress.net\/arhiva\/wp-content\/uploads\/2012\/06\/Osinivanje_BANU_9_juni_20113.jpg","width":600,"height":315},{"@type":"BreadcrumbList","@id":"https:\/\/sandzakpress.net\/arhiva\/godisnjica-bosnjacke-akademije-nauka-i-umjetnosti\/#breadcrumb","itemListElement":[{"@type":"ListItem","position":1,"name":"Home","item":"https:\/\/sandzakpress.net\/arhiva\/"},{"@type":"ListItem","position":2,"name":"Godi\u0161njica Bo\u0161nja\u010dke akademije nauka i umjetnosti"}]},{"@type":"WebSite","@id":"https:\/\/sandzakpress.net\/arhiva\/#website","url":"https:\/\/sandzakpress.net\/arhiva\/","name":"Sand\u017eak PRESS","description":"Prve elektronske novine u Sand\u017eaku","publisher":{"@id":"https:\/\/sandzakpress.net\/arhiva\/#\/schema\/person\/6e72b67d6e51910a1117b3b483ba20bd"},"potentialAction":[{"@type":"SearchAction","target":{"@type":"EntryPoint","urlTemplate":"https:\/\/sandzakpress.net\/arhiva\/?s={search_term_string}"},"query-input":{"@type":"PropertyValueSpecification","valueRequired":true,"valueName":"search_term_string"}}],"inLanguage":"bs-BA"},{"@type":["Person","Organization"],"@id":"https:\/\/sandzakpress.net\/arhiva\/#\/schema\/person\/6e72b67d6e51910a1117b3b483ba20bd","name":"Kul","image":{"@type":"ImageObject","inLanguage":"bs-BA","@id":"https:\/\/sandzakpress.net\/arhiva\/#\/schema\/person\/image\/","url":"https:\/\/secure.gravatar.com\/avatar\/42263f39aa27ac04c43cab85c280eb2e?s=96&d=mm&r=pg","contentUrl":"https:\/\/secure.gravatar.com\/avatar\/42263f39aa27ac04c43cab85c280eb2e?s=96&d=mm&r=pg","caption":"Kul"},"logo":{"@id":"https:\/\/sandzakpress.net\/arhiva\/#\/schema\/person\/image\/"}},{"@type":"Person","@id":"","url":"https:\/\/sandzakpress.net\/arhiva\/author\/"}]}},"_links":{"self":[{"href":"https:\/\/sandzakpress.net\/arhiva\/wp-json\/wp\/v2\/posts\/41283"}],"collection":[{"href":"https:\/\/sandzakpress.net\/arhiva\/wp-json\/wp\/v2\/posts"}],"about":[{"href":"https:\/\/sandzakpress.net\/arhiva\/wp-json\/wp\/v2\/types\/post"}],"author":[{"embeddable":true,"href":"https:\/\/sandzakpress.net\/arhiva\/wp-json\/wp\/v2\/users\/14"}],"replies":[{"embeddable":true,"href":"https:\/\/sandzakpress.net\/arhiva\/wp-json\/wp\/v2\/comments?post=41283"}],"version-history":[{"count":0,"href":"https:\/\/sandzakpress.net\/arhiva\/wp-json\/wp\/v2\/posts\/41283\/revisions"}],"wp:featuredmedia":[{"embeddable":true,"href":"https:\/\/sandzakpress.net\/arhiva\/wp-json\/wp\/v2\/media\/41287"}],"wp:attachment":[{"href":"https:\/\/sandzakpress.net\/arhiva\/wp-json\/wp\/v2\/media?parent=41283"}],"wp:term":[{"taxonomy":"category","embeddable":true,"href":"https:\/\/sandzakpress.net\/arhiva\/wp-json\/wp\/v2\/categories?post=41283"},{"taxonomy":"post_tag","embeddable":true,"href":"https:\/\/sandzakpress.net\/arhiva\/wp-json\/wp\/v2\/tags?post=41283"}],"curies":[{"name":"wp","href":"https:\/\/api.w.org\/{rel}","templated":true}]}}