{"id":41257,"date":"2012-06-08T17:54:12","date_gmt":"2012-06-08T15:54:12","guid":{"rendered":"https:\/\/sandzakpress.net\/arhiva\/?p=41257"},"modified":"2012-06-08T23:56:23","modified_gmt":"2012-06-08T21:56:23","slug":"ko-i-kako-formira-vlast-na-sjeveru-sandzaka","status":"publish","type":"post","link":"https:\/\/sandzakpress.net\/arhiva\/ko-i-kako-formira-vlast-na-sjeveru-sandzaka\/","title":{"rendered":"Ko i kako formira vlast na sjeveru Sand\u017eaka?"},"content":{"rendered":"<p><a href=\"https:\/\/sandzakpress.net\/arhiva\/wp-content\/uploads\/2012\/06\/Untitled-15.jpg\"><img loading=\"lazy\" decoding=\"async\" class=\"aligncenter size-full wp-image-41258\" title=\"Untitled-1\" src=\"https:\/\/sandzakpress.net\/arhiva\/wp-content\/uploads\/2012\/06\/Untitled-15.jpg\" alt=\"\" width=\"616\" height=\"321\" \/><\/a><\/p>\n<p><strong>Sjeverni Sand\u017eak &#8211; Sand\u017eak PRESS vam donosi kratak presjek situacije oko formiranja vlasti u sjevernosand\u017ea\u010dkim gradovima:<\/strong><\/p>\n<h3>Novi Pazar<\/h3>\n<p>Za nedjelju dana Novi Pazar bi trebalo da dobije novu vlast. Slede\u0107eg petka bit \u0107e odr\u017eana konstitutivna sednica Skup\u0161tine grada na kojoj \u0107e biti verificirani odborni\u010dki mandati i izabrani \u010delnici nove lokalne vlasti. Novu gradsku parlamentarnu ve\u0107inu formirat \u0107e dvije bo\u0161nja\u010dke partije SDP sa svojim koalicionim partnerima i SDA. Ove dvije politi\u010dke opcije, od 47, imaju 31 odborni\u010dki mandat &#8211; koalicija okupljena oko SDP 17 i SDA 14. Ostaje pitanje da li \u0107e se Nikoli\u0107eva SNS uklji\u010diti u vlasti. Dogovoreno je da Meho Mahmutovi\u0107 bude gradona\u010delnik, a u narodu se \u0161pekulira da \u0107e zamjenica gradona\u010delnika biti Sajma Ugljanin, sa posebnom specifi\u010dno\u0161\u0107u da \u0107e imati iste ingerencije kao Mahmutovi\u0107.<\/p>\n<h3>Tutin<\/h3>\n<p>U Tutinu vlast formira SDA koja je osvojila natpolovi\u010dnu ve\u0107inu, od 37, 21-no odborni\u010dko mjesto. O\u010dekuje se ime novog predsjednika op\u0107ine, jer dosada\u0161nji predsjednik Bajro Gegi\u0107 od sada obavlja funkciju narodnog poslanika. \u0160pekulira se da \u0107e novi predsjednik biti vlasnik kompanije Dersan.<\/p>\n<h3>Sjenica<\/h3>\n<p>\u010celnici SDA i SDP u Sjenici jo\u0161 ne mogu da se dogovore oko formiranja vlasti. Sporno je mjesto predsjednika op\u0107ine. SDP bi da Muriz Turkovi\u0107 ostane, a ali SDA jako insistira na Hazba Mujovi\u0107a. Postoji velika vjerovatno\u0107a da \u0107e i SPS u\u0107i u vlast u Sjenici.<\/p>\n<h3>Prijepolje<\/h3>\n<p>SDP vodi razgovore sa Koalicijom Srpska lista za Prijepolje koju \u010dine SRS i DSS, a koja raspola\u017ee sa osam skup\u0161tinskih mandata, SDA kojoj je pripalo \u0161est i DS koja je na izbore iza\u0161la u koaliciji sa SPS i osvojila devet mandata. Me\u0111utim, ova kombinacija je jako neizvjesna.<\/p>\n<h3>Priboj<\/h3>\n<p>Skup\u0161tina op\u0107ine u Priboju je odr\u017eana, me\u0111utim nije do\u0161lo do formiranja vlasti od strane ve\u0107ine. Skup\u0161tina op\u0107ine u Priboju broji 41 odbornika a na majskim izborima po sedam mandata su osvojili DSS, SNS i koalicija LDP-SDP, po pet DS-SPO i SPS-PUPS, po tri NS, SDA i Pokret za Priboj a jedan<\/p>\n<h3>Nova Varo\u0161<\/h3>\n<p>Konstitutivna sjednica novog saziva Skup\u0161tine op\u0107ine Nova Varo\u0161 zakazana je za 25. jun, mada ni mjesec dana nakon lokalnih izbora jo\u0161 uvijek nema odgovora na pitanje ko \u0107e voditi ovu op\u0107inu. Najvi\u0161e odbornika imaju SNS, DS i SPS.<\/p>\n<p>Izvor: <strong>SandzakPRESS.net<\/strong><\/p>\n","protected":false},"excerpt":{"rendered":"<p>Sjeverni Sand\u017eak &#8211; Sand\u017eak PRESS vam donosi kratak presjek situacije oko formiranja vlasti u sjevernosand\u017ea\u010dkim gradovima: Novi Pazar Za nedjelju dana Novi Pazar bi trebalo da dobije novu vlast. Slede\u0107eg petka bit \u0107e odr\u017eana konstitutivna sednica Skup\u0161tine grada na kojoj \u0107e biti verificirani odborni\u010dki mandati i izabrani \u010delnici nove lokalne vlasti. Novu gradsku parlamentarnu ve\u0107inu [&hellip;]<\/p>\n","protected":false},"author":83,"featured_media":41258,"comment_status":"open","ping_status":"open","sticky":false,"template":"","format":"standard","meta":{"footnotes":""},"categories":[800,72,52,327,392,393,394,8957],"tags":[],"class_list":{"0":"post-41257","1":"post","2":"type-post","3":"status-publish","4":"format-standard","5":"has-post-thumbnail","7":"category-nacija","8":"category-novi-pazar","9":"category-sjenica","10":"category-tutin","11":"category-prijepolje_","12":"category-priboj","13":"category-nova-varos","14":"category-vijesti-dana"},"yoast_head":"<!-- This site is optimized with the Yoast SEO Premium plugin v23.1 (Yoast SEO v24.9) - https:\/\/yoast.com\/wordpress\/plugins\/seo\/ -->\n<title>Ko i kako formira vlast na sjeveru Sand\u017eaka?<\/title>\n<meta name=\"robots\" content=\"index, follow, max-snippet:-1, max-image-preview:large, max-video-preview:-1\" \/>\n<link rel=\"canonical\" href=\"https:\/\/sandzakpress.net\/arhiva\/ko-i-kako-formira-vlast-na-sjeveru-sandzaka\/\" \/>\n<meta property=\"og:locale\" content=\"bs_BA\" \/>\n<meta property=\"og:type\" content=\"article\" \/>\n<meta property=\"og:title\" content=\"Ko i kako formira vlast na sjeveru Sand\u017eaka?\" \/>\n<meta property=\"og:description\" content=\"Sjeverni Sand\u017eak &#8211; Sand\u017eak PRESS vam donosi kratak presjek situacije oko formiranja vlasti u sjevernosand\u017ea\u010dkim gradovima: Novi Pazar Za nedjelju dana Novi Pazar bi trebalo da dobije novu vlast. Slede\u0107eg petka bit \u0107e odr\u017eana konstitutivna sednica Skup\u0161tine grada na kojoj \u0107e biti verificirani odborni\u010dki mandati i izabrani \u010delnici nove lokalne vlasti. Novu gradsku parlamentarnu ve\u0107inu [&hellip;]\" \/>\n<meta property=\"og:url\" content=\"https:\/\/sandzakpress.net\/arhiva\/ko-i-kako-formira-vlast-na-sjeveru-sandzaka\/\" \/>\n<meta property=\"og:site_name\" content=\"Sand\u017eak PRESS\" \/>\n<meta property=\"article:published_time\" content=\"2012-06-08T15:54:12+00:00\" \/>\n<meta property=\"article:modified_time\" content=\"2012-06-08T21:56:23+00:00\" \/>\n<meta property=\"og:image\" content=\"https:\/\/sandzakpress.net\/arhiva\/wp-content\/uploads\/2012\/06\/Untitled-15.jpg\" \/>\n\t<meta property=\"og:image:width\" content=\"616\" \/>\n\t<meta property=\"og:image:height\" content=\"321\" \/>\n\t<meta property=\"og:image:type\" content=\"image\/jpeg\" \/>\n<meta name=\"author\" content=\"bosniak\" \/>\n<meta name=\"twitter:card\" content=\"summary_large_image\" \/>\n<meta name=\"twitter:label1\" content=\"Written by\" \/>\n\t<meta name=\"twitter:data1\" content=\"bosniak\" \/>\n\t<meta name=\"twitter:label2\" content=\"Est. reading time\" \/>\n\t<meta name=\"twitter:data2\" content=\"2 minute\" \/>\n<script type=\"application\/ld+json\" class=\"yoast-schema-graph\">{\"@context\":\"https:\/\/schema.org\",\"@graph\":[{\"@type\":\"Article\",\"@id\":\"https:\/\/sandzakpress.net\/arhiva\/ko-i-kako-formira-vlast-na-sjeveru-sandzaka\/#article\",\"isPartOf\":{\"@id\":\"https:\/\/sandzakpress.net\/arhiva\/ko-i-kako-formira-vlast-na-sjeveru-sandzaka\/\"},\"author\":{\"name\":\"bosniak\",\"@id\":\"https:\/\/sandzakpress.net\/arhiva\/#\/schema\/person\/c8baee722073534b583ea7bdb2e36c02\"},\"headline\":\"Ko i kako formira vlast na sjeveru Sand\u017eaka?\",\"datePublished\":\"2012-06-08T15:54:12+00:00\",\"dateModified\":\"2012-06-08T21:56:23+00:00\",\"mainEntityOfPage\":{\"@id\":\"https:\/\/sandzakpress.net\/arhiva\/ko-i-kako-formira-vlast-na-sjeveru-sandzaka\/\"},\"wordCount\":406,\"commentCount\":1,\"publisher\":{\"@id\":\"https:\/\/sandzakpress.net\/arhiva\/#\/schema\/person\/6e72b67d6e51910a1117b3b483ba20bd\"},\"image\":{\"@id\":\"https:\/\/sandzakpress.net\/arhiva\/ko-i-kako-formira-vlast-na-sjeveru-sandzaka\/#primaryimage\"},\"thumbnailUrl\":\"https:\/\/sandzakpress.net\/arhiva\/wp-content\/uploads\/2012\/06\/Untitled-15.jpg\",\"articleSection\":[\"Nacija\",\"Novi Pazar\",\"Sjenica\",\"Tutin\",\"Prijepolje\",\"Priboj\",\"Nova Varo\u0161\",\"VIJESTI DANA\"],\"inLanguage\":\"bs-BA\",\"potentialAction\":[{\"@type\":\"CommentAction\",\"name\":\"Comment\",\"target\":[\"https:\/\/sandzakpress.net\/arhiva\/ko-i-kako-formira-vlast-na-sjeveru-sandzaka\/#respond\"]}]},{\"@type\":\"WebPage\",\"@id\":\"https:\/\/sandzakpress.net\/arhiva\/ko-i-kako-formira-vlast-na-sjeveru-sandzaka\/\",\"url\":\"https:\/\/sandzakpress.net\/arhiva\/ko-i-kako-formira-vlast-na-sjeveru-sandzaka\/\",\"name\":\"Ko i kako formira vlast na sjeveru Sand\u017eaka?\",\"isPartOf\":{\"@id\":\"https:\/\/sandzakpress.net\/arhiva\/#website\"},\"primaryImageOfPage\":{\"@id\":\"https:\/\/sandzakpress.net\/arhiva\/ko-i-kako-formira-vlast-na-sjeveru-sandzaka\/#primaryimage\"},\"image\":{\"@id\":\"https:\/\/sandzakpress.net\/arhiva\/ko-i-kako-formira-vlast-na-sjeveru-sandzaka\/#primaryimage\"},\"thumbnailUrl\":\"https:\/\/sandzakpress.net\/arhiva\/wp-content\/uploads\/2012\/06\/Untitled-15.jpg\",\"datePublished\":\"2012-06-08T15:54:12+00:00\",\"dateModified\":\"2012-06-08T21:56:23+00:00\",\"breadcrumb\":{\"@id\":\"https:\/\/sandzakpress.net\/arhiva\/ko-i-kako-formira-vlast-na-sjeveru-sandzaka\/#breadcrumb\"},\"inLanguage\":\"bs-BA\",\"potentialAction\":[{\"@type\":\"ReadAction\",\"target\":[\"https:\/\/sandzakpress.net\/arhiva\/ko-i-kako-formira-vlast-na-sjeveru-sandzaka\/\"]}]},{\"@type\":\"ImageObject\",\"inLanguage\":\"bs-BA\",\"@id\":\"https:\/\/sandzakpress.net\/arhiva\/ko-i-kako-formira-vlast-na-sjeveru-sandzaka\/#primaryimage\",\"url\":\"https:\/\/sandzakpress.net\/arhiva\/wp-content\/uploads\/2012\/06\/Untitled-15.jpg\",\"contentUrl\":\"https:\/\/sandzakpress.net\/arhiva\/wp-content\/uploads\/2012\/06\/Untitled-15.jpg\",\"width\":616,\"height\":321},{\"@type\":\"BreadcrumbList\",\"@id\":\"https:\/\/sandzakpress.net\/arhiva\/ko-i-kako-formira-vlast-na-sjeveru-sandzaka\/#breadcrumb\",\"itemListElement\":[{\"@type\":\"ListItem\",\"position\":1,\"name\":\"Home\",\"item\":\"https:\/\/sandzakpress.net\/arhiva\/\"},{\"@type\":\"ListItem\",\"position\":2,\"name\":\"Ko i kako formira vlast na sjeveru Sand\u017eaka?\"}]},{\"@type\":\"WebSite\",\"@id\":\"https:\/\/sandzakpress.net\/arhiva\/#website\",\"url\":\"https:\/\/sandzakpress.net\/arhiva\/\",\"name\":\"Sand\u017eak PRESS\",\"description\":\"Prve elektronske novine u Sand\u017eaku\",\"publisher\":{\"@id\":\"https:\/\/sandzakpress.net\/arhiva\/#\/schema\/person\/6e72b67d6e51910a1117b3b483ba20bd\"},\"potentialAction\":[{\"@type\":\"SearchAction\",\"target\":{\"@type\":\"EntryPoint\",\"urlTemplate\":\"https:\/\/sandzakpress.net\/arhiva\/?s={search_term_string}\"},\"query-input\":{\"@type\":\"PropertyValueSpecification\",\"valueRequired\":true,\"valueName\":\"search_term_string\"}}],\"inLanguage\":\"bs-BA\"},{\"@type\":[\"Person\",\"Organization\"],\"@id\":\"https:\/\/sandzakpress.net\/arhiva\/#\/schema\/person\/6e72b67d6e51910a1117b3b483ba20bd\",\"name\":\"Kul\",\"image\":{\"@type\":\"ImageObject\",\"inLanguage\":\"bs-BA\",\"@id\":\"https:\/\/sandzakpress.net\/arhiva\/#\/schema\/person\/image\/\",\"url\":\"https:\/\/secure.gravatar.com\/avatar\/42263f39aa27ac04c43cab85c280eb2e?s=96&d=mm&r=pg\",\"contentUrl\":\"https:\/\/secure.gravatar.com\/avatar\/42263f39aa27ac04c43cab85c280eb2e?s=96&d=mm&r=pg\",\"caption\":\"Kul\"},\"logo\":{\"@id\":\"https:\/\/sandzakpress.net\/arhiva\/#\/schema\/person\/image\/\"}},{\"@type\":\"Person\",\"@id\":\"https:\/\/sandzakpress.net\/arhiva\/#\/schema\/person\/c8baee722073534b583ea7bdb2e36c02\",\"name\":\"bosniak\",\"image\":{\"@type\":\"ImageObject\",\"inLanguage\":\"bs-BA\",\"@id\":\"https:\/\/sandzakpress.net\/arhiva\/#\/schema\/person\/image\/\",\"url\":\"https:\/\/secure.gravatar.com\/avatar\/a04fd330bfe3a36a72a0ad4a6d89fca7?s=96&d=mm&r=pg\",\"contentUrl\":\"https:\/\/secure.gravatar.com\/avatar\/a04fd330bfe3a36a72a0ad4a6d89fca7?s=96&d=mm&r=pg\",\"caption\":\"bosniak\"},\"url\":\"https:\/\/sandzakpress.net\/arhiva\/author\/bosniak\/\"}]}<\/script>\n<!-- \/ Yoast SEO Premium plugin. -->","yoast_head_json":{"title":"Ko i kako formira vlast na sjeveru Sand\u017eaka?","robots":{"index":"index","follow":"follow","max-snippet":"max-snippet:-1","max-image-preview":"max-image-preview:large","max-video-preview":"max-video-preview:-1"},"canonical":"https:\/\/sandzakpress.net\/arhiva\/ko-i-kako-formira-vlast-na-sjeveru-sandzaka\/","og_locale":"bs_BA","og_type":"article","og_title":"Ko i kako formira vlast na sjeveru Sand\u017eaka?","og_description":"Sjeverni Sand\u017eak &#8211; Sand\u017eak PRESS vam donosi kratak presjek situacije oko formiranja vlasti u sjevernosand\u017ea\u010dkim gradovima: Novi Pazar Za nedjelju dana Novi Pazar bi trebalo da dobije novu vlast. Slede\u0107eg petka bit \u0107e odr\u017eana konstitutivna sednica Skup\u0161tine grada na kojoj \u0107e biti verificirani odborni\u010dki mandati i izabrani \u010delnici nove lokalne vlasti. Novu gradsku parlamentarnu ve\u0107inu [&hellip;]","og_url":"https:\/\/sandzakpress.net\/arhiva\/ko-i-kako-formira-vlast-na-sjeveru-sandzaka\/","og_site_name":"Sand\u017eak PRESS","article_published_time":"2012-06-08T15:54:12+00:00","article_modified_time":"2012-06-08T21:56:23+00:00","og_image":[{"width":616,"height":321,"url":"https:\/\/sandzakpress.net\/arhiva\/wp-content\/uploads\/2012\/06\/Untitled-15.jpg","type":"image\/jpeg"}],"author":"bosniak","twitter_card":"summary_large_image","twitter_misc":{"Written by":"bosniak","Est. reading time":"2 minute"},"schema":{"@context":"https:\/\/schema.org","@graph":[{"@type":"Article","@id":"https:\/\/sandzakpress.net\/arhiva\/ko-i-kako-formira-vlast-na-sjeveru-sandzaka\/#article","isPartOf":{"@id":"https:\/\/sandzakpress.net\/arhiva\/ko-i-kako-formira-vlast-na-sjeveru-sandzaka\/"},"author":{"name":"bosniak","@id":"https:\/\/sandzakpress.net\/arhiva\/#\/schema\/person\/c8baee722073534b583ea7bdb2e36c02"},"headline":"Ko i kako formira vlast na sjeveru Sand\u017eaka?","datePublished":"2012-06-08T15:54:12+00:00","dateModified":"2012-06-08T21:56:23+00:00","mainEntityOfPage":{"@id":"https:\/\/sandzakpress.net\/arhiva\/ko-i-kako-formira-vlast-na-sjeveru-sandzaka\/"},"wordCount":406,"commentCount":1,"publisher":{"@id":"https:\/\/sandzakpress.net\/arhiva\/#\/schema\/person\/6e72b67d6e51910a1117b3b483ba20bd"},"image":{"@id":"https:\/\/sandzakpress.net\/arhiva\/ko-i-kako-formira-vlast-na-sjeveru-sandzaka\/#primaryimage"},"thumbnailUrl":"https:\/\/sandzakpress.net\/arhiva\/wp-content\/uploads\/2012\/06\/Untitled-15.jpg","articleSection":["Nacija","Novi Pazar","Sjenica","Tutin","Prijepolje","Priboj","Nova Varo\u0161","VIJESTI DANA"],"inLanguage":"bs-BA","potentialAction":[{"@type":"CommentAction","name":"Comment","target":["https:\/\/sandzakpress.net\/arhiva\/ko-i-kako-formira-vlast-na-sjeveru-sandzaka\/#respond"]}]},{"@type":"WebPage","@id":"https:\/\/sandzakpress.net\/arhiva\/ko-i-kako-formira-vlast-na-sjeveru-sandzaka\/","url":"https:\/\/sandzakpress.net\/arhiva\/ko-i-kako-formira-vlast-na-sjeveru-sandzaka\/","name":"Ko i kako formira vlast na sjeveru Sand\u017eaka?","isPartOf":{"@id":"https:\/\/sandzakpress.net\/arhiva\/#website"},"primaryImageOfPage":{"@id":"https:\/\/sandzakpress.net\/arhiva\/ko-i-kako-formira-vlast-na-sjeveru-sandzaka\/#primaryimage"},"image":{"@id":"https:\/\/sandzakpress.net\/arhiva\/ko-i-kako-formira-vlast-na-sjeveru-sandzaka\/#primaryimage"},"thumbnailUrl":"https:\/\/sandzakpress.net\/arhiva\/wp-content\/uploads\/2012\/06\/Untitled-15.jpg","datePublished":"2012-06-08T15:54:12+00:00","dateModified":"2012-06-08T21:56:23+00:00","breadcrumb":{"@id":"https:\/\/sandzakpress.net\/arhiva\/ko-i-kako-formira-vlast-na-sjeveru-sandzaka\/#breadcrumb"},"inLanguage":"bs-BA","potentialAction":[{"@type":"ReadAction","target":["https:\/\/sandzakpress.net\/arhiva\/ko-i-kako-formira-vlast-na-sjeveru-sandzaka\/"]}]},{"@type":"ImageObject","inLanguage":"bs-BA","@id":"https:\/\/sandzakpress.net\/arhiva\/ko-i-kako-formira-vlast-na-sjeveru-sandzaka\/#primaryimage","url":"https:\/\/sandzakpress.net\/arhiva\/wp-content\/uploads\/2012\/06\/Untitled-15.jpg","contentUrl":"https:\/\/sandzakpress.net\/arhiva\/wp-content\/uploads\/2012\/06\/Untitled-15.jpg","width":616,"height":321},{"@type":"BreadcrumbList","@id":"https:\/\/sandzakpress.net\/arhiva\/ko-i-kako-formira-vlast-na-sjeveru-sandzaka\/#breadcrumb","itemListElement":[{"@type":"ListItem","position":1,"name":"Home","item":"https:\/\/sandzakpress.net\/arhiva\/"},{"@type":"ListItem","position":2,"name":"Ko i kako formira vlast na sjeveru Sand\u017eaka?"}]},{"@type":"WebSite","@id":"https:\/\/sandzakpress.net\/arhiva\/#website","url":"https:\/\/sandzakpress.net\/arhiva\/","name":"Sand\u017eak PRESS","description":"Prve elektronske novine u Sand\u017eaku","publisher":{"@id":"https:\/\/sandzakpress.net\/arhiva\/#\/schema\/person\/6e72b67d6e51910a1117b3b483ba20bd"},"potentialAction":[{"@type":"SearchAction","target":{"@type":"EntryPoint","urlTemplate":"https:\/\/sandzakpress.net\/arhiva\/?s={search_term_string}"},"query-input":{"@type":"PropertyValueSpecification","valueRequired":true,"valueName":"search_term_string"}}],"inLanguage":"bs-BA"},{"@type":["Person","Organization"],"@id":"https:\/\/sandzakpress.net\/arhiva\/#\/schema\/person\/6e72b67d6e51910a1117b3b483ba20bd","name":"Kul","image":{"@type":"ImageObject","inLanguage":"bs-BA","@id":"https:\/\/sandzakpress.net\/arhiva\/#\/schema\/person\/image\/","url":"https:\/\/secure.gravatar.com\/avatar\/42263f39aa27ac04c43cab85c280eb2e?s=96&d=mm&r=pg","contentUrl":"https:\/\/secure.gravatar.com\/avatar\/42263f39aa27ac04c43cab85c280eb2e?s=96&d=mm&r=pg","caption":"Kul"},"logo":{"@id":"https:\/\/sandzakpress.net\/arhiva\/#\/schema\/person\/image\/"}},{"@type":"Person","@id":"https:\/\/sandzakpress.net\/arhiva\/#\/schema\/person\/c8baee722073534b583ea7bdb2e36c02","name":"bosniak","image":{"@type":"ImageObject","inLanguage":"bs-BA","@id":"https:\/\/sandzakpress.net\/arhiva\/#\/schema\/person\/image\/","url":"https:\/\/secure.gravatar.com\/avatar\/a04fd330bfe3a36a72a0ad4a6d89fca7?s=96&d=mm&r=pg","contentUrl":"https:\/\/secure.gravatar.com\/avatar\/a04fd330bfe3a36a72a0ad4a6d89fca7?s=96&d=mm&r=pg","caption":"bosniak"},"url":"https:\/\/sandzakpress.net\/arhiva\/author\/bosniak\/"}]}},"_links":{"self":[{"href":"https:\/\/sandzakpress.net\/arhiva\/wp-json\/wp\/v2\/posts\/41257"}],"collection":[{"href":"https:\/\/sandzakpress.net\/arhiva\/wp-json\/wp\/v2\/posts"}],"about":[{"href":"https:\/\/sandzakpress.net\/arhiva\/wp-json\/wp\/v2\/types\/post"}],"author":[{"embeddable":true,"href":"https:\/\/sandzakpress.net\/arhiva\/wp-json\/wp\/v2\/users\/83"}],"replies":[{"embeddable":true,"href":"https:\/\/sandzakpress.net\/arhiva\/wp-json\/wp\/v2\/comments?post=41257"}],"version-history":[{"count":0,"href":"https:\/\/sandzakpress.net\/arhiva\/wp-json\/wp\/v2\/posts\/41257\/revisions"}],"wp:featuredmedia":[{"embeddable":true,"href":"https:\/\/sandzakpress.net\/arhiva\/wp-json\/wp\/v2\/media\/41258"}],"wp:attachment":[{"href":"https:\/\/sandzakpress.net\/arhiva\/wp-json\/wp\/v2\/media?parent=41257"}],"wp:term":[{"taxonomy":"category","embeddable":true,"href":"https:\/\/sandzakpress.net\/arhiva\/wp-json\/wp\/v2\/categories?post=41257"},{"taxonomy":"post_tag","embeddable":true,"href":"https:\/\/sandzakpress.net\/arhiva\/wp-json\/wp\/v2\/tags?post=41257"}],"curies":[{"name":"wp","href":"https:\/\/api.w.org\/{rel}","templated":true}]}}