{"id":41065,"date":"2012-06-06T15:42:53","date_gmt":"2012-06-06T13:42:53","guid":{"rendered":"https:\/\/sandzakpress.net\/arhiva\/?p=41065"},"modified":"2012-06-06T15:43:04","modified_gmt":"2012-06-06T13:43:04","slug":"tadic-dodik-ne-moze-formirati-vladu-srbije","status":"publish","type":"post","link":"https:\/\/sandzakpress.net\/arhiva\/tadic-dodik-ne-moze-formirati-vladu-srbije\/","title":{"rendered":"Tadi\u0107: &#8216;Dodik ne mo\u017ee formirati Vladu Srbije&#8217;"},"content":{"rendered":"<p><strong><a href=\"https:\/\/sandzakpress.net\/arhiva\/wp-content\/uploads\/2012\/06\/88F49D97-4074-4599-B6ED-9CAD0CD9B0BD_mw800_mh600.jpg\"><img loading=\"lazy\" decoding=\"async\" class=\"alignleft size-medium wp-image-41066\" title=\"88F49D97-4074-4599-B6ED-9CAD0CD9B0BD_mw800_mh600\" src=\"https:\/\/sandzakpress.net\/arhiva\/wp-content\/uploads\/2012\/06\/88F49D97-4074-4599-B6ED-9CAD0CD9B0BD_mw800_mh600-300x224.jpg\" alt=\"\" width=\"300\" height=\"224\" \/><\/a>BiH &#8211; Boris Tadi\u0107 je na pitanje novinara da li je razgovarao sa Dodikom o konfliktu izme\u0111u njega i lidera LDP-a \u010cedomira Jovanovi\u0107a, koji je potencijalni partner u budu\u0107oj Vladi Srbije, rekao da sa Dodikom uop\u0107e nije govorio o budu\u0107oj Vladi.<\/strong><\/p>\n<p>On je, me\u0111utim, apelovao i na Jovanovi\u0107a i Dodika da dijalog vrate u politi\u010dku sferu, jer je, kako je rekao, takva njihova komunikacija nekorisna.<\/p>\n<p>&#8220;Dodik je moj vi\u0161egodi\u0161nji prijatelj, ali on nema nadle\u017enosti za formiranje Vlade Srbije kao \u0161to ja, kao biv\u0161i predsednik Republike i sada\u0161nji DS-a, nemam nadle\u017enosti za formiranje Vlade u RS-a, niti u bilo kom drugom entitetu ili drugoj dr\u017eavi u regionu&#8221;, rekao je Tadi\u0107.<\/p>\n<p>Izborili smo se da RS bude odlu\u010duju\u0107i faktor u BiH. To nervira \u010cedu i njegove prijatelje iz me\u0111unarodne zajednice. Meni on ne smeta, on je sporadi\u010dna pojava. On ima svoju destinaciju &#8211; Sarajevo, neka u\u017eiva tamo u \u0107evapima i bureku&#8221;, ka\u017ee Dodik.<\/p>\n<div>Na pitanje da li je lider LDP-a spreman da pristane na kompromis, Tadi\u0107 je rekao da to treba pitati njega, ali je dodao da je od Jovanovi\u0107a dobio &#8220;uveravanja da svojim politi\u010dkim delovanjem i mi\u0161ljenjem ni na koji na\u010din ne dovodi u pitanje integritet RS-a&#8221;.<\/div>\n<p>&#8220;A \u0161to se ti\u010de Dodika, ta stvar je nedovodljiva u pitanje&#8221;, naglasio je Tadi\u0107.<\/p>\n<p>Tadi\u0107 je rekao da je razgovarao i sa Dodikom i sa Jovanovi\u0107em, da se nije slagao s mi\u0161ljenjem lidera LDP-a u vezi sa Republikom Srpskom, kao i u vezi sa Kosovom, \u0161to je poznata \u010dinjenica, ali da smatra, tako\u0111er, da se ta li\u010dna komponenta ne smije umije\u0161ati u vremenu te\u0161ke situacije kada je va\u017eno na\u0107i rje\u0161enja.<\/p>\n<p>&#8220;Ne verujem da je uop\u0161te mogu\u0107e da u Srbiji bude formirana Vlada koja \u0107e dovesti u pitanje Republiku Srpsku i Dejtonski sporazum&#8221;, rekao je Tadi\u0107, koji je ponovio da je, kako je nazvao, diskusija izme\u0111u Dodika i Jovanovi\u0107a pre\u0161la na li\u010dni nivo.<\/p>\n<p>&#8220;Ova diskusija nije usmerena prema cilju da se prona\u0111u stabilna re\u0161enja za Srbiju, za\u0161titi budu\u0107nost RS-a, a time ne dovede u pitanje integritet BiH, ve\u0107 je to pre\u0161lo na nivo li\u010dnih odnosa&#8221;, upozorio je Tadi\u0107.<\/p>\n<p>Beogradski advokat Sr\u0111a Popovi\u0107, u razgovoru za agenciju Anadolija koji su prenijeli beogradski elektroni\u010dki mediji, ocijenio je da je Dodikova izjava lo\u0161e primljena, te da \u201eljudi smatraju neshvatljivim da Dodik poku\u0161ava praviti Vladu u Srbiji iz druge dr\u017eave\u201c.<\/p>\n<p>Reagiraju\u0107i na Dodikovu izjavu, Jovanovi\u0107 je u subotu kazao kako o sastavu i politici budu\u0107e srbijanske vlade odlu\u010duju isklju\u010divo gra\u0111ani Srbije i politi\u010dke stranke koje ih predstavljaju u parlamentu, te da LDP, \u201emnogo vi\u0161e od bahatosti i ultimatuma Milorada Dodika\u201c, zanimaju situacija, problemi i budu\u0107nost Srbije.<\/p>\n<p>U izjavi za\u00a0<em>Danas<\/em> od srijede Jovanovi\u0107 isti\u010de kako su situacija u Srbiji i njen me\u0111unarodni polo\u017eaj ugro\u017eeni \u010dinjenicom da je Srbija dobila predsjednika dr\u017eave, \u010dija stajali\u0161ta ili njihove interpretacije izazivaju nepovjerenje u ocjenjivanju budu\u0107e orijentacije zemlje.<\/p>\n<p>Tadi\u0107 je rekao da je razgovarao i sa Dodikom i sa Jovanovi\u0107em, da se nije slagao s mi\u0161ljenjem lidera LDP-A u vezi sa Republikom Srpskom, kao i u vezi sa Kosovom, \u0161to je poznata \u010dinjenica, ali da smatra, tako\u0111er, da se ta li\u010dna komponenta ne smije umje\u0161ati u vremenu te\u0161ke situacije kada je va\u017eno na\u0107i rje\u0161enja.<\/p>\n<p>Jovanovi\u0107 isti\u010de kako te dileme moraju brzo biti otklonjene formiranjem vlade u kojoj bi glavni partneri bili Demokratska stranka (DS) Borisa Tadi\u0107a, Socijalisti\u010dka stranka (SPS) Ivice Da\u010di\u0107a i njegova stranka LDP, koja \u0107e, uz uva\u017eavanje me\u0111ustrana\u010dkih razlika, voditi \u010distu, jasnu i nedvosmislenu politiku dobrih odnosa u regionu i prihva\u0107anja evropskih vrijednosti.<\/p>\n<p>Izvor: <strong>Balkans.Aljazeera.com<\/strong><\/p>\n","protected":false},"excerpt":{"rendered":"<p>BiH &#8211; Boris Tadi\u0107 je na pitanje novinara da li je razgovarao sa Dodikom o konfliktu izme\u0111u njega i lidera LDP-a \u010cedomira Jovanovi\u0107a, koji je potencijalni partner u budu\u0107oj Vladi Srbije, rekao da sa Dodikom uop\u0107e nije govorio o budu\u0107oj Vladi. On je, me\u0111utim, apelovao i na Jovanovi\u0107a i Dodika da dijalog vrate u politi\u010dku [&hellip;]<\/p>\n","protected":false},"author":83,"featured_media":41066,"comment_status":"open","ping_status":"open","sticky":false,"template":"","format":"standard","meta":{"footnotes":""},"categories":[72,52,327,392,393,394,8957],"tags":[],"class_list":{"0":"post-41065","1":"post","2":"type-post","3":"status-publish","4":"format-standard","5":"has-post-thumbnail","7":"category-novi-pazar","8":"category-sjenica","9":"category-tutin","10":"category-prijepolje_","11":"category-priboj","12":"category-nova-varos","13":"category-vijesti-dana"},"yoast_head":"<!-- This site is optimized with the Yoast SEO Premium plugin v23.1 (Yoast SEO v24.9) - https:\/\/yoast.com\/wordpress\/plugins\/seo\/ -->\n<title>Tadi\u0107: &#039;Dodik ne mo\u017ee formirati Vladu Srbije&#039;<\/title>\n<meta name=\"robots\" content=\"index, follow, max-snippet:-1, max-image-preview:large, max-video-preview:-1\" \/>\n<link rel=\"canonical\" href=\"https:\/\/sandzakpress.net\/arhiva\/tadic-dodik-ne-moze-formirati-vladu-srbije\/\" \/>\n<meta property=\"og:locale\" content=\"bs_BA\" \/>\n<meta property=\"og:type\" content=\"article\" \/>\n<meta property=\"og:title\" content=\"Tadi\u0107: &#039;Dodik ne mo\u017ee formirati Vladu Srbije&#039;\" \/>\n<meta property=\"og:description\" content=\"BiH &#8211; Boris Tadi\u0107 je na pitanje novinara da li je razgovarao sa Dodikom o konfliktu izme\u0111u njega i lidera LDP-a \u010cedomira Jovanovi\u0107a, koji je potencijalni partner u budu\u0107oj Vladi Srbije, rekao da sa Dodikom uop\u0107e nije govorio o budu\u0107oj Vladi. On je, me\u0111utim, apelovao i na Jovanovi\u0107a i Dodika da dijalog vrate u politi\u010dku [&hellip;]\" \/>\n<meta property=\"og:url\" content=\"https:\/\/sandzakpress.net\/arhiva\/tadic-dodik-ne-moze-formirati-vladu-srbije\/\" \/>\n<meta property=\"og:site_name\" content=\"Sand\u017eak PRESS\" \/>\n<meta property=\"article:published_time\" content=\"2012-06-06T13:42:53+00:00\" \/>\n<meta property=\"article:modified_time\" content=\"2012-06-06T13:43:04+00:00\" \/>\n<meta property=\"og:image\" content=\"https:\/\/sandzakpress.net\/arhiva\/wp-content\/uploads\/2012\/06\/88F49D97-4074-4599-B6ED-9CAD0CD9B0BD_mw800_mh600.jpg\" \/>\n\t<meta property=\"og:image:width\" content=\"616\" \/>\n\t<meta property=\"og:image:height\" content=\"462\" \/>\n\t<meta property=\"og:image:type\" content=\"image\/jpeg\" \/>\n<meta name=\"author\" content=\"bosniak\" \/>\n<meta name=\"twitter:card\" content=\"summary_large_image\" \/>\n<meta name=\"twitter:label1\" content=\"Written by\" \/>\n\t<meta name=\"twitter:data1\" content=\"bosniak\" \/>\n\t<meta name=\"twitter:label2\" content=\"Est. reading time\" \/>\n\t<meta name=\"twitter:data2\" content=\"3 minute\" \/>\n<script type=\"application\/ld+json\" class=\"yoast-schema-graph\">{\"@context\":\"https:\/\/schema.org\",\"@graph\":[{\"@type\":\"Article\",\"@id\":\"https:\/\/sandzakpress.net\/arhiva\/tadic-dodik-ne-moze-formirati-vladu-srbije\/#article\",\"isPartOf\":{\"@id\":\"https:\/\/sandzakpress.net\/arhiva\/tadic-dodik-ne-moze-formirati-vladu-srbije\/\"},\"author\":{\"name\":\"bosniak\",\"@id\":\"https:\/\/sandzakpress.net\/arhiva\/#\/schema\/person\/c8baee722073534b583ea7bdb2e36c02\"},\"headline\":\"Tadi\u0107: &#8216;Dodik ne mo\u017ee formirati Vladu Srbije&#8217;\",\"datePublished\":\"2012-06-06T13:42:53+00:00\",\"dateModified\":\"2012-06-06T13:43:04+00:00\",\"mainEntityOfPage\":{\"@id\":\"https:\/\/sandzakpress.net\/arhiva\/tadic-dodik-ne-moze-formirati-vladu-srbije\/\"},\"wordCount\":668,\"commentCount\":2,\"publisher\":{\"@id\":\"https:\/\/sandzakpress.net\/arhiva\/#\/schema\/person\/6e72b67d6e51910a1117b3b483ba20bd\"},\"image\":{\"@id\":\"https:\/\/sandzakpress.net\/arhiva\/tadic-dodik-ne-moze-formirati-vladu-srbije\/#primaryimage\"},\"thumbnailUrl\":\"https:\/\/sandzakpress.net\/arhiva\/wp-content\/uploads\/2012\/06\/88F49D97-4074-4599-B6ED-9CAD0CD9B0BD_mw800_mh600.jpg\",\"articleSection\":[\"Novi Pazar\",\"Sjenica\",\"Tutin\",\"Prijepolje\",\"Priboj\",\"Nova Varo\u0161\",\"VIJESTI DANA\"],\"inLanguage\":\"bs-BA\",\"potentialAction\":[{\"@type\":\"CommentAction\",\"name\":\"Comment\",\"target\":[\"https:\/\/sandzakpress.net\/arhiva\/tadic-dodik-ne-moze-formirati-vladu-srbije\/#respond\"]}]},{\"@type\":\"WebPage\",\"@id\":\"https:\/\/sandzakpress.net\/arhiva\/tadic-dodik-ne-moze-formirati-vladu-srbije\/\",\"url\":\"https:\/\/sandzakpress.net\/arhiva\/tadic-dodik-ne-moze-formirati-vladu-srbije\/\",\"name\":\"Tadi\u0107: 'Dodik ne mo\u017ee formirati Vladu Srbije'\",\"isPartOf\":{\"@id\":\"https:\/\/sandzakpress.net\/arhiva\/#website\"},\"primaryImageOfPage\":{\"@id\":\"https:\/\/sandzakpress.net\/arhiva\/tadic-dodik-ne-moze-formirati-vladu-srbije\/#primaryimage\"},\"image\":{\"@id\":\"https:\/\/sandzakpress.net\/arhiva\/tadic-dodik-ne-moze-formirati-vladu-srbije\/#primaryimage\"},\"thumbnailUrl\":\"https:\/\/sandzakpress.net\/arhiva\/wp-content\/uploads\/2012\/06\/88F49D97-4074-4599-B6ED-9CAD0CD9B0BD_mw800_mh600.jpg\",\"datePublished\":\"2012-06-06T13:42:53+00:00\",\"dateModified\":\"2012-06-06T13:43:04+00:00\",\"breadcrumb\":{\"@id\":\"https:\/\/sandzakpress.net\/arhiva\/tadic-dodik-ne-moze-formirati-vladu-srbije\/#breadcrumb\"},\"inLanguage\":\"bs-BA\",\"potentialAction\":[{\"@type\":\"ReadAction\",\"target\":[\"https:\/\/sandzakpress.net\/arhiva\/tadic-dodik-ne-moze-formirati-vladu-srbije\/\"]}]},{\"@type\":\"ImageObject\",\"inLanguage\":\"bs-BA\",\"@id\":\"https:\/\/sandzakpress.net\/arhiva\/tadic-dodik-ne-moze-formirati-vladu-srbije\/#primaryimage\",\"url\":\"https:\/\/sandzakpress.net\/arhiva\/wp-content\/uploads\/2012\/06\/88F49D97-4074-4599-B6ED-9CAD0CD9B0BD_mw800_mh600.jpg\",\"contentUrl\":\"https:\/\/sandzakpress.net\/arhiva\/wp-content\/uploads\/2012\/06\/88F49D97-4074-4599-B6ED-9CAD0CD9B0BD_mw800_mh600.jpg\",\"width\":616,\"height\":462},{\"@type\":\"BreadcrumbList\",\"@id\":\"https:\/\/sandzakpress.net\/arhiva\/tadic-dodik-ne-moze-formirati-vladu-srbije\/#breadcrumb\",\"itemListElement\":[{\"@type\":\"ListItem\",\"position\":1,\"name\":\"Home\",\"item\":\"https:\/\/sandzakpress.net\/arhiva\/\"},{\"@type\":\"ListItem\",\"position\":2,\"name\":\"Tadi\u0107: &#8216;Dodik ne mo\u017ee formirati Vladu Srbije&#8217;\"}]},{\"@type\":\"WebSite\",\"@id\":\"https:\/\/sandzakpress.net\/arhiva\/#website\",\"url\":\"https:\/\/sandzakpress.net\/arhiva\/\",\"name\":\"Sand\u017eak PRESS\",\"description\":\"Prve elektronske novine u Sand\u017eaku\",\"publisher\":{\"@id\":\"https:\/\/sandzakpress.net\/arhiva\/#\/schema\/person\/6e72b67d6e51910a1117b3b483ba20bd\"},\"potentialAction\":[{\"@type\":\"SearchAction\",\"target\":{\"@type\":\"EntryPoint\",\"urlTemplate\":\"https:\/\/sandzakpress.net\/arhiva\/?s={search_term_string}\"},\"query-input\":{\"@type\":\"PropertyValueSpecification\",\"valueRequired\":true,\"valueName\":\"search_term_string\"}}],\"inLanguage\":\"bs-BA\"},{\"@type\":[\"Person\",\"Organization\"],\"@id\":\"https:\/\/sandzakpress.net\/arhiva\/#\/schema\/person\/6e72b67d6e51910a1117b3b483ba20bd\",\"name\":\"Kul\",\"image\":{\"@type\":\"ImageObject\",\"inLanguage\":\"bs-BA\",\"@id\":\"https:\/\/sandzakpress.net\/arhiva\/#\/schema\/person\/image\/\",\"url\":\"https:\/\/secure.gravatar.com\/avatar\/42263f39aa27ac04c43cab85c280eb2e?s=96&d=mm&r=pg\",\"contentUrl\":\"https:\/\/secure.gravatar.com\/avatar\/42263f39aa27ac04c43cab85c280eb2e?s=96&d=mm&r=pg\",\"caption\":\"Kul\"},\"logo\":{\"@id\":\"https:\/\/sandzakpress.net\/arhiva\/#\/schema\/person\/image\/\"}},{\"@type\":\"Person\",\"@id\":\"https:\/\/sandzakpress.net\/arhiva\/#\/schema\/person\/c8baee722073534b583ea7bdb2e36c02\",\"name\":\"bosniak\",\"image\":{\"@type\":\"ImageObject\",\"inLanguage\":\"bs-BA\",\"@id\":\"https:\/\/sandzakpress.net\/arhiva\/#\/schema\/person\/image\/\",\"url\":\"https:\/\/secure.gravatar.com\/avatar\/a04fd330bfe3a36a72a0ad4a6d89fca7?s=96&d=mm&r=pg\",\"contentUrl\":\"https:\/\/secure.gravatar.com\/avatar\/a04fd330bfe3a36a72a0ad4a6d89fca7?s=96&d=mm&r=pg\",\"caption\":\"bosniak\"},\"url\":\"https:\/\/sandzakpress.net\/arhiva\/author\/bosniak\/\"}]}<\/script>\n<!-- \/ Yoast SEO Premium plugin. -->","yoast_head_json":{"title":"Tadi\u0107: 'Dodik ne mo\u017ee formirati Vladu Srbije'","robots":{"index":"index","follow":"follow","max-snippet":"max-snippet:-1","max-image-preview":"max-image-preview:large","max-video-preview":"max-video-preview:-1"},"canonical":"https:\/\/sandzakpress.net\/arhiva\/tadic-dodik-ne-moze-formirati-vladu-srbije\/","og_locale":"bs_BA","og_type":"article","og_title":"Tadi\u0107: 'Dodik ne mo\u017ee formirati Vladu Srbije'","og_description":"BiH &#8211; Boris Tadi\u0107 je na pitanje novinara da li je razgovarao sa Dodikom o konfliktu izme\u0111u njega i lidera LDP-a \u010cedomira Jovanovi\u0107a, koji je potencijalni partner u budu\u0107oj Vladi Srbije, rekao da sa Dodikom uop\u0107e nije govorio o budu\u0107oj Vladi. On je, me\u0111utim, apelovao i na Jovanovi\u0107a i Dodika da dijalog vrate u politi\u010dku [&hellip;]","og_url":"https:\/\/sandzakpress.net\/arhiva\/tadic-dodik-ne-moze-formirati-vladu-srbije\/","og_site_name":"Sand\u017eak PRESS","article_published_time":"2012-06-06T13:42:53+00:00","article_modified_time":"2012-06-06T13:43:04+00:00","og_image":[{"width":616,"height":462,"url":"https:\/\/sandzakpress.net\/arhiva\/wp-content\/uploads\/2012\/06\/88F49D97-4074-4599-B6ED-9CAD0CD9B0BD_mw800_mh600.jpg","type":"image\/jpeg"}],"author":"bosniak","twitter_card":"summary_large_image","twitter_misc":{"Written by":"bosniak","Est. reading time":"3 minute"},"schema":{"@context":"https:\/\/schema.org","@graph":[{"@type":"Article","@id":"https:\/\/sandzakpress.net\/arhiva\/tadic-dodik-ne-moze-formirati-vladu-srbije\/#article","isPartOf":{"@id":"https:\/\/sandzakpress.net\/arhiva\/tadic-dodik-ne-moze-formirati-vladu-srbije\/"},"author":{"name":"bosniak","@id":"https:\/\/sandzakpress.net\/arhiva\/#\/schema\/person\/c8baee722073534b583ea7bdb2e36c02"},"headline":"Tadi\u0107: &#8216;Dodik ne mo\u017ee formirati Vladu Srbije&#8217;","datePublished":"2012-06-06T13:42:53+00:00","dateModified":"2012-06-06T13:43:04+00:00","mainEntityOfPage":{"@id":"https:\/\/sandzakpress.net\/arhiva\/tadic-dodik-ne-moze-formirati-vladu-srbije\/"},"wordCount":668,"commentCount":2,"publisher":{"@id":"https:\/\/sandzakpress.net\/arhiva\/#\/schema\/person\/6e72b67d6e51910a1117b3b483ba20bd"},"image":{"@id":"https:\/\/sandzakpress.net\/arhiva\/tadic-dodik-ne-moze-formirati-vladu-srbije\/#primaryimage"},"thumbnailUrl":"https:\/\/sandzakpress.net\/arhiva\/wp-content\/uploads\/2012\/06\/88F49D97-4074-4599-B6ED-9CAD0CD9B0BD_mw800_mh600.jpg","articleSection":["Novi Pazar","Sjenica","Tutin","Prijepolje","Priboj","Nova Varo\u0161","VIJESTI DANA"],"inLanguage":"bs-BA","potentialAction":[{"@type":"CommentAction","name":"Comment","target":["https:\/\/sandzakpress.net\/arhiva\/tadic-dodik-ne-moze-formirati-vladu-srbije\/#respond"]}]},{"@type":"WebPage","@id":"https:\/\/sandzakpress.net\/arhiva\/tadic-dodik-ne-moze-formirati-vladu-srbije\/","url":"https:\/\/sandzakpress.net\/arhiva\/tadic-dodik-ne-moze-formirati-vladu-srbije\/","name":"Tadi\u0107: 'Dodik ne mo\u017ee formirati Vladu Srbije'","isPartOf":{"@id":"https:\/\/sandzakpress.net\/arhiva\/#website"},"primaryImageOfPage":{"@id":"https:\/\/sandzakpress.net\/arhiva\/tadic-dodik-ne-moze-formirati-vladu-srbije\/#primaryimage"},"image":{"@id":"https:\/\/sandzakpress.net\/arhiva\/tadic-dodik-ne-moze-formirati-vladu-srbije\/#primaryimage"},"thumbnailUrl":"https:\/\/sandzakpress.net\/arhiva\/wp-content\/uploads\/2012\/06\/88F49D97-4074-4599-B6ED-9CAD0CD9B0BD_mw800_mh600.jpg","datePublished":"2012-06-06T13:42:53+00:00","dateModified":"2012-06-06T13:43:04+00:00","breadcrumb":{"@id":"https:\/\/sandzakpress.net\/arhiva\/tadic-dodik-ne-moze-formirati-vladu-srbije\/#breadcrumb"},"inLanguage":"bs-BA","potentialAction":[{"@type":"ReadAction","target":["https:\/\/sandzakpress.net\/arhiva\/tadic-dodik-ne-moze-formirati-vladu-srbije\/"]}]},{"@type":"ImageObject","inLanguage":"bs-BA","@id":"https:\/\/sandzakpress.net\/arhiva\/tadic-dodik-ne-moze-formirati-vladu-srbije\/#primaryimage","url":"https:\/\/sandzakpress.net\/arhiva\/wp-content\/uploads\/2012\/06\/88F49D97-4074-4599-B6ED-9CAD0CD9B0BD_mw800_mh600.jpg","contentUrl":"https:\/\/sandzakpress.net\/arhiva\/wp-content\/uploads\/2012\/06\/88F49D97-4074-4599-B6ED-9CAD0CD9B0BD_mw800_mh600.jpg","width":616,"height":462},{"@type":"BreadcrumbList","@id":"https:\/\/sandzakpress.net\/arhiva\/tadic-dodik-ne-moze-formirati-vladu-srbije\/#breadcrumb","itemListElement":[{"@type":"ListItem","position":1,"name":"Home","item":"https:\/\/sandzakpress.net\/arhiva\/"},{"@type":"ListItem","position":2,"name":"Tadi\u0107: &#8216;Dodik ne mo\u017ee formirati Vladu Srbije&#8217;"}]},{"@type":"WebSite","@id":"https:\/\/sandzakpress.net\/arhiva\/#website","url":"https:\/\/sandzakpress.net\/arhiva\/","name":"Sand\u017eak PRESS","description":"Prve elektronske novine u Sand\u017eaku","publisher":{"@id":"https:\/\/sandzakpress.net\/arhiva\/#\/schema\/person\/6e72b67d6e51910a1117b3b483ba20bd"},"potentialAction":[{"@type":"SearchAction","target":{"@type":"EntryPoint","urlTemplate":"https:\/\/sandzakpress.net\/arhiva\/?s={search_term_string}"},"query-input":{"@type":"PropertyValueSpecification","valueRequired":true,"valueName":"search_term_string"}}],"inLanguage":"bs-BA"},{"@type":["Person","Organization"],"@id":"https:\/\/sandzakpress.net\/arhiva\/#\/schema\/person\/6e72b67d6e51910a1117b3b483ba20bd","name":"Kul","image":{"@type":"ImageObject","inLanguage":"bs-BA","@id":"https:\/\/sandzakpress.net\/arhiva\/#\/schema\/person\/image\/","url":"https:\/\/secure.gravatar.com\/avatar\/42263f39aa27ac04c43cab85c280eb2e?s=96&d=mm&r=pg","contentUrl":"https:\/\/secure.gravatar.com\/avatar\/42263f39aa27ac04c43cab85c280eb2e?s=96&d=mm&r=pg","caption":"Kul"},"logo":{"@id":"https:\/\/sandzakpress.net\/arhiva\/#\/schema\/person\/image\/"}},{"@type":"Person","@id":"https:\/\/sandzakpress.net\/arhiva\/#\/schema\/person\/c8baee722073534b583ea7bdb2e36c02","name":"bosniak","image":{"@type":"ImageObject","inLanguage":"bs-BA","@id":"https:\/\/sandzakpress.net\/arhiva\/#\/schema\/person\/image\/","url":"https:\/\/secure.gravatar.com\/avatar\/a04fd330bfe3a36a72a0ad4a6d89fca7?s=96&d=mm&r=pg","contentUrl":"https:\/\/secure.gravatar.com\/avatar\/a04fd330bfe3a36a72a0ad4a6d89fca7?s=96&d=mm&r=pg","caption":"bosniak"},"url":"https:\/\/sandzakpress.net\/arhiva\/author\/bosniak\/"}]}},"_links":{"self":[{"href":"https:\/\/sandzakpress.net\/arhiva\/wp-json\/wp\/v2\/posts\/41065"}],"collection":[{"href":"https:\/\/sandzakpress.net\/arhiva\/wp-json\/wp\/v2\/posts"}],"about":[{"href":"https:\/\/sandzakpress.net\/arhiva\/wp-json\/wp\/v2\/types\/post"}],"author":[{"embeddable":true,"href":"https:\/\/sandzakpress.net\/arhiva\/wp-json\/wp\/v2\/users\/83"}],"replies":[{"embeddable":true,"href":"https:\/\/sandzakpress.net\/arhiva\/wp-json\/wp\/v2\/comments?post=41065"}],"version-history":[{"count":0,"href":"https:\/\/sandzakpress.net\/arhiva\/wp-json\/wp\/v2\/posts\/41065\/revisions"}],"wp:featuredmedia":[{"embeddable":true,"href":"https:\/\/sandzakpress.net\/arhiva\/wp-json\/wp\/v2\/media\/41066"}],"wp:attachment":[{"href":"https:\/\/sandzakpress.net\/arhiva\/wp-json\/wp\/v2\/media?parent=41065"}],"wp:term":[{"taxonomy":"category","embeddable":true,"href":"https:\/\/sandzakpress.net\/arhiva\/wp-json\/wp\/v2\/categories?post=41065"},{"taxonomy":"post_tag","embeddable":true,"href":"https:\/\/sandzakpress.net\/arhiva\/wp-json\/wp\/v2\/tags?post=41065"}],"curies":[{"name":"wp","href":"https:\/\/api.w.org\/{rel}","templated":true}]}}