{"id":41033,"date":"2012-06-06T02:32:02","date_gmt":"2012-06-06T00:32:02","guid":{"rendered":"https:\/\/sandzakpress.net\/arhiva\/?p=41033"},"modified":"2012-06-06T02:34:47","modified_gmt":"2012-06-06T00:34:47","slug":"kako-ce-nas-predstavljati-bosnjacki-narodni-poslanici","status":"publish","type":"post","link":"https:\/\/sandzakpress.net\/arhiva\/kako-ce-nas-predstavljati-bosnjacki-narodni-poslanici\/","title":{"rendered":"Kako \u0107e nas predstavljati bo\u0161nja\u010dki narodni poslanici?"},"content":{"rendered":"<p><a href=\"https:\/\/sandzakpress.net\/arhiva\/wp-content\/uploads\/2012\/06\/Skupstina-Srbije-foto-SrbijaNet.rs_.jpg\"><img loading=\"lazy\" decoding=\"async\" class=\"aligncenter size-full wp-image-41039\" title=\"Skupstina-Srbije-foto-SrbijaNet.rs_\" src=\"https:\/\/sandzakpress.net\/arhiva\/wp-content\/uploads\/2012\/06\/Skupstina-Srbije-foto-SrbijaNet.rs_.jpg\" alt=\"\" width=\"616\" height=\"396\" \/><\/a><\/p>\n<p><strong>Sjeverni Sand\u017eak &#8211; U novom sazivu srbijanskog parlamenta, od 250 poslanika, sedam je Bo\u0161njaka. \u010cetiri na listama nacionalnih stranaka i tri sa manjinskih lista.<\/strong><\/p>\n<p>Bo\u0161nja\u010dki poslanici od novog saziva srbijanskog parlamenta o\u010dekuju rje\u0161avanje problema u Sand\u017eaku. U izjavama za agenciju Anadolija obe\u0107avaju da \u0107e se zalagati za sand\u017ea\u010dke i bo\u0161nja\u010dke interese.<\/p>\n<h3>SDA &#8211; Bajro Gegi\u0107 i Ifeta Radoni\u010di\u0107<\/h3>\n<p><a href=\"https:\/\/sandzakpress.net\/arhiva\/wp-content\/uploads\/2012\/06\/t2.jpg\"><img loading=\"lazy\" decoding=\"async\" class=\"alignleft size-medium wp-image-41036\" title=\"t\" src=\"https:\/\/sandzakpress.net\/arhiva\/wp-content\/uploads\/2012\/06\/t2-300x208.jpg\" alt=\"\" width=\"300\" height=\"208\" \/><\/a>Dva poslanika sa manjinske liste Stranke demokratske akcije (SDA) Sand\u017eaka, Bajro Gegi\u0107 i Ifeta Radon\u010di\u0107, nadaju se da \u0107e ovaj saziv skup\u0161tine Srbije uspjeti da rije\u0161i klju\u010dne probleme u dr\u017eavi i da \u0107e Srbija krenuti putem evropskih i evroatlantskih integracija.<\/p>\n<p><strong>&#8220;\u0160to se ti\u010de nas Bo\u0161njaka nadam se da \u0107e proces implementacije prava Bo\u0161njaka krenuti sa mrtve ta\u010dke i da \u0107e ovo biti period pune afirmacije Bo\u0161njaka u Srbiji. Obrazovanje na bosanskom jeziku, upotreba ud\u017ebenika i informisanje na bosanskom jeziku su najva\u017eniji&#8221;, kazao je\u00a0 Gegi\u0107.<\/strong><\/p>\n<p>On je jedno vrijeme obavljao funkciju dr\u017eavnog sekretara u Ministarstvu obrazovanja Srbije. Nagla\u0161ava da \u0107e kao poslanik insistirati na ulaganjima u Sand\u017eak. &#8221; Ekonomski razvoj, izgradnja infrastrukture, autoput preko Pe\u0161tera i putevi Novi Pazar-Tutin i Novi Pazar-Sjenica su klju\u010d na\u0161eg budu\u0107eg razvoja&#8221;, zaklju\u010dio je Gegi\u0107.<\/p>\n<h3><strong>BDZ &#8211; Emir Elfi\u0107<\/strong><\/h3>\n<p><a href=\"https:\/\/sandzakpress.net\/arhiva\/wp-content\/uploads\/2012\/06\/t-1.jpg\"><img loading=\"lazy\" decoding=\"async\" class=\"alignleft size-medium wp-image-41035\" title=\"t (1)\" src=\"https:\/\/sandzakpress.net\/arhiva\/wp-content\/uploads\/2012\/06\/t-1-300x208.jpg\" alt=\"\" width=\"300\" height=\"208\" \/><\/a>Poslanik Koalicije &#8220;Svi zajedno&#8221; (Bo\u0161nja\u010dke dekokratske zajednice i manjinskih stranaka iz Vojvodine) Emir Elfi\u0107 smatra da je u novom sazivu parlamenta Srbije do\u0161lo do blage promjene \u0161to mo\u017ee, kako isti\u010de, imati i implikaciju na odnose prema Sand\u017eaku. &#8220;Ono \u0161to je klju\u010dna stvar jeste na koji na\u010din \u0107e se formirati vlada i u kojem smjeru \u0107e i\u0107i politika Vlade Srbije. Trebamo ostaviti vremena da se to poka\u017ee&#8221;, kazao je Elfi\u0107 za Anadoliju.<\/p>\n<h3>LDP &#8211; Kenan Hajdarevi\u0107<\/h3>\n<p>Poslanik koalicije &#8220;Preokret&#8221; Kenan Hajdarevi\u0107 isti\u010de da Sand\u017eak i Bo\u0161njaci od novog saziva parlamenta o\u010dekuju da rije\u0161i ogroman broj problema. &#8220;Ne smijemo da dozvolimo da u Sand\u017eaku bude kr\u0161enja ljudskih prava, diskriminacije, propadanja u ekonomskom smislu i nadam se da \u0107emo u narednom periodu bar nekih od tih problema uspjeti da rije\u0161imo&#8221;.<\/p>\n<h3>BNS &#8211; Mujo Mukovi\u0107<\/h3>\n<p><a href=\"https:\/\/sandzakpress.net\/arhiva\/wp-content\/uploads\/2012\/06\/t-2.jpg\"><img loading=\"lazy\" decoding=\"async\" class=\"alignleft size-medium wp-image-41037\" title=\"t (2)\" src=\"https:\/\/sandzakpress.net\/arhiva\/wp-content\/uploads\/2012\/06\/t-2-300x208.jpg\" alt=\"\" width=\"300\" height=\"208\" \/><\/a>Bo\u0161nja\u010dka narodna stranka (BNS) je, u\u010detvuju\u0107u na listi &#8220;Pokrenimo Srbiju&#8221; Tomislava Nikoli\u0107a, sa jednim poslani\u010dkim mjestom u\u0161la u Skup\u0161tinu Srbije. Predsjednik i poslanik ove stranke Mujo Mukovi\u0107 navodi da rad u parlamentu u prvom planu zavisi od toga da li \u0107e biti vlast ili opozicija i da to uslovljava svaki uspjeh u radu. &#8220;Ono \u0161to mogu obe\u0107ati gra\u0111anima Sand\u017eaka, posebno Bo\u0161njacima jer smo prvenstveno bo\u0161nja\u010dka stranka, jeste da \u0107emo se zalagati za sand\u017ea\u010dke regionalne interese, bo\u0161nja\u010dke interese, onako kako mi to najbolje budemo mogli u datim okolnostima\u201c.<\/p>\n<p>.<\/p>\n<h3><strong>SDPS &#8211; Meho Omerovi\u0107<\/strong><\/h3>\n<p><a href=\"https:\/\/sandzakpress.net\/arhiva\/wp-content\/uploads\/2012\/06\/t-3.jpg\"><img loading=\"lazy\" decoding=\"async\" class=\"alignleft size-medium wp-image-41038\" title=\"t (3)\" src=\"https:\/\/sandzakpress.net\/arhiva\/wp-content\/uploads\/2012\/06\/t-3-300x208.jpg\" alt=\"\" width=\"300\" height=\"208\" \/><\/a>Na konstitutivnoj sjednici Narodne Skup\u0161tine Srbije, prvi put kao poslanik SDP-a Srbije, u\u010destvovao je ministar u vladama SR Jugoslavije i Srbije Rasim Ljaji\u0107.<\/p>\n<p>Novi poslani\u010dki sta\u017e zapo\u010deo je i njegov partijski kolega Meho Omerovi\u0107, porijeklom Bo\u0161njak iz Gora\u017eda. Ljaji\u0107 i Omerovi\u0107 nalaze se na listi koalicije &#8220;Za bolji \u017eivot-Boris Tadi\u0107\u201c.<\/p>\n<p>Na pitanje da li \u0107e oformiti bo\u0161nja\u010dki poslani\u010dki klub, sagovornici agencije Anadolija ocjenjuju da to nije isklju\u010deno, ali da zavisi od stavova stranaka na \u010dijim su listama i da je jo\u0161 prerarno govoriti o tome.<\/p>\n<p>Izvor: <strong>ANADOLIJA<\/strong><\/p>\n","protected":false},"excerpt":{"rendered":"<p>Sjeverni Sand\u017eak &#8211; U novom sazivu srbijanskog parlamenta, od 250 poslanika, sedam je Bo\u0161njaka. \u010cetiri na listama nacionalnih stranaka i tri sa manjinskih lista. Bo\u0161nja\u010dki poslanici od novog saziva srbijanskog parlamenta o\u010dekuju rje\u0161avanje problema u Sand\u017eaku. U izjavama za agenciju Anadolija obe\u0107avaju da \u0107e se zalagati za sand\u017ea\u010dke i bo\u0161nja\u010dke interese. SDA &#8211; Bajro Gegi\u0107 [&hellip;]<\/p>\n","protected":false},"author":83,"featured_media":41039,"comment_status":"open","ping_status":"open","sticky":false,"template":"","format":"standard","meta":{"footnotes":""},"categories":[72,52,1,327,392,393,394,8957],"tags":[],"class_list":{"0":"post-41033","1":"post","2":"type-post","3":"status-publish","4":"format-standard","5":"has-post-thumbnail","7":"category-novi-pazar","8":"category-sjenica","9":"category-politika","10":"category-tutin","11":"category-prijepolje_","12":"category-priboj","13":"category-nova-varos","14":"category-vijesti-dana"},"yoast_head":"<!-- This site is optimized with the Yoast SEO Premium plugin v23.1 (Yoast SEO v24.9) - https:\/\/yoast.com\/wordpress\/plugins\/seo\/ -->\n<title>Kako \u0107e nas predstavljati bo\u0161nja\u010dki narodni poslanici?<\/title>\n<meta name=\"robots\" content=\"index, follow, max-snippet:-1, max-image-preview:large, max-video-preview:-1\" \/>\n<link rel=\"canonical\" href=\"https:\/\/sandzakpress.net\/arhiva\/kako-ce-nas-predstavljati-bosnjacki-narodni-poslanici\/\" \/>\n<meta property=\"og:locale\" content=\"bs_BA\" \/>\n<meta property=\"og:type\" content=\"article\" \/>\n<meta property=\"og:title\" content=\"Kako \u0107e nas predstavljati bo\u0161nja\u010dki narodni poslanici?\" \/>\n<meta property=\"og:description\" content=\"Sjeverni Sand\u017eak &#8211; U novom sazivu srbijanskog parlamenta, od 250 poslanika, sedam je Bo\u0161njaka. \u010cetiri na listama nacionalnih stranaka i tri sa manjinskih lista. Bo\u0161nja\u010dki poslanici od novog saziva srbijanskog parlamenta o\u010dekuju rje\u0161avanje problema u Sand\u017eaku. U izjavama za agenciju Anadolija obe\u0107avaju da \u0107e se zalagati za sand\u017ea\u010dke i bo\u0161nja\u010dke interese. SDA &#8211; Bajro Gegi\u0107 [&hellip;]\" \/>\n<meta property=\"og:url\" content=\"https:\/\/sandzakpress.net\/arhiva\/kako-ce-nas-predstavljati-bosnjacki-narodni-poslanici\/\" \/>\n<meta property=\"og:site_name\" content=\"Sand\u017eak PRESS\" \/>\n<meta property=\"article:published_time\" content=\"2012-06-06T00:32:02+00:00\" \/>\n<meta property=\"article:modified_time\" content=\"2012-06-06T00:34:47+00:00\" \/>\n<meta property=\"og:image\" content=\"https:\/\/sandzakpress.net\/arhiva\/wp-content\/uploads\/2012\/06\/Skupstina-Srbije-foto-SrbijaNet.rs_.jpg\" \/>\n\t<meta property=\"og:image:width\" content=\"616\" \/>\n\t<meta property=\"og:image:height\" content=\"396\" \/>\n\t<meta property=\"og:image:type\" content=\"image\/jpeg\" \/>\n<meta name=\"author\" content=\"bosniak\" \/>\n<meta name=\"twitter:card\" content=\"summary_large_image\" \/>\n<meta name=\"twitter:label1\" content=\"Written by\" \/>\n\t<meta name=\"twitter:data1\" content=\"bosniak\" \/>\n\t<meta name=\"twitter:label2\" content=\"Est. reading time\" \/>\n\t<meta name=\"twitter:data2\" content=\"3 minute\" \/>\n<script type=\"application\/ld+json\" class=\"yoast-schema-graph\">{\"@context\":\"https:\/\/schema.org\",\"@graph\":[{\"@type\":\"Article\",\"@id\":\"https:\/\/sandzakpress.net\/arhiva\/kako-ce-nas-predstavljati-bosnjacki-narodni-poslanici\/#article\",\"isPartOf\":{\"@id\":\"https:\/\/sandzakpress.net\/arhiva\/kako-ce-nas-predstavljati-bosnjacki-narodni-poslanici\/\"},\"author\":{\"name\":\"bosniak\",\"@id\":\"https:\/\/sandzakpress.net\/arhiva\/#\/schema\/person\/c8baee722073534b583ea7bdb2e36c02\"},\"headline\":\"Kako \u0107e nas predstavljati bo\u0161nja\u010dki narodni poslanici?\",\"datePublished\":\"2012-06-06T00:32:02+00:00\",\"dateModified\":\"2012-06-06T00:34:47+00:00\",\"mainEntityOfPage\":{\"@id\":\"https:\/\/sandzakpress.net\/arhiva\/kako-ce-nas-predstavljati-bosnjacki-narodni-poslanici\/\"},\"wordCount\":586,\"commentCount\":5,\"publisher\":{\"@id\":\"https:\/\/sandzakpress.net\/arhiva\/#\/schema\/person\/6e72b67d6e51910a1117b3b483ba20bd\"},\"image\":{\"@id\":\"https:\/\/sandzakpress.net\/arhiva\/kako-ce-nas-predstavljati-bosnjacki-narodni-poslanici\/#primaryimage\"},\"thumbnailUrl\":\"https:\/\/sandzakpress.net\/arhiva\/wp-content\/uploads\/2012\/06\/Skupstina-Srbije-foto-SrbijaNet.rs_.jpg\",\"articleSection\":[\"Novi Pazar\",\"Sjenica\",\"Politika\",\"Tutin\",\"Prijepolje\",\"Priboj\",\"Nova Varo\u0161\",\"VIJESTI DANA\"],\"inLanguage\":\"bs-BA\",\"potentialAction\":[{\"@type\":\"CommentAction\",\"name\":\"Comment\",\"target\":[\"https:\/\/sandzakpress.net\/arhiva\/kako-ce-nas-predstavljati-bosnjacki-narodni-poslanici\/#respond\"]}]},{\"@type\":\"WebPage\",\"@id\":\"https:\/\/sandzakpress.net\/arhiva\/kako-ce-nas-predstavljati-bosnjacki-narodni-poslanici\/\",\"url\":\"https:\/\/sandzakpress.net\/arhiva\/kako-ce-nas-predstavljati-bosnjacki-narodni-poslanici\/\",\"name\":\"Kako \u0107e nas predstavljati bo\u0161nja\u010dki narodni poslanici?\",\"isPartOf\":{\"@id\":\"https:\/\/sandzakpress.net\/arhiva\/#website\"},\"primaryImageOfPage\":{\"@id\":\"https:\/\/sandzakpress.net\/arhiva\/kako-ce-nas-predstavljati-bosnjacki-narodni-poslanici\/#primaryimage\"},\"image\":{\"@id\":\"https:\/\/sandzakpress.net\/arhiva\/kako-ce-nas-predstavljati-bosnjacki-narodni-poslanici\/#primaryimage\"},\"thumbnailUrl\":\"https:\/\/sandzakpress.net\/arhiva\/wp-content\/uploads\/2012\/06\/Skupstina-Srbije-foto-SrbijaNet.rs_.jpg\",\"datePublished\":\"2012-06-06T00:32:02+00:00\",\"dateModified\":\"2012-06-06T00:34:47+00:00\",\"breadcrumb\":{\"@id\":\"https:\/\/sandzakpress.net\/arhiva\/kako-ce-nas-predstavljati-bosnjacki-narodni-poslanici\/#breadcrumb\"},\"inLanguage\":\"bs-BA\",\"potentialAction\":[{\"@type\":\"ReadAction\",\"target\":[\"https:\/\/sandzakpress.net\/arhiva\/kako-ce-nas-predstavljati-bosnjacki-narodni-poslanici\/\"]}]},{\"@type\":\"ImageObject\",\"inLanguage\":\"bs-BA\",\"@id\":\"https:\/\/sandzakpress.net\/arhiva\/kako-ce-nas-predstavljati-bosnjacki-narodni-poslanici\/#primaryimage\",\"url\":\"https:\/\/sandzakpress.net\/arhiva\/wp-content\/uploads\/2012\/06\/Skupstina-Srbije-foto-SrbijaNet.rs_.jpg\",\"contentUrl\":\"https:\/\/sandzakpress.net\/arhiva\/wp-content\/uploads\/2012\/06\/Skupstina-Srbije-foto-SrbijaNet.rs_.jpg\",\"width\":616,\"height\":396},{\"@type\":\"BreadcrumbList\",\"@id\":\"https:\/\/sandzakpress.net\/arhiva\/kako-ce-nas-predstavljati-bosnjacki-narodni-poslanici\/#breadcrumb\",\"itemListElement\":[{\"@type\":\"ListItem\",\"position\":1,\"name\":\"Home\",\"item\":\"https:\/\/sandzakpress.net\/arhiva\/\"},{\"@type\":\"ListItem\",\"position\":2,\"name\":\"Kako \u0107e nas predstavljati bo\u0161nja\u010dki narodni poslanici?\"}]},{\"@type\":\"WebSite\",\"@id\":\"https:\/\/sandzakpress.net\/arhiva\/#website\",\"url\":\"https:\/\/sandzakpress.net\/arhiva\/\",\"name\":\"Sand\u017eak PRESS\",\"description\":\"Prve elektronske novine u Sand\u017eaku\",\"publisher\":{\"@id\":\"https:\/\/sandzakpress.net\/arhiva\/#\/schema\/person\/6e72b67d6e51910a1117b3b483ba20bd\"},\"potentialAction\":[{\"@type\":\"SearchAction\",\"target\":{\"@type\":\"EntryPoint\",\"urlTemplate\":\"https:\/\/sandzakpress.net\/arhiva\/?s={search_term_string}\"},\"query-input\":{\"@type\":\"PropertyValueSpecification\",\"valueRequired\":true,\"valueName\":\"search_term_string\"}}],\"inLanguage\":\"bs-BA\"},{\"@type\":[\"Person\",\"Organization\"],\"@id\":\"https:\/\/sandzakpress.net\/arhiva\/#\/schema\/person\/6e72b67d6e51910a1117b3b483ba20bd\",\"name\":\"Kul\",\"image\":{\"@type\":\"ImageObject\",\"inLanguage\":\"bs-BA\",\"@id\":\"https:\/\/sandzakpress.net\/arhiva\/#\/schema\/person\/image\/\",\"url\":\"https:\/\/secure.gravatar.com\/avatar\/42263f39aa27ac04c43cab85c280eb2e?s=96&d=mm&r=pg\",\"contentUrl\":\"https:\/\/secure.gravatar.com\/avatar\/42263f39aa27ac04c43cab85c280eb2e?s=96&d=mm&r=pg\",\"caption\":\"Kul\"},\"logo\":{\"@id\":\"https:\/\/sandzakpress.net\/arhiva\/#\/schema\/person\/image\/\"}},{\"@type\":\"Person\",\"@id\":\"https:\/\/sandzakpress.net\/arhiva\/#\/schema\/person\/c8baee722073534b583ea7bdb2e36c02\",\"name\":\"bosniak\",\"image\":{\"@type\":\"ImageObject\",\"inLanguage\":\"bs-BA\",\"@id\":\"https:\/\/sandzakpress.net\/arhiva\/#\/schema\/person\/image\/\",\"url\":\"https:\/\/secure.gravatar.com\/avatar\/a04fd330bfe3a36a72a0ad4a6d89fca7?s=96&d=mm&r=pg\",\"contentUrl\":\"https:\/\/secure.gravatar.com\/avatar\/a04fd330bfe3a36a72a0ad4a6d89fca7?s=96&d=mm&r=pg\",\"caption\":\"bosniak\"},\"url\":\"https:\/\/sandzakpress.net\/arhiva\/author\/bosniak\/\"}]}<\/script>\n<!-- \/ Yoast SEO Premium plugin. -->","yoast_head_json":{"title":"Kako \u0107e nas predstavljati bo\u0161nja\u010dki narodni poslanici?","robots":{"index":"index","follow":"follow","max-snippet":"max-snippet:-1","max-image-preview":"max-image-preview:large","max-video-preview":"max-video-preview:-1"},"canonical":"https:\/\/sandzakpress.net\/arhiva\/kako-ce-nas-predstavljati-bosnjacki-narodni-poslanici\/","og_locale":"bs_BA","og_type":"article","og_title":"Kako \u0107e nas predstavljati bo\u0161nja\u010dki narodni poslanici?","og_description":"Sjeverni Sand\u017eak &#8211; U novom sazivu srbijanskog parlamenta, od 250 poslanika, sedam je Bo\u0161njaka. \u010cetiri na listama nacionalnih stranaka i tri sa manjinskih lista. Bo\u0161nja\u010dki poslanici od novog saziva srbijanskog parlamenta o\u010dekuju rje\u0161avanje problema u Sand\u017eaku. U izjavama za agenciju Anadolija obe\u0107avaju da \u0107e se zalagati za sand\u017ea\u010dke i bo\u0161nja\u010dke interese. SDA &#8211; Bajro Gegi\u0107 [&hellip;]","og_url":"https:\/\/sandzakpress.net\/arhiva\/kako-ce-nas-predstavljati-bosnjacki-narodni-poslanici\/","og_site_name":"Sand\u017eak PRESS","article_published_time":"2012-06-06T00:32:02+00:00","article_modified_time":"2012-06-06T00:34:47+00:00","og_image":[{"width":616,"height":396,"url":"https:\/\/sandzakpress.net\/arhiva\/wp-content\/uploads\/2012\/06\/Skupstina-Srbije-foto-SrbijaNet.rs_.jpg","type":"image\/jpeg"}],"author":"bosniak","twitter_card":"summary_large_image","twitter_misc":{"Written by":"bosniak","Est. reading time":"3 minute"},"schema":{"@context":"https:\/\/schema.org","@graph":[{"@type":"Article","@id":"https:\/\/sandzakpress.net\/arhiva\/kako-ce-nas-predstavljati-bosnjacki-narodni-poslanici\/#article","isPartOf":{"@id":"https:\/\/sandzakpress.net\/arhiva\/kako-ce-nas-predstavljati-bosnjacki-narodni-poslanici\/"},"author":{"name":"bosniak","@id":"https:\/\/sandzakpress.net\/arhiva\/#\/schema\/person\/c8baee722073534b583ea7bdb2e36c02"},"headline":"Kako \u0107e nas predstavljati bo\u0161nja\u010dki narodni poslanici?","datePublished":"2012-06-06T00:32:02+00:00","dateModified":"2012-06-06T00:34:47+00:00","mainEntityOfPage":{"@id":"https:\/\/sandzakpress.net\/arhiva\/kako-ce-nas-predstavljati-bosnjacki-narodni-poslanici\/"},"wordCount":586,"commentCount":5,"publisher":{"@id":"https:\/\/sandzakpress.net\/arhiva\/#\/schema\/person\/6e72b67d6e51910a1117b3b483ba20bd"},"image":{"@id":"https:\/\/sandzakpress.net\/arhiva\/kako-ce-nas-predstavljati-bosnjacki-narodni-poslanici\/#primaryimage"},"thumbnailUrl":"https:\/\/sandzakpress.net\/arhiva\/wp-content\/uploads\/2012\/06\/Skupstina-Srbije-foto-SrbijaNet.rs_.jpg","articleSection":["Novi Pazar","Sjenica","Politika","Tutin","Prijepolje","Priboj","Nova Varo\u0161","VIJESTI DANA"],"inLanguage":"bs-BA","potentialAction":[{"@type":"CommentAction","name":"Comment","target":["https:\/\/sandzakpress.net\/arhiva\/kako-ce-nas-predstavljati-bosnjacki-narodni-poslanici\/#respond"]}]},{"@type":"WebPage","@id":"https:\/\/sandzakpress.net\/arhiva\/kako-ce-nas-predstavljati-bosnjacki-narodni-poslanici\/","url":"https:\/\/sandzakpress.net\/arhiva\/kako-ce-nas-predstavljati-bosnjacki-narodni-poslanici\/","name":"Kako \u0107e nas predstavljati bo\u0161nja\u010dki narodni poslanici?","isPartOf":{"@id":"https:\/\/sandzakpress.net\/arhiva\/#website"},"primaryImageOfPage":{"@id":"https:\/\/sandzakpress.net\/arhiva\/kako-ce-nas-predstavljati-bosnjacki-narodni-poslanici\/#primaryimage"},"image":{"@id":"https:\/\/sandzakpress.net\/arhiva\/kako-ce-nas-predstavljati-bosnjacki-narodni-poslanici\/#primaryimage"},"thumbnailUrl":"https:\/\/sandzakpress.net\/arhiva\/wp-content\/uploads\/2012\/06\/Skupstina-Srbije-foto-SrbijaNet.rs_.jpg","datePublished":"2012-06-06T00:32:02+00:00","dateModified":"2012-06-06T00:34:47+00:00","breadcrumb":{"@id":"https:\/\/sandzakpress.net\/arhiva\/kako-ce-nas-predstavljati-bosnjacki-narodni-poslanici\/#breadcrumb"},"inLanguage":"bs-BA","potentialAction":[{"@type":"ReadAction","target":["https:\/\/sandzakpress.net\/arhiva\/kako-ce-nas-predstavljati-bosnjacki-narodni-poslanici\/"]}]},{"@type":"ImageObject","inLanguage":"bs-BA","@id":"https:\/\/sandzakpress.net\/arhiva\/kako-ce-nas-predstavljati-bosnjacki-narodni-poslanici\/#primaryimage","url":"https:\/\/sandzakpress.net\/arhiva\/wp-content\/uploads\/2012\/06\/Skupstina-Srbije-foto-SrbijaNet.rs_.jpg","contentUrl":"https:\/\/sandzakpress.net\/arhiva\/wp-content\/uploads\/2012\/06\/Skupstina-Srbije-foto-SrbijaNet.rs_.jpg","width":616,"height":396},{"@type":"BreadcrumbList","@id":"https:\/\/sandzakpress.net\/arhiva\/kako-ce-nas-predstavljati-bosnjacki-narodni-poslanici\/#breadcrumb","itemListElement":[{"@type":"ListItem","position":1,"name":"Home","item":"https:\/\/sandzakpress.net\/arhiva\/"},{"@type":"ListItem","position":2,"name":"Kako \u0107e nas predstavljati bo\u0161nja\u010dki narodni poslanici?"}]},{"@type":"WebSite","@id":"https:\/\/sandzakpress.net\/arhiva\/#website","url":"https:\/\/sandzakpress.net\/arhiva\/","name":"Sand\u017eak PRESS","description":"Prve elektronske novine u Sand\u017eaku","publisher":{"@id":"https:\/\/sandzakpress.net\/arhiva\/#\/schema\/person\/6e72b67d6e51910a1117b3b483ba20bd"},"potentialAction":[{"@type":"SearchAction","target":{"@type":"EntryPoint","urlTemplate":"https:\/\/sandzakpress.net\/arhiva\/?s={search_term_string}"},"query-input":{"@type":"PropertyValueSpecification","valueRequired":true,"valueName":"search_term_string"}}],"inLanguage":"bs-BA"},{"@type":["Person","Organization"],"@id":"https:\/\/sandzakpress.net\/arhiva\/#\/schema\/person\/6e72b67d6e51910a1117b3b483ba20bd","name":"Kul","image":{"@type":"ImageObject","inLanguage":"bs-BA","@id":"https:\/\/sandzakpress.net\/arhiva\/#\/schema\/person\/image\/","url":"https:\/\/secure.gravatar.com\/avatar\/42263f39aa27ac04c43cab85c280eb2e?s=96&d=mm&r=pg","contentUrl":"https:\/\/secure.gravatar.com\/avatar\/42263f39aa27ac04c43cab85c280eb2e?s=96&d=mm&r=pg","caption":"Kul"},"logo":{"@id":"https:\/\/sandzakpress.net\/arhiva\/#\/schema\/person\/image\/"}},{"@type":"Person","@id":"https:\/\/sandzakpress.net\/arhiva\/#\/schema\/person\/c8baee722073534b583ea7bdb2e36c02","name":"bosniak","image":{"@type":"ImageObject","inLanguage":"bs-BA","@id":"https:\/\/sandzakpress.net\/arhiva\/#\/schema\/person\/image\/","url":"https:\/\/secure.gravatar.com\/avatar\/a04fd330bfe3a36a72a0ad4a6d89fca7?s=96&d=mm&r=pg","contentUrl":"https:\/\/secure.gravatar.com\/avatar\/a04fd330bfe3a36a72a0ad4a6d89fca7?s=96&d=mm&r=pg","caption":"bosniak"},"url":"https:\/\/sandzakpress.net\/arhiva\/author\/bosniak\/"}]}},"_links":{"self":[{"href":"https:\/\/sandzakpress.net\/arhiva\/wp-json\/wp\/v2\/posts\/41033"}],"collection":[{"href":"https:\/\/sandzakpress.net\/arhiva\/wp-json\/wp\/v2\/posts"}],"about":[{"href":"https:\/\/sandzakpress.net\/arhiva\/wp-json\/wp\/v2\/types\/post"}],"author":[{"embeddable":true,"href":"https:\/\/sandzakpress.net\/arhiva\/wp-json\/wp\/v2\/users\/83"}],"replies":[{"embeddable":true,"href":"https:\/\/sandzakpress.net\/arhiva\/wp-json\/wp\/v2\/comments?post=41033"}],"version-history":[{"count":0,"href":"https:\/\/sandzakpress.net\/arhiva\/wp-json\/wp\/v2\/posts\/41033\/revisions"}],"wp:featuredmedia":[{"embeddable":true,"href":"https:\/\/sandzakpress.net\/arhiva\/wp-json\/wp\/v2\/media\/41039"}],"wp:attachment":[{"href":"https:\/\/sandzakpress.net\/arhiva\/wp-json\/wp\/v2\/media?parent=41033"}],"wp:term":[{"taxonomy":"category","embeddable":true,"href":"https:\/\/sandzakpress.net\/arhiva\/wp-json\/wp\/v2\/categories?post=41033"},{"taxonomy":"post_tag","embeddable":true,"href":"https:\/\/sandzakpress.net\/arhiva\/wp-json\/wp\/v2\/tags?post=41033"}],"curies":[{"name":"wp","href":"https:\/\/api.w.org\/{rel}","templated":true}]}}