{"id":41007,"date":"2012-06-06T01:24:30","date_gmt":"2012-06-05T23:24:30","guid":{"rendered":"https:\/\/sandzakpress.net\/arhiva\/?p=41007"},"modified":"2012-06-06T01:24:30","modified_gmt":"2012-06-05T23:24:30","slug":"srbija-kosovu-prijetila-citav-vijek","status":"publish","type":"post","link":"https:\/\/sandzakpress.net\/arhiva\/srbija-kosovu-prijetila-citav-vijek\/","title":{"rendered":"Srbija Kosovu prijetila \u010ditav vijek"},"content":{"rendered":"<p><strong><a href=\"https:\/\/sandzakpress.net\/arhiva\/wp-content\/uploads\/2012\/06\/prishtina234_2.jpg\"><img loading=\"lazy\" decoding=\"async\" class=\"alignleft size-medium wp-image-41008\" title=\"prishtina234_2\" src=\"https:\/\/sandzakpress.net\/arhiva\/wp-content\/uploads\/2012\/06\/prishtina234_2-300x210.jpg\" alt=\"\" width=\"300\" height=\"210\" \/><\/a>Kosovo &#8211; Potpredsjednik  vlade Kosova Hajredin Ku\u00e7i, rekao je, da rije\u010dnik koji koriste  predsjednik Srbije Tomislav Nikoli\u0107 i ministar policije Ivica Da\u010di\u0107 mo\u017ee  da dovede do zaklju\u010dka da se Srbija vra\u0107a mentalitetu Slobodana  Milo\u0161evi\u0107a.<\/strong><\/p>\n<p>&#8220;Mi  nismo svjedoci veoma pozitivnih kretanja u Srbiji. Kosovu je bilo  pre\u0107eno \u010ditav vijek iz Srbije sa genocidom i etni\u010dkim \u010di\u0161\u0107enjem. I<br \/>\nsada  se pojavljuju sli\u010dni glasovi. Ipak, mi se ne osje\u0107amo ugro\u017eeni jer smo  uspostavili partnerstvo sa NATO, SAD i EU&#8221;, izjavio je Ku\u00e7i.<\/p>\n<p>On  je pozvao medjunarodnu zajednicu da predupredi nova zao\u0161travanja koja  mogu ugroziti cijeli region. Ne\u0107emo dozvoliti podjela Kosova i vlada  smatra da bi svaka podjela generisala nove krize i stagnaciju  integracionih procesa, rekao je zamjenik premijera i potpredsjednik  vlade Kosova.<\/p>\n<p>&#8220;Kosovo  \u0107e odigrati svoju ulogu u odbrani suvereniteta, teritorijalne  cjelovitosti i nacionalnog identiteta&#8221;, kazao je Ku\u00e7i dodaju\u0107i da \u0107e na  svaki korak u tom pravcu biti uzvra\u0107eno istom mjerom. Prema njegovim  rije\u010dima, do nastavka dijaloga sa Beogradom u Briselu mo\u017ee do\u0107i samo  nakon ostvarivanja do sada postignutih dogovora.<\/p>\n<p>&#8220;Nastavak  dijaloga nema nikakvog smisla bez sprovodjenja (postignutih) sporazuma i  mi o\u010dekujemo od EU kao posrednika da tra\u017ei implementaciju ovih  sporazuma&#8221;, rekao je Ku\u00e7i.<\/p>\n<p>Izvor:<strong>Bosnjak-Info.rs<\/strong><\/p>\n","protected":false},"excerpt":{"rendered":"<p>Kosovo &#8211; Potpredsjednik vlade Kosova Hajredin Ku\u00e7i, rekao je, da rije\u010dnik koji koriste predsjednik Srbije Tomislav Nikoli\u0107 i ministar policije Ivica Da\u010di\u0107 mo\u017ee da dovede do zaklju\u010dka da se Srbija vra\u0107a mentalitetu Slobodana Milo\u0161evi\u0107a. &#8220;Mi nismo svjedoci veoma pozitivnih kretanja u Srbiji. Kosovu je bilo pre\u0107eno \u010ditav vijek iz Srbije sa genocidom i etni\u010dkim \u010di\u0161\u0107enjem. [&hellip;]<\/p>\n","protected":false},"author":13,"featured_media":41008,"comment_status":"open","ping_status":"open","sticky":false,"template":"","format":"standard","meta":{"footnotes":""},"categories":[2690],"tags":[],"class_list":{"0":"post-41007","1":"post","2":"type-post","3":"status-publish","4":"format-standard","5":"has-post-thumbnail","7":"category-kosovo-gradovi"},"yoast_head":"<!-- This site is optimized with the Yoast SEO Premium plugin v23.1 (Yoast SEO v24.9) - https:\/\/yoast.com\/wordpress\/plugins\/seo\/ -->\n<title>Srbija Kosovu prijetila \u010ditav vijek<\/title>\n<meta name=\"robots\" content=\"index, follow, max-snippet:-1, max-image-preview:large, max-video-preview:-1\" \/>\n<link rel=\"canonical\" href=\"https:\/\/sandzakpress.net\/arhiva\/srbija-kosovu-prijetila-citav-vijek\/\" \/>\n<meta property=\"og:locale\" content=\"bs_BA\" \/>\n<meta property=\"og:type\" content=\"article\" \/>\n<meta property=\"og:title\" content=\"Srbija Kosovu prijetila \u010ditav vijek\" \/>\n<meta property=\"og:description\" content=\"Kosovo &#8211; Potpredsjednik vlade Kosova Hajredin Ku\u00e7i, rekao je, da rije\u010dnik koji koriste predsjednik Srbije Tomislav Nikoli\u0107 i ministar policije Ivica Da\u010di\u0107 mo\u017ee da dovede do zaklju\u010dka da se Srbija vra\u0107a mentalitetu Slobodana Milo\u0161evi\u0107a. &#8220;Mi nismo svjedoci veoma pozitivnih kretanja u Srbiji. Kosovu je bilo pre\u0107eno \u010ditav vijek iz Srbije sa genocidom i etni\u010dkim \u010di\u0161\u0107enjem. [&hellip;]\" \/>\n<meta property=\"og:url\" content=\"https:\/\/sandzakpress.net\/arhiva\/srbija-kosovu-prijetila-citav-vijek\/\" \/>\n<meta property=\"og:site_name\" content=\"Sand\u017eak PRESS\" \/>\n<meta property=\"article:published_time\" content=\"2012-06-05T23:24:30+00:00\" \/>\n<meta property=\"og:image\" content=\"https:\/\/sandzakpress.net\/arhiva\/wp-content\/uploads\/2012\/06\/prishtina234_2.jpg\" \/>\n\t<meta property=\"og:image:width\" content=\"400\" \/>\n\t<meta property=\"og:image:height\" content=\"280\" \/>\n\t<meta property=\"og:image:type\" content=\"image\/jpeg\" \/>\n<meta name=\"twitter:card\" content=\"summary_large_image\" \/>\n<meta name=\"twitter:label1\" content=\"Written by\" \/>\n\t<meta name=\"twitter:data1\" content=\"\" \/>\n\t<meta name=\"twitter:label2\" content=\"Est. reading time\" \/>\n\t<meta name=\"twitter:data2\" content=\"1 minuta\" \/>\n<script type=\"application\/ld+json\" class=\"yoast-schema-graph\">{\"@context\":\"https:\/\/schema.org\",\"@graph\":[{\"@type\":\"Article\",\"@id\":\"https:\/\/sandzakpress.net\/arhiva\/srbija-kosovu-prijetila-citav-vijek\/#article\",\"isPartOf\":{\"@id\":\"https:\/\/sandzakpress.net\/arhiva\/srbija-kosovu-prijetila-citav-vijek\/\"},\"author\":{\"name\":\"\",\"@id\":\"\"},\"headline\":\"Srbija Kosovu prijetila \u010ditav vijek\",\"datePublished\":\"2012-06-05T23:24:30+00:00\",\"mainEntityOfPage\":{\"@id\":\"https:\/\/sandzakpress.net\/arhiva\/srbija-kosovu-prijetila-citav-vijek\/\"},\"wordCount\":225,\"commentCount\":0,\"publisher\":{\"@id\":\"https:\/\/sandzakpress.net\/arhiva\/#\/schema\/person\/6e72b67d6e51910a1117b3b483ba20bd\"},\"image\":{\"@id\":\"https:\/\/sandzakpress.net\/arhiva\/srbija-kosovu-prijetila-citav-vijek\/#primaryimage\"},\"thumbnailUrl\":\"https:\/\/sandzakpress.net\/arhiva\/wp-content\/uploads\/2012\/06\/prishtina234_2.jpg\",\"articleSection\":[\"Kosovo\"],\"inLanguage\":\"bs-BA\",\"potentialAction\":[{\"@type\":\"CommentAction\",\"name\":\"Comment\",\"target\":[\"https:\/\/sandzakpress.net\/arhiva\/srbija-kosovu-prijetila-citav-vijek\/#respond\"]}]},{\"@type\":\"WebPage\",\"@id\":\"https:\/\/sandzakpress.net\/arhiva\/srbija-kosovu-prijetila-citav-vijek\/\",\"url\":\"https:\/\/sandzakpress.net\/arhiva\/srbija-kosovu-prijetila-citav-vijek\/\",\"name\":\"Srbija Kosovu prijetila \u010ditav vijek\",\"isPartOf\":{\"@id\":\"https:\/\/sandzakpress.net\/arhiva\/#website\"},\"primaryImageOfPage\":{\"@id\":\"https:\/\/sandzakpress.net\/arhiva\/srbija-kosovu-prijetila-citav-vijek\/#primaryimage\"},\"image\":{\"@id\":\"https:\/\/sandzakpress.net\/arhiva\/srbija-kosovu-prijetila-citav-vijek\/#primaryimage\"},\"thumbnailUrl\":\"https:\/\/sandzakpress.net\/arhiva\/wp-content\/uploads\/2012\/06\/prishtina234_2.jpg\",\"datePublished\":\"2012-06-05T23:24:30+00:00\",\"breadcrumb\":{\"@id\":\"https:\/\/sandzakpress.net\/arhiva\/srbija-kosovu-prijetila-citav-vijek\/#breadcrumb\"},\"inLanguage\":\"bs-BA\",\"potentialAction\":[{\"@type\":\"ReadAction\",\"target\":[\"https:\/\/sandzakpress.net\/arhiva\/srbija-kosovu-prijetila-citav-vijek\/\"]}]},{\"@type\":\"ImageObject\",\"inLanguage\":\"bs-BA\",\"@id\":\"https:\/\/sandzakpress.net\/arhiva\/srbija-kosovu-prijetila-citav-vijek\/#primaryimage\",\"url\":\"https:\/\/sandzakpress.net\/arhiva\/wp-content\/uploads\/2012\/06\/prishtina234_2.jpg\",\"contentUrl\":\"https:\/\/sandzakpress.net\/arhiva\/wp-content\/uploads\/2012\/06\/prishtina234_2.jpg\",\"width\":400,\"height\":280},{\"@type\":\"BreadcrumbList\",\"@id\":\"https:\/\/sandzakpress.net\/arhiva\/srbija-kosovu-prijetila-citav-vijek\/#breadcrumb\",\"itemListElement\":[{\"@type\":\"ListItem\",\"position\":1,\"name\":\"Home\",\"item\":\"https:\/\/sandzakpress.net\/arhiva\/\"},{\"@type\":\"ListItem\",\"position\":2,\"name\":\"Srbija Kosovu prijetila \u010ditav vijek\"}]},{\"@type\":\"WebSite\",\"@id\":\"https:\/\/sandzakpress.net\/arhiva\/#website\",\"url\":\"https:\/\/sandzakpress.net\/arhiva\/\",\"name\":\"Sand\u017eak PRESS\",\"description\":\"Prve elektronske novine u Sand\u017eaku\",\"publisher\":{\"@id\":\"https:\/\/sandzakpress.net\/arhiva\/#\/schema\/person\/6e72b67d6e51910a1117b3b483ba20bd\"},\"potentialAction\":[{\"@type\":\"SearchAction\",\"target\":{\"@type\":\"EntryPoint\",\"urlTemplate\":\"https:\/\/sandzakpress.net\/arhiva\/?s={search_term_string}\"},\"query-input\":{\"@type\":\"PropertyValueSpecification\",\"valueRequired\":true,\"valueName\":\"search_term_string\"}}],\"inLanguage\":\"bs-BA\"},{\"@type\":[\"Person\",\"Organization\"],\"@id\":\"https:\/\/sandzakpress.net\/arhiva\/#\/schema\/person\/6e72b67d6e51910a1117b3b483ba20bd\",\"name\":\"Kul\",\"image\":{\"@type\":\"ImageObject\",\"inLanguage\":\"bs-BA\",\"@id\":\"https:\/\/sandzakpress.net\/arhiva\/#\/schema\/person\/image\/\",\"url\":\"https:\/\/secure.gravatar.com\/avatar\/42263f39aa27ac04c43cab85c280eb2e?s=96&d=mm&r=pg\",\"contentUrl\":\"https:\/\/secure.gravatar.com\/avatar\/42263f39aa27ac04c43cab85c280eb2e?s=96&d=mm&r=pg\",\"caption\":\"Kul\"},\"logo\":{\"@id\":\"https:\/\/sandzakpress.net\/arhiva\/#\/schema\/person\/image\/\"}},{\"@type\":\"Person\",\"@id\":\"\",\"url\":\"https:\/\/sandzakpress.net\/arhiva\/author\/\"}]}<\/script>\n<!-- \/ Yoast SEO Premium plugin. -->","yoast_head_json":{"title":"Srbija Kosovu prijetila \u010ditav vijek","robots":{"index":"index","follow":"follow","max-snippet":"max-snippet:-1","max-image-preview":"max-image-preview:large","max-video-preview":"max-video-preview:-1"},"canonical":"https:\/\/sandzakpress.net\/arhiva\/srbija-kosovu-prijetila-citav-vijek\/","og_locale":"bs_BA","og_type":"article","og_title":"Srbija Kosovu prijetila \u010ditav vijek","og_description":"Kosovo &#8211; Potpredsjednik vlade Kosova Hajredin Ku\u00e7i, rekao je, da rije\u010dnik koji koriste predsjednik Srbije Tomislav Nikoli\u0107 i ministar policije Ivica Da\u010di\u0107 mo\u017ee da dovede do zaklju\u010dka da se Srbija vra\u0107a mentalitetu Slobodana Milo\u0161evi\u0107a. &#8220;Mi nismo svjedoci veoma pozitivnih kretanja u Srbiji. Kosovu je bilo pre\u0107eno \u010ditav vijek iz Srbije sa genocidom i etni\u010dkim \u010di\u0161\u0107enjem. [&hellip;]","og_url":"https:\/\/sandzakpress.net\/arhiva\/srbija-kosovu-prijetila-citav-vijek\/","og_site_name":"Sand\u017eak PRESS","article_published_time":"2012-06-05T23:24:30+00:00","og_image":[{"width":400,"height":280,"url":"https:\/\/sandzakpress.net\/arhiva\/wp-content\/uploads\/2012\/06\/prishtina234_2.jpg","type":"image\/jpeg"}],"twitter_card":"summary_large_image","twitter_misc":{"Written by":"","Est. reading time":"1 minuta"},"schema":{"@context":"https:\/\/schema.org","@graph":[{"@type":"Article","@id":"https:\/\/sandzakpress.net\/arhiva\/srbija-kosovu-prijetila-citav-vijek\/#article","isPartOf":{"@id":"https:\/\/sandzakpress.net\/arhiva\/srbija-kosovu-prijetila-citav-vijek\/"},"author":{"name":"","@id":""},"headline":"Srbija Kosovu prijetila \u010ditav vijek","datePublished":"2012-06-05T23:24:30+00:00","mainEntityOfPage":{"@id":"https:\/\/sandzakpress.net\/arhiva\/srbija-kosovu-prijetila-citav-vijek\/"},"wordCount":225,"commentCount":0,"publisher":{"@id":"https:\/\/sandzakpress.net\/arhiva\/#\/schema\/person\/6e72b67d6e51910a1117b3b483ba20bd"},"image":{"@id":"https:\/\/sandzakpress.net\/arhiva\/srbija-kosovu-prijetila-citav-vijek\/#primaryimage"},"thumbnailUrl":"https:\/\/sandzakpress.net\/arhiva\/wp-content\/uploads\/2012\/06\/prishtina234_2.jpg","articleSection":["Kosovo"],"inLanguage":"bs-BA","potentialAction":[{"@type":"CommentAction","name":"Comment","target":["https:\/\/sandzakpress.net\/arhiva\/srbija-kosovu-prijetila-citav-vijek\/#respond"]}]},{"@type":"WebPage","@id":"https:\/\/sandzakpress.net\/arhiva\/srbija-kosovu-prijetila-citav-vijek\/","url":"https:\/\/sandzakpress.net\/arhiva\/srbija-kosovu-prijetila-citav-vijek\/","name":"Srbija Kosovu prijetila \u010ditav vijek","isPartOf":{"@id":"https:\/\/sandzakpress.net\/arhiva\/#website"},"primaryImageOfPage":{"@id":"https:\/\/sandzakpress.net\/arhiva\/srbija-kosovu-prijetila-citav-vijek\/#primaryimage"},"image":{"@id":"https:\/\/sandzakpress.net\/arhiva\/srbija-kosovu-prijetila-citav-vijek\/#primaryimage"},"thumbnailUrl":"https:\/\/sandzakpress.net\/arhiva\/wp-content\/uploads\/2012\/06\/prishtina234_2.jpg","datePublished":"2012-06-05T23:24:30+00:00","breadcrumb":{"@id":"https:\/\/sandzakpress.net\/arhiva\/srbija-kosovu-prijetila-citav-vijek\/#breadcrumb"},"inLanguage":"bs-BA","potentialAction":[{"@type":"ReadAction","target":["https:\/\/sandzakpress.net\/arhiva\/srbija-kosovu-prijetila-citav-vijek\/"]}]},{"@type":"ImageObject","inLanguage":"bs-BA","@id":"https:\/\/sandzakpress.net\/arhiva\/srbija-kosovu-prijetila-citav-vijek\/#primaryimage","url":"https:\/\/sandzakpress.net\/arhiva\/wp-content\/uploads\/2012\/06\/prishtina234_2.jpg","contentUrl":"https:\/\/sandzakpress.net\/arhiva\/wp-content\/uploads\/2012\/06\/prishtina234_2.jpg","width":400,"height":280},{"@type":"BreadcrumbList","@id":"https:\/\/sandzakpress.net\/arhiva\/srbija-kosovu-prijetila-citav-vijek\/#breadcrumb","itemListElement":[{"@type":"ListItem","position":1,"name":"Home","item":"https:\/\/sandzakpress.net\/arhiva\/"},{"@type":"ListItem","position":2,"name":"Srbija Kosovu prijetila \u010ditav vijek"}]},{"@type":"WebSite","@id":"https:\/\/sandzakpress.net\/arhiva\/#website","url":"https:\/\/sandzakpress.net\/arhiva\/","name":"Sand\u017eak PRESS","description":"Prve elektronske novine u Sand\u017eaku","publisher":{"@id":"https:\/\/sandzakpress.net\/arhiva\/#\/schema\/person\/6e72b67d6e51910a1117b3b483ba20bd"},"potentialAction":[{"@type":"SearchAction","target":{"@type":"EntryPoint","urlTemplate":"https:\/\/sandzakpress.net\/arhiva\/?s={search_term_string}"},"query-input":{"@type":"PropertyValueSpecification","valueRequired":true,"valueName":"search_term_string"}}],"inLanguage":"bs-BA"},{"@type":["Person","Organization"],"@id":"https:\/\/sandzakpress.net\/arhiva\/#\/schema\/person\/6e72b67d6e51910a1117b3b483ba20bd","name":"Kul","image":{"@type":"ImageObject","inLanguage":"bs-BA","@id":"https:\/\/sandzakpress.net\/arhiva\/#\/schema\/person\/image\/","url":"https:\/\/secure.gravatar.com\/avatar\/42263f39aa27ac04c43cab85c280eb2e?s=96&d=mm&r=pg","contentUrl":"https:\/\/secure.gravatar.com\/avatar\/42263f39aa27ac04c43cab85c280eb2e?s=96&d=mm&r=pg","caption":"Kul"},"logo":{"@id":"https:\/\/sandzakpress.net\/arhiva\/#\/schema\/person\/image\/"}},{"@type":"Person","@id":"","url":"https:\/\/sandzakpress.net\/arhiva\/author\/"}]}},"_links":{"self":[{"href":"https:\/\/sandzakpress.net\/arhiva\/wp-json\/wp\/v2\/posts\/41007"}],"collection":[{"href":"https:\/\/sandzakpress.net\/arhiva\/wp-json\/wp\/v2\/posts"}],"about":[{"href":"https:\/\/sandzakpress.net\/arhiva\/wp-json\/wp\/v2\/types\/post"}],"author":[{"embeddable":true,"href":"https:\/\/sandzakpress.net\/arhiva\/wp-json\/wp\/v2\/users\/13"}],"replies":[{"embeddable":true,"href":"https:\/\/sandzakpress.net\/arhiva\/wp-json\/wp\/v2\/comments?post=41007"}],"version-history":[{"count":0,"href":"https:\/\/sandzakpress.net\/arhiva\/wp-json\/wp\/v2\/posts\/41007\/revisions"}],"wp:featuredmedia":[{"embeddable":true,"href":"https:\/\/sandzakpress.net\/arhiva\/wp-json\/wp\/v2\/media\/41008"}],"wp:attachment":[{"href":"https:\/\/sandzakpress.net\/arhiva\/wp-json\/wp\/v2\/media?parent=41007"}],"wp:term":[{"taxonomy":"category","embeddable":true,"href":"https:\/\/sandzakpress.net\/arhiva\/wp-json\/wp\/v2\/categories?post=41007"},{"taxonomy":"post_tag","embeddable":true,"href":"https:\/\/sandzakpress.net\/arhiva\/wp-json\/wp\/v2\/tags?post=41007"}],"curies":[{"name":"wp","href":"https:\/\/api.w.org\/{rel}","templated":true}]}}