{"id":40985,"date":"2012-06-06T00:58:56","date_gmt":"2012-06-05T22:58:56","guid":{"rendered":"https:\/\/sandzakpress.net\/arhiva\/?p=40985"},"modified":"2012-06-06T00:59:38","modified_gmt":"2012-06-05T22:59:38","slug":"muftija-predvodi-sljedecu-dzumu-u-srebrenici","status":"publish","type":"post","link":"https:\/\/sandzakpress.net\/arhiva\/muftija-predvodi-sljedecu-dzumu-u-srebrenici\/","title":{"rendered":"Muftija predvodi slede\u0107u d\u017eumu u Srebrenici"},"content":{"rendered":"<p><strong><a href=\"https:\/\/sandzakpress.net\/arhiva\/wp-content\/uploads\/2012\/06\/190696_muftija_f.jpg\"><img loading=\"lazy\" decoding=\"async\" class=\"alignleft size-medium wp-image-40986\" title=\"190696_muftija_f\" src=\"https:\/\/sandzakpress.net\/arhiva\/wp-content\/uploads\/2012\/06\/190696_muftija_f-300x181.jpg\" alt=\"\" width=\"300\" height=\"181\" \/><\/a>BiH- Glavni muftija Islamske zajednice u Srbiji Muamer ef. Zukorli\u0107  prevodit \u0107e narednog petka d\u017euma-namaz u Memorijalnom centru Poto\u010dari u  Srebrenici, saznaje Sanapress. <\/strong><\/p>\n<p>Dolaskom u Srebrenicu muftija Zukorli\u0107 dat \u0107e podr\u0161ku Bo\u0161njacima i  pozvati ih da se u \u0161to ve\u0107em broju registruju u ovoj op\u0107ini i izvade  li\u010dne karte, te tako ostvare pravo glasa na predstoje\u0107im lokalnim  izborima zakazanim za 7. oktobar.<\/p>\n<p>Izvor: <strong>SANAPRESS<\/strong><\/p>\n","protected":false},"excerpt":{"rendered":"<p>BiH- Glavni muftija Islamske zajednice u Srbiji Muamer ef. Zukorli\u0107 prevodit \u0107e narednog petka d\u017euma-namaz u Memorijalnom centru Poto\u010dari u Srebrenici, saznaje Sanapress. Dolaskom u Srebrenicu muftija Zukorli\u0107 dat \u0107e podr\u0161ku Bo\u0161njacima i pozvati ih da se u \u0161to ve\u0107em broju registruju u ovoj op\u0107ini i izvade li\u010dne karte, te tako ostvare pravo glasa na [&hellip;]<\/p>\n","protected":false},"author":13,"featured_media":40986,"comment_status":"open","ping_status":"open","sticky":false,"template":"","format":"standard","meta":{"footnotes":""},"categories":[2860,802],"tags":[],"class_list":{"0":"post-40985","1":"post","2":"type-post","3":"status-publish","4":"format-standard","5":"has-post-thumbnail","7":"category-bosna-i-hercegovina-gradovi","8":"category-islamska_zajednica"},"yoast_head":"<!-- This site is optimized with the Yoast SEO Premium plugin v23.1 (Yoast SEO v24.9) - https:\/\/yoast.com\/wordpress\/plugins\/seo\/ -->\n<title>Muftija predvodi slede\u0107u d\u017eumu u Srebrenici<\/title>\n<meta name=\"robots\" content=\"index, follow, max-snippet:-1, max-image-preview:large, max-video-preview:-1\" \/>\n<link rel=\"canonical\" href=\"https:\/\/sandzakpress.net\/arhiva\/muftija-predvodi-sljedecu-dzumu-u-srebrenici\/\" \/>\n<meta property=\"og:locale\" content=\"bs_BA\" \/>\n<meta property=\"og:type\" content=\"article\" \/>\n<meta property=\"og:title\" content=\"Muftija predvodi slede\u0107u d\u017eumu u Srebrenici\" \/>\n<meta property=\"og:description\" content=\"BiH- Glavni muftija Islamske zajednice u Srbiji Muamer ef. Zukorli\u0107 prevodit \u0107e narednog petka d\u017euma-namaz u Memorijalnom centru Poto\u010dari u Srebrenici, saznaje Sanapress. Dolaskom u Srebrenicu muftija Zukorli\u0107 dat \u0107e podr\u0161ku Bo\u0161njacima i pozvati ih da se u \u0161to ve\u0107em broju registruju u ovoj op\u0107ini i izvade li\u010dne karte, te tako ostvare pravo glasa na [&hellip;]\" \/>\n<meta property=\"og:url\" content=\"https:\/\/sandzakpress.net\/arhiva\/muftija-predvodi-sljedecu-dzumu-u-srebrenici\/\" \/>\n<meta property=\"og:site_name\" content=\"Sand\u017eak PRESS\" \/>\n<meta property=\"article:published_time\" content=\"2012-06-05T22:58:56+00:00\" \/>\n<meta property=\"article:modified_time\" content=\"2012-06-05T22:59:38+00:00\" \/>\n<meta property=\"og:image\" content=\"https:\/\/sandzakpress.net\/arhiva\/wp-content\/uploads\/2012\/06\/190696_muftija_f.jpg\" \/>\n\t<meta property=\"og:image:width\" content=\"480\" \/>\n\t<meta property=\"og:image:height\" content=\"290\" \/>\n\t<meta property=\"og:image:type\" content=\"image\/jpeg\" \/>\n<meta name=\"twitter:card\" content=\"summary_large_image\" \/>\n<meta name=\"twitter:label1\" content=\"Written by\" \/>\n\t<meta name=\"twitter:data1\" content=\"\" \/>\n<script type=\"application\/ld+json\" class=\"yoast-schema-graph\">{\"@context\":\"https:\/\/schema.org\",\"@graph\":[{\"@type\":\"Article\",\"@id\":\"https:\/\/sandzakpress.net\/arhiva\/muftija-predvodi-sljedecu-dzumu-u-srebrenici\/#article\",\"isPartOf\":{\"@id\":\"https:\/\/sandzakpress.net\/arhiva\/muftija-predvodi-sljedecu-dzumu-u-srebrenici\/\"},\"author\":{\"name\":\"\",\"@id\":\"\"},\"headline\":\"Muftija predvodi slede\u0107u d\u017eumu u Srebrenici\",\"datePublished\":\"2012-06-05T22:58:56+00:00\",\"dateModified\":\"2012-06-05T22:59:38+00:00\",\"mainEntityOfPage\":{\"@id\":\"https:\/\/sandzakpress.net\/arhiva\/muftija-predvodi-sljedecu-dzumu-u-srebrenici\/\"},\"wordCount\":79,\"commentCount\":1,\"publisher\":{\"@id\":\"https:\/\/sandzakpress.net\/arhiva\/#\/schema\/person\/6e72b67d6e51910a1117b3b483ba20bd\"},\"image\":{\"@id\":\"https:\/\/sandzakpress.net\/arhiva\/muftija-predvodi-sljedecu-dzumu-u-srebrenici\/#primaryimage\"},\"thumbnailUrl\":\"https:\/\/sandzakpress.net\/arhiva\/wp-content\/uploads\/2012\/06\/190696_muftija_f.jpg\",\"articleSection\":[\"Bosna i Hercegovina\",\"Islamska zajednica\"],\"inLanguage\":\"bs-BA\",\"potentialAction\":[{\"@type\":\"CommentAction\",\"name\":\"Comment\",\"target\":[\"https:\/\/sandzakpress.net\/arhiva\/muftija-predvodi-sljedecu-dzumu-u-srebrenici\/#respond\"]}]},{\"@type\":\"WebPage\",\"@id\":\"https:\/\/sandzakpress.net\/arhiva\/muftija-predvodi-sljedecu-dzumu-u-srebrenici\/\",\"url\":\"https:\/\/sandzakpress.net\/arhiva\/muftija-predvodi-sljedecu-dzumu-u-srebrenici\/\",\"name\":\"Muftija predvodi slede\u0107u d\u017eumu u Srebrenici\",\"isPartOf\":{\"@id\":\"https:\/\/sandzakpress.net\/arhiva\/#website\"},\"primaryImageOfPage\":{\"@id\":\"https:\/\/sandzakpress.net\/arhiva\/muftija-predvodi-sljedecu-dzumu-u-srebrenici\/#primaryimage\"},\"image\":{\"@id\":\"https:\/\/sandzakpress.net\/arhiva\/muftija-predvodi-sljedecu-dzumu-u-srebrenici\/#primaryimage\"},\"thumbnailUrl\":\"https:\/\/sandzakpress.net\/arhiva\/wp-content\/uploads\/2012\/06\/190696_muftija_f.jpg\",\"datePublished\":\"2012-06-05T22:58:56+00:00\",\"dateModified\":\"2012-06-05T22:59:38+00:00\",\"breadcrumb\":{\"@id\":\"https:\/\/sandzakpress.net\/arhiva\/muftija-predvodi-sljedecu-dzumu-u-srebrenici\/#breadcrumb\"},\"inLanguage\":\"bs-BA\",\"potentialAction\":[{\"@type\":\"ReadAction\",\"target\":[\"https:\/\/sandzakpress.net\/arhiva\/muftija-predvodi-sljedecu-dzumu-u-srebrenici\/\"]}]},{\"@type\":\"ImageObject\",\"inLanguage\":\"bs-BA\",\"@id\":\"https:\/\/sandzakpress.net\/arhiva\/muftija-predvodi-sljedecu-dzumu-u-srebrenici\/#primaryimage\",\"url\":\"https:\/\/sandzakpress.net\/arhiva\/wp-content\/uploads\/2012\/06\/190696_muftija_f.jpg\",\"contentUrl\":\"https:\/\/sandzakpress.net\/arhiva\/wp-content\/uploads\/2012\/06\/190696_muftija_f.jpg\",\"width\":480,\"height\":290},{\"@type\":\"BreadcrumbList\",\"@id\":\"https:\/\/sandzakpress.net\/arhiva\/muftija-predvodi-sljedecu-dzumu-u-srebrenici\/#breadcrumb\",\"itemListElement\":[{\"@type\":\"ListItem\",\"position\":1,\"name\":\"Home\",\"item\":\"https:\/\/sandzakpress.net\/arhiva\/\"},{\"@type\":\"ListItem\",\"position\":2,\"name\":\"Muftija predvodi slede\u0107u d\u017eumu u Srebrenici\"}]},{\"@type\":\"WebSite\",\"@id\":\"https:\/\/sandzakpress.net\/arhiva\/#website\",\"url\":\"https:\/\/sandzakpress.net\/arhiva\/\",\"name\":\"Sand\u017eak PRESS\",\"description\":\"Prve elektronske novine u Sand\u017eaku\",\"publisher\":{\"@id\":\"https:\/\/sandzakpress.net\/arhiva\/#\/schema\/person\/6e72b67d6e51910a1117b3b483ba20bd\"},\"potentialAction\":[{\"@type\":\"SearchAction\",\"target\":{\"@type\":\"EntryPoint\",\"urlTemplate\":\"https:\/\/sandzakpress.net\/arhiva\/?s={search_term_string}\"},\"query-input\":{\"@type\":\"PropertyValueSpecification\",\"valueRequired\":true,\"valueName\":\"search_term_string\"}}],\"inLanguage\":\"bs-BA\"},{\"@type\":[\"Person\",\"Organization\"],\"@id\":\"https:\/\/sandzakpress.net\/arhiva\/#\/schema\/person\/6e72b67d6e51910a1117b3b483ba20bd\",\"name\":\"Kul\",\"image\":{\"@type\":\"ImageObject\",\"inLanguage\":\"bs-BA\",\"@id\":\"https:\/\/sandzakpress.net\/arhiva\/#\/schema\/person\/image\/\",\"url\":\"https:\/\/secure.gravatar.com\/avatar\/42263f39aa27ac04c43cab85c280eb2e?s=96&d=mm&r=pg\",\"contentUrl\":\"https:\/\/secure.gravatar.com\/avatar\/42263f39aa27ac04c43cab85c280eb2e?s=96&d=mm&r=pg\",\"caption\":\"Kul\"},\"logo\":{\"@id\":\"https:\/\/sandzakpress.net\/arhiva\/#\/schema\/person\/image\/\"}},{\"@type\":\"Person\",\"@id\":\"\",\"url\":\"https:\/\/sandzakpress.net\/arhiva\/author\/\"}]}<\/script>\n<!-- \/ Yoast SEO Premium plugin. -->","yoast_head_json":{"title":"Muftija predvodi slede\u0107u d\u017eumu u Srebrenici","robots":{"index":"index","follow":"follow","max-snippet":"max-snippet:-1","max-image-preview":"max-image-preview:large","max-video-preview":"max-video-preview:-1"},"canonical":"https:\/\/sandzakpress.net\/arhiva\/muftija-predvodi-sljedecu-dzumu-u-srebrenici\/","og_locale":"bs_BA","og_type":"article","og_title":"Muftija predvodi slede\u0107u d\u017eumu u Srebrenici","og_description":"BiH- Glavni muftija Islamske zajednice u Srbiji Muamer ef. Zukorli\u0107 prevodit \u0107e narednog petka d\u017euma-namaz u Memorijalnom centru Poto\u010dari u Srebrenici, saznaje Sanapress. Dolaskom u Srebrenicu muftija Zukorli\u0107 dat \u0107e podr\u0161ku Bo\u0161njacima i pozvati ih da se u \u0161to ve\u0107em broju registruju u ovoj op\u0107ini i izvade li\u010dne karte, te tako ostvare pravo glasa na [&hellip;]","og_url":"https:\/\/sandzakpress.net\/arhiva\/muftija-predvodi-sljedecu-dzumu-u-srebrenici\/","og_site_name":"Sand\u017eak PRESS","article_published_time":"2012-06-05T22:58:56+00:00","article_modified_time":"2012-06-05T22:59:38+00:00","og_image":[{"width":480,"height":290,"url":"https:\/\/sandzakpress.net\/arhiva\/wp-content\/uploads\/2012\/06\/190696_muftija_f.jpg","type":"image\/jpeg"}],"twitter_card":"summary_large_image","twitter_misc":{"Written by":""},"schema":{"@context":"https:\/\/schema.org","@graph":[{"@type":"Article","@id":"https:\/\/sandzakpress.net\/arhiva\/muftija-predvodi-sljedecu-dzumu-u-srebrenici\/#article","isPartOf":{"@id":"https:\/\/sandzakpress.net\/arhiva\/muftija-predvodi-sljedecu-dzumu-u-srebrenici\/"},"author":{"name":"","@id":""},"headline":"Muftija predvodi slede\u0107u d\u017eumu u Srebrenici","datePublished":"2012-06-05T22:58:56+00:00","dateModified":"2012-06-05T22:59:38+00:00","mainEntityOfPage":{"@id":"https:\/\/sandzakpress.net\/arhiva\/muftija-predvodi-sljedecu-dzumu-u-srebrenici\/"},"wordCount":79,"commentCount":1,"publisher":{"@id":"https:\/\/sandzakpress.net\/arhiva\/#\/schema\/person\/6e72b67d6e51910a1117b3b483ba20bd"},"image":{"@id":"https:\/\/sandzakpress.net\/arhiva\/muftija-predvodi-sljedecu-dzumu-u-srebrenici\/#primaryimage"},"thumbnailUrl":"https:\/\/sandzakpress.net\/arhiva\/wp-content\/uploads\/2012\/06\/190696_muftija_f.jpg","articleSection":["Bosna i Hercegovina","Islamska zajednica"],"inLanguage":"bs-BA","potentialAction":[{"@type":"CommentAction","name":"Comment","target":["https:\/\/sandzakpress.net\/arhiva\/muftija-predvodi-sljedecu-dzumu-u-srebrenici\/#respond"]}]},{"@type":"WebPage","@id":"https:\/\/sandzakpress.net\/arhiva\/muftija-predvodi-sljedecu-dzumu-u-srebrenici\/","url":"https:\/\/sandzakpress.net\/arhiva\/muftija-predvodi-sljedecu-dzumu-u-srebrenici\/","name":"Muftija predvodi slede\u0107u d\u017eumu u Srebrenici","isPartOf":{"@id":"https:\/\/sandzakpress.net\/arhiva\/#website"},"primaryImageOfPage":{"@id":"https:\/\/sandzakpress.net\/arhiva\/muftija-predvodi-sljedecu-dzumu-u-srebrenici\/#primaryimage"},"image":{"@id":"https:\/\/sandzakpress.net\/arhiva\/muftija-predvodi-sljedecu-dzumu-u-srebrenici\/#primaryimage"},"thumbnailUrl":"https:\/\/sandzakpress.net\/arhiva\/wp-content\/uploads\/2012\/06\/190696_muftija_f.jpg","datePublished":"2012-06-05T22:58:56+00:00","dateModified":"2012-06-05T22:59:38+00:00","breadcrumb":{"@id":"https:\/\/sandzakpress.net\/arhiva\/muftija-predvodi-sljedecu-dzumu-u-srebrenici\/#breadcrumb"},"inLanguage":"bs-BA","potentialAction":[{"@type":"ReadAction","target":["https:\/\/sandzakpress.net\/arhiva\/muftija-predvodi-sljedecu-dzumu-u-srebrenici\/"]}]},{"@type":"ImageObject","inLanguage":"bs-BA","@id":"https:\/\/sandzakpress.net\/arhiva\/muftija-predvodi-sljedecu-dzumu-u-srebrenici\/#primaryimage","url":"https:\/\/sandzakpress.net\/arhiva\/wp-content\/uploads\/2012\/06\/190696_muftija_f.jpg","contentUrl":"https:\/\/sandzakpress.net\/arhiva\/wp-content\/uploads\/2012\/06\/190696_muftija_f.jpg","width":480,"height":290},{"@type":"BreadcrumbList","@id":"https:\/\/sandzakpress.net\/arhiva\/muftija-predvodi-sljedecu-dzumu-u-srebrenici\/#breadcrumb","itemListElement":[{"@type":"ListItem","position":1,"name":"Home","item":"https:\/\/sandzakpress.net\/arhiva\/"},{"@type":"ListItem","position":2,"name":"Muftija predvodi slede\u0107u d\u017eumu u Srebrenici"}]},{"@type":"WebSite","@id":"https:\/\/sandzakpress.net\/arhiva\/#website","url":"https:\/\/sandzakpress.net\/arhiva\/","name":"Sand\u017eak PRESS","description":"Prve elektronske novine u Sand\u017eaku","publisher":{"@id":"https:\/\/sandzakpress.net\/arhiva\/#\/schema\/person\/6e72b67d6e51910a1117b3b483ba20bd"},"potentialAction":[{"@type":"SearchAction","target":{"@type":"EntryPoint","urlTemplate":"https:\/\/sandzakpress.net\/arhiva\/?s={search_term_string}"},"query-input":{"@type":"PropertyValueSpecification","valueRequired":true,"valueName":"search_term_string"}}],"inLanguage":"bs-BA"},{"@type":["Person","Organization"],"@id":"https:\/\/sandzakpress.net\/arhiva\/#\/schema\/person\/6e72b67d6e51910a1117b3b483ba20bd","name":"Kul","image":{"@type":"ImageObject","inLanguage":"bs-BA","@id":"https:\/\/sandzakpress.net\/arhiva\/#\/schema\/person\/image\/","url":"https:\/\/secure.gravatar.com\/avatar\/42263f39aa27ac04c43cab85c280eb2e?s=96&d=mm&r=pg","contentUrl":"https:\/\/secure.gravatar.com\/avatar\/42263f39aa27ac04c43cab85c280eb2e?s=96&d=mm&r=pg","caption":"Kul"},"logo":{"@id":"https:\/\/sandzakpress.net\/arhiva\/#\/schema\/person\/image\/"}},{"@type":"Person","@id":"","url":"https:\/\/sandzakpress.net\/arhiva\/author\/"}]}},"_links":{"self":[{"href":"https:\/\/sandzakpress.net\/arhiva\/wp-json\/wp\/v2\/posts\/40985"}],"collection":[{"href":"https:\/\/sandzakpress.net\/arhiva\/wp-json\/wp\/v2\/posts"}],"about":[{"href":"https:\/\/sandzakpress.net\/arhiva\/wp-json\/wp\/v2\/types\/post"}],"author":[{"embeddable":true,"href":"https:\/\/sandzakpress.net\/arhiva\/wp-json\/wp\/v2\/users\/13"}],"replies":[{"embeddable":true,"href":"https:\/\/sandzakpress.net\/arhiva\/wp-json\/wp\/v2\/comments?post=40985"}],"version-history":[{"count":0,"href":"https:\/\/sandzakpress.net\/arhiva\/wp-json\/wp\/v2\/posts\/40985\/revisions"}],"wp:featuredmedia":[{"embeddable":true,"href":"https:\/\/sandzakpress.net\/arhiva\/wp-json\/wp\/v2\/media\/40986"}],"wp:attachment":[{"href":"https:\/\/sandzakpress.net\/arhiva\/wp-json\/wp\/v2\/media?parent=40985"}],"wp:term":[{"taxonomy":"category","embeddable":true,"href":"https:\/\/sandzakpress.net\/arhiva\/wp-json\/wp\/v2\/categories?post=40985"},{"taxonomy":"post_tag","embeddable":true,"href":"https:\/\/sandzakpress.net\/arhiva\/wp-json\/wp\/v2\/tags?post=40985"}],"curies":[{"name":"wp","href":"https:\/\/api.w.org\/{rel}","templated":true}]}}