{"id":40610,"date":"2012-06-01T23:43:52","date_gmt":"2012-06-01T21:43:52","guid":{"rendered":"https:\/\/sandzakpress.net\/arhiva\/?p=40610"},"modified":"2012-06-02T12:29:56","modified_gmt":"2012-06-02T10:29:56","slug":"tomislav-nikolic-u-srebrenici-nije-bilo-genocida","status":"publish","type":"post","link":"https:\/\/sandzakpress.net\/arhiva\/tomislav-nikolic-u-srebrenici-nije-bilo-genocida\/","title":{"rendered":"Tomislav Nikoli\u0107: U Srebrenici nije bilo genocida, osuda Izetbegovi\u0107eva (Video)"},"content":{"rendered":"<p><strong><a href=\"https:\/\/sandzakpress.net\/arhiva\/wp-content\/uploads\/2012\/06\/TomislavNikolicAFP1V.jpg\"><img loading=\"lazy\" decoding=\"async\" class=\"alignleft size-full wp-image-40711\" title=\"TomislavNikolicAFP1V\" src=\"https:\/\/sandzakpress.net\/arhiva\/wp-content\/uploads\/2012\/06\/TomislavNikolicAFP1V.jpg\" alt=\"\" width=\"227\" height=\"227\" srcset=\"https:\/\/sandzakpress.net\/arhiva\/wp-content\/uploads\/2012\/06\/TomislavNikolicAFP1V.jpg 293w, https:\/\/sandzakpress.net\/arhiva\/wp-content\/uploads\/2012\/06\/TomislavNikolicAFP1V-150x150.jpg 150w, https:\/\/sandzakpress.net\/arhiva\/wp-content\/uploads\/2012\/06\/TomislavNikolicAFP1V-90x90.jpg 90w, https:\/\/sandzakpress.net\/arhiva\/wp-content\/uploads\/2012\/06\/TomislavNikolicAFP1V-125x125.jpg 125w\" sizes=\"(max-width: 227px) 100vw, 227px\" \/><\/a>Sjeverni Sand\u017eak &#8211; Upitan da li \u0107e prihvatiti poziv muftije Muamera Zukorli\u0107a da posjeti Srebrenicu i &#8220;osudi genocid&#8221;, Nikoli\u0107 je kazao da se tako ne\u0161to, najverovatnije, ne\u0107e desiti, jer je to ve\u0107 uradio njegov prethodnik na mjestu predsjednika Srbije.<\/strong><\/p>\n<p>&#8220;Ako je predsjednik Srbije Boris Tadi\u0107 bio u Srebrenici i osudio zlo\u010din, ako je Skup\u0161tina Srbije osudila zlo\u010din u Srebrenici, za\u0161to bih ja to pitanje stalno podgrijavao&#8221;, naveo je on. Nikoli\u0107 je dodao da je genocid te\u0161ko dokaziv na sudu.<\/p>\n<p>&#8220;U Srebrenici nije bilo genocida. U Srebrenici je bio veliki zlo\u010din koji su po\u010dinili neki pripadnici srpskog naroda, koje treba prona\u0107i, izvesti pred sud i kazniti&#8221;, kazao je predsjednik Srbije. Na pitanje kakav je njegov odnos prema Vojislavu \u0160e\u0161elju, on je kazao da uop\u0107e ne pominje lidera radikala.<\/p>\n<p>&#8220;On se ogrije\u0161io o mene i izgovorio mnogo lo\u0161ih rije\u010di o meni. Vrije\u0111ao me je kako je god mogao, a ja sam samo \u0107utao. Ja sam podnio sve. Danas, ja sam predsjednik Srbije, a njegova stranka je ispod cenzusa&#8221;, kazao je Nikoli\u0107.<\/p>\n<h3>Osuda Bakira Izetbegovi\u0107a<\/h3>\n<p><img loading=\"lazy\" decoding=\"async\" class=\"alignright\" src=\"http:\/\/i1188.photobucket.com\/albums\/z405\/kedza2\/BakirIzetbegovic10.jpg\" alt=\"\" width=\"260\" height=\"173\" \/>Predsjedavaju\u0107i Predsjedni\u0161tva BiH Bakir Izetbegovi\u0107 kazao je danas da je izjava novoizabranog predsjednika Srbije Tomislava Nikoli\u0107a o tome da u Srebrenici nije po\u010dinjen genocid nad Bo\u0161njacima, data prvog dana slu\u017ebenog preuzimanja du\u017enosti, neistinita i uvredljiva za Bo\u0161njake, prije svih za pre\u017eivjele \u017ertve genocida u Srebrenici.<\/p>\n<p>\u201cOna baca sjenu i ozbiljno dovodi u pitanje vjerodostojnost njegove javne proevropske retorike i izjava u kojima se zala\u017ee za korektne odnose u regiji i saradnju me\u0111u dr\u017eavama susjedima\u201d, stoji u saop\u0107enju pristiglom iz Predsjedni\u0161tva BiH.<\/p>\n<p><iframe loading=\"lazy\" width=\"616\" height=\"350\" src=\"http:\/\/www.youtube.com\/embed\/TKniqrmcdnc\" frameborder=\"0\" allowfullscreen><\/iframe><\/p>\n<p>Izvor: <strong>SandzakPRESS.net<\/strong><\/p>\n","protected":false},"excerpt":{"rendered":"<p>Sjeverni Sand\u017eak &#8211; Upitan da li \u0107e prihvatiti poziv muftije Muamera Zukorli\u0107a da posjeti Srebrenicu i &#8220;osudi genocid&#8221;, Nikoli\u0107 je kazao da se tako ne\u0161to, najverovatnije, ne\u0107e desiti, jer je to ve\u0107 uradio njegov prethodnik na mjestu predsjednika Srbije. &#8220;Ako je predsjednik Srbije Boris Tadi\u0107 bio u Srebrenici i osudio zlo\u010din, ako je Skup\u0161tina Srbije [&hellip;]<\/p>\n","protected":false},"author":83,"featured_media":40711,"comment_status":"open","ping_status":"open","sticky":false,"template":"","format":"standard","meta":{"footnotes":""},"categories":[72,800,52,327,392,393,394,8957],"tags":[],"class_list":{"0":"post-40610","1":"post","2":"type-post","3":"status-publish","4":"format-standard","5":"has-post-thumbnail","7":"category-novi-pazar","8":"category-nacija","9":"category-sjenica","10":"category-tutin","11":"category-prijepolje_","12":"category-priboj","13":"category-nova-varos","14":"category-vijesti-dana"},"yoast_head":"<!-- This site is optimized with the Yoast SEO Premium plugin v23.1 (Yoast SEO v24.9) - https:\/\/yoast.com\/wordpress\/plugins\/seo\/ -->\n<title>Tomislav Nikoli\u0107: U Srebrenici nije bilo genocida, osuda Izetbegovi\u0107eva (Video)<\/title>\n<meta name=\"robots\" content=\"index, follow, max-snippet:-1, max-image-preview:large, max-video-preview:-1\" \/>\n<link rel=\"canonical\" href=\"https:\/\/sandzakpress.net\/arhiva\/tomislav-nikolic-u-srebrenici-nije-bilo-genocida\/\" \/>\n<meta property=\"og:locale\" content=\"bs_BA\" \/>\n<meta property=\"og:type\" content=\"article\" \/>\n<meta property=\"og:title\" content=\"Tomislav Nikoli\u0107: U Srebrenici nije bilo genocida, osuda Izetbegovi\u0107eva (Video)\" \/>\n<meta property=\"og:description\" content=\"Sjeverni Sand\u017eak &#8211; Upitan da li \u0107e prihvatiti poziv muftije Muamera Zukorli\u0107a da posjeti Srebrenicu i &#8220;osudi genocid&#8221;, Nikoli\u0107 je kazao da se tako ne\u0161to, najverovatnije, ne\u0107e desiti, jer je to ve\u0107 uradio njegov prethodnik na mjestu predsjednika Srbije. &#8220;Ako je predsjednik Srbije Boris Tadi\u0107 bio u Srebrenici i osudio zlo\u010din, ako je Skup\u0161tina Srbije [&hellip;]\" \/>\n<meta property=\"og:url\" content=\"https:\/\/sandzakpress.net\/arhiva\/tomislav-nikolic-u-srebrenici-nije-bilo-genocida\/\" \/>\n<meta property=\"og:site_name\" content=\"Sand\u017eak PRESS\" \/>\n<meta property=\"article:published_time\" content=\"2012-06-01T21:43:52+00:00\" \/>\n<meta property=\"article:modified_time\" content=\"2012-06-02T10:29:56+00:00\" \/>\n<meta property=\"og:image\" content=\"https:\/\/sandzakpress.net\/arhiva\/wp-content\/uploads\/2012\/06\/TomislavNikolicAFP1V.jpg\" \/>\n\t<meta property=\"og:image:width\" content=\"293\" \/>\n\t<meta property=\"og:image:height\" content=\"293\" \/>\n\t<meta property=\"og:image:type\" content=\"image\/jpeg\" \/>\n<meta name=\"author\" content=\"bosniak\" \/>\n<meta name=\"twitter:card\" content=\"summary_large_image\" \/>\n<meta name=\"twitter:label1\" content=\"Written by\" \/>\n\t<meta name=\"twitter:data1\" content=\"bosniak\" \/>\n\t<meta name=\"twitter:label2\" content=\"Est. reading time\" \/>\n\t<meta name=\"twitter:data2\" content=\"1 minuta\" \/>\n<script type=\"application\/ld+json\" class=\"yoast-schema-graph\">{\"@context\":\"https:\/\/schema.org\",\"@graph\":[{\"@type\":\"Article\",\"@id\":\"https:\/\/sandzakpress.net\/arhiva\/tomislav-nikolic-u-srebrenici-nije-bilo-genocida\/#article\",\"isPartOf\":{\"@id\":\"https:\/\/sandzakpress.net\/arhiva\/tomislav-nikolic-u-srebrenici-nije-bilo-genocida\/\"},\"author\":{\"name\":\"bosniak\",\"@id\":\"https:\/\/sandzakpress.net\/arhiva\/#\/schema\/person\/c8baee722073534b583ea7bdb2e36c02\"},\"headline\":\"Tomislav Nikoli\u0107: U Srebrenici nije bilo genocida, osuda Izetbegovi\u0107eva (Video)\",\"datePublished\":\"2012-06-01T21:43:52+00:00\",\"dateModified\":\"2012-06-02T10:29:56+00:00\",\"mainEntityOfPage\":{\"@id\":\"https:\/\/sandzakpress.net\/arhiva\/tomislav-nikolic-u-srebrenici-nije-bilo-genocida\/\"},\"wordCount\":300,\"commentCount\":19,\"publisher\":{\"@id\":\"https:\/\/sandzakpress.net\/arhiva\/#\/schema\/person\/6e72b67d6e51910a1117b3b483ba20bd\"},\"image\":{\"@id\":\"https:\/\/sandzakpress.net\/arhiva\/tomislav-nikolic-u-srebrenici-nije-bilo-genocida\/#primaryimage\"},\"thumbnailUrl\":\"https:\/\/sandzakpress.net\/arhiva\/wp-content\/uploads\/2012\/06\/TomislavNikolicAFP1V.jpg\",\"articleSection\":[\"Novi Pazar\",\"Nacija\",\"Sjenica\",\"Tutin\",\"Prijepolje\",\"Priboj\",\"Nova Varo\u0161\",\"VIJESTI DANA\"],\"inLanguage\":\"bs-BA\",\"potentialAction\":[{\"@type\":\"CommentAction\",\"name\":\"Comment\",\"target\":[\"https:\/\/sandzakpress.net\/arhiva\/tomislav-nikolic-u-srebrenici-nije-bilo-genocida\/#respond\"]}]},{\"@type\":\"WebPage\",\"@id\":\"https:\/\/sandzakpress.net\/arhiva\/tomislav-nikolic-u-srebrenici-nije-bilo-genocida\/\",\"url\":\"https:\/\/sandzakpress.net\/arhiva\/tomislav-nikolic-u-srebrenici-nije-bilo-genocida\/\",\"name\":\"Tomislav Nikoli\u0107: U Srebrenici nije bilo genocida, osuda Izetbegovi\u0107eva (Video)\",\"isPartOf\":{\"@id\":\"https:\/\/sandzakpress.net\/arhiva\/#website\"},\"primaryImageOfPage\":{\"@id\":\"https:\/\/sandzakpress.net\/arhiva\/tomislav-nikolic-u-srebrenici-nije-bilo-genocida\/#primaryimage\"},\"image\":{\"@id\":\"https:\/\/sandzakpress.net\/arhiva\/tomislav-nikolic-u-srebrenici-nije-bilo-genocida\/#primaryimage\"},\"thumbnailUrl\":\"https:\/\/sandzakpress.net\/arhiva\/wp-content\/uploads\/2012\/06\/TomislavNikolicAFP1V.jpg\",\"datePublished\":\"2012-06-01T21:43:52+00:00\",\"dateModified\":\"2012-06-02T10:29:56+00:00\",\"breadcrumb\":{\"@id\":\"https:\/\/sandzakpress.net\/arhiva\/tomislav-nikolic-u-srebrenici-nije-bilo-genocida\/#breadcrumb\"},\"inLanguage\":\"bs-BA\",\"potentialAction\":[{\"@type\":\"ReadAction\",\"target\":[\"https:\/\/sandzakpress.net\/arhiva\/tomislav-nikolic-u-srebrenici-nije-bilo-genocida\/\"]}]},{\"@type\":\"ImageObject\",\"inLanguage\":\"bs-BA\",\"@id\":\"https:\/\/sandzakpress.net\/arhiva\/tomislav-nikolic-u-srebrenici-nije-bilo-genocida\/#primaryimage\",\"url\":\"https:\/\/sandzakpress.net\/arhiva\/wp-content\/uploads\/2012\/06\/TomislavNikolicAFP1V.jpg\",\"contentUrl\":\"https:\/\/sandzakpress.net\/arhiva\/wp-content\/uploads\/2012\/06\/TomislavNikolicAFP1V.jpg\",\"width\":293,\"height\":293},{\"@type\":\"BreadcrumbList\",\"@id\":\"https:\/\/sandzakpress.net\/arhiva\/tomislav-nikolic-u-srebrenici-nije-bilo-genocida\/#breadcrumb\",\"itemListElement\":[{\"@type\":\"ListItem\",\"position\":1,\"name\":\"Home\",\"item\":\"https:\/\/sandzakpress.net\/arhiva\/\"},{\"@type\":\"ListItem\",\"position\":2,\"name\":\"Tomislav Nikoli\u0107: U Srebrenici nije bilo genocida, osuda Izetbegovi\u0107eva (Video)\"}]},{\"@type\":\"WebSite\",\"@id\":\"https:\/\/sandzakpress.net\/arhiva\/#website\",\"url\":\"https:\/\/sandzakpress.net\/arhiva\/\",\"name\":\"Sand\u017eak PRESS\",\"description\":\"Prve elektronske novine u Sand\u017eaku\",\"publisher\":{\"@id\":\"https:\/\/sandzakpress.net\/arhiva\/#\/schema\/person\/6e72b67d6e51910a1117b3b483ba20bd\"},\"potentialAction\":[{\"@type\":\"SearchAction\",\"target\":{\"@type\":\"EntryPoint\",\"urlTemplate\":\"https:\/\/sandzakpress.net\/arhiva\/?s={search_term_string}\"},\"query-input\":{\"@type\":\"PropertyValueSpecification\",\"valueRequired\":true,\"valueName\":\"search_term_string\"}}],\"inLanguage\":\"bs-BA\"},{\"@type\":[\"Person\",\"Organization\"],\"@id\":\"https:\/\/sandzakpress.net\/arhiva\/#\/schema\/person\/6e72b67d6e51910a1117b3b483ba20bd\",\"name\":\"Kul\",\"image\":{\"@type\":\"ImageObject\",\"inLanguage\":\"bs-BA\",\"@id\":\"https:\/\/sandzakpress.net\/arhiva\/#\/schema\/person\/image\/\",\"url\":\"https:\/\/secure.gravatar.com\/avatar\/42263f39aa27ac04c43cab85c280eb2e?s=96&d=mm&r=pg\",\"contentUrl\":\"https:\/\/secure.gravatar.com\/avatar\/42263f39aa27ac04c43cab85c280eb2e?s=96&d=mm&r=pg\",\"caption\":\"Kul\"},\"logo\":{\"@id\":\"https:\/\/sandzakpress.net\/arhiva\/#\/schema\/person\/image\/\"}},{\"@type\":\"Person\",\"@id\":\"https:\/\/sandzakpress.net\/arhiva\/#\/schema\/person\/c8baee722073534b583ea7bdb2e36c02\",\"name\":\"bosniak\",\"image\":{\"@type\":\"ImageObject\",\"inLanguage\":\"bs-BA\",\"@id\":\"https:\/\/sandzakpress.net\/arhiva\/#\/schema\/person\/image\/\",\"url\":\"https:\/\/secure.gravatar.com\/avatar\/a04fd330bfe3a36a72a0ad4a6d89fca7?s=96&d=mm&r=pg\",\"contentUrl\":\"https:\/\/secure.gravatar.com\/avatar\/a04fd330bfe3a36a72a0ad4a6d89fca7?s=96&d=mm&r=pg\",\"caption\":\"bosniak\"},\"url\":\"https:\/\/sandzakpress.net\/arhiva\/author\/bosniak\/\"}]}<\/script>\n<!-- \/ Yoast SEO Premium plugin. -->","yoast_head_json":{"title":"Tomislav Nikoli\u0107: U Srebrenici nije bilo genocida, osuda Izetbegovi\u0107eva (Video)","robots":{"index":"index","follow":"follow","max-snippet":"max-snippet:-1","max-image-preview":"max-image-preview:large","max-video-preview":"max-video-preview:-1"},"canonical":"https:\/\/sandzakpress.net\/arhiva\/tomislav-nikolic-u-srebrenici-nije-bilo-genocida\/","og_locale":"bs_BA","og_type":"article","og_title":"Tomislav Nikoli\u0107: U Srebrenici nije bilo genocida, osuda Izetbegovi\u0107eva (Video)","og_description":"Sjeverni Sand\u017eak &#8211; Upitan da li \u0107e prihvatiti poziv muftije Muamera Zukorli\u0107a da posjeti Srebrenicu i &#8220;osudi genocid&#8221;, Nikoli\u0107 je kazao da se tako ne\u0161to, najverovatnije, ne\u0107e desiti, jer je to ve\u0107 uradio njegov prethodnik na mjestu predsjednika Srbije. &#8220;Ako je predsjednik Srbije Boris Tadi\u0107 bio u Srebrenici i osudio zlo\u010din, ako je Skup\u0161tina Srbije [&hellip;]","og_url":"https:\/\/sandzakpress.net\/arhiva\/tomislav-nikolic-u-srebrenici-nije-bilo-genocida\/","og_site_name":"Sand\u017eak PRESS","article_published_time":"2012-06-01T21:43:52+00:00","article_modified_time":"2012-06-02T10:29:56+00:00","og_image":[{"width":293,"height":293,"url":"https:\/\/sandzakpress.net\/arhiva\/wp-content\/uploads\/2012\/06\/TomislavNikolicAFP1V.jpg","type":"image\/jpeg"}],"author":"bosniak","twitter_card":"summary_large_image","twitter_misc":{"Written by":"bosniak","Est. reading time":"1 minuta"},"schema":{"@context":"https:\/\/schema.org","@graph":[{"@type":"Article","@id":"https:\/\/sandzakpress.net\/arhiva\/tomislav-nikolic-u-srebrenici-nije-bilo-genocida\/#article","isPartOf":{"@id":"https:\/\/sandzakpress.net\/arhiva\/tomislav-nikolic-u-srebrenici-nije-bilo-genocida\/"},"author":{"name":"bosniak","@id":"https:\/\/sandzakpress.net\/arhiva\/#\/schema\/person\/c8baee722073534b583ea7bdb2e36c02"},"headline":"Tomislav Nikoli\u0107: U Srebrenici nije bilo genocida, osuda Izetbegovi\u0107eva (Video)","datePublished":"2012-06-01T21:43:52+00:00","dateModified":"2012-06-02T10:29:56+00:00","mainEntityOfPage":{"@id":"https:\/\/sandzakpress.net\/arhiva\/tomislav-nikolic-u-srebrenici-nije-bilo-genocida\/"},"wordCount":300,"commentCount":19,"publisher":{"@id":"https:\/\/sandzakpress.net\/arhiva\/#\/schema\/person\/6e72b67d6e51910a1117b3b483ba20bd"},"image":{"@id":"https:\/\/sandzakpress.net\/arhiva\/tomislav-nikolic-u-srebrenici-nije-bilo-genocida\/#primaryimage"},"thumbnailUrl":"https:\/\/sandzakpress.net\/arhiva\/wp-content\/uploads\/2012\/06\/TomislavNikolicAFP1V.jpg","articleSection":["Novi Pazar","Nacija","Sjenica","Tutin","Prijepolje","Priboj","Nova Varo\u0161","VIJESTI DANA"],"inLanguage":"bs-BA","potentialAction":[{"@type":"CommentAction","name":"Comment","target":["https:\/\/sandzakpress.net\/arhiva\/tomislav-nikolic-u-srebrenici-nije-bilo-genocida\/#respond"]}]},{"@type":"WebPage","@id":"https:\/\/sandzakpress.net\/arhiva\/tomislav-nikolic-u-srebrenici-nije-bilo-genocida\/","url":"https:\/\/sandzakpress.net\/arhiva\/tomislav-nikolic-u-srebrenici-nije-bilo-genocida\/","name":"Tomislav Nikoli\u0107: U Srebrenici nije bilo genocida, osuda Izetbegovi\u0107eva (Video)","isPartOf":{"@id":"https:\/\/sandzakpress.net\/arhiva\/#website"},"primaryImageOfPage":{"@id":"https:\/\/sandzakpress.net\/arhiva\/tomislav-nikolic-u-srebrenici-nije-bilo-genocida\/#primaryimage"},"image":{"@id":"https:\/\/sandzakpress.net\/arhiva\/tomislav-nikolic-u-srebrenici-nije-bilo-genocida\/#primaryimage"},"thumbnailUrl":"https:\/\/sandzakpress.net\/arhiva\/wp-content\/uploads\/2012\/06\/TomislavNikolicAFP1V.jpg","datePublished":"2012-06-01T21:43:52+00:00","dateModified":"2012-06-02T10:29:56+00:00","breadcrumb":{"@id":"https:\/\/sandzakpress.net\/arhiva\/tomislav-nikolic-u-srebrenici-nije-bilo-genocida\/#breadcrumb"},"inLanguage":"bs-BA","potentialAction":[{"@type":"ReadAction","target":["https:\/\/sandzakpress.net\/arhiva\/tomislav-nikolic-u-srebrenici-nije-bilo-genocida\/"]}]},{"@type":"ImageObject","inLanguage":"bs-BA","@id":"https:\/\/sandzakpress.net\/arhiva\/tomislav-nikolic-u-srebrenici-nije-bilo-genocida\/#primaryimage","url":"https:\/\/sandzakpress.net\/arhiva\/wp-content\/uploads\/2012\/06\/TomislavNikolicAFP1V.jpg","contentUrl":"https:\/\/sandzakpress.net\/arhiva\/wp-content\/uploads\/2012\/06\/TomislavNikolicAFP1V.jpg","width":293,"height":293},{"@type":"BreadcrumbList","@id":"https:\/\/sandzakpress.net\/arhiva\/tomislav-nikolic-u-srebrenici-nije-bilo-genocida\/#breadcrumb","itemListElement":[{"@type":"ListItem","position":1,"name":"Home","item":"https:\/\/sandzakpress.net\/arhiva\/"},{"@type":"ListItem","position":2,"name":"Tomislav Nikoli\u0107: U Srebrenici nije bilo genocida, osuda Izetbegovi\u0107eva (Video)"}]},{"@type":"WebSite","@id":"https:\/\/sandzakpress.net\/arhiva\/#website","url":"https:\/\/sandzakpress.net\/arhiva\/","name":"Sand\u017eak PRESS","description":"Prve elektronske novine u Sand\u017eaku","publisher":{"@id":"https:\/\/sandzakpress.net\/arhiva\/#\/schema\/person\/6e72b67d6e51910a1117b3b483ba20bd"},"potentialAction":[{"@type":"SearchAction","target":{"@type":"EntryPoint","urlTemplate":"https:\/\/sandzakpress.net\/arhiva\/?s={search_term_string}"},"query-input":{"@type":"PropertyValueSpecification","valueRequired":true,"valueName":"search_term_string"}}],"inLanguage":"bs-BA"},{"@type":["Person","Organization"],"@id":"https:\/\/sandzakpress.net\/arhiva\/#\/schema\/person\/6e72b67d6e51910a1117b3b483ba20bd","name":"Kul","image":{"@type":"ImageObject","inLanguage":"bs-BA","@id":"https:\/\/sandzakpress.net\/arhiva\/#\/schema\/person\/image\/","url":"https:\/\/secure.gravatar.com\/avatar\/42263f39aa27ac04c43cab85c280eb2e?s=96&d=mm&r=pg","contentUrl":"https:\/\/secure.gravatar.com\/avatar\/42263f39aa27ac04c43cab85c280eb2e?s=96&d=mm&r=pg","caption":"Kul"},"logo":{"@id":"https:\/\/sandzakpress.net\/arhiva\/#\/schema\/person\/image\/"}},{"@type":"Person","@id":"https:\/\/sandzakpress.net\/arhiva\/#\/schema\/person\/c8baee722073534b583ea7bdb2e36c02","name":"bosniak","image":{"@type":"ImageObject","inLanguage":"bs-BA","@id":"https:\/\/sandzakpress.net\/arhiva\/#\/schema\/person\/image\/","url":"https:\/\/secure.gravatar.com\/avatar\/a04fd330bfe3a36a72a0ad4a6d89fca7?s=96&d=mm&r=pg","contentUrl":"https:\/\/secure.gravatar.com\/avatar\/a04fd330bfe3a36a72a0ad4a6d89fca7?s=96&d=mm&r=pg","caption":"bosniak"},"url":"https:\/\/sandzakpress.net\/arhiva\/author\/bosniak\/"}]}},"_links":{"self":[{"href":"https:\/\/sandzakpress.net\/arhiva\/wp-json\/wp\/v2\/posts\/40610"}],"collection":[{"href":"https:\/\/sandzakpress.net\/arhiva\/wp-json\/wp\/v2\/posts"}],"about":[{"href":"https:\/\/sandzakpress.net\/arhiva\/wp-json\/wp\/v2\/types\/post"}],"author":[{"embeddable":true,"href":"https:\/\/sandzakpress.net\/arhiva\/wp-json\/wp\/v2\/users\/83"}],"replies":[{"embeddable":true,"href":"https:\/\/sandzakpress.net\/arhiva\/wp-json\/wp\/v2\/comments?post=40610"}],"version-history":[{"count":0,"href":"https:\/\/sandzakpress.net\/arhiva\/wp-json\/wp\/v2\/posts\/40610\/revisions"}],"wp:featuredmedia":[{"embeddable":true,"href":"https:\/\/sandzakpress.net\/arhiva\/wp-json\/wp\/v2\/media\/40711"}],"wp:attachment":[{"href":"https:\/\/sandzakpress.net\/arhiva\/wp-json\/wp\/v2\/media?parent=40610"}],"wp:term":[{"taxonomy":"category","embeddable":true,"href":"https:\/\/sandzakpress.net\/arhiva\/wp-json\/wp\/v2\/categories?post=40610"},{"taxonomy":"post_tag","embeddable":true,"href":"https:\/\/sandzakpress.net\/arhiva\/wp-json\/wp\/v2\/tags?post=40610"}],"curies":[{"name":"wp","href":"https:\/\/api.w.org\/{rel}","templated":true}]}}