{"id":40482,"date":"2012-05-31T14:34:43","date_gmt":"2012-05-31T12:34:43","guid":{"rendered":"https:\/\/sandzakpress.net\/arhiva\/?p=40482"},"modified":"2012-05-31T14:37:50","modified_gmt":"2012-05-31T12:37:50","slug":"solidarnost-iz-sa-zrtvama-i-podrska-danu-bijelih-traka","status":"publish","type":"post","link":"https:\/\/sandzakpress.net\/arhiva\/solidarnost-iz-sa-zrtvama-i-podrska-danu-bijelih-traka\/","title":{"rendered":"Na kabinetu reisu-l-uleme dvije bijele zastave"},"content":{"rendered":"<p><strong><a href=\"https:\/\/sandzakpress.net\/arhiva\/wp-content\/uploads\/2012\/05\/iz-podrska-bijele-tra-2012-1.jpg\"><img loading=\"lazy\" decoding=\"async\" class=\"alignleft size-medium wp-image-40483\" title=\"iz-podrska-bijele-tra-2012-1\" src=\"https:\/\/sandzakpress.net\/arhiva\/wp-content\/uploads\/2012\/05\/iz-podrska-bijele-tra-2012-1-300x200.jpg\" alt=\"\" width=\"300\" height=\"200\" \/><\/a>BiH &#8211; Dvije bijele zastave postavljene su na  zgradu Kabineta reisu-l-uleme i jedna ve\u0107a zastava na zgradu  Sekretarijata Rijaseta. Tako\u0111er reisu-l-ulema dr. Mustafa Ceri\u0107 jutros  je, po dolasku na posao, stavio na ruku bijelu traku. Isto tako, sutra  \u0107e reisu-l-ulema odr\u017eati hutbu u Carevoj d\u017eamiji u Sarajevu u kojoj \u0107e  podsjetiti na civilizacijsku sramotu s kraja XX stolje\u0107a koja je bila na  djelu u srcu Evrope i pred o\u010dima cijeloga svijeta.<\/strong><\/p>\n<p>\u201eCijela  Bosna i Hercegovina, sva sela i gradovi danas se mogu ozna\u010diti bijelim  trakama kao mjesta progona, pogroma, silovanja i, kona\u010dno, genocida na  kraju 20. stolje\u0107a. Fokus je jo\u0161 uvijek samo na Srebrenici, jer postoje  nedvosmisleni\u00a0 dokumenti i presude Ha\u0161kog tribunala koje dokazuju  genocid tamo. Ali, u mjestima kao \u0161to su Vi\u0161egrad, Fo\u010da, \u010cajni\u010de, a  ovdje posebno nagla\u0161avam Prijedor, tako\u0111er, je po\u010dinjen genocid.\u00a0  Nevjerovatno je da je vi\u0161e od pola stolje\u0107a nakon 1939. godine, dakle,  1992. godine, Bo\u0161njacima i Hrvatima nare\u0111eno da se obilje\u017ee bijelim  trakama. Ranijih godina vlasti Republike Srpske su ignorirale  obilje\u017eavanje genocida i pre\u0161utno ga tolerirale. No, ove godine su to  odlu\u010dili zabraniti i zato di\u017eemo svoj glas\u201c, izjavio je reisu-l-ulema  dr. Ceri\u0107 nakon postavljanja bijelih zastava.<\/p>\n<p>Tako\u0111er  reisu-l-ulema je naglasio: \u201eDanas smo sa \u017ertvama genocida u Prijedoru,  ali i sa \u017ertvama genocida u cijeloj Bosni i Hercegovini. \u017delimo im  poru\u010diti da nisu same, mi smo sa njima. \u017delimo im poru\u010diti da \u0107emo se  uspjeti nositi sa onima koji negiraju genocid, jer to je neprihvatljivo.  Oni koji negiraju genocid spremni su da ga ponove. A budu\u0107i da mi imamo  takvo iskustvo, onda svi ljudi dobre volje u BiH, Evropi i svijetu  treba da danas budu\u00a0 sa nama da bi sprije\u010dili da se ponovi genocid i  holokaust. To \u0107e biti poruka svim zlo\u010dincima da njihovo zlo ne mo\u017ee  pro\u0107i i da se ne\u0107e nagraditi, ve\u0107 da \u0107e za zlo biti ka\u017enjeni\u201c.<\/p>\n<p>Trideset  prvog maja 1992. godine vlasti bosanskih Srba u Prijedoru izdale su  naredbu kojom se bo\u0161nja\u010dkom stanovni\u0161tvu nare\u0111uje da obilje\u017ei svoje ku\u0107e  bijelim zastavama ili \u010dar\u0161afima, a da pri izlasku iz ku\u0107a stave bijele  trake oko ruke. Naredba o obilje\u017eavanju bo\u0161nja\u010dkih ku\u0107a i stavljanju  bijelih traka na ruke te formiranje koncentracionih logora za Bo\u0161njake  bilo je su\u0161tinsko o\u017eivljavanje fa\u0161isti\u010dke prakse iz II svjetskog rata,  iako je Evropa kazala \u201enikad vi\u0161e\u201c koncentracionim logorima smrti,  genocidu i holokaustu.<\/p>\n<p><img loading=\"lazy\" decoding=\"async\" src=\"http:\/\/www.rijaset.ba\/images\/stories\/1aktuelnosti2\/iz-podrska-bijele-tra-2012-2.jpg\" alt=\"iz-podrska-bijele-tra-2012-2\" width=\"722\" height=\"482\" \/><\/p>\n<p>Islamska  zajednica u Bosni i Hercegovini sna\u017eno podr\u017eava obilje\u017eavanje sje\u0107anja  na te brutalne, sramne i anticivilizacijske postupke tada\u0161nje srpske  vlasti. Sje\u0107anje na 31. maj 1992. godine u Prijedoru je dobra prilika za  sve ljude koji vole slobodu i koji se bore protiv genocida da obnove  zavjet osude zlo\u010dina genocida, etni\u010dkog \u010di\u0161\u0107enja i koncentracionih  logora. Ovo je prilika da se ljudi od savjesti jo\u0161 jednom ograde od  zlo\u010dina\u010dkih politika koje ba\u0161tine fa\u0161isti\u010dku tradiciju i praksu progona  ljudi zato \u0161to su druga\u010diji i da se svi ujedine u zahtjevu da se  zloglasni koncentracioni logor Omarska u\u010dini trajnim spomenikom  stradanja Bo\u0161njaka u Prijedoru. Ovo je prilika da se odlu\u010dnije podr\u017ee  \u017ertve u tra\u017eenju pravde. Ovo je prilika da se svi zajedno udru\u017eimo u  borbi protiv poricanja masovnih zlo\u010dina i neka to bude podr\u0161ka svim  ljudima \u0161irom svijeta nad kojima je po\u010dinjen zlo\u010din zbog njihove rase,  etni\u010dke pripadnosti, vjerskog stava ili politi\u010dkog uvjerenja. Na koncu i  najva\u017enije, ovo je prilika da se u Evropi 31. maj proglasi evropskim  danom borbe protiv fizi\u010dkog obilje\u017eavanja ljudi i njihove imovine zato  \u0161to su druga\u010diji. Jer je ovo vrijeme da se iska\u017ee istinsko kajanje i  \u010dvrsto obe\u0107anje da \u0107e evropske institucije, na ba\u0161tini antifa\u0161izma, kroz  sje\u0107anje na 31. maj 1992. godine u Prijedoru, poduzeti sve napore da se  \u201enikad vi\u0161e\u201c u Evropi ne dozvoli segregacija i stavljanje segregacijske  trake oko ruke ljudima koji nisu isti kao mi.<\/p>\n<p>Izvor: <strong>Rijaset.ba<\/strong><\/p>\n","protected":false},"excerpt":{"rendered":"<p>BiH &#8211; Dvije bijele zastave postavljene su na zgradu Kabineta reisu-l-uleme i jedna ve\u0107a zastava na zgradu Sekretarijata Rijaseta. Tako\u0111er reisu-l-ulema dr. Mustafa Ceri\u0107 jutros je, po dolasku na posao, stavio na ruku bijelu traku. Isto tako, sutra \u0107e reisu-l-ulema odr\u017eati hutbu u Carevoj d\u017eamiji u Sarajevu u kojoj \u0107e podsjetiti na civilizacijsku sramotu s [&hellip;]<\/p>\n","protected":false},"author":13,"featured_media":40483,"comment_status":"open","ping_status":"open","sticky":false,"template":"","format":"standard","meta":{"footnotes":""},"categories":[2860,802],"tags":[],"class_list":{"0":"post-40482","1":"post","2":"type-post","3":"status-publish","4":"format-standard","5":"has-post-thumbnail","7":"category-bosna-i-hercegovina-gradovi","8":"category-islamska_zajednica"},"yoast_head":"<!-- This site is optimized with the Yoast SEO Premium plugin v23.1 (Yoast SEO v24.9) - https:\/\/yoast.com\/wordpress\/plugins\/seo\/ -->\n<title>Na kabinetu reisu-l-uleme dvije bijele zastave<\/title>\n<meta name=\"robots\" content=\"index, follow, max-snippet:-1, max-image-preview:large, max-video-preview:-1\" \/>\n<link rel=\"canonical\" href=\"https:\/\/sandzakpress.net\/arhiva\/solidarnost-iz-sa-zrtvama-i-podrska-danu-bijelih-traka\/\" \/>\n<meta property=\"og:locale\" content=\"bs_BA\" \/>\n<meta property=\"og:type\" content=\"article\" \/>\n<meta property=\"og:title\" content=\"Na kabinetu reisu-l-uleme dvije bijele zastave\" \/>\n<meta property=\"og:description\" content=\"BiH &#8211; Dvije bijele zastave postavljene su na zgradu Kabineta reisu-l-uleme i jedna ve\u0107a zastava na zgradu Sekretarijata Rijaseta. Tako\u0111er reisu-l-ulema dr. Mustafa Ceri\u0107 jutros je, po dolasku na posao, stavio na ruku bijelu traku. Isto tako, sutra \u0107e reisu-l-ulema odr\u017eati hutbu u Carevoj d\u017eamiji u Sarajevu u kojoj \u0107e podsjetiti na civilizacijsku sramotu s [&hellip;]\" \/>\n<meta property=\"og:url\" content=\"https:\/\/sandzakpress.net\/arhiva\/solidarnost-iz-sa-zrtvama-i-podrska-danu-bijelih-traka\/\" \/>\n<meta property=\"og:site_name\" content=\"Sand\u017eak PRESS\" \/>\n<meta property=\"article:published_time\" content=\"2012-05-31T12:34:43+00:00\" \/>\n<meta property=\"article:modified_time\" content=\"2012-05-31T12:37:50+00:00\" \/>\n<meta property=\"og:image\" content=\"https:\/\/sandzakpress.net\/arhiva\/wp-content\/uploads\/2012\/05\/iz-podrska-bijele-tra-2012-1.jpg\" \/>\n\t<meta property=\"og:image:width\" content=\"616\" \/>\n\t<meta property=\"og:image:height\" content=\"411\" \/>\n\t<meta property=\"og:image:type\" content=\"image\/jpeg\" \/>\n<meta name=\"twitter:card\" content=\"summary_large_image\" \/>\n<meta name=\"twitter:label1\" content=\"Written by\" \/>\n\t<meta name=\"twitter:data1\" content=\"\" \/>\n\t<meta name=\"twitter:label2\" content=\"Est. reading time\" \/>\n\t<meta name=\"twitter:data2\" content=\"3 minute\" \/>\n<script type=\"application\/ld+json\" class=\"yoast-schema-graph\">{\"@context\":\"https:\/\/schema.org\",\"@graph\":[{\"@type\":\"Article\",\"@id\":\"https:\/\/sandzakpress.net\/arhiva\/solidarnost-iz-sa-zrtvama-i-podrska-danu-bijelih-traka\/#article\",\"isPartOf\":{\"@id\":\"https:\/\/sandzakpress.net\/arhiva\/solidarnost-iz-sa-zrtvama-i-podrska-danu-bijelih-traka\/\"},\"author\":{\"name\":\"\",\"@id\":\"\"},\"headline\":\"Na kabinetu reisu-l-uleme dvije bijele zastave\",\"datePublished\":\"2012-05-31T12:34:43+00:00\",\"dateModified\":\"2012-05-31T12:37:50+00:00\",\"mainEntityOfPage\":{\"@id\":\"https:\/\/sandzakpress.net\/arhiva\/solidarnost-iz-sa-zrtvama-i-podrska-danu-bijelih-traka\/\"},\"wordCount\":699,\"commentCount\":0,\"publisher\":{\"@id\":\"https:\/\/sandzakpress.net\/arhiva\/#\/schema\/person\/6e72b67d6e51910a1117b3b483ba20bd\"},\"image\":{\"@id\":\"https:\/\/sandzakpress.net\/arhiva\/solidarnost-iz-sa-zrtvama-i-podrska-danu-bijelih-traka\/#primaryimage\"},\"thumbnailUrl\":\"https:\/\/sandzakpress.net\/arhiva\/wp-content\/uploads\/2012\/05\/iz-podrska-bijele-tra-2012-1.jpg\",\"articleSection\":[\"Bosna i Hercegovina\",\"Islamska zajednica\"],\"inLanguage\":\"bs-BA\",\"potentialAction\":[{\"@type\":\"CommentAction\",\"name\":\"Comment\",\"target\":[\"https:\/\/sandzakpress.net\/arhiva\/solidarnost-iz-sa-zrtvama-i-podrska-danu-bijelih-traka\/#respond\"]}]},{\"@type\":\"WebPage\",\"@id\":\"https:\/\/sandzakpress.net\/arhiva\/solidarnost-iz-sa-zrtvama-i-podrska-danu-bijelih-traka\/\",\"url\":\"https:\/\/sandzakpress.net\/arhiva\/solidarnost-iz-sa-zrtvama-i-podrska-danu-bijelih-traka\/\",\"name\":\"Na kabinetu reisu-l-uleme dvije bijele zastave\",\"isPartOf\":{\"@id\":\"https:\/\/sandzakpress.net\/arhiva\/#website\"},\"primaryImageOfPage\":{\"@id\":\"https:\/\/sandzakpress.net\/arhiva\/solidarnost-iz-sa-zrtvama-i-podrska-danu-bijelih-traka\/#primaryimage\"},\"image\":{\"@id\":\"https:\/\/sandzakpress.net\/arhiva\/solidarnost-iz-sa-zrtvama-i-podrska-danu-bijelih-traka\/#primaryimage\"},\"thumbnailUrl\":\"https:\/\/sandzakpress.net\/arhiva\/wp-content\/uploads\/2012\/05\/iz-podrska-bijele-tra-2012-1.jpg\",\"datePublished\":\"2012-05-31T12:34:43+00:00\",\"dateModified\":\"2012-05-31T12:37:50+00:00\",\"breadcrumb\":{\"@id\":\"https:\/\/sandzakpress.net\/arhiva\/solidarnost-iz-sa-zrtvama-i-podrska-danu-bijelih-traka\/#breadcrumb\"},\"inLanguage\":\"bs-BA\",\"potentialAction\":[{\"@type\":\"ReadAction\",\"target\":[\"https:\/\/sandzakpress.net\/arhiva\/solidarnost-iz-sa-zrtvama-i-podrska-danu-bijelih-traka\/\"]}]},{\"@type\":\"ImageObject\",\"inLanguage\":\"bs-BA\",\"@id\":\"https:\/\/sandzakpress.net\/arhiva\/solidarnost-iz-sa-zrtvama-i-podrska-danu-bijelih-traka\/#primaryimage\",\"url\":\"https:\/\/sandzakpress.net\/arhiva\/wp-content\/uploads\/2012\/05\/iz-podrska-bijele-tra-2012-1.jpg\",\"contentUrl\":\"https:\/\/sandzakpress.net\/arhiva\/wp-content\/uploads\/2012\/05\/iz-podrska-bijele-tra-2012-1.jpg\",\"width\":616,\"height\":411},{\"@type\":\"BreadcrumbList\",\"@id\":\"https:\/\/sandzakpress.net\/arhiva\/solidarnost-iz-sa-zrtvama-i-podrska-danu-bijelih-traka\/#breadcrumb\",\"itemListElement\":[{\"@type\":\"ListItem\",\"position\":1,\"name\":\"Home\",\"item\":\"https:\/\/sandzakpress.net\/arhiva\/\"},{\"@type\":\"ListItem\",\"position\":2,\"name\":\"Na kabinetu reisu-l-uleme dvije bijele zastave\"}]},{\"@type\":\"WebSite\",\"@id\":\"https:\/\/sandzakpress.net\/arhiva\/#website\",\"url\":\"https:\/\/sandzakpress.net\/arhiva\/\",\"name\":\"Sand\u017eak PRESS\",\"description\":\"Prve elektronske novine u Sand\u017eaku\",\"publisher\":{\"@id\":\"https:\/\/sandzakpress.net\/arhiva\/#\/schema\/person\/6e72b67d6e51910a1117b3b483ba20bd\"},\"potentialAction\":[{\"@type\":\"SearchAction\",\"target\":{\"@type\":\"EntryPoint\",\"urlTemplate\":\"https:\/\/sandzakpress.net\/arhiva\/?s={search_term_string}\"},\"query-input\":{\"@type\":\"PropertyValueSpecification\",\"valueRequired\":true,\"valueName\":\"search_term_string\"}}],\"inLanguage\":\"bs-BA\"},{\"@type\":[\"Person\",\"Organization\"],\"@id\":\"https:\/\/sandzakpress.net\/arhiva\/#\/schema\/person\/6e72b67d6e51910a1117b3b483ba20bd\",\"name\":\"Kul\",\"image\":{\"@type\":\"ImageObject\",\"inLanguage\":\"bs-BA\",\"@id\":\"https:\/\/sandzakpress.net\/arhiva\/#\/schema\/person\/image\/\",\"url\":\"https:\/\/secure.gravatar.com\/avatar\/42263f39aa27ac04c43cab85c280eb2e?s=96&d=mm&r=pg\",\"contentUrl\":\"https:\/\/secure.gravatar.com\/avatar\/42263f39aa27ac04c43cab85c280eb2e?s=96&d=mm&r=pg\",\"caption\":\"Kul\"},\"logo\":{\"@id\":\"https:\/\/sandzakpress.net\/arhiva\/#\/schema\/person\/image\/\"}},{\"@type\":\"Person\",\"@id\":\"\",\"url\":\"https:\/\/sandzakpress.net\/arhiva\/author\/\"}]}<\/script>\n<!-- \/ Yoast SEO Premium plugin. -->","yoast_head_json":{"title":"Na kabinetu reisu-l-uleme dvije bijele zastave","robots":{"index":"index","follow":"follow","max-snippet":"max-snippet:-1","max-image-preview":"max-image-preview:large","max-video-preview":"max-video-preview:-1"},"canonical":"https:\/\/sandzakpress.net\/arhiva\/solidarnost-iz-sa-zrtvama-i-podrska-danu-bijelih-traka\/","og_locale":"bs_BA","og_type":"article","og_title":"Na kabinetu reisu-l-uleme dvije bijele zastave","og_description":"BiH &#8211; Dvije bijele zastave postavljene su na zgradu Kabineta reisu-l-uleme i jedna ve\u0107a zastava na zgradu Sekretarijata Rijaseta. Tako\u0111er reisu-l-ulema dr. Mustafa Ceri\u0107 jutros je, po dolasku na posao, stavio na ruku bijelu traku. Isto tako, sutra \u0107e reisu-l-ulema odr\u017eati hutbu u Carevoj d\u017eamiji u Sarajevu u kojoj \u0107e podsjetiti na civilizacijsku sramotu s [&hellip;]","og_url":"https:\/\/sandzakpress.net\/arhiva\/solidarnost-iz-sa-zrtvama-i-podrska-danu-bijelih-traka\/","og_site_name":"Sand\u017eak PRESS","article_published_time":"2012-05-31T12:34:43+00:00","article_modified_time":"2012-05-31T12:37:50+00:00","og_image":[{"width":616,"height":411,"url":"https:\/\/sandzakpress.net\/arhiva\/wp-content\/uploads\/2012\/05\/iz-podrska-bijele-tra-2012-1.jpg","type":"image\/jpeg"}],"twitter_card":"summary_large_image","twitter_misc":{"Written by":"","Est. reading time":"3 minute"},"schema":{"@context":"https:\/\/schema.org","@graph":[{"@type":"Article","@id":"https:\/\/sandzakpress.net\/arhiva\/solidarnost-iz-sa-zrtvama-i-podrska-danu-bijelih-traka\/#article","isPartOf":{"@id":"https:\/\/sandzakpress.net\/arhiva\/solidarnost-iz-sa-zrtvama-i-podrska-danu-bijelih-traka\/"},"author":{"name":"","@id":""},"headline":"Na kabinetu reisu-l-uleme dvije bijele zastave","datePublished":"2012-05-31T12:34:43+00:00","dateModified":"2012-05-31T12:37:50+00:00","mainEntityOfPage":{"@id":"https:\/\/sandzakpress.net\/arhiva\/solidarnost-iz-sa-zrtvama-i-podrska-danu-bijelih-traka\/"},"wordCount":699,"commentCount":0,"publisher":{"@id":"https:\/\/sandzakpress.net\/arhiva\/#\/schema\/person\/6e72b67d6e51910a1117b3b483ba20bd"},"image":{"@id":"https:\/\/sandzakpress.net\/arhiva\/solidarnost-iz-sa-zrtvama-i-podrska-danu-bijelih-traka\/#primaryimage"},"thumbnailUrl":"https:\/\/sandzakpress.net\/arhiva\/wp-content\/uploads\/2012\/05\/iz-podrska-bijele-tra-2012-1.jpg","articleSection":["Bosna i Hercegovina","Islamska zajednica"],"inLanguage":"bs-BA","potentialAction":[{"@type":"CommentAction","name":"Comment","target":["https:\/\/sandzakpress.net\/arhiva\/solidarnost-iz-sa-zrtvama-i-podrska-danu-bijelih-traka\/#respond"]}]},{"@type":"WebPage","@id":"https:\/\/sandzakpress.net\/arhiva\/solidarnost-iz-sa-zrtvama-i-podrska-danu-bijelih-traka\/","url":"https:\/\/sandzakpress.net\/arhiva\/solidarnost-iz-sa-zrtvama-i-podrska-danu-bijelih-traka\/","name":"Na kabinetu reisu-l-uleme dvije bijele zastave","isPartOf":{"@id":"https:\/\/sandzakpress.net\/arhiva\/#website"},"primaryImageOfPage":{"@id":"https:\/\/sandzakpress.net\/arhiva\/solidarnost-iz-sa-zrtvama-i-podrska-danu-bijelih-traka\/#primaryimage"},"image":{"@id":"https:\/\/sandzakpress.net\/arhiva\/solidarnost-iz-sa-zrtvama-i-podrska-danu-bijelih-traka\/#primaryimage"},"thumbnailUrl":"https:\/\/sandzakpress.net\/arhiva\/wp-content\/uploads\/2012\/05\/iz-podrska-bijele-tra-2012-1.jpg","datePublished":"2012-05-31T12:34:43+00:00","dateModified":"2012-05-31T12:37:50+00:00","breadcrumb":{"@id":"https:\/\/sandzakpress.net\/arhiva\/solidarnost-iz-sa-zrtvama-i-podrska-danu-bijelih-traka\/#breadcrumb"},"inLanguage":"bs-BA","potentialAction":[{"@type":"ReadAction","target":["https:\/\/sandzakpress.net\/arhiva\/solidarnost-iz-sa-zrtvama-i-podrska-danu-bijelih-traka\/"]}]},{"@type":"ImageObject","inLanguage":"bs-BA","@id":"https:\/\/sandzakpress.net\/arhiva\/solidarnost-iz-sa-zrtvama-i-podrska-danu-bijelih-traka\/#primaryimage","url":"https:\/\/sandzakpress.net\/arhiva\/wp-content\/uploads\/2012\/05\/iz-podrska-bijele-tra-2012-1.jpg","contentUrl":"https:\/\/sandzakpress.net\/arhiva\/wp-content\/uploads\/2012\/05\/iz-podrska-bijele-tra-2012-1.jpg","width":616,"height":411},{"@type":"BreadcrumbList","@id":"https:\/\/sandzakpress.net\/arhiva\/solidarnost-iz-sa-zrtvama-i-podrska-danu-bijelih-traka\/#breadcrumb","itemListElement":[{"@type":"ListItem","position":1,"name":"Home","item":"https:\/\/sandzakpress.net\/arhiva\/"},{"@type":"ListItem","position":2,"name":"Na kabinetu reisu-l-uleme dvije bijele zastave"}]},{"@type":"WebSite","@id":"https:\/\/sandzakpress.net\/arhiva\/#website","url":"https:\/\/sandzakpress.net\/arhiva\/","name":"Sand\u017eak PRESS","description":"Prve elektronske novine u Sand\u017eaku","publisher":{"@id":"https:\/\/sandzakpress.net\/arhiva\/#\/schema\/person\/6e72b67d6e51910a1117b3b483ba20bd"},"potentialAction":[{"@type":"SearchAction","target":{"@type":"EntryPoint","urlTemplate":"https:\/\/sandzakpress.net\/arhiva\/?s={search_term_string}"},"query-input":{"@type":"PropertyValueSpecification","valueRequired":true,"valueName":"search_term_string"}}],"inLanguage":"bs-BA"},{"@type":["Person","Organization"],"@id":"https:\/\/sandzakpress.net\/arhiva\/#\/schema\/person\/6e72b67d6e51910a1117b3b483ba20bd","name":"Kul","image":{"@type":"ImageObject","inLanguage":"bs-BA","@id":"https:\/\/sandzakpress.net\/arhiva\/#\/schema\/person\/image\/","url":"https:\/\/secure.gravatar.com\/avatar\/42263f39aa27ac04c43cab85c280eb2e?s=96&d=mm&r=pg","contentUrl":"https:\/\/secure.gravatar.com\/avatar\/42263f39aa27ac04c43cab85c280eb2e?s=96&d=mm&r=pg","caption":"Kul"},"logo":{"@id":"https:\/\/sandzakpress.net\/arhiva\/#\/schema\/person\/image\/"}},{"@type":"Person","@id":"","url":"https:\/\/sandzakpress.net\/arhiva\/author\/"}]}},"_links":{"self":[{"href":"https:\/\/sandzakpress.net\/arhiva\/wp-json\/wp\/v2\/posts\/40482"}],"collection":[{"href":"https:\/\/sandzakpress.net\/arhiva\/wp-json\/wp\/v2\/posts"}],"about":[{"href":"https:\/\/sandzakpress.net\/arhiva\/wp-json\/wp\/v2\/types\/post"}],"author":[{"embeddable":true,"href":"https:\/\/sandzakpress.net\/arhiva\/wp-json\/wp\/v2\/users\/13"}],"replies":[{"embeddable":true,"href":"https:\/\/sandzakpress.net\/arhiva\/wp-json\/wp\/v2\/comments?post=40482"}],"version-history":[{"count":0,"href":"https:\/\/sandzakpress.net\/arhiva\/wp-json\/wp\/v2\/posts\/40482\/revisions"}],"wp:featuredmedia":[{"embeddable":true,"href":"https:\/\/sandzakpress.net\/arhiva\/wp-json\/wp\/v2\/media\/40483"}],"wp:attachment":[{"href":"https:\/\/sandzakpress.net\/arhiva\/wp-json\/wp\/v2\/media?parent=40482"}],"wp:term":[{"taxonomy":"category","embeddable":true,"href":"https:\/\/sandzakpress.net\/arhiva\/wp-json\/wp\/v2\/categories?post=40482"},{"taxonomy":"post_tag","embeddable":true,"href":"https:\/\/sandzakpress.net\/arhiva\/wp-json\/wp\/v2\/tags?post=40482"}],"curies":[{"name":"wp","href":"https:\/\/api.w.org\/{rel}","templated":true}]}}