{"id":40420,"date":"2012-05-30T20:18:03","date_gmt":"2012-05-30T18:18:03","guid":{"rendered":"https:\/\/sandzakpress.net\/arhiva\/?p=40420"},"modified":"2012-05-30T20:18:03","modified_gmt":"2012-05-30T18:18:03","slug":"adem-lyayic-kendini-savundu","status":"publish","type":"post","link":"https:\/\/sandzakpress.net\/arhiva\/adem-lyayic-kendini-savundu\/","title":{"rendered":"Adem Lyayi\u00e7 kendini savundu"},"content":{"rendered":"<h2><a href=\"https:\/\/sandzakpress.net\/arhiva\/wp-content\/uploads\/2012\/05\/16790235.jpg\"><img loading=\"lazy\" decoding=\"async\" class=\"alignleft size-full wp-image-40421\" title=\"16790235\" src=\"https:\/\/sandzakpress.net\/arhiva\/wp-content\/uploads\/2012\/05\/16790235.jpg\" alt=\"\" width=\"250\" height=\"150\" \/><\/a>Turska &#8211; Fiorentina'da  forma giyen Bo\u015fnak as\u0131ll\u0131 futbolcu Adem Lyayi\u00e7, \u0130spanya ile oynanan  dostluk ma\u00e7\u0131nda S\u0131rp milli mar\u015f\u0131n\u0131 okumad\u0131\u011f\u0131 i\u00e7in milli tak\u0131m  kadrosundan \u00e7\u0131kar\u0131lmas\u0131n\u0131 de\u011ferlendirirken, \u201c\u00dclkemi seviyorum, ancak  kendime de sayg\u0131 duyuyorum\u201d dedi.<\/h2>\n<div><img loading=\"lazy\" decoding=\"async\" src=\"http:\/\/www.hurriyet.com.tr\/p\/spacer.gif\" alt=\"\" width=\"578\" height=\"10\" \/><\/div>\n<div>Belgrad'daki Uluslararas\u0131 Nikola Tesla Havaalan\u0131'nda gazetecilere  a\u00e7\u0131klama yapan Lyayi\u00e7, \u015fahsi nedenlerle S\u0131rp Milli Mar\u015f\u0131'n\u0131 s\u00f6ylemek  istemedi\u011fini vurgulad\u0131.<\/p>\n<p>Bo\u015fnak n\u00fcfusun yo\u011fun olarak ya\u015fad\u0131\u011f\u0131  Sancak b\u00f6lgesinin en b\u00fcy\u00fck kenti Novi Pazar do\u011fumlu olan Lyayi\u00e7, \u201c\u00dclkemi  seviyorum, ancak kendime de sayg\u0131 duyuyorum. Teknik direkt\u00f6r, her  futbolcunun milli mar\u015f\u0131n\u0131 okumas\u0131n\u0131 istedi, ben de okumad\u0131m. Demek ki bu  unsuru zaman\u0131nda konu\u015fmad\u0131k\u201d diye konu\u015ftu.<\/p>\n<p><strong>Uzakla\u015ft\u0131rmaya tepki<br \/>\n<\/strong><br \/>\nAdem Lyayi\u00e7'in S\u0131rbistan milli tak\u0131m\u0131ndan uzakla\u015ft\u0131r\u0131lmas\u0131 Sancak'ta tepkilere neden oldu.<\/p>\n<p>Sivil  toplum \u00f6rg\u00fctleri ve baz\u0131 Bo\u015fnak yetkililer, S\u0131rbistan'da S\u0131rp olmayan  insanlar\u0131n da ya\u015fad\u0131\u011f\u0131n\u0131 hat\u0131rlatarak, bir futbolcunun milli tak\u0131mda  bulunmas\u0131n\u0131n, milli mar\u015f\u0131 okuyup okumamas\u0131ndan ziyade sergiledi\u011fi  futbolla de\u011ferlendirilmesi gerekti\u011fini belirtti.<\/p>\n<p>S\u0131rbistan Milli  Tak\u0131m\u0131 Teknik Direkt\u00f6r\u00fc Sini\u015fa Mihaylovi\u00e7, milli tak\u0131m\u0131n \u00f6nceki g\u00fcn  \u0130spanya ile oynad\u0131\u011f\u0131 dostluk kar\u015f\u0131la\u015fmas\u0131 \u00f6ncesinde S\u0131rp Milli Mar\u015f\u0131'n\u0131  s\u00f6ylemeyen Lyayi\u00e7'i tak\u0131mdan uzakla\u015ft\u0131rm\u0131\u015ft\u0131. Futbol federasyonu da  futbolcunun kadrodan \u00e7\u0131kar\u0131lmas\u0131na karar vermi\u015fti.<\/p><\/div>\n<div><\/div>\n<div>Izvor: <strong>Hurriyet.com<\/strong><\/div>\n","protected":false},"excerpt":{"rendered":"<p>Turska &#8211; Fiorentina'da forma giyen Bo\u015fnak as\u0131ll\u0131 futbolcu Adem Lyayi\u00e7, \u0130spanya ile oynanan dostluk ma\u00e7\u0131nda S\u0131rp milli mar\u015f\u0131n\u0131 okumad\u0131\u011f\u0131 i\u00e7in milli tak\u0131m kadrosundan \u00e7\u0131kar\u0131lmas\u0131n\u0131 de\u011ferlendirirken, \u201c\u00dclkemi seviyorum, ancak kendime de sayg\u0131 duyuyorum\u201d dedi. Belgrad'daki Uluslararas\u0131 Nikola Tesla Havaalan\u0131'nda gazetecilere a\u00e7\u0131klama yapan Lyayi\u00e7, \u015fahsi nedenlerle S\u0131rp Milli Mar\u015f\u0131'n\u0131 s\u00f6ylemek istemedi\u011fini vurgulad\u0131. Bo\u015fnak n\u00fcfusun yo\u011fun olarak ya\u015fad\u0131\u011f\u0131 [&hellip;]<\/p>\n","protected":false},"author":13,"featured_media":40421,"comment_status":"open","ping_status":"open","sticky":false,"template":"","format":"standard","meta":{"footnotes":""},"categories":[2692],"tags":[],"class_list":{"0":"post-40420","1":"post","2":"type-post","3":"status-publish","4":"format-standard","5":"has-post-thumbnail","7":"category-turska-gradovi"},"yoast_head":"<!-- This site is optimized with the Yoast SEO Premium plugin v23.1 (Yoast SEO v24.9) - https:\/\/yoast.com\/wordpress\/plugins\/seo\/ -->\n<title>Adem Lyayi\u00e7 kendini savundu<\/title>\n<meta name=\"robots\" content=\"index, follow, max-snippet:-1, max-image-preview:large, max-video-preview:-1\" \/>\n<link rel=\"canonical\" href=\"https:\/\/sandzakpress.net\/arhiva\/adem-lyayic-kendini-savundu\/\" \/>\n<meta property=\"og:locale\" content=\"bs_BA\" \/>\n<meta property=\"og:type\" content=\"article\" \/>\n<meta property=\"og:title\" content=\"Adem Lyayi\u00e7 kendini savundu\" \/>\n<meta property=\"og:description\" content=\"Turska &#8211; Fiorentina&#039;da forma giyen Bo\u015fnak as\u0131ll\u0131 futbolcu Adem Lyayi\u00e7, \u0130spanya ile oynanan dostluk ma\u00e7\u0131nda S\u0131rp milli mar\u015f\u0131n\u0131 okumad\u0131\u011f\u0131 i\u00e7in milli tak\u0131m kadrosundan \u00e7\u0131kar\u0131lmas\u0131n\u0131 de\u011ferlendirirken, \u201c\u00dclkemi seviyorum, ancak kendime de sayg\u0131 duyuyorum\u201d dedi. Belgrad&#039;daki Uluslararas\u0131 Nikola Tesla Havaalan\u0131&#039;nda gazetecilere a\u00e7\u0131klama yapan Lyayi\u00e7, \u015fahsi nedenlerle S\u0131rp Milli Mar\u015f\u0131&#039;n\u0131 s\u00f6ylemek istemedi\u011fini vurgulad\u0131. Bo\u015fnak n\u00fcfusun yo\u011fun olarak ya\u015fad\u0131\u011f\u0131 [&hellip;]\" \/>\n<meta property=\"og:url\" content=\"https:\/\/sandzakpress.net\/arhiva\/adem-lyayic-kendini-savundu\/\" \/>\n<meta property=\"og:site_name\" content=\"Sand\u017eak PRESS\" \/>\n<meta property=\"article:published_time\" content=\"2012-05-30T18:18:03+00:00\" \/>\n<meta property=\"og:image\" content=\"https:\/\/sandzakpress.net\/arhiva\/wp-content\/uploads\/2012\/05\/16790235.jpg\" \/>\n\t<meta property=\"og:image:width\" content=\"250\" \/>\n\t<meta property=\"og:image:height\" content=\"150\" \/>\n\t<meta property=\"og:image:type\" content=\"image\/jpeg\" \/>\n<meta name=\"twitter:card\" content=\"summary_large_image\" \/>\n<meta name=\"twitter:label1\" content=\"Written by\" \/>\n\t<meta name=\"twitter:data1\" content=\"\" \/>\n\t<meta name=\"twitter:label2\" content=\"Est. reading time\" \/>\n\t<meta name=\"twitter:data2\" content=\"1 minuta\" \/>\n<script type=\"application\/ld+json\" class=\"yoast-schema-graph\">{\"@context\":\"https:\/\/schema.org\",\"@graph\":[{\"@type\":\"Article\",\"@id\":\"https:\/\/sandzakpress.net\/arhiva\/adem-lyayic-kendini-savundu\/#article\",\"isPartOf\":{\"@id\":\"https:\/\/sandzakpress.net\/arhiva\/adem-lyayic-kendini-savundu\/\"},\"author\":{\"name\":\"\",\"@id\":\"\"},\"headline\":\"Adem Lyayi\u00e7 kendini savundu\",\"datePublished\":\"2012-05-30T18:18:03+00:00\",\"mainEntityOfPage\":{\"@id\":\"https:\/\/sandzakpress.net\/arhiva\/adem-lyayic-kendini-savundu\/\"},\"wordCount\":251,\"commentCount\":0,\"publisher\":{\"@id\":\"https:\/\/sandzakpress.net\/arhiva\/#\/schema\/person\/6e72b67d6e51910a1117b3b483ba20bd\"},\"image\":{\"@id\":\"https:\/\/sandzakpress.net\/arhiva\/adem-lyayic-kendini-savundu\/#primaryimage\"},\"thumbnailUrl\":\"https:\/\/sandzakpress.net\/arhiva\/wp-content\/uploads\/2012\/05\/16790235.jpg\",\"articleSection\":[\"Turska\"],\"inLanguage\":\"bs-BA\",\"potentialAction\":[{\"@type\":\"CommentAction\",\"name\":\"Comment\",\"target\":[\"https:\/\/sandzakpress.net\/arhiva\/adem-lyayic-kendini-savundu\/#respond\"]}]},{\"@type\":\"WebPage\",\"@id\":\"https:\/\/sandzakpress.net\/arhiva\/adem-lyayic-kendini-savundu\/\",\"url\":\"https:\/\/sandzakpress.net\/arhiva\/adem-lyayic-kendini-savundu\/\",\"name\":\"Adem Lyayi\u00e7 kendini savundu\",\"isPartOf\":{\"@id\":\"https:\/\/sandzakpress.net\/arhiva\/#website\"},\"primaryImageOfPage\":{\"@id\":\"https:\/\/sandzakpress.net\/arhiva\/adem-lyayic-kendini-savundu\/#primaryimage\"},\"image\":{\"@id\":\"https:\/\/sandzakpress.net\/arhiva\/adem-lyayic-kendini-savundu\/#primaryimage\"},\"thumbnailUrl\":\"https:\/\/sandzakpress.net\/arhiva\/wp-content\/uploads\/2012\/05\/16790235.jpg\",\"datePublished\":\"2012-05-30T18:18:03+00:00\",\"breadcrumb\":{\"@id\":\"https:\/\/sandzakpress.net\/arhiva\/adem-lyayic-kendini-savundu\/#breadcrumb\"},\"inLanguage\":\"bs-BA\",\"potentialAction\":[{\"@type\":\"ReadAction\",\"target\":[\"https:\/\/sandzakpress.net\/arhiva\/adem-lyayic-kendini-savundu\/\"]}]},{\"@type\":\"ImageObject\",\"inLanguage\":\"bs-BA\",\"@id\":\"https:\/\/sandzakpress.net\/arhiva\/adem-lyayic-kendini-savundu\/#primaryimage\",\"url\":\"https:\/\/sandzakpress.net\/arhiva\/wp-content\/uploads\/2012\/05\/16790235.jpg\",\"contentUrl\":\"https:\/\/sandzakpress.net\/arhiva\/wp-content\/uploads\/2012\/05\/16790235.jpg\",\"width\":250,\"height\":150},{\"@type\":\"BreadcrumbList\",\"@id\":\"https:\/\/sandzakpress.net\/arhiva\/adem-lyayic-kendini-savundu\/#breadcrumb\",\"itemListElement\":[{\"@type\":\"ListItem\",\"position\":1,\"name\":\"Home\",\"item\":\"https:\/\/sandzakpress.net\/arhiva\/\"},{\"@type\":\"ListItem\",\"position\":2,\"name\":\"Adem Lyayi\u00e7 kendini savundu\"}]},{\"@type\":\"WebSite\",\"@id\":\"https:\/\/sandzakpress.net\/arhiva\/#website\",\"url\":\"https:\/\/sandzakpress.net\/arhiva\/\",\"name\":\"Sand\u017eak PRESS\",\"description\":\"Prve elektronske novine u Sand\u017eaku\",\"publisher\":{\"@id\":\"https:\/\/sandzakpress.net\/arhiva\/#\/schema\/person\/6e72b67d6e51910a1117b3b483ba20bd\"},\"potentialAction\":[{\"@type\":\"SearchAction\",\"target\":{\"@type\":\"EntryPoint\",\"urlTemplate\":\"https:\/\/sandzakpress.net\/arhiva\/?s={search_term_string}\"},\"query-input\":{\"@type\":\"PropertyValueSpecification\",\"valueRequired\":true,\"valueName\":\"search_term_string\"}}],\"inLanguage\":\"bs-BA\"},{\"@type\":[\"Person\",\"Organization\"],\"@id\":\"https:\/\/sandzakpress.net\/arhiva\/#\/schema\/person\/6e72b67d6e51910a1117b3b483ba20bd\",\"name\":\"Kul\",\"image\":{\"@type\":\"ImageObject\",\"inLanguage\":\"bs-BA\",\"@id\":\"https:\/\/sandzakpress.net\/arhiva\/#\/schema\/person\/image\/\",\"url\":\"https:\/\/secure.gravatar.com\/avatar\/42263f39aa27ac04c43cab85c280eb2e?s=96&d=mm&r=pg\",\"contentUrl\":\"https:\/\/secure.gravatar.com\/avatar\/42263f39aa27ac04c43cab85c280eb2e?s=96&d=mm&r=pg\",\"caption\":\"Kul\"},\"logo\":{\"@id\":\"https:\/\/sandzakpress.net\/arhiva\/#\/schema\/person\/image\/\"}},{\"@type\":\"Person\",\"@id\":\"\",\"url\":\"https:\/\/sandzakpress.net\/arhiva\/author\/\"}]}<\/script>\n<!-- \/ Yoast SEO Premium plugin. -->","yoast_head_json":{"title":"Adem Lyayi\u00e7 kendini savundu","robots":{"index":"index","follow":"follow","max-snippet":"max-snippet:-1","max-image-preview":"max-image-preview:large","max-video-preview":"max-video-preview:-1"},"canonical":"https:\/\/sandzakpress.net\/arhiva\/adem-lyayic-kendini-savundu\/","og_locale":"bs_BA","og_type":"article","og_title":"Adem Lyayi\u00e7 kendini savundu","og_description":"Turska &#8211; Fiorentina'da forma giyen Bo\u015fnak as\u0131ll\u0131 futbolcu Adem Lyayi\u00e7, \u0130spanya ile oynanan dostluk ma\u00e7\u0131nda S\u0131rp milli mar\u015f\u0131n\u0131 okumad\u0131\u011f\u0131 i\u00e7in milli tak\u0131m kadrosundan \u00e7\u0131kar\u0131lmas\u0131n\u0131 de\u011ferlendirirken, \u201c\u00dclkemi seviyorum, ancak kendime de sayg\u0131 duyuyorum\u201d dedi. Belgrad'daki Uluslararas\u0131 Nikola Tesla Havaalan\u0131'nda gazetecilere a\u00e7\u0131klama yapan Lyayi\u00e7, \u015fahsi nedenlerle S\u0131rp Milli Mar\u015f\u0131'n\u0131 s\u00f6ylemek istemedi\u011fini vurgulad\u0131. Bo\u015fnak n\u00fcfusun yo\u011fun olarak ya\u015fad\u0131\u011f\u0131 [&hellip;]","og_url":"https:\/\/sandzakpress.net\/arhiva\/adem-lyayic-kendini-savundu\/","og_site_name":"Sand\u017eak PRESS","article_published_time":"2012-05-30T18:18:03+00:00","og_image":[{"width":250,"height":150,"url":"https:\/\/sandzakpress.net\/arhiva\/wp-content\/uploads\/2012\/05\/16790235.jpg","type":"image\/jpeg"}],"twitter_card":"summary_large_image","twitter_misc":{"Written by":"","Est. reading time":"1 minuta"},"schema":{"@context":"https:\/\/schema.org","@graph":[{"@type":"Article","@id":"https:\/\/sandzakpress.net\/arhiva\/adem-lyayic-kendini-savundu\/#article","isPartOf":{"@id":"https:\/\/sandzakpress.net\/arhiva\/adem-lyayic-kendini-savundu\/"},"author":{"name":"","@id":""},"headline":"Adem Lyayi\u00e7 kendini savundu","datePublished":"2012-05-30T18:18:03+00:00","mainEntityOfPage":{"@id":"https:\/\/sandzakpress.net\/arhiva\/adem-lyayic-kendini-savundu\/"},"wordCount":251,"commentCount":0,"publisher":{"@id":"https:\/\/sandzakpress.net\/arhiva\/#\/schema\/person\/6e72b67d6e51910a1117b3b483ba20bd"},"image":{"@id":"https:\/\/sandzakpress.net\/arhiva\/adem-lyayic-kendini-savundu\/#primaryimage"},"thumbnailUrl":"https:\/\/sandzakpress.net\/arhiva\/wp-content\/uploads\/2012\/05\/16790235.jpg","articleSection":["Turska"],"inLanguage":"bs-BA","potentialAction":[{"@type":"CommentAction","name":"Comment","target":["https:\/\/sandzakpress.net\/arhiva\/adem-lyayic-kendini-savundu\/#respond"]}]},{"@type":"WebPage","@id":"https:\/\/sandzakpress.net\/arhiva\/adem-lyayic-kendini-savundu\/","url":"https:\/\/sandzakpress.net\/arhiva\/adem-lyayic-kendini-savundu\/","name":"Adem Lyayi\u00e7 kendini savundu","isPartOf":{"@id":"https:\/\/sandzakpress.net\/arhiva\/#website"},"primaryImageOfPage":{"@id":"https:\/\/sandzakpress.net\/arhiva\/adem-lyayic-kendini-savundu\/#primaryimage"},"image":{"@id":"https:\/\/sandzakpress.net\/arhiva\/adem-lyayic-kendini-savundu\/#primaryimage"},"thumbnailUrl":"https:\/\/sandzakpress.net\/arhiva\/wp-content\/uploads\/2012\/05\/16790235.jpg","datePublished":"2012-05-30T18:18:03+00:00","breadcrumb":{"@id":"https:\/\/sandzakpress.net\/arhiva\/adem-lyayic-kendini-savundu\/#breadcrumb"},"inLanguage":"bs-BA","potentialAction":[{"@type":"ReadAction","target":["https:\/\/sandzakpress.net\/arhiva\/adem-lyayic-kendini-savundu\/"]}]},{"@type":"ImageObject","inLanguage":"bs-BA","@id":"https:\/\/sandzakpress.net\/arhiva\/adem-lyayic-kendini-savundu\/#primaryimage","url":"https:\/\/sandzakpress.net\/arhiva\/wp-content\/uploads\/2012\/05\/16790235.jpg","contentUrl":"https:\/\/sandzakpress.net\/arhiva\/wp-content\/uploads\/2012\/05\/16790235.jpg","width":250,"height":150},{"@type":"BreadcrumbList","@id":"https:\/\/sandzakpress.net\/arhiva\/adem-lyayic-kendini-savundu\/#breadcrumb","itemListElement":[{"@type":"ListItem","position":1,"name":"Home","item":"https:\/\/sandzakpress.net\/arhiva\/"},{"@type":"ListItem","position":2,"name":"Adem Lyayi\u00e7 kendini savundu"}]},{"@type":"WebSite","@id":"https:\/\/sandzakpress.net\/arhiva\/#website","url":"https:\/\/sandzakpress.net\/arhiva\/","name":"Sand\u017eak PRESS","description":"Prve elektronske novine u Sand\u017eaku","publisher":{"@id":"https:\/\/sandzakpress.net\/arhiva\/#\/schema\/person\/6e72b67d6e51910a1117b3b483ba20bd"},"potentialAction":[{"@type":"SearchAction","target":{"@type":"EntryPoint","urlTemplate":"https:\/\/sandzakpress.net\/arhiva\/?s={search_term_string}"},"query-input":{"@type":"PropertyValueSpecification","valueRequired":true,"valueName":"search_term_string"}}],"inLanguage":"bs-BA"},{"@type":["Person","Organization"],"@id":"https:\/\/sandzakpress.net\/arhiva\/#\/schema\/person\/6e72b67d6e51910a1117b3b483ba20bd","name":"Kul","image":{"@type":"ImageObject","inLanguage":"bs-BA","@id":"https:\/\/sandzakpress.net\/arhiva\/#\/schema\/person\/image\/","url":"https:\/\/secure.gravatar.com\/avatar\/42263f39aa27ac04c43cab85c280eb2e?s=96&d=mm&r=pg","contentUrl":"https:\/\/secure.gravatar.com\/avatar\/42263f39aa27ac04c43cab85c280eb2e?s=96&d=mm&r=pg","caption":"Kul"},"logo":{"@id":"https:\/\/sandzakpress.net\/arhiva\/#\/schema\/person\/image\/"}},{"@type":"Person","@id":"","url":"https:\/\/sandzakpress.net\/arhiva\/author\/"}]}},"_links":{"self":[{"href":"https:\/\/sandzakpress.net\/arhiva\/wp-json\/wp\/v2\/posts\/40420"}],"collection":[{"href":"https:\/\/sandzakpress.net\/arhiva\/wp-json\/wp\/v2\/posts"}],"about":[{"href":"https:\/\/sandzakpress.net\/arhiva\/wp-json\/wp\/v2\/types\/post"}],"author":[{"embeddable":true,"href":"https:\/\/sandzakpress.net\/arhiva\/wp-json\/wp\/v2\/users\/13"}],"replies":[{"embeddable":true,"href":"https:\/\/sandzakpress.net\/arhiva\/wp-json\/wp\/v2\/comments?post=40420"}],"version-history":[{"count":0,"href":"https:\/\/sandzakpress.net\/arhiva\/wp-json\/wp\/v2\/posts\/40420\/revisions"}],"wp:featuredmedia":[{"embeddable":true,"href":"https:\/\/sandzakpress.net\/arhiva\/wp-json\/wp\/v2\/media\/40421"}],"wp:attachment":[{"href":"https:\/\/sandzakpress.net\/arhiva\/wp-json\/wp\/v2\/media?parent=40420"}],"wp:term":[{"taxonomy":"category","embeddable":true,"href":"https:\/\/sandzakpress.net\/arhiva\/wp-json\/wp\/v2\/categories?post=40420"},{"taxonomy":"post_tag","embeddable":true,"href":"https:\/\/sandzakpress.net\/arhiva\/wp-json\/wp\/v2\/tags?post=40420"}],"curies":[{"name":"wp","href":"https:\/\/api.w.org\/{rel}","templated":true}]}}