{"id":4040,"date":"2010-04-22T13:12:06","date_gmt":"2010-04-22T13:12:06","guid":{"rendered":"https:\/\/sandzakpress.net\/arhiva\/?p=4040"},"modified":"2010-04-22T13:12:06","modified_gmt":"2010-04-22T13:12:06","slug":"optuznica-za-zlocin-u-bukovici","status":"publish","type":"post","link":"https:\/\/sandzakpress.net\/arhiva\/optuznica-za-zlocin-u-bukovici\/","title":{"rendered":"Optu\u017enica za zlo\u010din u Bukovici"},"content":{"rendered":"<p><strong><a href=\"https:\/\/sandzakpress.net\/arhiva\/wp-content\/uploads\/2010\/04\/bukovica1.jpg\"><img loading=\"lazy\" decoding=\"async\" class=\"alignleft size-medium wp-image-4041\" title=\"bukovica\" src=\"https:\/\/sandzakpress.net\/arhiva\/wp-content\/uploads\/2010\/04\/bukovica1-300x181.jpg\" alt=\"\" width=\"300\" height=\"181\" \/><\/a>Pljevlja &#8211; Optu\u017enica je podignuta protiv Radmila \u0110ukovi\u0107a, Radi\u0161e \u0110ukovi\u0107a, Slobodana Cvetkovi\u0107a, \u0110or\u0111ija Gogi\u0107a, Milorada Brkovi\u0107a, Slavi\u0161e Svrkote i Radomana \u0160ubari\u0107a, sa zahtjevom da se pritvore.<\/strong><\/p>\n<p>Okrivljeni se terete da su u vrijeme rata u BiH &#8220;nehumano postupali&#8221; prema civilima bo\u0161nja\u010dke nacionalnosti na podru\u010dju Bukovice, kod Pljevalja.<\/p>\n<p>Oni su, kako se navodi, civile &#8220;zlostavljali, prouzrokovali im te\u0161ke patnje, ugro\u017eavali im zdravlje i tjelesni integritet, zastra\u0161ivali ih i stvarali psihozu za prinudno iseljavanje&#8221;, zbog \u010dega su se civili i iselili sa tog podru\u010dja.<\/p>\n<p>Optu\u017enica je dostavljena Vi\u0161em sudu u Bijelom Polju s prijedlogom za odre\u0111ivanje pritvora optu\u017eenim, dodaje se u saop\u0161tenju.<\/p>\n<p>Bukovica je planinsko podru\u010dje na sjeverozapadu Crne Gore uz blizini granice s BiH i obuhvata 37 sela, prije rata u BiH prete\u017eno naseljenim stanovni\u0161tvom bo\u0161nja\u010dke nacionalnosti.<\/p>\n<p>Prema izvje\u0161tajima nevladinih organizacija, na podru\u010dju Bukovice je tokom rata u BiH stradalo osam osoba, nekoliko stotina civila je protjerano, a stotine ku\u0107a poru\u0161eno.<\/p>\n<p>Crnogorsko dr\u017eavno tu\u017eila\u0161tvo podiglo je optu\u017enicu protiv sedam biv\u0161ih pripadnika Vojske Jugoslavije i Ministarstva unutra\u0161njih poslova Crne Gore zbog zlo\u010dina protiv \u010dovje\u010dnosti nad civilima bo\u0161nja\u010dke nacionalnosti na podru\u010dju Bukovice, kod Pljevalja 1992. i 1993.godine.<\/p>\n<p>Izvor: <strong>RadioStoPlus.com<\/strong><\/p>\n","protected":false},"excerpt":{"rendered":"<p>Pljevlja &#8211; Optu\u017enica je podignuta protiv Radmila \u0110ukovi\u0107a, Radi\u0161e \u0110ukovi\u0107a, Slobodana Cvetkovi\u0107a, \u0110or\u0111ija Gogi\u0107a, Milorada Brkovi\u0107a, Slavi\u0161e Svrkote i Radomana \u0160ubari\u0107a, sa zahtjevom da se pritvore. Okrivljeni se terete da su u vrijeme rata u BiH &#8220;nehumano postupali&#8221; prema civilima bo\u0161nja\u010dke nacionalnosti na podru\u010dju Bukovice, kod Pljevalja. Oni su, kako se navodi, civile &#8220;zlostavljali, prouzrokovali [&hellip;]<\/p>\n","protected":false},"author":83,"featured_media":4041,"comment_status":"open","ping_status":"open","sticky":false,"template":"","format":"standard","meta":{"footnotes":""},"categories":[5],"tags":[],"class_list":{"0":"post-4040","1":"post","2":"type-post","3":"status-publish","4":"format-standard","5":"has-post-thumbnail","7":"category-drustvo"},"yoast_head":"<!-- This site is optimized with the Yoast SEO Premium plugin v23.1 (Yoast SEO v24.9) - https:\/\/yoast.com\/wordpress\/plugins\/seo\/ -->\n<title>Optu\u017enica za zlo\u010din u Bukovici<\/title>\n<meta name=\"robots\" content=\"index, follow, max-snippet:-1, max-image-preview:large, max-video-preview:-1\" \/>\n<link rel=\"canonical\" href=\"https:\/\/sandzakpress.net\/arhiva\/optuznica-za-zlocin-u-bukovici\/\" \/>\n<meta property=\"og:locale\" content=\"bs_BA\" \/>\n<meta property=\"og:type\" content=\"article\" \/>\n<meta property=\"og:title\" content=\"Optu\u017enica za zlo\u010din u Bukovici\" \/>\n<meta property=\"og:description\" content=\"Pljevlja &#8211; Optu\u017enica je podignuta protiv Radmila \u0110ukovi\u0107a, Radi\u0161e \u0110ukovi\u0107a, Slobodana Cvetkovi\u0107a, \u0110or\u0111ija Gogi\u0107a, Milorada Brkovi\u0107a, Slavi\u0161e Svrkote i Radomana \u0160ubari\u0107a, sa zahtjevom da se pritvore. Okrivljeni se terete da su u vrijeme rata u BiH &#8220;nehumano postupali&#8221; prema civilima bo\u0161nja\u010dke nacionalnosti na podru\u010dju Bukovice, kod Pljevalja. Oni su, kako se navodi, civile &#8220;zlostavljali, prouzrokovali [&hellip;]\" \/>\n<meta property=\"og:url\" content=\"https:\/\/sandzakpress.net\/arhiva\/optuznica-za-zlocin-u-bukovici\/\" \/>\n<meta property=\"og:site_name\" content=\"Sand\u017eak PRESS\" \/>\n<meta property=\"article:published_time\" content=\"2010-04-22T13:12:06+00:00\" \/>\n<meta property=\"og:image\" content=\"https:\/\/sandzakpress.net\/arhiva\/wp-content\/uploads\/2010\/04\/bukovica1.jpg\" \/>\n\t<meta property=\"og:image:width\" content=\"500\" \/>\n\t<meta property=\"og:image:height\" content=\"303\" \/>\n\t<meta property=\"og:image:type\" content=\"image\/jpeg\" \/>\n<meta name=\"author\" content=\"bosniak\" \/>\n<meta name=\"twitter:card\" content=\"summary_large_image\" \/>\n<meta name=\"twitter:label1\" content=\"Written by\" \/>\n\t<meta name=\"twitter:data1\" content=\"bosniak\" \/>\n\t<meta name=\"twitter:label2\" content=\"Est. reading time\" \/>\n\t<meta name=\"twitter:data2\" content=\"1 minuta\" \/>\n<script type=\"application\/ld+json\" class=\"yoast-schema-graph\">{\"@context\":\"https:\/\/schema.org\",\"@graph\":[{\"@type\":\"Article\",\"@id\":\"https:\/\/sandzakpress.net\/arhiva\/optuznica-za-zlocin-u-bukovici\/#article\",\"isPartOf\":{\"@id\":\"https:\/\/sandzakpress.net\/arhiva\/optuznica-za-zlocin-u-bukovici\/\"},\"author\":{\"name\":\"bosniak\",\"@id\":\"https:\/\/sandzakpress.net\/arhiva\/#\/schema\/person\/c8baee722073534b583ea7bdb2e36c02\"},\"headline\":\"Optu\u017enica za zlo\u010din u Bukovici\",\"datePublished\":\"2010-04-22T13:12:06+00:00\",\"mainEntityOfPage\":{\"@id\":\"https:\/\/sandzakpress.net\/arhiva\/optuznica-za-zlocin-u-bukovici\/\"},\"wordCount\":234,\"commentCount\":2,\"publisher\":{\"@id\":\"https:\/\/sandzakpress.net\/arhiva\/#\/schema\/person\/6e72b67d6e51910a1117b3b483ba20bd\"},\"image\":{\"@id\":\"https:\/\/sandzakpress.net\/arhiva\/optuznica-za-zlocin-u-bukovici\/#primaryimage\"},\"thumbnailUrl\":\"https:\/\/sandzakpress.net\/arhiva\/wp-content\/uploads\/2010\/04\/bukovica1.jpg\",\"articleSection\":[\"Dru\u0161tvo\"],\"inLanguage\":\"bs-BA\",\"potentialAction\":[{\"@type\":\"CommentAction\",\"name\":\"Comment\",\"target\":[\"https:\/\/sandzakpress.net\/arhiva\/optuznica-za-zlocin-u-bukovici\/#respond\"]}]},{\"@type\":\"WebPage\",\"@id\":\"https:\/\/sandzakpress.net\/arhiva\/optuznica-za-zlocin-u-bukovici\/\",\"url\":\"https:\/\/sandzakpress.net\/arhiva\/optuznica-za-zlocin-u-bukovici\/\",\"name\":\"Optu\u017enica za zlo\u010din u Bukovici\",\"isPartOf\":{\"@id\":\"https:\/\/sandzakpress.net\/arhiva\/#website\"},\"primaryImageOfPage\":{\"@id\":\"https:\/\/sandzakpress.net\/arhiva\/optuznica-za-zlocin-u-bukovici\/#primaryimage\"},\"image\":{\"@id\":\"https:\/\/sandzakpress.net\/arhiva\/optuznica-za-zlocin-u-bukovici\/#primaryimage\"},\"thumbnailUrl\":\"https:\/\/sandzakpress.net\/arhiva\/wp-content\/uploads\/2010\/04\/bukovica1.jpg\",\"datePublished\":\"2010-04-22T13:12:06+00:00\",\"breadcrumb\":{\"@id\":\"https:\/\/sandzakpress.net\/arhiva\/optuznica-za-zlocin-u-bukovici\/#breadcrumb\"},\"inLanguage\":\"bs-BA\",\"potentialAction\":[{\"@type\":\"ReadAction\",\"target\":[\"https:\/\/sandzakpress.net\/arhiva\/optuznica-za-zlocin-u-bukovici\/\"]}]},{\"@type\":\"ImageObject\",\"inLanguage\":\"bs-BA\",\"@id\":\"https:\/\/sandzakpress.net\/arhiva\/optuznica-za-zlocin-u-bukovici\/#primaryimage\",\"url\":\"https:\/\/sandzakpress.net\/arhiva\/wp-content\/uploads\/2010\/04\/bukovica1.jpg\",\"contentUrl\":\"https:\/\/sandzakpress.net\/arhiva\/wp-content\/uploads\/2010\/04\/bukovica1.jpg\",\"width\":500,\"height\":303},{\"@type\":\"BreadcrumbList\",\"@id\":\"https:\/\/sandzakpress.net\/arhiva\/optuznica-za-zlocin-u-bukovici\/#breadcrumb\",\"itemListElement\":[{\"@type\":\"ListItem\",\"position\":1,\"name\":\"Home\",\"item\":\"https:\/\/sandzakpress.net\/arhiva\/\"},{\"@type\":\"ListItem\",\"position\":2,\"name\":\"Optu\u017enica za zlo\u010din u Bukovici\"}]},{\"@type\":\"WebSite\",\"@id\":\"https:\/\/sandzakpress.net\/arhiva\/#website\",\"url\":\"https:\/\/sandzakpress.net\/arhiva\/\",\"name\":\"Sand\u017eak PRESS\",\"description\":\"Prve elektronske novine u Sand\u017eaku\",\"publisher\":{\"@id\":\"https:\/\/sandzakpress.net\/arhiva\/#\/schema\/person\/6e72b67d6e51910a1117b3b483ba20bd\"},\"potentialAction\":[{\"@type\":\"SearchAction\",\"target\":{\"@type\":\"EntryPoint\",\"urlTemplate\":\"https:\/\/sandzakpress.net\/arhiva\/?s={search_term_string}\"},\"query-input\":{\"@type\":\"PropertyValueSpecification\",\"valueRequired\":true,\"valueName\":\"search_term_string\"}}],\"inLanguage\":\"bs-BA\"},{\"@type\":[\"Person\",\"Organization\"],\"@id\":\"https:\/\/sandzakpress.net\/arhiva\/#\/schema\/person\/6e72b67d6e51910a1117b3b483ba20bd\",\"name\":\"Kul\",\"image\":{\"@type\":\"ImageObject\",\"inLanguage\":\"bs-BA\",\"@id\":\"https:\/\/sandzakpress.net\/arhiva\/#\/schema\/person\/image\/\",\"url\":\"https:\/\/secure.gravatar.com\/avatar\/42263f39aa27ac04c43cab85c280eb2e?s=96&d=mm&r=pg\",\"contentUrl\":\"https:\/\/secure.gravatar.com\/avatar\/42263f39aa27ac04c43cab85c280eb2e?s=96&d=mm&r=pg\",\"caption\":\"Kul\"},\"logo\":{\"@id\":\"https:\/\/sandzakpress.net\/arhiva\/#\/schema\/person\/image\/\"}},{\"@type\":\"Person\",\"@id\":\"https:\/\/sandzakpress.net\/arhiva\/#\/schema\/person\/c8baee722073534b583ea7bdb2e36c02\",\"name\":\"bosniak\",\"image\":{\"@type\":\"ImageObject\",\"inLanguage\":\"bs-BA\",\"@id\":\"https:\/\/sandzakpress.net\/arhiva\/#\/schema\/person\/image\/\",\"url\":\"https:\/\/secure.gravatar.com\/avatar\/a04fd330bfe3a36a72a0ad4a6d89fca7?s=96&d=mm&r=pg\",\"contentUrl\":\"https:\/\/secure.gravatar.com\/avatar\/a04fd330bfe3a36a72a0ad4a6d89fca7?s=96&d=mm&r=pg\",\"caption\":\"bosniak\"},\"url\":\"https:\/\/sandzakpress.net\/arhiva\/author\/bosniak\/\"}]}<\/script>\n<!-- \/ Yoast SEO Premium plugin. -->","yoast_head_json":{"title":"Optu\u017enica za zlo\u010din u Bukovici","robots":{"index":"index","follow":"follow","max-snippet":"max-snippet:-1","max-image-preview":"max-image-preview:large","max-video-preview":"max-video-preview:-1"},"canonical":"https:\/\/sandzakpress.net\/arhiva\/optuznica-za-zlocin-u-bukovici\/","og_locale":"bs_BA","og_type":"article","og_title":"Optu\u017enica za zlo\u010din u Bukovici","og_description":"Pljevlja &#8211; Optu\u017enica je podignuta protiv Radmila \u0110ukovi\u0107a, Radi\u0161e \u0110ukovi\u0107a, Slobodana Cvetkovi\u0107a, \u0110or\u0111ija Gogi\u0107a, Milorada Brkovi\u0107a, Slavi\u0161e Svrkote i Radomana \u0160ubari\u0107a, sa zahtjevom da se pritvore. Okrivljeni se terete da su u vrijeme rata u BiH &#8220;nehumano postupali&#8221; prema civilima bo\u0161nja\u010dke nacionalnosti na podru\u010dju Bukovice, kod Pljevalja. Oni su, kako se navodi, civile &#8220;zlostavljali, prouzrokovali [&hellip;]","og_url":"https:\/\/sandzakpress.net\/arhiva\/optuznica-za-zlocin-u-bukovici\/","og_site_name":"Sand\u017eak PRESS","article_published_time":"2010-04-22T13:12:06+00:00","og_image":[{"width":500,"height":303,"url":"https:\/\/sandzakpress.net\/arhiva\/wp-content\/uploads\/2010\/04\/bukovica1.jpg","type":"image\/jpeg"}],"author":"bosniak","twitter_card":"summary_large_image","twitter_misc":{"Written by":"bosniak","Est. reading time":"1 minuta"},"schema":{"@context":"https:\/\/schema.org","@graph":[{"@type":"Article","@id":"https:\/\/sandzakpress.net\/arhiva\/optuznica-za-zlocin-u-bukovici\/#article","isPartOf":{"@id":"https:\/\/sandzakpress.net\/arhiva\/optuznica-za-zlocin-u-bukovici\/"},"author":{"name":"bosniak","@id":"https:\/\/sandzakpress.net\/arhiva\/#\/schema\/person\/c8baee722073534b583ea7bdb2e36c02"},"headline":"Optu\u017enica za zlo\u010din u Bukovici","datePublished":"2010-04-22T13:12:06+00:00","mainEntityOfPage":{"@id":"https:\/\/sandzakpress.net\/arhiva\/optuznica-za-zlocin-u-bukovici\/"},"wordCount":234,"commentCount":2,"publisher":{"@id":"https:\/\/sandzakpress.net\/arhiva\/#\/schema\/person\/6e72b67d6e51910a1117b3b483ba20bd"},"image":{"@id":"https:\/\/sandzakpress.net\/arhiva\/optuznica-za-zlocin-u-bukovici\/#primaryimage"},"thumbnailUrl":"https:\/\/sandzakpress.net\/arhiva\/wp-content\/uploads\/2010\/04\/bukovica1.jpg","articleSection":["Dru\u0161tvo"],"inLanguage":"bs-BA","potentialAction":[{"@type":"CommentAction","name":"Comment","target":["https:\/\/sandzakpress.net\/arhiva\/optuznica-za-zlocin-u-bukovici\/#respond"]}]},{"@type":"WebPage","@id":"https:\/\/sandzakpress.net\/arhiva\/optuznica-za-zlocin-u-bukovici\/","url":"https:\/\/sandzakpress.net\/arhiva\/optuznica-za-zlocin-u-bukovici\/","name":"Optu\u017enica za zlo\u010din u Bukovici","isPartOf":{"@id":"https:\/\/sandzakpress.net\/arhiva\/#website"},"primaryImageOfPage":{"@id":"https:\/\/sandzakpress.net\/arhiva\/optuznica-za-zlocin-u-bukovici\/#primaryimage"},"image":{"@id":"https:\/\/sandzakpress.net\/arhiva\/optuznica-za-zlocin-u-bukovici\/#primaryimage"},"thumbnailUrl":"https:\/\/sandzakpress.net\/arhiva\/wp-content\/uploads\/2010\/04\/bukovica1.jpg","datePublished":"2010-04-22T13:12:06+00:00","breadcrumb":{"@id":"https:\/\/sandzakpress.net\/arhiva\/optuznica-za-zlocin-u-bukovici\/#breadcrumb"},"inLanguage":"bs-BA","potentialAction":[{"@type":"ReadAction","target":["https:\/\/sandzakpress.net\/arhiva\/optuznica-za-zlocin-u-bukovici\/"]}]},{"@type":"ImageObject","inLanguage":"bs-BA","@id":"https:\/\/sandzakpress.net\/arhiva\/optuznica-za-zlocin-u-bukovici\/#primaryimage","url":"https:\/\/sandzakpress.net\/arhiva\/wp-content\/uploads\/2010\/04\/bukovica1.jpg","contentUrl":"https:\/\/sandzakpress.net\/arhiva\/wp-content\/uploads\/2010\/04\/bukovica1.jpg","width":500,"height":303},{"@type":"BreadcrumbList","@id":"https:\/\/sandzakpress.net\/arhiva\/optuznica-za-zlocin-u-bukovici\/#breadcrumb","itemListElement":[{"@type":"ListItem","position":1,"name":"Home","item":"https:\/\/sandzakpress.net\/arhiva\/"},{"@type":"ListItem","position":2,"name":"Optu\u017enica za zlo\u010din u Bukovici"}]},{"@type":"WebSite","@id":"https:\/\/sandzakpress.net\/arhiva\/#website","url":"https:\/\/sandzakpress.net\/arhiva\/","name":"Sand\u017eak PRESS","description":"Prve elektronske novine u Sand\u017eaku","publisher":{"@id":"https:\/\/sandzakpress.net\/arhiva\/#\/schema\/person\/6e72b67d6e51910a1117b3b483ba20bd"},"potentialAction":[{"@type":"SearchAction","target":{"@type":"EntryPoint","urlTemplate":"https:\/\/sandzakpress.net\/arhiva\/?s={search_term_string}"},"query-input":{"@type":"PropertyValueSpecification","valueRequired":true,"valueName":"search_term_string"}}],"inLanguage":"bs-BA"},{"@type":["Person","Organization"],"@id":"https:\/\/sandzakpress.net\/arhiva\/#\/schema\/person\/6e72b67d6e51910a1117b3b483ba20bd","name":"Kul","image":{"@type":"ImageObject","inLanguage":"bs-BA","@id":"https:\/\/sandzakpress.net\/arhiva\/#\/schema\/person\/image\/","url":"https:\/\/secure.gravatar.com\/avatar\/42263f39aa27ac04c43cab85c280eb2e?s=96&d=mm&r=pg","contentUrl":"https:\/\/secure.gravatar.com\/avatar\/42263f39aa27ac04c43cab85c280eb2e?s=96&d=mm&r=pg","caption":"Kul"},"logo":{"@id":"https:\/\/sandzakpress.net\/arhiva\/#\/schema\/person\/image\/"}},{"@type":"Person","@id":"https:\/\/sandzakpress.net\/arhiva\/#\/schema\/person\/c8baee722073534b583ea7bdb2e36c02","name":"bosniak","image":{"@type":"ImageObject","inLanguage":"bs-BA","@id":"https:\/\/sandzakpress.net\/arhiva\/#\/schema\/person\/image\/","url":"https:\/\/secure.gravatar.com\/avatar\/a04fd330bfe3a36a72a0ad4a6d89fca7?s=96&d=mm&r=pg","contentUrl":"https:\/\/secure.gravatar.com\/avatar\/a04fd330bfe3a36a72a0ad4a6d89fca7?s=96&d=mm&r=pg","caption":"bosniak"},"url":"https:\/\/sandzakpress.net\/arhiva\/author\/bosniak\/"}]}},"_links":{"self":[{"href":"https:\/\/sandzakpress.net\/arhiva\/wp-json\/wp\/v2\/posts\/4040"}],"collection":[{"href":"https:\/\/sandzakpress.net\/arhiva\/wp-json\/wp\/v2\/posts"}],"about":[{"href":"https:\/\/sandzakpress.net\/arhiva\/wp-json\/wp\/v2\/types\/post"}],"author":[{"embeddable":true,"href":"https:\/\/sandzakpress.net\/arhiva\/wp-json\/wp\/v2\/users\/83"}],"replies":[{"embeddable":true,"href":"https:\/\/sandzakpress.net\/arhiva\/wp-json\/wp\/v2\/comments?post=4040"}],"version-history":[{"count":0,"href":"https:\/\/sandzakpress.net\/arhiva\/wp-json\/wp\/v2\/posts\/4040\/revisions"}],"wp:featuredmedia":[{"embeddable":true,"href":"https:\/\/sandzakpress.net\/arhiva\/wp-json\/wp\/v2\/media\/4041"}],"wp:attachment":[{"href":"https:\/\/sandzakpress.net\/arhiva\/wp-json\/wp\/v2\/media?parent=4040"}],"wp:term":[{"taxonomy":"category","embeddable":true,"href":"https:\/\/sandzakpress.net\/arhiva\/wp-json\/wp\/v2\/categories?post=4040"},{"taxonomy":"post_tag","embeddable":true,"href":"https:\/\/sandzakpress.net\/arhiva\/wp-json\/wp\/v2\/tags?post=4040"}],"curies":[{"name":"wp","href":"https:\/\/api.w.org\/{rel}","templated":true}]}}