{"id":39989,"date":"2012-05-27T18:01:21","date_gmt":"2012-05-27T16:01:21","guid":{"rendered":"https:\/\/sandzakpress.net\/arhiva\/?p=39989"},"modified":"2012-05-27T22:47:28","modified_gmt":"2012-05-27T20:47:28","slug":"jovanovic-puvukao-svoje-rijeci-nisam-za-ukidanje-republike-srpske","status":"publish","type":"post","link":"https:\/\/sandzakpress.net\/arhiva\/jovanovic-puvukao-svoje-rijeci-nisam-za-ukidanje-republike-srpske\/","title":{"rendered":"Jovanovi\u0107 povukao rije\u010di: &#8220;Nisam za ukidanje Republike Srpske&#8221;"},"content":{"rendered":"<p><strong><a href=\"https:\/\/sandzakpress.net\/arhiva\/wp-content\/uploads\/2012\/05\/182314_0205-ceda-foto-beta-dragan-gojic_f.jpg\"><img loading=\"lazy\" decoding=\"async\" class=\"alignleft size-medium wp-image-39990\" title=\"182314_0205-ceda-foto-beta-dragan-gojic_f\" src=\"https:\/\/sandzakpress.net\/arhiva\/wp-content\/uploads\/2012\/05\/182314_0205-ceda-foto-beta-dragan-gojic_f-300x262.jpg\" alt=\"\" width=\"300\" height=\"262\" \/><\/a>BiH &#8211; Predsjednik Liberalno-demokratske partije \u010cedomir Jovanovi\u0107 izjavio je da nije za ukidanje Republike Srpske, te istakao da je u ja\u010doj, funkcionalnijoj i efikasnijoj BiH jedini na\u010din da se i RS razvija, bolje \u0161titi svoje interese i rje\u0161ava probleme koje ima.<\/strong><\/p>\n<p>&#8220;Kosovo i Republika Srpska su izrazi muke na\u0161eg naroda, svako na razli\u010dit na\u010din&#8221;, rekao je Jovanovi\u0107 za beogradsku &#8220;Politiku&#8221;.<\/p>\n<p>On je dodao da ne vidi sre\u0107u za Srbiju u tome da stalno bude u nekom klin\u010du i da dokazuje svoje srpstvo na regionalnom tr\u017ei\u0161tu.<\/p>\n<p>&#8220;Saldo politike iz pro\u0161losti opominje nas da danas budemo odgovorniji i da budu\u0107nost nikad vi\u0161e ne tra\u017eimo u maglovitim frazama koje su na\u0161e dru\u0161tvo upropastile, milione ljudi unesre\u0107ile, uvele nas u rat, ostavile \u017eig sramote&#8221;, rekao je Jovanovi\u0107.<\/p>\n<p>On je dodao da zbog toga \u010desto govori o regionu, BiH i RS.<\/p>\n<p>&#8220;To ne zna\u010di ukidanje Republike Srpske, naprotiv. Ja mislim da je u ja\u010doj, funkcionalnijoj, efikasnijoj BiH jedini na\u010din da se Republika Srpska razvija, da bolje \u0161titi svoje interese i rje\u0161ava probleme koje ima&#8221;, istakao je Jovanovi\u0107.<\/p>\n<p>On je napomenuo i da vlada i predsjednik Srbije moraju da podijele odgovornost i nikada vi\u0161e ne razmi\u0161ljaju prvo o rejtingu, a onda o \u017eivotu sedam miliona gra\u0111ana Srbije, 60.000 ili 70.000 Srba na Kosovu, kao i dva miliona ljudi koji \u017eive na Kosovu &#8211; i Albanaca i Srba.<\/p>\n<p>&#8220;Iza dogovora i kompromisa sa kosovskom stranom treba da stanu politi\u010dari, prije svega budu\u0107a vlada&#8221;, smatra Jovanovi\u0107.<\/p>\n<h1>Prije izbora je tvrdio da je Republika Srpska nastala na genocidu<\/h1>\n<div class=\"youtube-embed\" data-video_id=\"2-754hzfCJc\"><iframe loading=\"lazy\" title=\"\u010cedomir Jovanovi\u0107  Republika Srpska je genocidna tvorevina\" width=\"696\" height=\"392\" src=\"https:\/\/www.youtube.com\/embed\/2-754hzfCJc?feature=oembed&#038;enablejsapi=1\" frameborder=\"0\" allow=\"accelerometer; autoplay; encrypted-media; gyroscope; picture-in-picture\" allowfullscreen><\/iframe><\/div>\n<p>Izvor: <strong>DnevniAvaz.ba<\/strong><\/p>\n","protected":false},"excerpt":{"rendered":"<p>BiH &#8211; Predsjednik Liberalno-demokratske partije \u010cedomir Jovanovi\u0107 izjavio je da nije za ukidanje Republike Srpske, te istakao da je u ja\u010doj, funkcionalnijoj i efikasnijoj BiH jedini na\u010din da se i RS razvija, bolje \u0161titi svoje interese i rje\u0161ava probleme koje ima. &#8220;Kosovo i Republika Srpska su izrazi muke na\u0161eg naroda, svako na razli\u010dit na\u010din&#8221;, rekao [&hellip;]<\/p>\n","protected":false},"author":83,"featured_media":39990,"comment_status":"open","ping_status":"open","sticky":false,"template":"","format":"standard","meta":{"footnotes":""},"categories":[2860,1,8957],"tags":[],"class_list":{"0":"post-39989","1":"post","2":"type-post","3":"status-publish","4":"format-standard","5":"has-post-thumbnail","7":"category-bosna-i-hercegovina-gradovi","8":"category-politika","9":"category-vijesti-dana"},"yoast_head":"<!-- This site is optimized with the Yoast SEO Premium plugin v23.1 (Yoast SEO v24.9) - https:\/\/yoast.com\/wordpress\/plugins\/seo\/ -->\n<title>Jovanovi\u0107 povukao rije\u010di: &quot;Nisam za ukidanje Republike Srpske&quot;<\/title>\n<meta name=\"robots\" content=\"index, follow, max-snippet:-1, max-image-preview:large, max-video-preview:-1\" \/>\n<link rel=\"canonical\" href=\"https:\/\/sandzakpress.net\/arhiva\/jovanovic-puvukao-svoje-rijeci-nisam-za-ukidanje-republike-srpske\/\" \/>\n<meta property=\"og:locale\" content=\"bs_BA\" \/>\n<meta property=\"og:type\" content=\"article\" \/>\n<meta property=\"og:title\" content=\"Jovanovi\u0107 povukao rije\u010di: &quot;Nisam za ukidanje Republike Srpske&quot;\" \/>\n<meta property=\"og:description\" content=\"BiH &#8211; Predsjednik Liberalno-demokratske partije \u010cedomir Jovanovi\u0107 izjavio je da nije za ukidanje Republike Srpske, te istakao da je u ja\u010doj, funkcionalnijoj i efikasnijoj BiH jedini na\u010din da se i RS razvija, bolje \u0161titi svoje interese i rje\u0161ava probleme koje ima. &#8220;Kosovo i Republika Srpska su izrazi muke na\u0161eg naroda, svako na razli\u010dit na\u010din&#8221;, rekao [&hellip;]\" \/>\n<meta property=\"og:url\" content=\"https:\/\/sandzakpress.net\/arhiva\/jovanovic-puvukao-svoje-rijeci-nisam-za-ukidanje-republike-srpske\/\" \/>\n<meta property=\"og:site_name\" content=\"Sand\u017eak PRESS\" \/>\n<meta property=\"article:published_time\" content=\"2012-05-27T16:01:21+00:00\" \/>\n<meta property=\"article:modified_time\" content=\"2012-05-27T20:47:28+00:00\" \/>\n<meta property=\"og:image\" content=\"https:\/\/sandzakpress.net\/arhiva\/wp-content\/uploads\/2012\/05\/182314_0205-ceda-foto-beta-dragan-gojic_f.jpg\" \/>\n\t<meta property=\"og:image:width\" content=\"308\" \/>\n\t<meta property=\"og:image:height\" content=\"270\" \/>\n\t<meta property=\"og:image:type\" content=\"image\/jpeg\" \/>\n<meta name=\"author\" content=\"bosniak\" \/>\n<meta name=\"twitter:card\" content=\"summary_large_image\" \/>\n<meta name=\"twitter:label1\" content=\"Written by\" \/>\n\t<meta name=\"twitter:data1\" content=\"bosniak\" \/>\n\t<meta name=\"twitter:label2\" content=\"Est. reading time\" \/>\n\t<meta name=\"twitter:data2\" content=\"1 minuta\" \/>\n<script type=\"application\/ld+json\" class=\"yoast-schema-graph\">{\"@context\":\"https:\/\/schema.org\",\"@graph\":[{\"@type\":\"Article\",\"@id\":\"https:\/\/sandzakpress.net\/arhiva\/jovanovic-puvukao-svoje-rijeci-nisam-za-ukidanje-republike-srpske\/#article\",\"isPartOf\":{\"@id\":\"https:\/\/sandzakpress.net\/arhiva\/jovanovic-puvukao-svoje-rijeci-nisam-za-ukidanje-republike-srpske\/\"},\"author\":{\"name\":\"bosniak\",\"@id\":\"https:\/\/sandzakpress.net\/arhiva\/#\/schema\/person\/c8baee722073534b583ea7bdb2e36c02\"},\"headline\":\"Jovanovi\u0107 povukao rije\u010di: &#8220;Nisam za ukidanje Republike Srpske&#8221;\",\"datePublished\":\"2012-05-27T16:01:21+00:00\",\"dateModified\":\"2012-05-27T20:47:28+00:00\",\"mainEntityOfPage\":{\"@id\":\"https:\/\/sandzakpress.net\/arhiva\/jovanovic-puvukao-svoje-rijeci-nisam-za-ukidanje-republike-srpske\/\"},\"wordCount\":293,\"commentCount\":13,\"publisher\":{\"@id\":\"https:\/\/sandzakpress.net\/arhiva\/#\/schema\/person\/6e72b67d6e51910a1117b3b483ba20bd\"},\"image\":{\"@id\":\"https:\/\/sandzakpress.net\/arhiva\/jovanovic-puvukao-svoje-rijeci-nisam-za-ukidanje-republike-srpske\/#primaryimage\"},\"thumbnailUrl\":\"https:\/\/sandzakpress.net\/arhiva\/wp-content\/uploads\/2012\/05\/182314_0205-ceda-foto-beta-dragan-gojic_f.jpg\",\"articleSection\":[\"Bosna i Hercegovina\",\"Politika\",\"VIJESTI DANA\"],\"inLanguage\":\"bs-BA\",\"potentialAction\":[{\"@type\":\"CommentAction\",\"name\":\"Comment\",\"target\":[\"https:\/\/sandzakpress.net\/arhiva\/jovanovic-puvukao-svoje-rijeci-nisam-za-ukidanje-republike-srpske\/#respond\"]}]},{\"@type\":\"WebPage\",\"@id\":\"https:\/\/sandzakpress.net\/arhiva\/jovanovic-puvukao-svoje-rijeci-nisam-za-ukidanje-republike-srpske\/\",\"url\":\"https:\/\/sandzakpress.net\/arhiva\/jovanovic-puvukao-svoje-rijeci-nisam-za-ukidanje-republike-srpske\/\",\"name\":\"Jovanovi\u0107 povukao rije\u010di: \\\"Nisam za ukidanje Republike Srpske\\\"\",\"isPartOf\":{\"@id\":\"https:\/\/sandzakpress.net\/arhiva\/#website\"},\"primaryImageOfPage\":{\"@id\":\"https:\/\/sandzakpress.net\/arhiva\/jovanovic-puvukao-svoje-rijeci-nisam-za-ukidanje-republike-srpske\/#primaryimage\"},\"image\":{\"@id\":\"https:\/\/sandzakpress.net\/arhiva\/jovanovic-puvukao-svoje-rijeci-nisam-za-ukidanje-republike-srpske\/#primaryimage\"},\"thumbnailUrl\":\"https:\/\/sandzakpress.net\/arhiva\/wp-content\/uploads\/2012\/05\/182314_0205-ceda-foto-beta-dragan-gojic_f.jpg\",\"datePublished\":\"2012-05-27T16:01:21+00:00\",\"dateModified\":\"2012-05-27T20:47:28+00:00\",\"breadcrumb\":{\"@id\":\"https:\/\/sandzakpress.net\/arhiva\/jovanovic-puvukao-svoje-rijeci-nisam-za-ukidanje-republike-srpske\/#breadcrumb\"},\"inLanguage\":\"bs-BA\",\"potentialAction\":[{\"@type\":\"ReadAction\",\"target\":[\"https:\/\/sandzakpress.net\/arhiva\/jovanovic-puvukao-svoje-rijeci-nisam-za-ukidanje-republike-srpske\/\"]}]},{\"@type\":\"ImageObject\",\"inLanguage\":\"bs-BA\",\"@id\":\"https:\/\/sandzakpress.net\/arhiva\/jovanovic-puvukao-svoje-rijeci-nisam-za-ukidanje-republike-srpske\/#primaryimage\",\"url\":\"https:\/\/sandzakpress.net\/arhiva\/wp-content\/uploads\/2012\/05\/182314_0205-ceda-foto-beta-dragan-gojic_f.jpg\",\"contentUrl\":\"https:\/\/sandzakpress.net\/arhiva\/wp-content\/uploads\/2012\/05\/182314_0205-ceda-foto-beta-dragan-gojic_f.jpg\",\"width\":308,\"height\":270},{\"@type\":\"BreadcrumbList\",\"@id\":\"https:\/\/sandzakpress.net\/arhiva\/jovanovic-puvukao-svoje-rijeci-nisam-za-ukidanje-republike-srpske\/#breadcrumb\",\"itemListElement\":[{\"@type\":\"ListItem\",\"position\":1,\"name\":\"Home\",\"item\":\"https:\/\/sandzakpress.net\/arhiva\/\"},{\"@type\":\"ListItem\",\"position\":2,\"name\":\"Jovanovi\u0107 povukao rije\u010di: &#8220;Nisam za ukidanje Republike Srpske&#8221;\"}]},{\"@type\":\"WebSite\",\"@id\":\"https:\/\/sandzakpress.net\/arhiva\/#website\",\"url\":\"https:\/\/sandzakpress.net\/arhiva\/\",\"name\":\"Sand\u017eak PRESS\",\"description\":\"Prve elektronske novine u Sand\u017eaku\",\"publisher\":{\"@id\":\"https:\/\/sandzakpress.net\/arhiva\/#\/schema\/person\/6e72b67d6e51910a1117b3b483ba20bd\"},\"potentialAction\":[{\"@type\":\"SearchAction\",\"target\":{\"@type\":\"EntryPoint\",\"urlTemplate\":\"https:\/\/sandzakpress.net\/arhiva\/?s={search_term_string}\"},\"query-input\":{\"@type\":\"PropertyValueSpecification\",\"valueRequired\":true,\"valueName\":\"search_term_string\"}}],\"inLanguage\":\"bs-BA\"},{\"@type\":[\"Person\",\"Organization\"],\"@id\":\"https:\/\/sandzakpress.net\/arhiva\/#\/schema\/person\/6e72b67d6e51910a1117b3b483ba20bd\",\"name\":\"Kul\",\"image\":{\"@type\":\"ImageObject\",\"inLanguage\":\"bs-BA\",\"@id\":\"https:\/\/sandzakpress.net\/arhiva\/#\/schema\/person\/image\/\",\"url\":\"https:\/\/secure.gravatar.com\/avatar\/42263f39aa27ac04c43cab85c280eb2e?s=96&d=mm&r=pg\",\"contentUrl\":\"https:\/\/secure.gravatar.com\/avatar\/42263f39aa27ac04c43cab85c280eb2e?s=96&d=mm&r=pg\",\"caption\":\"Kul\"},\"logo\":{\"@id\":\"https:\/\/sandzakpress.net\/arhiva\/#\/schema\/person\/image\/\"}},{\"@type\":\"Person\",\"@id\":\"https:\/\/sandzakpress.net\/arhiva\/#\/schema\/person\/c8baee722073534b583ea7bdb2e36c02\",\"name\":\"bosniak\",\"image\":{\"@type\":\"ImageObject\",\"inLanguage\":\"bs-BA\",\"@id\":\"https:\/\/sandzakpress.net\/arhiva\/#\/schema\/person\/image\/\",\"url\":\"https:\/\/secure.gravatar.com\/avatar\/a04fd330bfe3a36a72a0ad4a6d89fca7?s=96&d=mm&r=pg\",\"contentUrl\":\"https:\/\/secure.gravatar.com\/avatar\/a04fd330bfe3a36a72a0ad4a6d89fca7?s=96&d=mm&r=pg\",\"caption\":\"bosniak\"},\"url\":\"https:\/\/sandzakpress.net\/arhiva\/author\/bosniak\/\"}]}<\/script>\n<!-- \/ Yoast SEO Premium plugin. -->","yoast_head_json":{"title":"Jovanovi\u0107 povukao rije\u010di: \"Nisam za ukidanje Republike Srpske\"","robots":{"index":"index","follow":"follow","max-snippet":"max-snippet:-1","max-image-preview":"max-image-preview:large","max-video-preview":"max-video-preview:-1"},"canonical":"https:\/\/sandzakpress.net\/arhiva\/jovanovic-puvukao-svoje-rijeci-nisam-za-ukidanje-republike-srpske\/","og_locale":"bs_BA","og_type":"article","og_title":"Jovanovi\u0107 povukao rije\u010di: \"Nisam za ukidanje Republike Srpske\"","og_description":"BiH &#8211; Predsjednik Liberalno-demokratske partije \u010cedomir Jovanovi\u0107 izjavio je da nije za ukidanje Republike Srpske, te istakao da je u ja\u010doj, funkcionalnijoj i efikasnijoj BiH jedini na\u010din da se i RS razvija, bolje \u0161titi svoje interese i rje\u0161ava probleme koje ima. &#8220;Kosovo i Republika Srpska su izrazi muke na\u0161eg naroda, svako na razli\u010dit na\u010din&#8221;, rekao [&hellip;]","og_url":"https:\/\/sandzakpress.net\/arhiva\/jovanovic-puvukao-svoje-rijeci-nisam-za-ukidanje-republike-srpske\/","og_site_name":"Sand\u017eak PRESS","article_published_time":"2012-05-27T16:01:21+00:00","article_modified_time":"2012-05-27T20:47:28+00:00","og_image":[{"width":308,"height":270,"url":"https:\/\/sandzakpress.net\/arhiva\/wp-content\/uploads\/2012\/05\/182314_0205-ceda-foto-beta-dragan-gojic_f.jpg","type":"image\/jpeg"}],"author":"bosniak","twitter_card":"summary_large_image","twitter_misc":{"Written by":"bosniak","Est. reading time":"1 minuta"},"schema":{"@context":"https:\/\/schema.org","@graph":[{"@type":"Article","@id":"https:\/\/sandzakpress.net\/arhiva\/jovanovic-puvukao-svoje-rijeci-nisam-za-ukidanje-republike-srpske\/#article","isPartOf":{"@id":"https:\/\/sandzakpress.net\/arhiva\/jovanovic-puvukao-svoje-rijeci-nisam-za-ukidanje-republike-srpske\/"},"author":{"name":"bosniak","@id":"https:\/\/sandzakpress.net\/arhiva\/#\/schema\/person\/c8baee722073534b583ea7bdb2e36c02"},"headline":"Jovanovi\u0107 povukao rije\u010di: &#8220;Nisam za ukidanje Republike Srpske&#8221;","datePublished":"2012-05-27T16:01:21+00:00","dateModified":"2012-05-27T20:47:28+00:00","mainEntityOfPage":{"@id":"https:\/\/sandzakpress.net\/arhiva\/jovanovic-puvukao-svoje-rijeci-nisam-za-ukidanje-republike-srpske\/"},"wordCount":293,"commentCount":13,"publisher":{"@id":"https:\/\/sandzakpress.net\/arhiva\/#\/schema\/person\/6e72b67d6e51910a1117b3b483ba20bd"},"image":{"@id":"https:\/\/sandzakpress.net\/arhiva\/jovanovic-puvukao-svoje-rijeci-nisam-za-ukidanje-republike-srpske\/#primaryimage"},"thumbnailUrl":"https:\/\/sandzakpress.net\/arhiva\/wp-content\/uploads\/2012\/05\/182314_0205-ceda-foto-beta-dragan-gojic_f.jpg","articleSection":["Bosna i Hercegovina","Politika","VIJESTI DANA"],"inLanguage":"bs-BA","potentialAction":[{"@type":"CommentAction","name":"Comment","target":["https:\/\/sandzakpress.net\/arhiva\/jovanovic-puvukao-svoje-rijeci-nisam-za-ukidanje-republike-srpske\/#respond"]}]},{"@type":"WebPage","@id":"https:\/\/sandzakpress.net\/arhiva\/jovanovic-puvukao-svoje-rijeci-nisam-za-ukidanje-republike-srpske\/","url":"https:\/\/sandzakpress.net\/arhiva\/jovanovic-puvukao-svoje-rijeci-nisam-za-ukidanje-republike-srpske\/","name":"Jovanovi\u0107 povukao rije\u010di: \"Nisam za ukidanje Republike Srpske\"","isPartOf":{"@id":"https:\/\/sandzakpress.net\/arhiva\/#website"},"primaryImageOfPage":{"@id":"https:\/\/sandzakpress.net\/arhiva\/jovanovic-puvukao-svoje-rijeci-nisam-za-ukidanje-republike-srpske\/#primaryimage"},"image":{"@id":"https:\/\/sandzakpress.net\/arhiva\/jovanovic-puvukao-svoje-rijeci-nisam-za-ukidanje-republike-srpske\/#primaryimage"},"thumbnailUrl":"https:\/\/sandzakpress.net\/arhiva\/wp-content\/uploads\/2012\/05\/182314_0205-ceda-foto-beta-dragan-gojic_f.jpg","datePublished":"2012-05-27T16:01:21+00:00","dateModified":"2012-05-27T20:47:28+00:00","breadcrumb":{"@id":"https:\/\/sandzakpress.net\/arhiva\/jovanovic-puvukao-svoje-rijeci-nisam-za-ukidanje-republike-srpske\/#breadcrumb"},"inLanguage":"bs-BA","potentialAction":[{"@type":"ReadAction","target":["https:\/\/sandzakpress.net\/arhiva\/jovanovic-puvukao-svoje-rijeci-nisam-za-ukidanje-republike-srpske\/"]}]},{"@type":"ImageObject","inLanguage":"bs-BA","@id":"https:\/\/sandzakpress.net\/arhiva\/jovanovic-puvukao-svoje-rijeci-nisam-za-ukidanje-republike-srpske\/#primaryimage","url":"https:\/\/sandzakpress.net\/arhiva\/wp-content\/uploads\/2012\/05\/182314_0205-ceda-foto-beta-dragan-gojic_f.jpg","contentUrl":"https:\/\/sandzakpress.net\/arhiva\/wp-content\/uploads\/2012\/05\/182314_0205-ceda-foto-beta-dragan-gojic_f.jpg","width":308,"height":270},{"@type":"BreadcrumbList","@id":"https:\/\/sandzakpress.net\/arhiva\/jovanovic-puvukao-svoje-rijeci-nisam-za-ukidanje-republike-srpske\/#breadcrumb","itemListElement":[{"@type":"ListItem","position":1,"name":"Home","item":"https:\/\/sandzakpress.net\/arhiva\/"},{"@type":"ListItem","position":2,"name":"Jovanovi\u0107 povukao rije\u010di: &#8220;Nisam za ukidanje Republike Srpske&#8221;"}]},{"@type":"WebSite","@id":"https:\/\/sandzakpress.net\/arhiva\/#website","url":"https:\/\/sandzakpress.net\/arhiva\/","name":"Sand\u017eak PRESS","description":"Prve elektronske novine u Sand\u017eaku","publisher":{"@id":"https:\/\/sandzakpress.net\/arhiva\/#\/schema\/person\/6e72b67d6e51910a1117b3b483ba20bd"},"potentialAction":[{"@type":"SearchAction","target":{"@type":"EntryPoint","urlTemplate":"https:\/\/sandzakpress.net\/arhiva\/?s={search_term_string}"},"query-input":{"@type":"PropertyValueSpecification","valueRequired":true,"valueName":"search_term_string"}}],"inLanguage":"bs-BA"},{"@type":["Person","Organization"],"@id":"https:\/\/sandzakpress.net\/arhiva\/#\/schema\/person\/6e72b67d6e51910a1117b3b483ba20bd","name":"Kul","image":{"@type":"ImageObject","inLanguage":"bs-BA","@id":"https:\/\/sandzakpress.net\/arhiva\/#\/schema\/person\/image\/","url":"https:\/\/secure.gravatar.com\/avatar\/42263f39aa27ac04c43cab85c280eb2e?s=96&d=mm&r=pg","contentUrl":"https:\/\/secure.gravatar.com\/avatar\/42263f39aa27ac04c43cab85c280eb2e?s=96&d=mm&r=pg","caption":"Kul"},"logo":{"@id":"https:\/\/sandzakpress.net\/arhiva\/#\/schema\/person\/image\/"}},{"@type":"Person","@id":"https:\/\/sandzakpress.net\/arhiva\/#\/schema\/person\/c8baee722073534b583ea7bdb2e36c02","name":"bosniak","image":{"@type":"ImageObject","inLanguage":"bs-BA","@id":"https:\/\/sandzakpress.net\/arhiva\/#\/schema\/person\/image\/","url":"https:\/\/secure.gravatar.com\/avatar\/a04fd330bfe3a36a72a0ad4a6d89fca7?s=96&d=mm&r=pg","contentUrl":"https:\/\/secure.gravatar.com\/avatar\/a04fd330bfe3a36a72a0ad4a6d89fca7?s=96&d=mm&r=pg","caption":"bosniak"},"url":"https:\/\/sandzakpress.net\/arhiva\/author\/bosniak\/"}]}},"_links":{"self":[{"href":"https:\/\/sandzakpress.net\/arhiva\/wp-json\/wp\/v2\/posts\/39989"}],"collection":[{"href":"https:\/\/sandzakpress.net\/arhiva\/wp-json\/wp\/v2\/posts"}],"about":[{"href":"https:\/\/sandzakpress.net\/arhiva\/wp-json\/wp\/v2\/types\/post"}],"author":[{"embeddable":true,"href":"https:\/\/sandzakpress.net\/arhiva\/wp-json\/wp\/v2\/users\/83"}],"replies":[{"embeddable":true,"href":"https:\/\/sandzakpress.net\/arhiva\/wp-json\/wp\/v2\/comments?post=39989"}],"version-history":[{"count":0,"href":"https:\/\/sandzakpress.net\/arhiva\/wp-json\/wp\/v2\/posts\/39989\/revisions"}],"wp:featuredmedia":[{"embeddable":true,"href":"https:\/\/sandzakpress.net\/arhiva\/wp-json\/wp\/v2\/media\/39990"}],"wp:attachment":[{"href":"https:\/\/sandzakpress.net\/arhiva\/wp-json\/wp\/v2\/media?parent=39989"}],"wp:term":[{"taxonomy":"category","embeddable":true,"href":"https:\/\/sandzakpress.net\/arhiva\/wp-json\/wp\/v2\/categories?post=39989"},{"taxonomy":"post_tag","embeddable":true,"href":"https:\/\/sandzakpress.net\/arhiva\/wp-json\/wp\/v2\/tags?post=39989"}],"curies":[{"name":"wp","href":"https:\/\/api.w.org\/{rel}","templated":true}]}}