{"id":39747,"date":"2012-05-19T18:39:42","date_gmt":"2012-05-19T16:39:42","guid":{"rendered":"https:\/\/sandzakpress.net\/arhiva\/?p=39747"},"modified":"2012-07-14T20:13:22","modified_gmt":"2012-07-14T18:13:22","slug":"kancelarka-merkel-predlozila-da-grci-na-referendumu-biraju-zele-li-ostati-u-eurozoni-ili-ne","status":"publish","type":"post","link":"https:\/\/sandzakpress.net\/arhiva\/kancelarka-merkel-predlozila-da-grci-na-referendumu-biraju-zele-li-ostati-u-eurozoni-ili-ne\/","title":{"rendered":"Kancelarka Merkel predlo\u017eila da Grci na referendumu biraju \u017eele li ostati u eurozoni ili ne"},"content":{"rendered":"<p><strong><a href=\"https:\/\/sandzakpress.net\/arhiva\/wp-content\/uploads\/2012\/05\/kancelarka-merkel-300x185.jpg\"><img loading=\"lazy\" decoding=\"async\" class=\"alignleft size-full wp-image-39748\" title=\"kancelarka-merkel-300x185\" src=\"https:\/\/sandzakpress.net\/arhiva\/wp-content\/uploads\/2012\/05\/kancelarka-merkel-300x185.jpg\" alt=\"\" width=\"300\" height=\"185\" \/><\/a>Evropa &#8211; Najnovije\u00a0vijesti koje upravo prenose svjetski mediji \u2013 njema\u010dka  kancelarka Angela Merkel predlo\u017eila je da Grci na referendumu odlu\u010de  \u017eele li i dalje zadr\u017eati euro kao valutu. Predla\u017ee da se referendum  odr\u017ei zajedno s parlamentarnim izborima sredinom idu\u0107eg mjeseca.<br \/>\nGlasnogovornik gr\u010dke vlade potvrdio je prijedlog, navodi kako je  kancelarka Merkel predlo\u017eila referendum u dana\u0161njem telefonskom  razgovoru s gr\u010dkim predsjednikom, prenosi\u00a0<a href=\"http:\/\/www.bbc.co.uk\/news\/world-us-canada-18121414\" target=\"_blank\">BBC<\/a>. <\/strong><\/p>\n<p>Zanimljivo je spomenuti kako je biv\u0161i gr\u010dki premijer, Georgios A.  Papandreou, tako\u0111er predlo\u017eio da se Grci na referendumu izjasne o svojoj  budu\u0107nosti. Konkretno Papandreou je predlo\u017eio da Grci glasaju \u017eele li  ili ne prihvatiti mjere \u0161tednje, no smatralo se kako je taj referendum  ujedno i klju\u010dno pitanje \u017eele li ili ne \u017eele ostati u eurozoni koja je  Gr\u010dkoj doslovno uvjetovala preuzimanja novih kredita. Neposredno nakon  te izjave, doslovno u 48 sati, Papandreou je smjenjen s du\u017enosti, a na  njegovo mjesto dolazi nedemokratski izabran tehnokrat Lucas Papademos.<\/p>\n<p>Informacija da Merkel predla\u017ee referendum brzo se pro\u0161irila medijima u  isto vrijeme kada su se u Washingtonu sastali ameri\u010dki i novi francuski  predsjednik Francois Hollande. Podsjetimo, za Hollandea se smatra da je  puno vi\u0161e naklonjen Washingtonu i ameri\u010dkoj politici no \u0161to je to bio  njegov prethodnik Sarkozy, koji je bio skloniji Berlinu.<\/p>\n<p>Nakon sastanka s Hollandeom, Obama je izjavio kako je \u201csituacija u  eurozoni od izuzetne va\u017enosti za narode Europe i cijelog svijeta\u201d.<br \/>\nObama je tako\u0111er istaknuo kako se nada \u201cplodnim\u201d diskusijama u sklopu G8  summita i kako o\u010dekuje da \u0107e se razgovori \u201cfokusirati na rast\u201d.  Podsjetimo, upravo je \u201crast\u201d glavna rije\u010d koju francuski predsjednik  Hollande isti\u010de od osvajanja izbora, no, jo\u0161 uvijek se ne spominju  konkretne mogu\u0107nosti ukidanja mjera \u0161tednje.<br \/>\nG8 summit odr\u017eava se u Camp Davidu, nakon ovog summita dr\u017eavnici \u0107e se  uklju\u010diti u summit NATO pakta koji \u0107e se odr\u017eati u Chicagu tijekom  vikenda.<\/p>\n<p>Izvor<strong>: Bicent.com<\/strong><\/p>\n","protected":false},"excerpt":{"rendered":"<p>Evropa &#8211; Najnovije\u00a0vijesti koje upravo prenose svjetski mediji \u2013 njema\u010dka kancelarka Angela Merkel predlo\u017eila je da Grci na referendumu odlu\u010de \u017eele li i dalje zadr\u017eati euro kao valutu. Predla\u017ee da se referendum odr\u017ei zajedno s parlamentarnim izborima sredinom idu\u0107eg mjeseca. Glasnogovornik gr\u010dke vlade potvrdio je prijedlog, navodi kako je kancelarka Merkel predlo\u017eila referendum u dana\u0161njem [&hellip;]<\/p>\n","protected":false},"author":13,"featured_media":39748,"comment_status":"open","ping_status":"open","sticky":false,"template":"","format":"standard","meta":{"footnotes":""},"categories":[9538,9,2693],"tags":[],"class_list":{"0":"post-39747","1":"post","2":"type-post","3":"status-publish","4":"format-standard","5":"has-post-thumbnail","7":"category-njemacka-dijaspora-gradovi-vase-vijesti","8":"category-svijet","9":"category-dijaspora-gradovi"},"yoast_head":"<!-- This site is optimized with the Yoast SEO Premium plugin v23.1 (Yoast SEO v24.9) - https:\/\/yoast.com\/wordpress\/plugins\/seo\/ -->\n<title>Kancelarka Merkel predlo\u017eila da Grci na referendumu biraju \u017eele li ostati u eurozoni ili ne<\/title>\n<meta name=\"robots\" content=\"index, follow, max-snippet:-1, max-image-preview:large, max-video-preview:-1\" \/>\n<link rel=\"canonical\" href=\"https:\/\/sandzakpress.net\/arhiva\/kancelarka-merkel-predlozila-da-grci-na-referendumu-biraju-zele-li-ostati-u-eurozoni-ili-ne\/\" \/>\n<meta property=\"og:locale\" content=\"bs_BA\" \/>\n<meta property=\"og:type\" content=\"article\" \/>\n<meta property=\"og:title\" content=\"Kancelarka Merkel predlo\u017eila da Grci na referendumu biraju \u017eele li ostati u eurozoni ili ne\" \/>\n<meta property=\"og:description\" content=\"Evropa &#8211; Najnovije\u00a0vijesti koje upravo prenose svjetski mediji \u2013 njema\u010dka kancelarka Angela Merkel predlo\u017eila je da Grci na referendumu odlu\u010de \u017eele li i dalje zadr\u017eati euro kao valutu. Predla\u017ee da se referendum odr\u017ei zajedno s parlamentarnim izborima sredinom idu\u0107eg mjeseca. Glasnogovornik gr\u010dke vlade potvrdio je prijedlog, navodi kako je kancelarka Merkel predlo\u017eila referendum u dana\u0161njem [&hellip;]\" \/>\n<meta property=\"og:url\" content=\"https:\/\/sandzakpress.net\/arhiva\/kancelarka-merkel-predlozila-da-grci-na-referendumu-biraju-zele-li-ostati-u-eurozoni-ili-ne\/\" \/>\n<meta property=\"og:site_name\" content=\"Sand\u017eak PRESS\" \/>\n<meta property=\"article:published_time\" content=\"2012-05-19T16:39:42+00:00\" \/>\n<meta property=\"article:modified_time\" content=\"2012-07-14T18:13:22+00:00\" \/>\n<meta property=\"og:image\" content=\"https:\/\/sandzakpress.net\/arhiva\/wp-content\/uploads\/2012\/05\/kancelarka-merkel-300x185.jpg\" \/>\n\t<meta property=\"og:image:width\" content=\"300\" \/>\n\t<meta property=\"og:image:height\" content=\"185\" \/>\n\t<meta property=\"og:image:type\" content=\"image\/jpeg\" \/>\n<meta name=\"twitter:card\" content=\"summary_large_image\" \/>\n<meta name=\"twitter:label1\" content=\"Written by\" \/>\n\t<meta name=\"twitter:data1\" content=\"\" \/>\n\t<meta name=\"twitter:label2\" content=\"Est. reading time\" \/>\n\t<meta name=\"twitter:data2\" content=\"2 minute\" \/>\n<script type=\"application\/ld+json\" class=\"yoast-schema-graph\">{\"@context\":\"https:\/\/schema.org\",\"@graph\":[{\"@type\":\"Article\",\"@id\":\"https:\/\/sandzakpress.net\/arhiva\/kancelarka-merkel-predlozila-da-grci-na-referendumu-biraju-zele-li-ostati-u-eurozoni-ili-ne\/#article\",\"isPartOf\":{\"@id\":\"https:\/\/sandzakpress.net\/arhiva\/kancelarka-merkel-predlozila-da-grci-na-referendumu-biraju-zele-li-ostati-u-eurozoni-ili-ne\/\"},\"author\":{\"name\":\"\",\"@id\":\"\"},\"headline\":\"Kancelarka Merkel predlo\u017eila da Grci na referendumu biraju \u017eele li ostati u eurozoni ili ne\",\"datePublished\":\"2012-05-19T16:39:42+00:00\",\"dateModified\":\"2012-07-14T18:13:22+00:00\",\"mainEntityOfPage\":{\"@id\":\"https:\/\/sandzakpress.net\/arhiva\/kancelarka-merkel-predlozila-da-grci-na-referendumu-biraju-zele-li-ostati-u-eurozoni-ili-ne\/\"},\"wordCount\":347,\"commentCount\":0,\"publisher\":{\"@id\":\"https:\/\/sandzakpress.net\/arhiva\/#\/schema\/person\/6e72b67d6e51910a1117b3b483ba20bd\"},\"image\":{\"@id\":\"https:\/\/sandzakpress.net\/arhiva\/kancelarka-merkel-predlozila-da-grci-na-referendumu-biraju-zele-li-ostati-u-eurozoni-ili-ne\/#primaryimage\"},\"thumbnailUrl\":\"https:\/\/sandzakpress.net\/arhiva\/wp-content\/uploads\/2012\/05\/kancelarka-merkel-300x185.jpg\",\"articleSection\":[\"Njema\u010dka\",\"Svijet\",\"Evropa\"],\"inLanguage\":\"bs-BA\",\"potentialAction\":[{\"@type\":\"CommentAction\",\"name\":\"Comment\",\"target\":[\"https:\/\/sandzakpress.net\/arhiva\/kancelarka-merkel-predlozila-da-grci-na-referendumu-biraju-zele-li-ostati-u-eurozoni-ili-ne\/#respond\"]}]},{\"@type\":\"WebPage\",\"@id\":\"https:\/\/sandzakpress.net\/arhiva\/kancelarka-merkel-predlozila-da-grci-na-referendumu-biraju-zele-li-ostati-u-eurozoni-ili-ne\/\",\"url\":\"https:\/\/sandzakpress.net\/arhiva\/kancelarka-merkel-predlozila-da-grci-na-referendumu-biraju-zele-li-ostati-u-eurozoni-ili-ne\/\",\"name\":\"Kancelarka Merkel predlo\u017eila da Grci na referendumu biraju \u017eele li ostati u eurozoni ili ne\",\"isPartOf\":{\"@id\":\"https:\/\/sandzakpress.net\/arhiva\/#website\"},\"primaryImageOfPage\":{\"@id\":\"https:\/\/sandzakpress.net\/arhiva\/kancelarka-merkel-predlozila-da-grci-na-referendumu-biraju-zele-li-ostati-u-eurozoni-ili-ne\/#primaryimage\"},\"image\":{\"@id\":\"https:\/\/sandzakpress.net\/arhiva\/kancelarka-merkel-predlozila-da-grci-na-referendumu-biraju-zele-li-ostati-u-eurozoni-ili-ne\/#primaryimage\"},\"thumbnailUrl\":\"https:\/\/sandzakpress.net\/arhiva\/wp-content\/uploads\/2012\/05\/kancelarka-merkel-300x185.jpg\",\"datePublished\":\"2012-05-19T16:39:42+00:00\",\"dateModified\":\"2012-07-14T18:13:22+00:00\",\"breadcrumb\":{\"@id\":\"https:\/\/sandzakpress.net\/arhiva\/kancelarka-merkel-predlozila-da-grci-na-referendumu-biraju-zele-li-ostati-u-eurozoni-ili-ne\/#breadcrumb\"},\"inLanguage\":\"bs-BA\",\"potentialAction\":[{\"@type\":\"ReadAction\",\"target\":[\"https:\/\/sandzakpress.net\/arhiva\/kancelarka-merkel-predlozila-da-grci-na-referendumu-biraju-zele-li-ostati-u-eurozoni-ili-ne\/\"]}]},{\"@type\":\"ImageObject\",\"inLanguage\":\"bs-BA\",\"@id\":\"https:\/\/sandzakpress.net\/arhiva\/kancelarka-merkel-predlozila-da-grci-na-referendumu-biraju-zele-li-ostati-u-eurozoni-ili-ne\/#primaryimage\",\"url\":\"https:\/\/sandzakpress.net\/arhiva\/wp-content\/uploads\/2012\/05\/kancelarka-merkel-300x185.jpg\",\"contentUrl\":\"https:\/\/sandzakpress.net\/arhiva\/wp-content\/uploads\/2012\/05\/kancelarka-merkel-300x185.jpg\",\"width\":300,\"height\":185},{\"@type\":\"BreadcrumbList\",\"@id\":\"https:\/\/sandzakpress.net\/arhiva\/kancelarka-merkel-predlozila-da-grci-na-referendumu-biraju-zele-li-ostati-u-eurozoni-ili-ne\/#breadcrumb\",\"itemListElement\":[{\"@type\":\"ListItem\",\"position\":1,\"name\":\"Home\",\"item\":\"https:\/\/sandzakpress.net\/arhiva\/\"},{\"@type\":\"ListItem\",\"position\":2,\"name\":\"Kancelarka Merkel predlo\u017eila da Grci na referendumu biraju \u017eele li ostati u eurozoni ili ne\"}]},{\"@type\":\"WebSite\",\"@id\":\"https:\/\/sandzakpress.net\/arhiva\/#website\",\"url\":\"https:\/\/sandzakpress.net\/arhiva\/\",\"name\":\"Sand\u017eak PRESS\",\"description\":\"Prve elektronske novine u Sand\u017eaku\",\"publisher\":{\"@id\":\"https:\/\/sandzakpress.net\/arhiva\/#\/schema\/person\/6e72b67d6e51910a1117b3b483ba20bd\"},\"potentialAction\":[{\"@type\":\"SearchAction\",\"target\":{\"@type\":\"EntryPoint\",\"urlTemplate\":\"https:\/\/sandzakpress.net\/arhiva\/?s={search_term_string}\"},\"query-input\":{\"@type\":\"PropertyValueSpecification\",\"valueRequired\":true,\"valueName\":\"search_term_string\"}}],\"inLanguage\":\"bs-BA\"},{\"@type\":[\"Person\",\"Organization\"],\"@id\":\"https:\/\/sandzakpress.net\/arhiva\/#\/schema\/person\/6e72b67d6e51910a1117b3b483ba20bd\",\"name\":\"Kul\",\"image\":{\"@type\":\"ImageObject\",\"inLanguage\":\"bs-BA\",\"@id\":\"https:\/\/sandzakpress.net\/arhiva\/#\/schema\/person\/image\/\",\"url\":\"https:\/\/secure.gravatar.com\/avatar\/42263f39aa27ac04c43cab85c280eb2e?s=96&d=mm&r=pg\",\"contentUrl\":\"https:\/\/secure.gravatar.com\/avatar\/42263f39aa27ac04c43cab85c280eb2e?s=96&d=mm&r=pg\",\"caption\":\"Kul\"},\"logo\":{\"@id\":\"https:\/\/sandzakpress.net\/arhiva\/#\/schema\/person\/image\/\"}},{\"@type\":\"Person\",\"@id\":\"\",\"url\":\"https:\/\/sandzakpress.net\/arhiva\/author\/\"}]}<\/script>\n<!-- \/ Yoast SEO Premium plugin. -->","yoast_head_json":{"title":"Kancelarka Merkel predlo\u017eila da Grci na referendumu biraju \u017eele li ostati u eurozoni ili ne","robots":{"index":"index","follow":"follow","max-snippet":"max-snippet:-1","max-image-preview":"max-image-preview:large","max-video-preview":"max-video-preview:-1"},"canonical":"https:\/\/sandzakpress.net\/arhiva\/kancelarka-merkel-predlozila-da-grci-na-referendumu-biraju-zele-li-ostati-u-eurozoni-ili-ne\/","og_locale":"bs_BA","og_type":"article","og_title":"Kancelarka Merkel predlo\u017eila da Grci na referendumu biraju \u017eele li ostati u eurozoni ili ne","og_description":"Evropa &#8211; Najnovije\u00a0vijesti koje upravo prenose svjetski mediji \u2013 njema\u010dka kancelarka Angela Merkel predlo\u017eila je da Grci na referendumu odlu\u010de \u017eele li i dalje zadr\u017eati euro kao valutu. Predla\u017ee da se referendum odr\u017ei zajedno s parlamentarnim izborima sredinom idu\u0107eg mjeseca. Glasnogovornik gr\u010dke vlade potvrdio je prijedlog, navodi kako je kancelarka Merkel predlo\u017eila referendum u dana\u0161njem [&hellip;]","og_url":"https:\/\/sandzakpress.net\/arhiva\/kancelarka-merkel-predlozila-da-grci-na-referendumu-biraju-zele-li-ostati-u-eurozoni-ili-ne\/","og_site_name":"Sand\u017eak PRESS","article_published_time":"2012-05-19T16:39:42+00:00","article_modified_time":"2012-07-14T18:13:22+00:00","og_image":[{"width":300,"height":185,"url":"https:\/\/sandzakpress.net\/arhiva\/wp-content\/uploads\/2012\/05\/kancelarka-merkel-300x185.jpg","type":"image\/jpeg"}],"twitter_card":"summary_large_image","twitter_misc":{"Written by":"","Est. reading time":"2 minute"},"schema":{"@context":"https:\/\/schema.org","@graph":[{"@type":"Article","@id":"https:\/\/sandzakpress.net\/arhiva\/kancelarka-merkel-predlozila-da-grci-na-referendumu-biraju-zele-li-ostati-u-eurozoni-ili-ne\/#article","isPartOf":{"@id":"https:\/\/sandzakpress.net\/arhiva\/kancelarka-merkel-predlozila-da-grci-na-referendumu-biraju-zele-li-ostati-u-eurozoni-ili-ne\/"},"author":{"name":"","@id":""},"headline":"Kancelarka Merkel predlo\u017eila da Grci na referendumu biraju \u017eele li ostati u eurozoni ili ne","datePublished":"2012-05-19T16:39:42+00:00","dateModified":"2012-07-14T18:13:22+00:00","mainEntityOfPage":{"@id":"https:\/\/sandzakpress.net\/arhiva\/kancelarka-merkel-predlozila-da-grci-na-referendumu-biraju-zele-li-ostati-u-eurozoni-ili-ne\/"},"wordCount":347,"commentCount":0,"publisher":{"@id":"https:\/\/sandzakpress.net\/arhiva\/#\/schema\/person\/6e72b67d6e51910a1117b3b483ba20bd"},"image":{"@id":"https:\/\/sandzakpress.net\/arhiva\/kancelarka-merkel-predlozila-da-grci-na-referendumu-biraju-zele-li-ostati-u-eurozoni-ili-ne\/#primaryimage"},"thumbnailUrl":"https:\/\/sandzakpress.net\/arhiva\/wp-content\/uploads\/2012\/05\/kancelarka-merkel-300x185.jpg","articleSection":["Njema\u010dka","Svijet","Evropa"],"inLanguage":"bs-BA","potentialAction":[{"@type":"CommentAction","name":"Comment","target":["https:\/\/sandzakpress.net\/arhiva\/kancelarka-merkel-predlozila-da-grci-na-referendumu-biraju-zele-li-ostati-u-eurozoni-ili-ne\/#respond"]}]},{"@type":"WebPage","@id":"https:\/\/sandzakpress.net\/arhiva\/kancelarka-merkel-predlozila-da-grci-na-referendumu-biraju-zele-li-ostati-u-eurozoni-ili-ne\/","url":"https:\/\/sandzakpress.net\/arhiva\/kancelarka-merkel-predlozila-da-grci-na-referendumu-biraju-zele-li-ostati-u-eurozoni-ili-ne\/","name":"Kancelarka Merkel predlo\u017eila da Grci na referendumu biraju \u017eele li ostati u eurozoni ili ne","isPartOf":{"@id":"https:\/\/sandzakpress.net\/arhiva\/#website"},"primaryImageOfPage":{"@id":"https:\/\/sandzakpress.net\/arhiva\/kancelarka-merkel-predlozila-da-grci-na-referendumu-biraju-zele-li-ostati-u-eurozoni-ili-ne\/#primaryimage"},"image":{"@id":"https:\/\/sandzakpress.net\/arhiva\/kancelarka-merkel-predlozila-da-grci-na-referendumu-biraju-zele-li-ostati-u-eurozoni-ili-ne\/#primaryimage"},"thumbnailUrl":"https:\/\/sandzakpress.net\/arhiva\/wp-content\/uploads\/2012\/05\/kancelarka-merkel-300x185.jpg","datePublished":"2012-05-19T16:39:42+00:00","dateModified":"2012-07-14T18:13:22+00:00","breadcrumb":{"@id":"https:\/\/sandzakpress.net\/arhiva\/kancelarka-merkel-predlozila-da-grci-na-referendumu-biraju-zele-li-ostati-u-eurozoni-ili-ne\/#breadcrumb"},"inLanguage":"bs-BA","potentialAction":[{"@type":"ReadAction","target":["https:\/\/sandzakpress.net\/arhiva\/kancelarka-merkel-predlozila-da-grci-na-referendumu-biraju-zele-li-ostati-u-eurozoni-ili-ne\/"]}]},{"@type":"ImageObject","inLanguage":"bs-BA","@id":"https:\/\/sandzakpress.net\/arhiva\/kancelarka-merkel-predlozila-da-grci-na-referendumu-biraju-zele-li-ostati-u-eurozoni-ili-ne\/#primaryimage","url":"https:\/\/sandzakpress.net\/arhiva\/wp-content\/uploads\/2012\/05\/kancelarka-merkel-300x185.jpg","contentUrl":"https:\/\/sandzakpress.net\/arhiva\/wp-content\/uploads\/2012\/05\/kancelarka-merkel-300x185.jpg","width":300,"height":185},{"@type":"BreadcrumbList","@id":"https:\/\/sandzakpress.net\/arhiva\/kancelarka-merkel-predlozila-da-grci-na-referendumu-biraju-zele-li-ostati-u-eurozoni-ili-ne\/#breadcrumb","itemListElement":[{"@type":"ListItem","position":1,"name":"Home","item":"https:\/\/sandzakpress.net\/arhiva\/"},{"@type":"ListItem","position":2,"name":"Kancelarka Merkel predlo\u017eila da Grci na referendumu biraju \u017eele li ostati u eurozoni ili ne"}]},{"@type":"WebSite","@id":"https:\/\/sandzakpress.net\/arhiva\/#website","url":"https:\/\/sandzakpress.net\/arhiva\/","name":"Sand\u017eak PRESS","description":"Prve elektronske novine u Sand\u017eaku","publisher":{"@id":"https:\/\/sandzakpress.net\/arhiva\/#\/schema\/person\/6e72b67d6e51910a1117b3b483ba20bd"},"potentialAction":[{"@type":"SearchAction","target":{"@type":"EntryPoint","urlTemplate":"https:\/\/sandzakpress.net\/arhiva\/?s={search_term_string}"},"query-input":{"@type":"PropertyValueSpecification","valueRequired":true,"valueName":"search_term_string"}}],"inLanguage":"bs-BA"},{"@type":["Person","Organization"],"@id":"https:\/\/sandzakpress.net\/arhiva\/#\/schema\/person\/6e72b67d6e51910a1117b3b483ba20bd","name":"Kul","image":{"@type":"ImageObject","inLanguage":"bs-BA","@id":"https:\/\/sandzakpress.net\/arhiva\/#\/schema\/person\/image\/","url":"https:\/\/secure.gravatar.com\/avatar\/42263f39aa27ac04c43cab85c280eb2e?s=96&d=mm&r=pg","contentUrl":"https:\/\/secure.gravatar.com\/avatar\/42263f39aa27ac04c43cab85c280eb2e?s=96&d=mm&r=pg","caption":"Kul"},"logo":{"@id":"https:\/\/sandzakpress.net\/arhiva\/#\/schema\/person\/image\/"}},{"@type":"Person","@id":"","url":"https:\/\/sandzakpress.net\/arhiva\/author\/"}]}},"_links":{"self":[{"href":"https:\/\/sandzakpress.net\/arhiva\/wp-json\/wp\/v2\/posts\/39747"}],"collection":[{"href":"https:\/\/sandzakpress.net\/arhiva\/wp-json\/wp\/v2\/posts"}],"about":[{"href":"https:\/\/sandzakpress.net\/arhiva\/wp-json\/wp\/v2\/types\/post"}],"author":[{"embeddable":true,"href":"https:\/\/sandzakpress.net\/arhiva\/wp-json\/wp\/v2\/users\/13"}],"replies":[{"embeddable":true,"href":"https:\/\/sandzakpress.net\/arhiva\/wp-json\/wp\/v2\/comments?post=39747"}],"version-history":[{"count":0,"href":"https:\/\/sandzakpress.net\/arhiva\/wp-json\/wp\/v2\/posts\/39747\/revisions"}],"wp:featuredmedia":[{"embeddable":true,"href":"https:\/\/sandzakpress.net\/arhiva\/wp-json\/wp\/v2\/media\/39748"}],"wp:attachment":[{"href":"https:\/\/sandzakpress.net\/arhiva\/wp-json\/wp\/v2\/media?parent=39747"}],"wp:term":[{"taxonomy":"category","embeddable":true,"href":"https:\/\/sandzakpress.net\/arhiva\/wp-json\/wp\/v2\/categories?post=39747"},{"taxonomy":"post_tag","embeddable":true,"href":"https:\/\/sandzakpress.net\/arhiva\/wp-json\/wp\/v2\/tags?post=39747"}],"curies":[{"name":"wp","href":"https:\/\/api.w.org\/{rel}","templated":true}]}}