{"id":39738,"date":"2012-05-19T18:27:44","date_gmt":"2012-05-19T16:27:44","guid":{"rendered":"https:\/\/sandzakpress.net\/arhiva\/?p=39738"},"modified":"2012-05-19T18:27:44","modified_gmt":"2012-05-19T16:27:44","slug":"pljevlja-akademski-centar-nema-ko-da-placa","status":"publish","type":"post","link":"https:\/\/sandzakpress.net\/arhiva\/pljevlja-akademski-centar-nema-ko-da-placa\/","title":{"rendered":"Pljevlja: Akademski centar nema ko da pla\u0107a"},"content":{"rendered":"<p><strong> <a href=\"https:\/\/sandzakpress.net\/arhiva\/wp-content\/uploads\/2012\/05\/pljevlja-so-u-300x225.jpg\"><img loading=\"lazy\" decoding=\"async\" class=\"alignleft size-full wp-image-39739\" title=\"pljevlja-so-u-300x225\" src=\"https:\/\/sandzakpress.net\/arhiva\/wp-content\/uploads\/2012\/05\/pljevlja-so-u-300x225.jpg\" alt=\"\" width=\"300\" height=\"225\" \/><\/a>Pljevlja &#8211; Najvi\u0161e pa\u017enje i vremena na 18. sjednici Skup\u0161tine op\u0107ine  odbornici su posvjetili prvoj ta\u010dki dnevnog reda \u2013 izvje\u0161taju o izgradnji  i funkcionisanju Akademskog centra op\u0107ine Pljevlja.<\/strong><\/p>\n<div>Rje\u0161enjem predsjednika op\u0107ine od 23.  aprila ove godine formiran je stru\u010dni tim u cilju izrade izvje\u0161taja, kao  i prijedloga zaklju\u010daka o opravdanosti daljeg postojanja studijskog  programa Ma\u0161instvo i studijskog programa Menad\u017ement u kulinarstvu.Akademski centar je do sada op\u0107inu  ko\u0161tao oko 2,5 miliona eura, a za skup\u0161tinsku ve\u0107inu upitno je i pitanje  vlasni\u0161tva nad objektom koji je Ministarstvo odbrane ustupilo op\u0107ini  na privremeno kori\u0161\u0107enje, kao i to \u0161to op\u0161tina finansira ovu  visoko\u0161kolsku ustanovu.<\/p>\n<p>Prije razmatranja prve ta\u010dke dnevnog  reda, odbornici DPS-a i SDP-a zatra\u017eili su pauzu i pozvali kolege iz  koalicije Bolja Pljevlja \u2013 bolja Crna Gora da obi\u0111u Akademski centar  jer, kako su rekli, mnogi od njih nijesu nikad ni bili tamo.<\/p>\n<p>Nakon pauze uslijedila je rasprava tokom  koje su iz koalicije Evropska Pljevlja iznijeli tvrdnju da lokalna  vlast \u017eeli da ukine studije.<\/p>\n<p>&#8211; Name\u0107e se zaklju\u010dak da se radi o  prijetnji \u2013 ako ne finansirate, mi \u0107emo ukinuti. Radi se o vrsti ucjene i  pritiska na Vladu. Za\u0161to ranije SO nije raspravljala na ovu temu, a  tako\u0111e ste imali ve\u0107inu? Da li op\u0161tina \u0161tedi tako \u0161to pove\u0107ava broj  zaposlenih i jesu li plate zaposlenima u lokalnoj upravi prioritet  op\u0107ine \u2013 zapitao je odbornik Mervan Avdovi\u0107.<\/p>\n<p>On je rekao da u izvje\u0161taju nema ni  rije\u010di o tome kako je Akademski centar uticao na \u017eivot mladih u  Pljevljima, te da je jedan od razloga za\u0161to DPS ne\u0107e glasati za njegovo  usvajanje taj \u0161to je polovi\u010dan, a drugi \u0161to se \u017eeli zatvoriti Akademski  centar.<\/p>\n<p>Iz koalicije Bolja Pljevlja \u2013 bolja Crna  Gora odgovorili su da pitanje nije da li \u0107e biti zatvoren Akademski  centar, ve\u0107 ko \u0107e da ga finansira, te da na osnovu prihoda koje ima  op\u0107ina ne mogu ni rupe na ulicama zakrpiti jer ih je prethodna izvr\u0161na  vlast dovela u du\u017eni\u010dku krizu.<\/p>\n<p>Iz DPS-a su odgovorili da je dosta bilo analiza o tome \u0161ta je prethodna vlast radila.<\/p>\n<p>&#8211; Red je da analiziramo i \u0161ta ste vi uradili, ve\u0107 \u0161est mjeseci ste na vlasti \u2013 kazao je odbornik Faik Muhovi\u0107.<\/p>\n<p>Predsjedniku op\u0107ine je zamjereno \u0161to u  sastavu tima za izradu ovog izvje\u0161taja nije bilo nikoga iz prosvjete,  NVO, koalicije DPS- SDP, kao ni predstavnika gra\u0111ana.<\/p>\n<p>Ni SDP nije bila za usvajanje izvje\u0161taja  jer, kako su rekli, ima karakter informacije sa zaklju\u010dcima koji su  totalni proma\u0161aj zadate teme.<\/p>\n<p>Nakon jo\u0161 jedne pauze izvje\u0161taj je ipak  usvojen, sa sljede\u0107im zaklju\u010dcima: odjeljenje Ma\u0161inskog fakulteta  nastavlja rad u \u0161kolskoj 2012\/2013. godini; ovla\u0161\u0107uje se predsjednik  op\u0161tine da mo\u017ee potpisati ugovor sa Ma\u0161inskim fakultetom o nastavku  studija u Pljevljima u \u0161kolskoj\u00a0 2012\/2013. godini; studijski program  Kulinarski menad\u017ement hotelsko \u2013 edukativnog centra Milo\u010der nastavlja  rad u 2012\/2013. godini, uz razmatranje postoje\u0107eg ugovora; ovla\u0161\u0107uje se  predsjednik op\u0161tine i predsjednik SO da obave razgovor sa Ministarstvom  prosvjete o na\u010dinu finansiranja i vrsti studijskih programa u  Pljevljima.<\/p>\n<p>O eventualnim izmjenama uslova upisa,  uvo\u0111enju novih studijskih programa i broju studenata sporazumno \u0107e  odlu\u010divati op\u0161tina Pljevlja, Univerzitet i Ministarstvo prosvjete.  Zadu\u017euje se predsjednik op\u0161tine da u \u0161to kra\u0107em roku obavi razgovor sa  ministrom odbrane u cilju rje\u0161avanja vlasni\u0161tva nad dijelom kasarne  \u201eVladimir Kne\u017eevi\u0107 Volo\u0111a\u201c, koji je dat na privremeno kori\u0161\u0107enje op\u0161tini  za otvaranje Akademskog centra.<\/p>\n<p>Na sjednici je usvojena i inicijativa  Udru\u017eenja Pljevljaka u Beogradu o davanju podr\u0161ke otvaranju generalnog  konzulata Republike Srbije u Pljevljima, iako su odbornici DPS \u2013a  tra\u017eili da se ta ta\u010dka povu\u010de sa dnevnog reda. Kako su rekli, nije  pripremljena ni po zakonu, ni po Statutu SO, ve\u0107 se radi o mije\u0161anju u  unutra\u0161nju politiku susjedne dr\u017eave. Iz tih razloga odbornici DPS \u2013a i  SDP-a napustili su Skup\u0161tinu kad je na red do\u0161la ta ta\u010dka.<\/p>\n<p>Odbornici su, izme\u0111u ostalih, donijeli i  odluke o porezu na nepokretnosti, prijedlog odluke o naknadi za  komunalno opremanje zemlji\u0161ta, o naknadi za kori\u0161\u0107enje op\u0161tinskih i  nekategorisanih puteva i putnog zemlji\u0161ta na podru\u010dju op\u0107ine Pljevlja.<\/p>\n<p><strong>Pismo studenata Ma\u0161inskog fakulteta<\/strong><\/p>\n<p>Prije zasijedanja SO, studenti Ma\u0161inskog  fakulteta u Pljevljima obratili su se otvorenim pismom predsjedniku  op\u0107ine dr Miloju Pupovi\u0107u.<\/p>\n<p>&#8211; Umjesto da budu\u0107e generacije i gra\u0111ane  Pljevalja rasteretite tro\u0161kova finansiranja i \u0161kolovanja djece, vi  \u017eelite da primorate gra\u0111ane, kao i nas studente, na \u0161kolovanje u drugim  op\u0107inama ili dr\u017eavama, i time uve\u0107ate na\u0161e izdatke \u2013 ka\u017ee se u pismu  koje su potpisala 63 studenta.<\/p>\n<p>Kao svjedoci negativnih rezultata  demografskih kretanja u Pljevljima, studenti zamjeraju predsjedniku  op\u0107ine da, umjesto da se otvaraju novi studijski programi i zadr\u017eavaju  budu\u0107i studenti, stavlja u drugi plan \u017eelje i potrebe mladih ljudi ovog  grada.<\/p>\n<p>&#8211; Akademski centar u Pljevljima, koji je  otvoren 2008. godine, do danas je upisao stotine mladih ljudi, a svake  godine pove\u0107ava se interesovanje za postoje\u0107e studijske programe.  Imaju\u0107i u vidu da smo industrijski centar Crne Gore, sa potencijalima iz  oblasti energetike, rudarstva, drvne industrije\u2026 otvaranjem Centra  napravljen je veliki iskorak u prevazila\u017eenju zaostajanja Pljevljaka u  visoko\u0161kolskom obrazovanju i probu\u0111ena nada za kvalitetniji \u017eivot  omladine iz ove op\u0107ine \u2013 navodi se u obra\u0107anju studenata Ma\u0161inskog  fakulteta.<\/p>\n<p>Na kraju, studenti su izrazili nadu da  \u0107e lokalne strukture vlasti jo\u0161 jednom razmisliti o posljedicama  ukidanja Akademskog centra, jer bi, smatraju, to bilo neodgovorno za  dalji razvoj Pljevalja.<\/p>\n<div>\nIzvor:<strong> Pobjeda.me<\/strong><\/div>\n<\/div>\n","protected":false},"excerpt":{"rendered":"<p>Pljevlja &#8211; Najvi\u0161e pa\u017enje i vremena na 18. sjednici Skup\u0161tine op\u0107ine odbornici su posvjetili prvoj ta\u010dki dnevnog reda \u2013 izvje\u0161taju o izgradnji i funkcionisanju Akademskog centra op\u0107ine Pljevlja. Rje\u0161enjem predsjednika op\u0107ine od 23. aprila ove godine formiran je stru\u010dni tim u cilju izrade izvje\u0161taja, kao i prijedloga zaklju\u010daka o opravdanosti daljeg postojanja studijskog programa Ma\u0161instvo [&hellip;]<\/p>\n","protected":false},"author":13,"featured_media":39739,"comment_status":"open","ping_status":"open","sticky":false,"template":"","format":"standard","meta":{"footnotes":""},"categories":[395],"tags":[],"class_list":{"0":"post-39738","1":"post","2":"type-post","3":"status-publish","4":"format-standard","5":"has-post-thumbnail","7":"category-pljevlja_"},"yoast_head":"<!-- This site is optimized with the Yoast SEO Premium plugin v23.1 (Yoast SEO v24.9) - https:\/\/yoast.com\/wordpress\/plugins\/seo\/ -->\n<title>Pljevlja: Akademski centar nema ko da pla\u0107a<\/title>\n<meta name=\"robots\" content=\"index, follow, max-snippet:-1, max-image-preview:large, max-video-preview:-1\" \/>\n<link rel=\"canonical\" href=\"https:\/\/sandzakpress.net\/arhiva\/pljevlja-akademski-centar-nema-ko-da-placa\/\" \/>\n<meta property=\"og:locale\" content=\"bs_BA\" \/>\n<meta property=\"og:type\" content=\"article\" \/>\n<meta property=\"og:title\" content=\"Pljevlja: Akademski centar nema ko da pla\u0107a\" \/>\n<meta property=\"og:description\" content=\"Pljevlja &#8211; Najvi\u0161e pa\u017enje i vremena na 18. sjednici Skup\u0161tine op\u0107ine odbornici su posvjetili prvoj ta\u010dki dnevnog reda \u2013 izvje\u0161taju o izgradnji i funkcionisanju Akademskog centra op\u0107ine Pljevlja. Rje\u0161enjem predsjednika op\u0107ine od 23. aprila ove godine formiran je stru\u010dni tim u cilju izrade izvje\u0161taja, kao i prijedloga zaklju\u010daka o opravdanosti daljeg postojanja studijskog programa Ma\u0161instvo [&hellip;]\" \/>\n<meta property=\"og:url\" content=\"https:\/\/sandzakpress.net\/arhiva\/pljevlja-akademski-centar-nema-ko-da-placa\/\" \/>\n<meta property=\"og:site_name\" content=\"Sand\u017eak PRESS\" \/>\n<meta property=\"article:published_time\" content=\"2012-05-19T16:27:44+00:00\" \/>\n<meta property=\"og:image\" content=\"https:\/\/sandzakpress.net\/arhiva\/wp-content\/uploads\/2012\/05\/pljevlja-so-u-300x225.jpg\" \/>\n\t<meta property=\"og:image:width\" content=\"300\" \/>\n\t<meta property=\"og:image:height\" content=\"225\" \/>\n\t<meta property=\"og:image:type\" content=\"image\/jpeg\" \/>\n<meta name=\"twitter:card\" content=\"summary_large_image\" \/>\n<meta name=\"twitter:label1\" content=\"Written by\" \/>\n\t<meta name=\"twitter:data1\" content=\"\" \/>\n\t<meta name=\"twitter:label2\" content=\"Est. reading time\" \/>\n\t<meta name=\"twitter:data2\" content=\"5 minuta\" \/>\n<script type=\"application\/ld+json\" class=\"yoast-schema-graph\">{\"@context\":\"https:\/\/schema.org\",\"@graph\":[{\"@type\":\"Article\",\"@id\":\"https:\/\/sandzakpress.net\/arhiva\/pljevlja-akademski-centar-nema-ko-da-placa\/#article\",\"isPartOf\":{\"@id\":\"https:\/\/sandzakpress.net\/arhiva\/pljevlja-akademski-centar-nema-ko-da-placa\/\"},\"author\":{\"name\":\"\",\"@id\":\"\"},\"headline\":\"Pljevlja: Akademski centar nema ko da pla\u0107a\",\"datePublished\":\"2012-05-19T16:27:44+00:00\",\"mainEntityOfPage\":{\"@id\":\"https:\/\/sandzakpress.net\/arhiva\/pljevlja-akademski-centar-nema-ko-da-placa\/\"},\"wordCount\":969,\"commentCount\":0,\"publisher\":{\"@id\":\"https:\/\/sandzakpress.net\/arhiva\/#\/schema\/person\/6e72b67d6e51910a1117b3b483ba20bd\"},\"image\":{\"@id\":\"https:\/\/sandzakpress.net\/arhiva\/pljevlja-akademski-centar-nema-ko-da-placa\/#primaryimage\"},\"thumbnailUrl\":\"https:\/\/sandzakpress.net\/arhiva\/wp-content\/uploads\/2012\/05\/pljevlja-so-u-300x225.jpg\",\"articleSection\":[\"Pljevlja\"],\"inLanguage\":\"bs-BA\",\"potentialAction\":[{\"@type\":\"CommentAction\",\"name\":\"Comment\",\"target\":[\"https:\/\/sandzakpress.net\/arhiva\/pljevlja-akademski-centar-nema-ko-da-placa\/#respond\"]}]},{\"@type\":\"WebPage\",\"@id\":\"https:\/\/sandzakpress.net\/arhiva\/pljevlja-akademski-centar-nema-ko-da-placa\/\",\"url\":\"https:\/\/sandzakpress.net\/arhiva\/pljevlja-akademski-centar-nema-ko-da-placa\/\",\"name\":\"Pljevlja: Akademski centar nema ko da pla\u0107a\",\"isPartOf\":{\"@id\":\"https:\/\/sandzakpress.net\/arhiva\/#website\"},\"primaryImageOfPage\":{\"@id\":\"https:\/\/sandzakpress.net\/arhiva\/pljevlja-akademski-centar-nema-ko-da-placa\/#primaryimage\"},\"image\":{\"@id\":\"https:\/\/sandzakpress.net\/arhiva\/pljevlja-akademski-centar-nema-ko-da-placa\/#primaryimage\"},\"thumbnailUrl\":\"https:\/\/sandzakpress.net\/arhiva\/wp-content\/uploads\/2012\/05\/pljevlja-so-u-300x225.jpg\",\"datePublished\":\"2012-05-19T16:27:44+00:00\",\"breadcrumb\":{\"@id\":\"https:\/\/sandzakpress.net\/arhiva\/pljevlja-akademski-centar-nema-ko-da-placa\/#breadcrumb\"},\"inLanguage\":\"bs-BA\",\"potentialAction\":[{\"@type\":\"ReadAction\",\"target\":[\"https:\/\/sandzakpress.net\/arhiva\/pljevlja-akademski-centar-nema-ko-da-placa\/\"]}]},{\"@type\":\"ImageObject\",\"inLanguage\":\"bs-BA\",\"@id\":\"https:\/\/sandzakpress.net\/arhiva\/pljevlja-akademski-centar-nema-ko-da-placa\/#primaryimage\",\"url\":\"https:\/\/sandzakpress.net\/arhiva\/wp-content\/uploads\/2012\/05\/pljevlja-so-u-300x225.jpg\",\"contentUrl\":\"https:\/\/sandzakpress.net\/arhiva\/wp-content\/uploads\/2012\/05\/pljevlja-so-u-300x225.jpg\",\"width\":300,\"height\":225},{\"@type\":\"BreadcrumbList\",\"@id\":\"https:\/\/sandzakpress.net\/arhiva\/pljevlja-akademski-centar-nema-ko-da-placa\/#breadcrumb\",\"itemListElement\":[{\"@type\":\"ListItem\",\"position\":1,\"name\":\"Home\",\"item\":\"https:\/\/sandzakpress.net\/arhiva\/\"},{\"@type\":\"ListItem\",\"position\":2,\"name\":\"Pljevlja: Akademski centar nema ko da pla\u0107a\"}]},{\"@type\":\"WebSite\",\"@id\":\"https:\/\/sandzakpress.net\/arhiva\/#website\",\"url\":\"https:\/\/sandzakpress.net\/arhiva\/\",\"name\":\"Sand\u017eak PRESS\",\"description\":\"Prve elektronske novine u Sand\u017eaku\",\"publisher\":{\"@id\":\"https:\/\/sandzakpress.net\/arhiva\/#\/schema\/person\/6e72b67d6e51910a1117b3b483ba20bd\"},\"potentialAction\":[{\"@type\":\"SearchAction\",\"target\":{\"@type\":\"EntryPoint\",\"urlTemplate\":\"https:\/\/sandzakpress.net\/arhiva\/?s={search_term_string}\"},\"query-input\":{\"@type\":\"PropertyValueSpecification\",\"valueRequired\":true,\"valueName\":\"search_term_string\"}}],\"inLanguage\":\"bs-BA\"},{\"@type\":[\"Person\",\"Organization\"],\"@id\":\"https:\/\/sandzakpress.net\/arhiva\/#\/schema\/person\/6e72b67d6e51910a1117b3b483ba20bd\",\"name\":\"Kul\",\"image\":{\"@type\":\"ImageObject\",\"inLanguage\":\"bs-BA\",\"@id\":\"https:\/\/sandzakpress.net\/arhiva\/#\/schema\/person\/image\/\",\"url\":\"https:\/\/secure.gravatar.com\/avatar\/42263f39aa27ac04c43cab85c280eb2e?s=96&d=mm&r=pg\",\"contentUrl\":\"https:\/\/secure.gravatar.com\/avatar\/42263f39aa27ac04c43cab85c280eb2e?s=96&d=mm&r=pg\",\"caption\":\"Kul\"},\"logo\":{\"@id\":\"https:\/\/sandzakpress.net\/arhiva\/#\/schema\/person\/image\/\"}},{\"@type\":\"Person\",\"@id\":\"\",\"url\":\"https:\/\/sandzakpress.net\/arhiva\/author\/\"}]}<\/script>\n<!-- \/ Yoast SEO Premium plugin. -->","yoast_head_json":{"title":"Pljevlja: Akademski centar nema ko da pla\u0107a","robots":{"index":"index","follow":"follow","max-snippet":"max-snippet:-1","max-image-preview":"max-image-preview:large","max-video-preview":"max-video-preview:-1"},"canonical":"https:\/\/sandzakpress.net\/arhiva\/pljevlja-akademski-centar-nema-ko-da-placa\/","og_locale":"bs_BA","og_type":"article","og_title":"Pljevlja: Akademski centar nema ko da pla\u0107a","og_description":"Pljevlja &#8211; Najvi\u0161e pa\u017enje i vremena na 18. sjednici Skup\u0161tine op\u0107ine odbornici su posvjetili prvoj ta\u010dki dnevnog reda \u2013 izvje\u0161taju o izgradnji i funkcionisanju Akademskog centra op\u0107ine Pljevlja. Rje\u0161enjem predsjednika op\u0107ine od 23. aprila ove godine formiran je stru\u010dni tim u cilju izrade izvje\u0161taja, kao i prijedloga zaklju\u010daka o opravdanosti daljeg postojanja studijskog programa Ma\u0161instvo [&hellip;]","og_url":"https:\/\/sandzakpress.net\/arhiva\/pljevlja-akademski-centar-nema-ko-da-placa\/","og_site_name":"Sand\u017eak PRESS","article_published_time":"2012-05-19T16:27:44+00:00","og_image":[{"width":300,"height":225,"url":"https:\/\/sandzakpress.net\/arhiva\/wp-content\/uploads\/2012\/05\/pljevlja-so-u-300x225.jpg","type":"image\/jpeg"}],"twitter_card":"summary_large_image","twitter_misc":{"Written by":"","Est. reading time":"5 minuta"},"schema":{"@context":"https:\/\/schema.org","@graph":[{"@type":"Article","@id":"https:\/\/sandzakpress.net\/arhiva\/pljevlja-akademski-centar-nema-ko-da-placa\/#article","isPartOf":{"@id":"https:\/\/sandzakpress.net\/arhiva\/pljevlja-akademski-centar-nema-ko-da-placa\/"},"author":{"name":"","@id":""},"headline":"Pljevlja: Akademski centar nema ko da pla\u0107a","datePublished":"2012-05-19T16:27:44+00:00","mainEntityOfPage":{"@id":"https:\/\/sandzakpress.net\/arhiva\/pljevlja-akademski-centar-nema-ko-da-placa\/"},"wordCount":969,"commentCount":0,"publisher":{"@id":"https:\/\/sandzakpress.net\/arhiva\/#\/schema\/person\/6e72b67d6e51910a1117b3b483ba20bd"},"image":{"@id":"https:\/\/sandzakpress.net\/arhiva\/pljevlja-akademski-centar-nema-ko-da-placa\/#primaryimage"},"thumbnailUrl":"https:\/\/sandzakpress.net\/arhiva\/wp-content\/uploads\/2012\/05\/pljevlja-so-u-300x225.jpg","articleSection":["Pljevlja"],"inLanguage":"bs-BA","potentialAction":[{"@type":"CommentAction","name":"Comment","target":["https:\/\/sandzakpress.net\/arhiva\/pljevlja-akademski-centar-nema-ko-da-placa\/#respond"]}]},{"@type":"WebPage","@id":"https:\/\/sandzakpress.net\/arhiva\/pljevlja-akademski-centar-nema-ko-da-placa\/","url":"https:\/\/sandzakpress.net\/arhiva\/pljevlja-akademski-centar-nema-ko-da-placa\/","name":"Pljevlja: Akademski centar nema ko da pla\u0107a","isPartOf":{"@id":"https:\/\/sandzakpress.net\/arhiva\/#website"},"primaryImageOfPage":{"@id":"https:\/\/sandzakpress.net\/arhiva\/pljevlja-akademski-centar-nema-ko-da-placa\/#primaryimage"},"image":{"@id":"https:\/\/sandzakpress.net\/arhiva\/pljevlja-akademski-centar-nema-ko-da-placa\/#primaryimage"},"thumbnailUrl":"https:\/\/sandzakpress.net\/arhiva\/wp-content\/uploads\/2012\/05\/pljevlja-so-u-300x225.jpg","datePublished":"2012-05-19T16:27:44+00:00","breadcrumb":{"@id":"https:\/\/sandzakpress.net\/arhiva\/pljevlja-akademski-centar-nema-ko-da-placa\/#breadcrumb"},"inLanguage":"bs-BA","potentialAction":[{"@type":"ReadAction","target":["https:\/\/sandzakpress.net\/arhiva\/pljevlja-akademski-centar-nema-ko-da-placa\/"]}]},{"@type":"ImageObject","inLanguage":"bs-BA","@id":"https:\/\/sandzakpress.net\/arhiva\/pljevlja-akademski-centar-nema-ko-da-placa\/#primaryimage","url":"https:\/\/sandzakpress.net\/arhiva\/wp-content\/uploads\/2012\/05\/pljevlja-so-u-300x225.jpg","contentUrl":"https:\/\/sandzakpress.net\/arhiva\/wp-content\/uploads\/2012\/05\/pljevlja-so-u-300x225.jpg","width":300,"height":225},{"@type":"BreadcrumbList","@id":"https:\/\/sandzakpress.net\/arhiva\/pljevlja-akademski-centar-nema-ko-da-placa\/#breadcrumb","itemListElement":[{"@type":"ListItem","position":1,"name":"Home","item":"https:\/\/sandzakpress.net\/arhiva\/"},{"@type":"ListItem","position":2,"name":"Pljevlja: Akademski centar nema ko da pla\u0107a"}]},{"@type":"WebSite","@id":"https:\/\/sandzakpress.net\/arhiva\/#website","url":"https:\/\/sandzakpress.net\/arhiva\/","name":"Sand\u017eak PRESS","description":"Prve elektronske novine u Sand\u017eaku","publisher":{"@id":"https:\/\/sandzakpress.net\/arhiva\/#\/schema\/person\/6e72b67d6e51910a1117b3b483ba20bd"},"potentialAction":[{"@type":"SearchAction","target":{"@type":"EntryPoint","urlTemplate":"https:\/\/sandzakpress.net\/arhiva\/?s={search_term_string}"},"query-input":{"@type":"PropertyValueSpecification","valueRequired":true,"valueName":"search_term_string"}}],"inLanguage":"bs-BA"},{"@type":["Person","Organization"],"@id":"https:\/\/sandzakpress.net\/arhiva\/#\/schema\/person\/6e72b67d6e51910a1117b3b483ba20bd","name":"Kul","image":{"@type":"ImageObject","inLanguage":"bs-BA","@id":"https:\/\/sandzakpress.net\/arhiva\/#\/schema\/person\/image\/","url":"https:\/\/secure.gravatar.com\/avatar\/42263f39aa27ac04c43cab85c280eb2e?s=96&d=mm&r=pg","contentUrl":"https:\/\/secure.gravatar.com\/avatar\/42263f39aa27ac04c43cab85c280eb2e?s=96&d=mm&r=pg","caption":"Kul"},"logo":{"@id":"https:\/\/sandzakpress.net\/arhiva\/#\/schema\/person\/image\/"}},{"@type":"Person","@id":"","url":"https:\/\/sandzakpress.net\/arhiva\/author\/"}]}},"_links":{"self":[{"href":"https:\/\/sandzakpress.net\/arhiva\/wp-json\/wp\/v2\/posts\/39738"}],"collection":[{"href":"https:\/\/sandzakpress.net\/arhiva\/wp-json\/wp\/v2\/posts"}],"about":[{"href":"https:\/\/sandzakpress.net\/arhiva\/wp-json\/wp\/v2\/types\/post"}],"author":[{"embeddable":true,"href":"https:\/\/sandzakpress.net\/arhiva\/wp-json\/wp\/v2\/users\/13"}],"replies":[{"embeddable":true,"href":"https:\/\/sandzakpress.net\/arhiva\/wp-json\/wp\/v2\/comments?post=39738"}],"version-history":[{"count":0,"href":"https:\/\/sandzakpress.net\/arhiva\/wp-json\/wp\/v2\/posts\/39738\/revisions"}],"wp:featuredmedia":[{"embeddable":true,"href":"https:\/\/sandzakpress.net\/arhiva\/wp-json\/wp\/v2\/media\/39739"}],"wp:attachment":[{"href":"https:\/\/sandzakpress.net\/arhiva\/wp-json\/wp\/v2\/media?parent=39738"}],"wp:term":[{"taxonomy":"category","embeddable":true,"href":"https:\/\/sandzakpress.net\/arhiva\/wp-json\/wp\/v2\/categories?post=39738"},{"taxonomy":"post_tag","embeddable":true,"href":"https:\/\/sandzakpress.net\/arhiva\/wp-json\/wp\/v2\/tags?post=39738"}],"curies":[{"name":"wp","href":"https:\/\/api.w.org\/{rel}","templated":true}]}}