{"id":3969,"date":"2010-04-20T19:39:51","date_gmt":"2010-04-20T19:39:51","guid":{"rendered":"https:\/\/sandzakpress.net\/arhiva\/?p=3969"},"modified":"2010-04-20T19:39:51","modified_gmt":"2010-04-20T19:39:51","slug":"mesihat-podrzao-muftiju-za-nosioca-liste","status":"publish","type":"post","link":"https:\/\/sandzakpress.net\/arhiva\/mesihat-podrzao-muftiju-za-nosioca-liste\/","title":{"rendered":"Me\u0161ihat podr\u017eao Muftiju za nosioca liste"},"content":{"rendered":"<p><strong><a href=\"https:\/\/sandzakpress.net\/arhiva\/wp-content\/uploads\/2010\/04\/muftija-muamer-ef-zukorlic-bkz-1.jpg\"><img loading=\"lazy\" decoding=\"async\" class=\"alignleft size-medium wp-image-3970\" title=\"muftija muamer ef zukorlic bkz 1\" src=\"https:\/\/sandzakpress.net\/arhiva\/wp-content\/uploads\/2010\/04\/muftija-muamer-ef-zukorlic-bkz-1-300x210.jpg\" alt=\"\" width=\"193\" height=\"135\" \/><\/a>Sjeverni Sand\u017eak &#8211; Na sjednici Me\u0161ihata Islamske zajednice u Srbiji, \u010dlanovi Me\u0161ihata su, uz jedan uzdr\u017ean glas, podr\u017eali odluku glavnog muftije Muamer ef. Zukorli\u0107a da prihvati ponudu Predsjedni\u0161tva Bo\u0161nja\u010dke kulturne zajednice za nosioca Liste BKZ na predstoje\u0107im izborima za Bo\u0161nja\u010dki nacionalni savjet 6. juna.<\/strong><\/p>\n<p>Izbori za Nacionalni savjet Bo\u0161njaka bit \u0107e, ako Bog da, odr\u017eani 6. juna.<\/p>\n<p>Najavljena izborna lista Bo\u0161nja\u010dke kulturne zajednice, pod nazivom \u201cBo\u0161nja\u010dka kulturna zajednica \u2013 BKZ \u2013 Muftija Muamer ef. Zukorli\u0107\u201d \u0107e, prema svim pokazateljima, biti tre\u0107a na listi.<\/p>\n<p>Izvor: <strong>SandzakPRESS.net<\/strong><\/p>\n","protected":false},"excerpt":{"rendered":"<p>Sjeverni Sand\u017eak &#8211; Na sjednici Me\u0161ihata Islamske zajednice u Srbiji, \u010dlanovi Me\u0161ihata su, uz jedan uzdr\u017ean glas, podr\u017eali odluku glavnog muftije Muamer ef. Zukorli\u0107a da prihvati ponudu Predsjedni\u0161tva Bo\u0161nja\u010dke kulturne zajednice za nosioca Liste BKZ na predstoje\u0107im izborima za Bo\u0161nja\u010dki nacionalni savjet 6. juna. Izbori za Nacionalni savjet Bo\u0161njaka bit \u0107e, ako Bog da, odr\u017eani [&hellip;]<\/p>\n","protected":false},"author":83,"featured_media":3970,"comment_status":"open","ping_status":"open","sticky":false,"template":"","format":"standard","meta":{"footnotes":""},"categories":[1],"tags":[],"class_list":{"0":"post-3969","1":"post","2":"type-post","3":"status-publish","4":"format-standard","5":"has-post-thumbnail","7":"category-politika"},"yoast_head":"<!-- This site is optimized with the Yoast SEO Premium plugin v23.1 (Yoast SEO v24.9) - https:\/\/yoast.com\/wordpress\/plugins\/seo\/ -->\n<title>Me\u0161ihat podr\u017eao Muftiju za nosioca liste<\/title>\n<meta name=\"robots\" content=\"index, follow, max-snippet:-1, max-image-preview:large, max-video-preview:-1\" \/>\n<link rel=\"canonical\" href=\"https:\/\/sandzakpress.net\/arhiva\/mesihat-podrzao-muftiju-za-nosioca-liste\/\" \/>\n<meta property=\"og:locale\" content=\"bs_BA\" \/>\n<meta property=\"og:type\" content=\"article\" \/>\n<meta property=\"og:title\" content=\"Me\u0161ihat podr\u017eao Muftiju za nosioca liste\" \/>\n<meta property=\"og:description\" content=\"Sjeverni Sand\u017eak &#8211; Na sjednici Me\u0161ihata Islamske zajednice u Srbiji, \u010dlanovi Me\u0161ihata su, uz jedan uzdr\u017ean glas, podr\u017eali odluku glavnog muftije Muamer ef. Zukorli\u0107a da prihvati ponudu Predsjedni\u0161tva Bo\u0161nja\u010dke kulturne zajednice za nosioca Liste BKZ na predstoje\u0107im izborima za Bo\u0161nja\u010dki nacionalni savjet 6. juna. Izbori za Nacionalni savjet Bo\u0161njaka bit \u0107e, ako Bog da, odr\u017eani [&hellip;]\" \/>\n<meta property=\"og:url\" content=\"https:\/\/sandzakpress.net\/arhiva\/mesihat-podrzao-muftiju-za-nosioca-liste\/\" \/>\n<meta property=\"og:site_name\" content=\"Sand\u017eak PRESS\" \/>\n<meta property=\"article:published_time\" content=\"2010-04-20T19:39:51+00:00\" \/>\n<meta property=\"og:image\" content=\"https:\/\/sandzakpress.net\/arhiva\/wp-content\/uploads\/2010\/04\/muftija-muamer-ef-zukorlic-bkz-1.jpg\" \/>\n\t<meta property=\"og:image:width\" content=\"450\" \/>\n\t<meta property=\"og:image:height\" content=\"315\" \/>\n\t<meta property=\"og:image:type\" content=\"image\/jpeg\" \/>\n<meta name=\"author\" content=\"bosniak\" \/>\n<meta name=\"twitter:card\" content=\"summary_large_image\" \/>\n<meta name=\"twitter:label1\" content=\"Written by\" \/>\n\t<meta name=\"twitter:data1\" content=\"bosniak\" \/>\n\t<meta name=\"twitter:label2\" content=\"Est. reading time\" \/>\n\t<meta name=\"twitter:data2\" content=\"1 minuta\" \/>\n<script type=\"application\/ld+json\" class=\"yoast-schema-graph\">{\"@context\":\"https:\/\/schema.org\",\"@graph\":[{\"@type\":\"Article\",\"@id\":\"https:\/\/sandzakpress.net\/arhiva\/mesihat-podrzao-muftiju-za-nosioca-liste\/#article\",\"isPartOf\":{\"@id\":\"https:\/\/sandzakpress.net\/arhiva\/mesihat-podrzao-muftiju-za-nosioca-liste\/\"},\"author\":{\"name\":\"bosniak\",\"@id\":\"https:\/\/sandzakpress.net\/arhiva\/#\/schema\/person\/c8baee722073534b583ea7bdb2e36c02\"},\"headline\":\"Me\u0161ihat podr\u017eao Muftiju za nosioca liste\",\"datePublished\":\"2010-04-20T19:39:51+00:00\",\"mainEntityOfPage\":{\"@id\":\"https:\/\/sandzakpress.net\/arhiva\/mesihat-podrzao-muftiju-za-nosioca-liste\/\"},\"wordCount\":109,\"commentCount\":7,\"publisher\":{\"@id\":\"https:\/\/sandzakpress.net\/arhiva\/#\/schema\/person\/6e72b67d6e51910a1117b3b483ba20bd\"},\"image\":{\"@id\":\"https:\/\/sandzakpress.net\/arhiva\/mesihat-podrzao-muftiju-za-nosioca-liste\/#primaryimage\"},\"thumbnailUrl\":\"https:\/\/sandzakpress.net\/arhiva\/wp-content\/uploads\/2010\/04\/muftija-muamer-ef-zukorlic-bkz-1.jpg\",\"articleSection\":[\"Politika\"],\"inLanguage\":\"bs-BA\",\"potentialAction\":[{\"@type\":\"CommentAction\",\"name\":\"Comment\",\"target\":[\"https:\/\/sandzakpress.net\/arhiva\/mesihat-podrzao-muftiju-za-nosioca-liste\/#respond\"]}]},{\"@type\":\"WebPage\",\"@id\":\"https:\/\/sandzakpress.net\/arhiva\/mesihat-podrzao-muftiju-za-nosioca-liste\/\",\"url\":\"https:\/\/sandzakpress.net\/arhiva\/mesihat-podrzao-muftiju-za-nosioca-liste\/\",\"name\":\"Me\u0161ihat podr\u017eao Muftiju za nosioca liste\",\"isPartOf\":{\"@id\":\"https:\/\/sandzakpress.net\/arhiva\/#website\"},\"primaryImageOfPage\":{\"@id\":\"https:\/\/sandzakpress.net\/arhiva\/mesihat-podrzao-muftiju-za-nosioca-liste\/#primaryimage\"},\"image\":{\"@id\":\"https:\/\/sandzakpress.net\/arhiva\/mesihat-podrzao-muftiju-za-nosioca-liste\/#primaryimage\"},\"thumbnailUrl\":\"https:\/\/sandzakpress.net\/arhiva\/wp-content\/uploads\/2010\/04\/muftija-muamer-ef-zukorlic-bkz-1.jpg\",\"datePublished\":\"2010-04-20T19:39:51+00:00\",\"breadcrumb\":{\"@id\":\"https:\/\/sandzakpress.net\/arhiva\/mesihat-podrzao-muftiju-za-nosioca-liste\/#breadcrumb\"},\"inLanguage\":\"bs-BA\",\"potentialAction\":[{\"@type\":\"ReadAction\",\"target\":[\"https:\/\/sandzakpress.net\/arhiva\/mesihat-podrzao-muftiju-za-nosioca-liste\/\"]}]},{\"@type\":\"ImageObject\",\"inLanguage\":\"bs-BA\",\"@id\":\"https:\/\/sandzakpress.net\/arhiva\/mesihat-podrzao-muftiju-za-nosioca-liste\/#primaryimage\",\"url\":\"https:\/\/sandzakpress.net\/arhiva\/wp-content\/uploads\/2010\/04\/muftija-muamer-ef-zukorlic-bkz-1.jpg\",\"contentUrl\":\"https:\/\/sandzakpress.net\/arhiva\/wp-content\/uploads\/2010\/04\/muftija-muamer-ef-zukorlic-bkz-1.jpg\",\"width\":450,\"height\":315},{\"@type\":\"BreadcrumbList\",\"@id\":\"https:\/\/sandzakpress.net\/arhiva\/mesihat-podrzao-muftiju-za-nosioca-liste\/#breadcrumb\",\"itemListElement\":[{\"@type\":\"ListItem\",\"position\":1,\"name\":\"Home\",\"item\":\"https:\/\/sandzakpress.net\/arhiva\/\"},{\"@type\":\"ListItem\",\"position\":2,\"name\":\"Me\u0161ihat podr\u017eao Muftiju za nosioca liste\"}]},{\"@type\":\"WebSite\",\"@id\":\"https:\/\/sandzakpress.net\/arhiva\/#website\",\"url\":\"https:\/\/sandzakpress.net\/arhiva\/\",\"name\":\"Sand\u017eak PRESS\",\"description\":\"Prve elektronske novine u Sand\u017eaku\",\"publisher\":{\"@id\":\"https:\/\/sandzakpress.net\/arhiva\/#\/schema\/person\/6e72b67d6e51910a1117b3b483ba20bd\"},\"potentialAction\":[{\"@type\":\"SearchAction\",\"target\":{\"@type\":\"EntryPoint\",\"urlTemplate\":\"https:\/\/sandzakpress.net\/arhiva\/?s={search_term_string}\"},\"query-input\":{\"@type\":\"PropertyValueSpecification\",\"valueRequired\":true,\"valueName\":\"search_term_string\"}}],\"inLanguage\":\"bs-BA\"},{\"@type\":[\"Person\",\"Organization\"],\"@id\":\"https:\/\/sandzakpress.net\/arhiva\/#\/schema\/person\/6e72b67d6e51910a1117b3b483ba20bd\",\"name\":\"Kul\",\"image\":{\"@type\":\"ImageObject\",\"inLanguage\":\"bs-BA\",\"@id\":\"https:\/\/sandzakpress.net\/arhiva\/#\/schema\/person\/image\/\",\"url\":\"https:\/\/secure.gravatar.com\/avatar\/42263f39aa27ac04c43cab85c280eb2e?s=96&d=mm&r=pg\",\"contentUrl\":\"https:\/\/secure.gravatar.com\/avatar\/42263f39aa27ac04c43cab85c280eb2e?s=96&d=mm&r=pg\",\"caption\":\"Kul\"},\"logo\":{\"@id\":\"https:\/\/sandzakpress.net\/arhiva\/#\/schema\/person\/image\/\"}},{\"@type\":\"Person\",\"@id\":\"https:\/\/sandzakpress.net\/arhiva\/#\/schema\/person\/c8baee722073534b583ea7bdb2e36c02\",\"name\":\"bosniak\",\"image\":{\"@type\":\"ImageObject\",\"inLanguage\":\"bs-BA\",\"@id\":\"https:\/\/sandzakpress.net\/arhiva\/#\/schema\/person\/image\/\",\"url\":\"https:\/\/secure.gravatar.com\/avatar\/a04fd330bfe3a36a72a0ad4a6d89fca7?s=96&d=mm&r=pg\",\"contentUrl\":\"https:\/\/secure.gravatar.com\/avatar\/a04fd330bfe3a36a72a0ad4a6d89fca7?s=96&d=mm&r=pg\",\"caption\":\"bosniak\"},\"url\":\"https:\/\/sandzakpress.net\/arhiva\/author\/bosniak\/\"}]}<\/script>\n<!-- \/ Yoast SEO Premium plugin. -->","yoast_head_json":{"title":"Me\u0161ihat podr\u017eao Muftiju za nosioca liste","robots":{"index":"index","follow":"follow","max-snippet":"max-snippet:-1","max-image-preview":"max-image-preview:large","max-video-preview":"max-video-preview:-1"},"canonical":"https:\/\/sandzakpress.net\/arhiva\/mesihat-podrzao-muftiju-za-nosioca-liste\/","og_locale":"bs_BA","og_type":"article","og_title":"Me\u0161ihat podr\u017eao Muftiju za nosioca liste","og_description":"Sjeverni Sand\u017eak &#8211; Na sjednici Me\u0161ihata Islamske zajednice u Srbiji, \u010dlanovi Me\u0161ihata su, uz jedan uzdr\u017ean glas, podr\u017eali odluku glavnog muftije Muamer ef. Zukorli\u0107a da prihvati ponudu Predsjedni\u0161tva Bo\u0161nja\u010dke kulturne zajednice za nosioca Liste BKZ na predstoje\u0107im izborima za Bo\u0161nja\u010dki nacionalni savjet 6. juna. Izbori za Nacionalni savjet Bo\u0161njaka bit \u0107e, ako Bog da, odr\u017eani [&hellip;]","og_url":"https:\/\/sandzakpress.net\/arhiva\/mesihat-podrzao-muftiju-za-nosioca-liste\/","og_site_name":"Sand\u017eak PRESS","article_published_time":"2010-04-20T19:39:51+00:00","og_image":[{"width":450,"height":315,"url":"https:\/\/sandzakpress.net\/arhiva\/wp-content\/uploads\/2010\/04\/muftija-muamer-ef-zukorlic-bkz-1.jpg","type":"image\/jpeg"}],"author":"bosniak","twitter_card":"summary_large_image","twitter_misc":{"Written by":"bosniak","Est. reading time":"1 minuta"},"schema":{"@context":"https:\/\/schema.org","@graph":[{"@type":"Article","@id":"https:\/\/sandzakpress.net\/arhiva\/mesihat-podrzao-muftiju-za-nosioca-liste\/#article","isPartOf":{"@id":"https:\/\/sandzakpress.net\/arhiva\/mesihat-podrzao-muftiju-za-nosioca-liste\/"},"author":{"name":"bosniak","@id":"https:\/\/sandzakpress.net\/arhiva\/#\/schema\/person\/c8baee722073534b583ea7bdb2e36c02"},"headline":"Me\u0161ihat podr\u017eao Muftiju za nosioca liste","datePublished":"2010-04-20T19:39:51+00:00","mainEntityOfPage":{"@id":"https:\/\/sandzakpress.net\/arhiva\/mesihat-podrzao-muftiju-za-nosioca-liste\/"},"wordCount":109,"commentCount":7,"publisher":{"@id":"https:\/\/sandzakpress.net\/arhiva\/#\/schema\/person\/6e72b67d6e51910a1117b3b483ba20bd"},"image":{"@id":"https:\/\/sandzakpress.net\/arhiva\/mesihat-podrzao-muftiju-za-nosioca-liste\/#primaryimage"},"thumbnailUrl":"https:\/\/sandzakpress.net\/arhiva\/wp-content\/uploads\/2010\/04\/muftija-muamer-ef-zukorlic-bkz-1.jpg","articleSection":["Politika"],"inLanguage":"bs-BA","potentialAction":[{"@type":"CommentAction","name":"Comment","target":["https:\/\/sandzakpress.net\/arhiva\/mesihat-podrzao-muftiju-za-nosioca-liste\/#respond"]}]},{"@type":"WebPage","@id":"https:\/\/sandzakpress.net\/arhiva\/mesihat-podrzao-muftiju-za-nosioca-liste\/","url":"https:\/\/sandzakpress.net\/arhiva\/mesihat-podrzao-muftiju-za-nosioca-liste\/","name":"Me\u0161ihat podr\u017eao Muftiju za nosioca liste","isPartOf":{"@id":"https:\/\/sandzakpress.net\/arhiva\/#website"},"primaryImageOfPage":{"@id":"https:\/\/sandzakpress.net\/arhiva\/mesihat-podrzao-muftiju-za-nosioca-liste\/#primaryimage"},"image":{"@id":"https:\/\/sandzakpress.net\/arhiva\/mesihat-podrzao-muftiju-za-nosioca-liste\/#primaryimage"},"thumbnailUrl":"https:\/\/sandzakpress.net\/arhiva\/wp-content\/uploads\/2010\/04\/muftija-muamer-ef-zukorlic-bkz-1.jpg","datePublished":"2010-04-20T19:39:51+00:00","breadcrumb":{"@id":"https:\/\/sandzakpress.net\/arhiva\/mesihat-podrzao-muftiju-za-nosioca-liste\/#breadcrumb"},"inLanguage":"bs-BA","potentialAction":[{"@type":"ReadAction","target":["https:\/\/sandzakpress.net\/arhiva\/mesihat-podrzao-muftiju-za-nosioca-liste\/"]}]},{"@type":"ImageObject","inLanguage":"bs-BA","@id":"https:\/\/sandzakpress.net\/arhiva\/mesihat-podrzao-muftiju-za-nosioca-liste\/#primaryimage","url":"https:\/\/sandzakpress.net\/arhiva\/wp-content\/uploads\/2010\/04\/muftija-muamer-ef-zukorlic-bkz-1.jpg","contentUrl":"https:\/\/sandzakpress.net\/arhiva\/wp-content\/uploads\/2010\/04\/muftija-muamer-ef-zukorlic-bkz-1.jpg","width":450,"height":315},{"@type":"BreadcrumbList","@id":"https:\/\/sandzakpress.net\/arhiva\/mesihat-podrzao-muftiju-za-nosioca-liste\/#breadcrumb","itemListElement":[{"@type":"ListItem","position":1,"name":"Home","item":"https:\/\/sandzakpress.net\/arhiva\/"},{"@type":"ListItem","position":2,"name":"Me\u0161ihat podr\u017eao Muftiju za nosioca liste"}]},{"@type":"WebSite","@id":"https:\/\/sandzakpress.net\/arhiva\/#website","url":"https:\/\/sandzakpress.net\/arhiva\/","name":"Sand\u017eak PRESS","description":"Prve elektronske novine u Sand\u017eaku","publisher":{"@id":"https:\/\/sandzakpress.net\/arhiva\/#\/schema\/person\/6e72b67d6e51910a1117b3b483ba20bd"},"potentialAction":[{"@type":"SearchAction","target":{"@type":"EntryPoint","urlTemplate":"https:\/\/sandzakpress.net\/arhiva\/?s={search_term_string}"},"query-input":{"@type":"PropertyValueSpecification","valueRequired":true,"valueName":"search_term_string"}}],"inLanguage":"bs-BA"},{"@type":["Person","Organization"],"@id":"https:\/\/sandzakpress.net\/arhiva\/#\/schema\/person\/6e72b67d6e51910a1117b3b483ba20bd","name":"Kul","image":{"@type":"ImageObject","inLanguage":"bs-BA","@id":"https:\/\/sandzakpress.net\/arhiva\/#\/schema\/person\/image\/","url":"https:\/\/secure.gravatar.com\/avatar\/42263f39aa27ac04c43cab85c280eb2e?s=96&d=mm&r=pg","contentUrl":"https:\/\/secure.gravatar.com\/avatar\/42263f39aa27ac04c43cab85c280eb2e?s=96&d=mm&r=pg","caption":"Kul"},"logo":{"@id":"https:\/\/sandzakpress.net\/arhiva\/#\/schema\/person\/image\/"}},{"@type":"Person","@id":"https:\/\/sandzakpress.net\/arhiva\/#\/schema\/person\/c8baee722073534b583ea7bdb2e36c02","name":"bosniak","image":{"@type":"ImageObject","inLanguage":"bs-BA","@id":"https:\/\/sandzakpress.net\/arhiva\/#\/schema\/person\/image\/","url":"https:\/\/secure.gravatar.com\/avatar\/a04fd330bfe3a36a72a0ad4a6d89fca7?s=96&d=mm&r=pg","contentUrl":"https:\/\/secure.gravatar.com\/avatar\/a04fd330bfe3a36a72a0ad4a6d89fca7?s=96&d=mm&r=pg","caption":"bosniak"},"url":"https:\/\/sandzakpress.net\/arhiva\/author\/bosniak\/"}]}},"_links":{"self":[{"href":"https:\/\/sandzakpress.net\/arhiva\/wp-json\/wp\/v2\/posts\/3969"}],"collection":[{"href":"https:\/\/sandzakpress.net\/arhiva\/wp-json\/wp\/v2\/posts"}],"about":[{"href":"https:\/\/sandzakpress.net\/arhiva\/wp-json\/wp\/v2\/types\/post"}],"author":[{"embeddable":true,"href":"https:\/\/sandzakpress.net\/arhiva\/wp-json\/wp\/v2\/users\/83"}],"replies":[{"embeddable":true,"href":"https:\/\/sandzakpress.net\/arhiva\/wp-json\/wp\/v2\/comments?post=3969"}],"version-history":[{"count":0,"href":"https:\/\/sandzakpress.net\/arhiva\/wp-json\/wp\/v2\/posts\/3969\/revisions"}],"wp:featuredmedia":[{"embeddable":true,"href":"https:\/\/sandzakpress.net\/arhiva\/wp-json\/wp\/v2\/media\/3970"}],"wp:attachment":[{"href":"https:\/\/sandzakpress.net\/arhiva\/wp-json\/wp\/v2\/media?parent=3969"}],"wp:term":[{"taxonomy":"category","embeddable":true,"href":"https:\/\/sandzakpress.net\/arhiva\/wp-json\/wp\/v2\/categories?post=3969"},{"taxonomy":"post_tag","embeddable":true,"href":"https:\/\/sandzakpress.net\/arhiva\/wp-json\/wp\/v2\/tags?post=3969"}],"curies":[{"name":"wp","href":"https:\/\/api.w.org\/{rel}","templated":true}]}}