{"id":39686,"date":"2012-05-19T14:03:30","date_gmt":"2012-05-19T12:03:30","guid":{"rendered":"https:\/\/sandzakpress.net\/arhiva\/?p=39686"},"modified":"2012-05-19T14:03:30","modified_gmt":"2012-05-19T12:03:30","slug":"reis-fejzic-primio-mladog-hafiza-iz-plava-haka-omeragica","status":"publish","type":"post","link":"https:\/\/sandzakpress.net\/arhiva\/reis-fejzic-primio-mladog-hafiza-iz-plava-haka-omeragica\/","title":{"rendered":"Reis Fejzi\u0107 primio mladog hafiza iz Plava Haka Omeragi\u0107a"},"content":{"rendered":"<p><strong><a href=\"https:\/\/sandzakpress.net\/arhiva\/wp-content\/uploads\/2012\/05\/hako.jpg\"><img loading=\"lazy\" decoding=\"async\" class=\"alignleft size-medium wp-image-39687\" title=\"hfz. Hako\" src=\"https:\/\/sandzakpress.net\/arhiva\/wp-content\/uploads\/2012\/05\/hako-300x182.jpg\" alt=\"\" width=\"300\" height=\"182\" \/><\/a>Plav, Crna Gora\u00a0\u2013 Reis Crne Gore Rifat Fejzi\u0107 primio je u slu\u017ebenim prostorijama Me\u0161ihata IZ-e\u00a0hafiza Haka Omeragi\u0107a i imama\u00a0Muhameda Cecunjanina iz Plava.<\/strong><\/p>\n<p>Reis Fejzi\u0107 je slu\u017ebeno \u010destitao mladom hafizu na zavr\u0161enom hifzu, i naglasio potrebu za takvim kadrovima: \u201cTitula hafiza, ako isklju\u010dimo nagradu na budu\u0107em svijetu koja je za hafiza najva\u017enija, u mnogim sredinama i zemljama nije toliko zna\u010dajna koliko kod nas u Crnoj Gori, s obzirom na mali broj hafiza\u201d.<\/p>\n<p>Hafiz je iznio svoje budu\u0107e planove u pogledu studija, da \u017eeli da nastavi studije na Fakultetu islamskih nauka u Sarajevu, i da ve\u0107 po\u010detkom jula planira iza\u0107i pred komisijom za hifz Rijaseta BiH.<\/p>\n<p>Reis Fejzi\u0107 ga je ohrabrio u njegovim planovima, i istakao da su vrata Islamske zajednice uvijek oitvorena za mlade obrazovane kadrove, a pogotovo za \u010duvare plemenite knjige, i da ga posebno raduje \u0161to \u0107e svoje studije nastaviti na Fakultetu islamskih nauka u Sarajevu, kao jednom od najboljih fakulteta islamskih nauka danas u svijetu. Na FIN-u u Sarajevu ove godine \u0107e studije nastaviti i najbolji u\u010denici prve generacije maturanata medrese \u201cMehmed Fatih\u201d.<\/p>\n<p>Resi Fejzi\u0107 je hafizu obe\u0107ao stipendiju tokom cijelih studija i \u0161irom otvorena vrata u Islamskoj zajednici nakon zavr\u0161enih studija.<\/p>\n<p>Hafiz Hako Omeragi\u0107 ro\u0111en je 23.10.1993. godine u Plavu, od oca \u0160u\u0107ka i majke Selvije. Nakon osnovne \u0161kole upisao je Medresu Gazi Isa beg u Novom Pazaru. U toku \u0161kolovanja istakao se kao jedan od boljih u\u010denika, posebno iz predmata Kiraeta &#8211; u\u010denje Kur\u2019ana. U\u010destvovao je na nekoliko takmi\u010denja u\u010denja Kur\u2019ana u Novom Pazaru i Evropi, na balkanskom takmi\u010denju u\u010da\u010da Kurana organizovanom u Sarajevu osvojio je drugo mjesto. U medresi je zapo\u010deo hifz, pred muhafizom Irfanom ef. Mali\u0107em, koji je zavr\u0161io u februaru ove godine.<\/p>\n<p>Izvor: <strong>Monteislam.com<\/strong><\/p>\n","protected":false},"excerpt":{"rendered":"<p>Plav, Crna Gora\u00a0\u2013 Reis Crne Gore Rifat Fejzi\u0107 primio je u slu\u017ebenim prostorijama Me\u0161ihata IZ-e\u00a0hafiza Haka Omeragi\u0107a i imama\u00a0Muhameda Cecunjanina iz Plava. Reis Fejzi\u0107 je slu\u017ebeno \u010destitao mladom hafizu na zavr\u0161enom hifzu, i naglasio potrebu za takvim kadrovima: \u201cTitula hafiza, ako isklju\u010dimo nagradu na budu\u0107em svijetu koja je za hafiza najva\u017enija, u mnogim sredinama i [&hellip;]<\/p>\n","protected":false},"author":14,"featured_media":39687,"comment_status":"open","ping_status":"open","sticky":false,"template":"","format":"standard","meta":{"footnotes":""},"categories":[802,399],"tags":[],"class_list":{"0":"post-39686","1":"post","2":"type-post","3":"status-publish","4":"format-standard","5":"has-post-thumbnail","7":"category-islamska_zajednica","8":"category-plav_"},"yoast_head":"<!-- This site is optimized with the Yoast SEO Premium plugin v23.1 (Yoast SEO v24.9) - https:\/\/yoast.com\/wordpress\/plugins\/seo\/ -->\n<title>Reis Fejzi\u0107 primio mladog hafiza iz Plava Haka Omeragi\u0107a<\/title>\n<meta name=\"robots\" content=\"index, follow, max-snippet:-1, max-image-preview:large, max-video-preview:-1\" \/>\n<link rel=\"canonical\" href=\"https:\/\/sandzakpress.net\/arhiva\/reis-fejzic-primio-mladog-hafiza-iz-plava-haka-omeragica\/\" \/>\n<meta property=\"og:locale\" content=\"bs_BA\" \/>\n<meta property=\"og:type\" content=\"article\" \/>\n<meta property=\"og:title\" content=\"Reis Fejzi\u0107 primio mladog hafiza iz Plava Haka Omeragi\u0107a\" \/>\n<meta property=\"og:description\" content=\"Plav, Crna Gora\u00a0\u2013 Reis Crne Gore Rifat Fejzi\u0107 primio je u slu\u017ebenim prostorijama Me\u0161ihata IZ-e\u00a0hafiza Haka Omeragi\u0107a i imama\u00a0Muhameda Cecunjanina iz Plava. Reis Fejzi\u0107 je slu\u017ebeno \u010destitao mladom hafizu na zavr\u0161enom hifzu, i naglasio potrebu za takvim kadrovima: \u201cTitula hafiza, ako isklju\u010dimo nagradu na budu\u0107em svijetu koja je za hafiza najva\u017enija, u mnogim sredinama i [&hellip;]\" \/>\n<meta property=\"og:url\" content=\"https:\/\/sandzakpress.net\/arhiva\/reis-fejzic-primio-mladog-hafiza-iz-plava-haka-omeragica\/\" \/>\n<meta property=\"og:site_name\" content=\"Sand\u017eak PRESS\" \/>\n<meta property=\"article:published_time\" content=\"2012-05-19T12:03:30+00:00\" \/>\n<meta property=\"og:image\" content=\"https:\/\/sandzakpress.net\/arhiva\/wp-content\/uploads\/2012\/05\/hako.jpg\" \/>\n\t<meta property=\"og:image:width\" content=\"580\" \/>\n\t<meta property=\"og:image:height\" content=\"352\" \/>\n\t<meta property=\"og:image:type\" content=\"image\/jpeg\" \/>\n<meta name=\"twitter:card\" content=\"summary_large_image\" \/>\n<meta name=\"twitter:label1\" content=\"Written by\" \/>\n\t<meta name=\"twitter:data1\" content=\"\" \/>\n\t<meta name=\"twitter:label2\" content=\"Est. reading time\" \/>\n\t<meta name=\"twitter:data2\" content=\"2 minute\" \/>\n<script type=\"application\/ld+json\" class=\"yoast-schema-graph\">{\"@context\":\"https:\/\/schema.org\",\"@graph\":[{\"@type\":\"Article\",\"@id\":\"https:\/\/sandzakpress.net\/arhiva\/reis-fejzic-primio-mladog-hafiza-iz-plava-haka-omeragica\/#article\",\"isPartOf\":{\"@id\":\"https:\/\/sandzakpress.net\/arhiva\/reis-fejzic-primio-mladog-hafiza-iz-plava-haka-omeragica\/\"},\"author\":{\"name\":\"\",\"@id\":\"\"},\"headline\":\"Reis Fejzi\u0107 primio mladog hafiza iz Plava Haka Omeragi\u0107a\",\"datePublished\":\"2012-05-19T12:03:30+00:00\",\"mainEntityOfPage\":{\"@id\":\"https:\/\/sandzakpress.net\/arhiva\/reis-fejzic-primio-mladog-hafiza-iz-plava-haka-omeragica\/\"},\"wordCount\":323,\"commentCount\":1,\"publisher\":{\"@id\":\"https:\/\/sandzakpress.net\/arhiva\/#\/schema\/person\/6e72b67d6e51910a1117b3b483ba20bd\"},\"image\":{\"@id\":\"https:\/\/sandzakpress.net\/arhiva\/reis-fejzic-primio-mladog-hafiza-iz-plava-haka-omeragica\/#primaryimage\"},\"thumbnailUrl\":\"https:\/\/sandzakpress.net\/arhiva\/wp-content\/uploads\/2012\/05\/hako.jpg\",\"articleSection\":[\"Islamska zajednica\",\"Plav\"],\"inLanguage\":\"bs-BA\",\"potentialAction\":[{\"@type\":\"CommentAction\",\"name\":\"Comment\",\"target\":[\"https:\/\/sandzakpress.net\/arhiva\/reis-fejzic-primio-mladog-hafiza-iz-plava-haka-omeragica\/#respond\"]}]},{\"@type\":\"WebPage\",\"@id\":\"https:\/\/sandzakpress.net\/arhiva\/reis-fejzic-primio-mladog-hafiza-iz-plava-haka-omeragica\/\",\"url\":\"https:\/\/sandzakpress.net\/arhiva\/reis-fejzic-primio-mladog-hafiza-iz-plava-haka-omeragica\/\",\"name\":\"Reis Fejzi\u0107 primio mladog hafiza iz Plava Haka Omeragi\u0107a\",\"isPartOf\":{\"@id\":\"https:\/\/sandzakpress.net\/arhiva\/#website\"},\"primaryImageOfPage\":{\"@id\":\"https:\/\/sandzakpress.net\/arhiva\/reis-fejzic-primio-mladog-hafiza-iz-plava-haka-omeragica\/#primaryimage\"},\"image\":{\"@id\":\"https:\/\/sandzakpress.net\/arhiva\/reis-fejzic-primio-mladog-hafiza-iz-plava-haka-omeragica\/#primaryimage\"},\"thumbnailUrl\":\"https:\/\/sandzakpress.net\/arhiva\/wp-content\/uploads\/2012\/05\/hako.jpg\",\"datePublished\":\"2012-05-19T12:03:30+00:00\",\"breadcrumb\":{\"@id\":\"https:\/\/sandzakpress.net\/arhiva\/reis-fejzic-primio-mladog-hafiza-iz-plava-haka-omeragica\/#breadcrumb\"},\"inLanguage\":\"bs-BA\",\"potentialAction\":[{\"@type\":\"ReadAction\",\"target\":[\"https:\/\/sandzakpress.net\/arhiva\/reis-fejzic-primio-mladog-hafiza-iz-plava-haka-omeragica\/\"]}]},{\"@type\":\"ImageObject\",\"inLanguage\":\"bs-BA\",\"@id\":\"https:\/\/sandzakpress.net\/arhiva\/reis-fejzic-primio-mladog-hafiza-iz-plava-haka-omeragica\/#primaryimage\",\"url\":\"https:\/\/sandzakpress.net\/arhiva\/wp-content\/uploads\/2012\/05\/hako.jpg\",\"contentUrl\":\"https:\/\/sandzakpress.net\/arhiva\/wp-content\/uploads\/2012\/05\/hako.jpg\",\"width\":580,\"height\":352},{\"@type\":\"BreadcrumbList\",\"@id\":\"https:\/\/sandzakpress.net\/arhiva\/reis-fejzic-primio-mladog-hafiza-iz-plava-haka-omeragica\/#breadcrumb\",\"itemListElement\":[{\"@type\":\"ListItem\",\"position\":1,\"name\":\"Home\",\"item\":\"https:\/\/sandzakpress.net\/arhiva\/\"},{\"@type\":\"ListItem\",\"position\":2,\"name\":\"Reis Fejzi\u0107 primio mladog hafiza iz Plava Haka Omeragi\u0107a\"}]},{\"@type\":\"WebSite\",\"@id\":\"https:\/\/sandzakpress.net\/arhiva\/#website\",\"url\":\"https:\/\/sandzakpress.net\/arhiva\/\",\"name\":\"Sand\u017eak PRESS\",\"description\":\"Prve elektronske novine u Sand\u017eaku\",\"publisher\":{\"@id\":\"https:\/\/sandzakpress.net\/arhiva\/#\/schema\/person\/6e72b67d6e51910a1117b3b483ba20bd\"},\"potentialAction\":[{\"@type\":\"SearchAction\",\"target\":{\"@type\":\"EntryPoint\",\"urlTemplate\":\"https:\/\/sandzakpress.net\/arhiva\/?s={search_term_string}\"},\"query-input\":{\"@type\":\"PropertyValueSpecification\",\"valueRequired\":true,\"valueName\":\"search_term_string\"}}],\"inLanguage\":\"bs-BA\"},{\"@type\":[\"Person\",\"Organization\"],\"@id\":\"https:\/\/sandzakpress.net\/arhiva\/#\/schema\/person\/6e72b67d6e51910a1117b3b483ba20bd\",\"name\":\"Kul\",\"image\":{\"@type\":\"ImageObject\",\"inLanguage\":\"bs-BA\",\"@id\":\"https:\/\/sandzakpress.net\/arhiva\/#\/schema\/person\/image\/\",\"url\":\"https:\/\/secure.gravatar.com\/avatar\/42263f39aa27ac04c43cab85c280eb2e?s=96&d=mm&r=pg\",\"contentUrl\":\"https:\/\/secure.gravatar.com\/avatar\/42263f39aa27ac04c43cab85c280eb2e?s=96&d=mm&r=pg\",\"caption\":\"Kul\"},\"logo\":{\"@id\":\"https:\/\/sandzakpress.net\/arhiva\/#\/schema\/person\/image\/\"}},{\"@type\":\"Person\",\"@id\":\"\",\"url\":\"https:\/\/sandzakpress.net\/arhiva\/author\/\"}]}<\/script>\n<!-- \/ Yoast SEO Premium plugin. -->","yoast_head_json":{"title":"Reis Fejzi\u0107 primio mladog hafiza iz Plava Haka Omeragi\u0107a","robots":{"index":"index","follow":"follow","max-snippet":"max-snippet:-1","max-image-preview":"max-image-preview:large","max-video-preview":"max-video-preview:-1"},"canonical":"https:\/\/sandzakpress.net\/arhiva\/reis-fejzic-primio-mladog-hafiza-iz-plava-haka-omeragica\/","og_locale":"bs_BA","og_type":"article","og_title":"Reis Fejzi\u0107 primio mladog hafiza iz Plava Haka Omeragi\u0107a","og_description":"Plav, Crna Gora\u00a0\u2013 Reis Crne Gore Rifat Fejzi\u0107 primio je u slu\u017ebenim prostorijama Me\u0161ihata IZ-e\u00a0hafiza Haka Omeragi\u0107a i imama\u00a0Muhameda Cecunjanina iz Plava. Reis Fejzi\u0107 je slu\u017ebeno \u010destitao mladom hafizu na zavr\u0161enom hifzu, i naglasio potrebu za takvim kadrovima: \u201cTitula hafiza, ako isklju\u010dimo nagradu na budu\u0107em svijetu koja je za hafiza najva\u017enija, u mnogim sredinama i [&hellip;]","og_url":"https:\/\/sandzakpress.net\/arhiva\/reis-fejzic-primio-mladog-hafiza-iz-plava-haka-omeragica\/","og_site_name":"Sand\u017eak PRESS","article_published_time":"2012-05-19T12:03:30+00:00","og_image":[{"width":580,"height":352,"url":"https:\/\/sandzakpress.net\/arhiva\/wp-content\/uploads\/2012\/05\/hako.jpg","type":"image\/jpeg"}],"twitter_card":"summary_large_image","twitter_misc":{"Written by":"","Est. reading time":"2 minute"},"schema":{"@context":"https:\/\/schema.org","@graph":[{"@type":"Article","@id":"https:\/\/sandzakpress.net\/arhiva\/reis-fejzic-primio-mladog-hafiza-iz-plava-haka-omeragica\/#article","isPartOf":{"@id":"https:\/\/sandzakpress.net\/arhiva\/reis-fejzic-primio-mladog-hafiza-iz-plava-haka-omeragica\/"},"author":{"name":"","@id":""},"headline":"Reis Fejzi\u0107 primio mladog hafiza iz Plava Haka Omeragi\u0107a","datePublished":"2012-05-19T12:03:30+00:00","mainEntityOfPage":{"@id":"https:\/\/sandzakpress.net\/arhiva\/reis-fejzic-primio-mladog-hafiza-iz-plava-haka-omeragica\/"},"wordCount":323,"commentCount":1,"publisher":{"@id":"https:\/\/sandzakpress.net\/arhiva\/#\/schema\/person\/6e72b67d6e51910a1117b3b483ba20bd"},"image":{"@id":"https:\/\/sandzakpress.net\/arhiva\/reis-fejzic-primio-mladog-hafiza-iz-plava-haka-omeragica\/#primaryimage"},"thumbnailUrl":"https:\/\/sandzakpress.net\/arhiva\/wp-content\/uploads\/2012\/05\/hako.jpg","articleSection":["Islamska zajednica","Plav"],"inLanguage":"bs-BA","potentialAction":[{"@type":"CommentAction","name":"Comment","target":["https:\/\/sandzakpress.net\/arhiva\/reis-fejzic-primio-mladog-hafiza-iz-plava-haka-omeragica\/#respond"]}]},{"@type":"WebPage","@id":"https:\/\/sandzakpress.net\/arhiva\/reis-fejzic-primio-mladog-hafiza-iz-plava-haka-omeragica\/","url":"https:\/\/sandzakpress.net\/arhiva\/reis-fejzic-primio-mladog-hafiza-iz-plava-haka-omeragica\/","name":"Reis Fejzi\u0107 primio mladog hafiza iz Plava Haka Omeragi\u0107a","isPartOf":{"@id":"https:\/\/sandzakpress.net\/arhiva\/#website"},"primaryImageOfPage":{"@id":"https:\/\/sandzakpress.net\/arhiva\/reis-fejzic-primio-mladog-hafiza-iz-plava-haka-omeragica\/#primaryimage"},"image":{"@id":"https:\/\/sandzakpress.net\/arhiva\/reis-fejzic-primio-mladog-hafiza-iz-plava-haka-omeragica\/#primaryimage"},"thumbnailUrl":"https:\/\/sandzakpress.net\/arhiva\/wp-content\/uploads\/2012\/05\/hako.jpg","datePublished":"2012-05-19T12:03:30+00:00","breadcrumb":{"@id":"https:\/\/sandzakpress.net\/arhiva\/reis-fejzic-primio-mladog-hafiza-iz-plava-haka-omeragica\/#breadcrumb"},"inLanguage":"bs-BA","potentialAction":[{"@type":"ReadAction","target":["https:\/\/sandzakpress.net\/arhiva\/reis-fejzic-primio-mladog-hafiza-iz-plava-haka-omeragica\/"]}]},{"@type":"ImageObject","inLanguage":"bs-BA","@id":"https:\/\/sandzakpress.net\/arhiva\/reis-fejzic-primio-mladog-hafiza-iz-plava-haka-omeragica\/#primaryimage","url":"https:\/\/sandzakpress.net\/arhiva\/wp-content\/uploads\/2012\/05\/hako.jpg","contentUrl":"https:\/\/sandzakpress.net\/arhiva\/wp-content\/uploads\/2012\/05\/hako.jpg","width":580,"height":352},{"@type":"BreadcrumbList","@id":"https:\/\/sandzakpress.net\/arhiva\/reis-fejzic-primio-mladog-hafiza-iz-plava-haka-omeragica\/#breadcrumb","itemListElement":[{"@type":"ListItem","position":1,"name":"Home","item":"https:\/\/sandzakpress.net\/arhiva\/"},{"@type":"ListItem","position":2,"name":"Reis Fejzi\u0107 primio mladog hafiza iz Plava Haka Omeragi\u0107a"}]},{"@type":"WebSite","@id":"https:\/\/sandzakpress.net\/arhiva\/#website","url":"https:\/\/sandzakpress.net\/arhiva\/","name":"Sand\u017eak PRESS","description":"Prve elektronske novine u Sand\u017eaku","publisher":{"@id":"https:\/\/sandzakpress.net\/arhiva\/#\/schema\/person\/6e72b67d6e51910a1117b3b483ba20bd"},"potentialAction":[{"@type":"SearchAction","target":{"@type":"EntryPoint","urlTemplate":"https:\/\/sandzakpress.net\/arhiva\/?s={search_term_string}"},"query-input":{"@type":"PropertyValueSpecification","valueRequired":true,"valueName":"search_term_string"}}],"inLanguage":"bs-BA"},{"@type":["Person","Organization"],"@id":"https:\/\/sandzakpress.net\/arhiva\/#\/schema\/person\/6e72b67d6e51910a1117b3b483ba20bd","name":"Kul","image":{"@type":"ImageObject","inLanguage":"bs-BA","@id":"https:\/\/sandzakpress.net\/arhiva\/#\/schema\/person\/image\/","url":"https:\/\/secure.gravatar.com\/avatar\/42263f39aa27ac04c43cab85c280eb2e?s=96&d=mm&r=pg","contentUrl":"https:\/\/secure.gravatar.com\/avatar\/42263f39aa27ac04c43cab85c280eb2e?s=96&d=mm&r=pg","caption":"Kul"},"logo":{"@id":"https:\/\/sandzakpress.net\/arhiva\/#\/schema\/person\/image\/"}},{"@type":"Person","@id":"","url":"https:\/\/sandzakpress.net\/arhiva\/author\/"}]}},"_links":{"self":[{"href":"https:\/\/sandzakpress.net\/arhiva\/wp-json\/wp\/v2\/posts\/39686"}],"collection":[{"href":"https:\/\/sandzakpress.net\/arhiva\/wp-json\/wp\/v2\/posts"}],"about":[{"href":"https:\/\/sandzakpress.net\/arhiva\/wp-json\/wp\/v2\/types\/post"}],"author":[{"embeddable":true,"href":"https:\/\/sandzakpress.net\/arhiva\/wp-json\/wp\/v2\/users\/14"}],"replies":[{"embeddable":true,"href":"https:\/\/sandzakpress.net\/arhiva\/wp-json\/wp\/v2\/comments?post=39686"}],"version-history":[{"count":0,"href":"https:\/\/sandzakpress.net\/arhiva\/wp-json\/wp\/v2\/posts\/39686\/revisions"}],"wp:featuredmedia":[{"embeddable":true,"href":"https:\/\/sandzakpress.net\/arhiva\/wp-json\/wp\/v2\/media\/39687"}],"wp:attachment":[{"href":"https:\/\/sandzakpress.net\/arhiva\/wp-json\/wp\/v2\/media?parent=39686"}],"wp:term":[{"taxonomy":"category","embeddable":true,"href":"https:\/\/sandzakpress.net\/arhiva\/wp-json\/wp\/v2\/categories?post=39686"},{"taxonomy":"post_tag","embeddable":true,"href":"https:\/\/sandzakpress.net\/arhiva\/wp-json\/wp\/v2\/tags?post=39686"}],"curies":[{"name":"wp","href":"https:\/\/api.w.org\/{rel}","templated":true}]}}