{"id":39547,"date":"2012-05-17T22:45:31","date_gmt":"2012-05-17T20:45:31","guid":{"rendered":"https:\/\/sandzakpress.net\/arhiva\/?p=39547"},"modified":"2012-05-17T22:45:31","modified_gmt":"2012-05-17T20:45:31","slug":"mavric-osuden-na-30-godina-za-ubistvo-policajca","status":"publish","type":"post","link":"https:\/\/sandzakpress.net\/arhiva\/mavric-osuden-na-30-godina-za-ubistvo-policajca\/","title":{"rendered":"Mavri\u0107 osu\u0111en na 30 godina za ubistvo policajca"},"content":{"rendered":"<p><strong><a href=\"https:\/\/sandzakpress.net\/arhiva\/wp-content\/uploads\/2012\/05\/fahrudin-mavric.jpg\"><img loading=\"lazy\" decoding=\"async\" class=\"alignleft size-full wp-image-39548\" title=\"fahrudin-mavric\" src=\"https:\/\/sandzakpress.net\/arhiva\/wp-content\/uploads\/2012\/05\/fahrudin-mavric.jpg\" alt=\"\" width=\"248\" height=\"148\" \/><\/a>Novi Pazar &#8211; Sudsko ve\u0107e Vi\u0161eg suda u Novom Pazaru, kojim je predsedavao  sudija Adil Bibi\u0107, osudilo je Fahrudina Mavri\u0107a (25) na 30 godina  zatvora, zbog ubistva policajca \u017deljka Ze\u010devi\u0107a (39), koje se dogodilo  02.marta 2010. godine u Batrgama. Fahrudin Mavri\u0107 osu\u0111en je za krivi\u010dno  delo te\u0161ko ubistvo u poku\u0161aju.<\/strong><\/p>\n<p>U obrazlo\u017eenju presude, sudija Adil  Bibi\u0107 je posebno naglasio zlo\u010dina\u010dke namjere koje je osu\u0111eni Mavri\u0107  pokazivao prema Ze\u010devi\u0107u, iako ga Ze\u010devi\u0107 nije vezao lisicama, kao i  ponavljanje tih namera, prilikom otimanja oko pi\u0161tolja, koje je usledilo  po\u0161to je Mavri\u0107 izvukao pi\u0161tolj ubijenog Ze\u010devi\u0107a.<\/p>\n<p>Sudija Bibi\u0107 je tako\u0111e naglasio da je  iza Ze\u010devi\u0107a ostala porodica sa dvoje djece i da je to tako\u0111e uticalo na  odre\u0111ivanje visine kazne.<\/p>\n<p>Fahrudin Mavri\u0107 ima pravo \u017ealbe  Apelacionom sudu u Kragujevcu u roku do 15 dana od dana izricanja  presude, a vreme provedeno u pritvoru ura\u010duna\u0107e mu se u kaznu.<\/p>\n<p>Do nesre\u0107nog doga\u0111aja do\u0161lo je kada su  Mavri\u0107\u00a0 i njegov kolega Miljko Keljevi\u0107\u00a0 lomili \u010da\u0161e u kafani u selu  Jezgrovi\u0107i, zbog \u010dega je pozvana policija. Patrola, u kojoj su bili  Ze\u010devi\u0107 i Sead Ha\u010dkovi\u0107, do\u0161la je da ih upozori da prestanu da prave  nered. Kada su policijci oti\u0161li, Mavri\u0107 i Keljevi\u0107 su nastavili da piju.  Iza\u0161li su iz kafane, seli u automobil, ali su tada udarili u jedno  vozilo u blizini kafane. Na intervenciju je ponovo do\u0161la ista patrola.  Keljevi\u0107u, koji je bio agresivan prema policajcima, stavljene su lisice i  sme\u0161ten je na zadnje sjedi\u0161te slu\u017ebenog automobila. Mavri\u0107 u tom  trenutku nije pokazivao nervozu, \u0107utao je, pa ga policajci nisu vezali.  On je tako\u0111e seo na zadnje sjedi\u0161te.<\/p>\n<p>Policijski automobil kojim je upravljao  Ze\u010devi\u0107 krenuo je ka stanici u Tutinu. Me\u0111utim, u selu Batrage Mavri\u0107 je  uspeo da iz futrole koja nije imala kop\u010du izvu\u010de pi\u0161tolj Ze\u010devi\u0107u.  Odmah je repetirao pi\u0161tolj, pucao u vrat policajcu i te\u0161ko ga ranio. U  trenutku ranjavanja Ze\u010devi\u0107a slu\u017ebeni automobil je stao, a policajac  Ha\u010dkovi\u0107 je zgrabio za ruku Mavri\u0107a. Po\u010delo je guranje, ali je Mavri\u0107  uspeo da otvori vrata i istr\u010di iz automobila. Sve to vreme uhap\u0161eni  Keljevi\u0107, koji je bio vezan lisicama, nije se pomerao sa zadnjeg  sjedi\u0161ta.<\/p>\n<p>Ha\u010dkovi\u0107 je, \u017eele\u0107i da spase \u017eivot  kolegi, nastavio da vozi ka Domu zdravlja u Tutinu. Ze\u010devi\u0107 je,  na\u017ealost, preminuo prije nego \u0161to su stigli u Dom zdravlja.<\/p>\n<p>Mavri\u0107 je posle zlo\u010dina u Batragama  poku\u0161ao da zavara trag vra\u0107aju\u0107i se ka Kosovu pored jezera Ribari\u0107i.  Privremeno se sakrio u selu Star\u010devi\u0107e i po svoj prilici se spremao da  ode u Zubin Potok gdje ima ro\u0111ake.<\/p>\n<p>Uhap\u0161en je u selu Star\u010devi\u0107e, blizu administrativne linije sa  Kosovom, 05.marta 2010.godine oko 15 \u010dasova, sat vremena nakon \u0161to je u  Tutinu sahranjen ubijeni pripadnik MUP, \u017deljko Ze\u010devi\u0107.<\/p>\n<p>Izvor: <strong>Jedinstvo.tv<\/strong><\/p>\n","protected":false},"excerpt":{"rendered":"<p>Novi Pazar &#8211; Sudsko ve\u0107e Vi\u0161eg suda u Novom Pazaru, kojim je predsedavao sudija Adil Bibi\u0107, osudilo je Fahrudina Mavri\u0107a (25) na 30 godina zatvora, zbog ubistva policajca \u017deljka Ze\u010devi\u0107a (39), koje se dogodilo 02.marta 2010. godine u Batrgama. Fahrudin Mavri\u0107 osu\u0111en je za krivi\u010dno delo te\u0161ko ubistvo u poku\u0161aju. U obrazlo\u017eenju presude, sudija Adil [&hellip;]<\/p>\n","protected":false},"author":13,"featured_media":39548,"comment_status":"open","ping_status":"open","sticky":false,"template":"","format":"standard","meta":{"footnotes":""},"categories":[72,5],"tags":[],"class_list":{"0":"post-39547","1":"post","2":"type-post","3":"status-publish","4":"format-standard","5":"has-post-thumbnail","7":"category-novi-pazar","8":"category-drustvo"},"yoast_head":"<!-- This site is optimized with the Yoast SEO Premium plugin v23.1 (Yoast SEO v24.9) - https:\/\/yoast.com\/wordpress\/plugins\/seo\/ -->\n<title>Mavri\u0107 osu\u0111en na 30 godina za ubistvo policajca<\/title>\n<meta name=\"robots\" content=\"index, follow, max-snippet:-1, max-image-preview:large, max-video-preview:-1\" \/>\n<link rel=\"canonical\" href=\"https:\/\/sandzakpress.net\/arhiva\/mavric-osuden-na-30-godina-za-ubistvo-policajca\/\" \/>\n<meta property=\"og:locale\" content=\"bs_BA\" \/>\n<meta property=\"og:type\" content=\"article\" \/>\n<meta property=\"og:title\" content=\"Mavri\u0107 osu\u0111en na 30 godina za ubistvo policajca\" \/>\n<meta property=\"og:description\" content=\"Novi Pazar &#8211; Sudsko ve\u0107e Vi\u0161eg suda u Novom Pazaru, kojim je predsedavao sudija Adil Bibi\u0107, osudilo je Fahrudina Mavri\u0107a (25) na 30 godina zatvora, zbog ubistva policajca \u017deljka Ze\u010devi\u0107a (39), koje se dogodilo 02.marta 2010. godine u Batrgama. Fahrudin Mavri\u0107 osu\u0111en je za krivi\u010dno delo te\u0161ko ubistvo u poku\u0161aju. U obrazlo\u017eenju presude, sudija Adil [&hellip;]\" \/>\n<meta property=\"og:url\" content=\"https:\/\/sandzakpress.net\/arhiva\/mavric-osuden-na-30-godina-za-ubistvo-policajca\/\" \/>\n<meta property=\"og:site_name\" content=\"Sand\u017eak PRESS\" \/>\n<meta property=\"article:published_time\" content=\"2012-05-17T20:45:31+00:00\" \/>\n<meta property=\"og:image\" content=\"https:\/\/sandzakpress.net\/arhiva\/wp-content\/uploads\/2012\/05\/fahrudin-mavric.jpg\" \/>\n\t<meta property=\"og:image:width\" content=\"248\" \/>\n\t<meta property=\"og:image:height\" content=\"148\" \/>\n\t<meta property=\"og:image:type\" content=\"image\/jpeg\" \/>\n<meta name=\"twitter:card\" content=\"summary_large_image\" \/>\n<meta name=\"twitter:label1\" content=\"Written by\" \/>\n\t<meta name=\"twitter:data1\" content=\"\" \/>\n\t<meta name=\"twitter:label2\" content=\"Est. reading time\" \/>\n\t<meta name=\"twitter:data2\" content=\"3 minute\" \/>\n<script type=\"application\/ld+json\" class=\"yoast-schema-graph\">{\"@context\":\"https:\/\/schema.org\",\"@graph\":[{\"@type\":\"Article\",\"@id\":\"https:\/\/sandzakpress.net\/arhiva\/mavric-osuden-na-30-godina-za-ubistvo-policajca\/#article\",\"isPartOf\":{\"@id\":\"https:\/\/sandzakpress.net\/arhiva\/mavric-osuden-na-30-godina-za-ubistvo-policajca\/\"},\"author\":{\"name\":\"\",\"@id\":\"\"},\"headline\":\"Mavri\u0107 osu\u0111en na 30 godina za ubistvo policajca\",\"datePublished\":\"2012-05-17T20:45:31+00:00\",\"mainEntityOfPage\":{\"@id\":\"https:\/\/sandzakpress.net\/arhiva\/mavric-osuden-na-30-godina-za-ubistvo-policajca\/\"},\"wordCount\":526,\"commentCount\":18,\"publisher\":{\"@id\":\"https:\/\/sandzakpress.net\/arhiva\/#\/schema\/person\/6e72b67d6e51910a1117b3b483ba20bd\"},\"image\":{\"@id\":\"https:\/\/sandzakpress.net\/arhiva\/mavric-osuden-na-30-godina-za-ubistvo-policajca\/#primaryimage\"},\"thumbnailUrl\":\"https:\/\/sandzakpress.net\/arhiva\/wp-content\/uploads\/2012\/05\/fahrudin-mavric.jpg\",\"articleSection\":[\"Novi Pazar\",\"Dru\u0161tvo\"],\"inLanguage\":\"bs-BA\",\"potentialAction\":[{\"@type\":\"CommentAction\",\"name\":\"Comment\",\"target\":[\"https:\/\/sandzakpress.net\/arhiva\/mavric-osuden-na-30-godina-za-ubistvo-policajca\/#respond\"]}]},{\"@type\":\"WebPage\",\"@id\":\"https:\/\/sandzakpress.net\/arhiva\/mavric-osuden-na-30-godina-za-ubistvo-policajca\/\",\"url\":\"https:\/\/sandzakpress.net\/arhiva\/mavric-osuden-na-30-godina-za-ubistvo-policajca\/\",\"name\":\"Mavri\u0107 osu\u0111en na 30 godina za ubistvo policajca\",\"isPartOf\":{\"@id\":\"https:\/\/sandzakpress.net\/arhiva\/#website\"},\"primaryImageOfPage\":{\"@id\":\"https:\/\/sandzakpress.net\/arhiva\/mavric-osuden-na-30-godina-za-ubistvo-policajca\/#primaryimage\"},\"image\":{\"@id\":\"https:\/\/sandzakpress.net\/arhiva\/mavric-osuden-na-30-godina-za-ubistvo-policajca\/#primaryimage\"},\"thumbnailUrl\":\"https:\/\/sandzakpress.net\/arhiva\/wp-content\/uploads\/2012\/05\/fahrudin-mavric.jpg\",\"datePublished\":\"2012-05-17T20:45:31+00:00\",\"breadcrumb\":{\"@id\":\"https:\/\/sandzakpress.net\/arhiva\/mavric-osuden-na-30-godina-za-ubistvo-policajca\/#breadcrumb\"},\"inLanguage\":\"bs-BA\",\"potentialAction\":[{\"@type\":\"ReadAction\",\"target\":[\"https:\/\/sandzakpress.net\/arhiva\/mavric-osuden-na-30-godina-za-ubistvo-policajca\/\"]}]},{\"@type\":\"ImageObject\",\"inLanguage\":\"bs-BA\",\"@id\":\"https:\/\/sandzakpress.net\/arhiva\/mavric-osuden-na-30-godina-za-ubistvo-policajca\/#primaryimage\",\"url\":\"https:\/\/sandzakpress.net\/arhiva\/wp-content\/uploads\/2012\/05\/fahrudin-mavric.jpg\",\"contentUrl\":\"https:\/\/sandzakpress.net\/arhiva\/wp-content\/uploads\/2012\/05\/fahrudin-mavric.jpg\",\"width\":248,\"height\":148},{\"@type\":\"BreadcrumbList\",\"@id\":\"https:\/\/sandzakpress.net\/arhiva\/mavric-osuden-na-30-godina-za-ubistvo-policajca\/#breadcrumb\",\"itemListElement\":[{\"@type\":\"ListItem\",\"position\":1,\"name\":\"Home\",\"item\":\"https:\/\/sandzakpress.net\/arhiva\/\"},{\"@type\":\"ListItem\",\"position\":2,\"name\":\"Mavri\u0107 osu\u0111en na 30 godina za ubistvo policajca\"}]},{\"@type\":\"WebSite\",\"@id\":\"https:\/\/sandzakpress.net\/arhiva\/#website\",\"url\":\"https:\/\/sandzakpress.net\/arhiva\/\",\"name\":\"Sand\u017eak PRESS\",\"description\":\"Prve elektronske novine u Sand\u017eaku\",\"publisher\":{\"@id\":\"https:\/\/sandzakpress.net\/arhiva\/#\/schema\/person\/6e72b67d6e51910a1117b3b483ba20bd\"},\"potentialAction\":[{\"@type\":\"SearchAction\",\"target\":{\"@type\":\"EntryPoint\",\"urlTemplate\":\"https:\/\/sandzakpress.net\/arhiva\/?s={search_term_string}\"},\"query-input\":{\"@type\":\"PropertyValueSpecification\",\"valueRequired\":true,\"valueName\":\"search_term_string\"}}],\"inLanguage\":\"bs-BA\"},{\"@type\":[\"Person\",\"Organization\"],\"@id\":\"https:\/\/sandzakpress.net\/arhiva\/#\/schema\/person\/6e72b67d6e51910a1117b3b483ba20bd\",\"name\":\"Kul\",\"image\":{\"@type\":\"ImageObject\",\"inLanguage\":\"bs-BA\",\"@id\":\"https:\/\/sandzakpress.net\/arhiva\/#\/schema\/person\/image\/\",\"url\":\"https:\/\/secure.gravatar.com\/avatar\/42263f39aa27ac04c43cab85c280eb2e?s=96&d=mm&r=pg\",\"contentUrl\":\"https:\/\/secure.gravatar.com\/avatar\/42263f39aa27ac04c43cab85c280eb2e?s=96&d=mm&r=pg\",\"caption\":\"Kul\"},\"logo\":{\"@id\":\"https:\/\/sandzakpress.net\/arhiva\/#\/schema\/person\/image\/\"}},{\"@type\":\"Person\",\"@id\":\"\",\"url\":\"https:\/\/sandzakpress.net\/arhiva\/author\/\"}]}<\/script>\n<!-- \/ Yoast SEO Premium plugin. -->","yoast_head_json":{"title":"Mavri\u0107 osu\u0111en na 30 godina za ubistvo policajca","robots":{"index":"index","follow":"follow","max-snippet":"max-snippet:-1","max-image-preview":"max-image-preview:large","max-video-preview":"max-video-preview:-1"},"canonical":"https:\/\/sandzakpress.net\/arhiva\/mavric-osuden-na-30-godina-za-ubistvo-policajca\/","og_locale":"bs_BA","og_type":"article","og_title":"Mavri\u0107 osu\u0111en na 30 godina za ubistvo policajca","og_description":"Novi Pazar &#8211; Sudsko ve\u0107e Vi\u0161eg suda u Novom Pazaru, kojim je predsedavao sudija Adil Bibi\u0107, osudilo je Fahrudina Mavri\u0107a (25) na 30 godina zatvora, zbog ubistva policajca \u017deljka Ze\u010devi\u0107a (39), koje se dogodilo 02.marta 2010. godine u Batrgama. Fahrudin Mavri\u0107 osu\u0111en je za krivi\u010dno delo te\u0161ko ubistvo u poku\u0161aju. U obrazlo\u017eenju presude, sudija Adil [&hellip;]","og_url":"https:\/\/sandzakpress.net\/arhiva\/mavric-osuden-na-30-godina-za-ubistvo-policajca\/","og_site_name":"Sand\u017eak PRESS","article_published_time":"2012-05-17T20:45:31+00:00","og_image":[{"width":248,"height":148,"url":"https:\/\/sandzakpress.net\/arhiva\/wp-content\/uploads\/2012\/05\/fahrudin-mavric.jpg","type":"image\/jpeg"}],"twitter_card":"summary_large_image","twitter_misc":{"Written by":"","Est. reading time":"3 minute"},"schema":{"@context":"https:\/\/schema.org","@graph":[{"@type":"Article","@id":"https:\/\/sandzakpress.net\/arhiva\/mavric-osuden-na-30-godina-za-ubistvo-policajca\/#article","isPartOf":{"@id":"https:\/\/sandzakpress.net\/arhiva\/mavric-osuden-na-30-godina-za-ubistvo-policajca\/"},"author":{"name":"","@id":""},"headline":"Mavri\u0107 osu\u0111en na 30 godina za ubistvo policajca","datePublished":"2012-05-17T20:45:31+00:00","mainEntityOfPage":{"@id":"https:\/\/sandzakpress.net\/arhiva\/mavric-osuden-na-30-godina-za-ubistvo-policajca\/"},"wordCount":526,"commentCount":18,"publisher":{"@id":"https:\/\/sandzakpress.net\/arhiva\/#\/schema\/person\/6e72b67d6e51910a1117b3b483ba20bd"},"image":{"@id":"https:\/\/sandzakpress.net\/arhiva\/mavric-osuden-na-30-godina-za-ubistvo-policajca\/#primaryimage"},"thumbnailUrl":"https:\/\/sandzakpress.net\/arhiva\/wp-content\/uploads\/2012\/05\/fahrudin-mavric.jpg","articleSection":["Novi Pazar","Dru\u0161tvo"],"inLanguage":"bs-BA","potentialAction":[{"@type":"CommentAction","name":"Comment","target":["https:\/\/sandzakpress.net\/arhiva\/mavric-osuden-na-30-godina-za-ubistvo-policajca\/#respond"]}]},{"@type":"WebPage","@id":"https:\/\/sandzakpress.net\/arhiva\/mavric-osuden-na-30-godina-za-ubistvo-policajca\/","url":"https:\/\/sandzakpress.net\/arhiva\/mavric-osuden-na-30-godina-za-ubistvo-policajca\/","name":"Mavri\u0107 osu\u0111en na 30 godina za ubistvo policajca","isPartOf":{"@id":"https:\/\/sandzakpress.net\/arhiva\/#website"},"primaryImageOfPage":{"@id":"https:\/\/sandzakpress.net\/arhiva\/mavric-osuden-na-30-godina-za-ubistvo-policajca\/#primaryimage"},"image":{"@id":"https:\/\/sandzakpress.net\/arhiva\/mavric-osuden-na-30-godina-za-ubistvo-policajca\/#primaryimage"},"thumbnailUrl":"https:\/\/sandzakpress.net\/arhiva\/wp-content\/uploads\/2012\/05\/fahrudin-mavric.jpg","datePublished":"2012-05-17T20:45:31+00:00","breadcrumb":{"@id":"https:\/\/sandzakpress.net\/arhiva\/mavric-osuden-na-30-godina-za-ubistvo-policajca\/#breadcrumb"},"inLanguage":"bs-BA","potentialAction":[{"@type":"ReadAction","target":["https:\/\/sandzakpress.net\/arhiva\/mavric-osuden-na-30-godina-za-ubistvo-policajca\/"]}]},{"@type":"ImageObject","inLanguage":"bs-BA","@id":"https:\/\/sandzakpress.net\/arhiva\/mavric-osuden-na-30-godina-za-ubistvo-policajca\/#primaryimage","url":"https:\/\/sandzakpress.net\/arhiva\/wp-content\/uploads\/2012\/05\/fahrudin-mavric.jpg","contentUrl":"https:\/\/sandzakpress.net\/arhiva\/wp-content\/uploads\/2012\/05\/fahrudin-mavric.jpg","width":248,"height":148},{"@type":"BreadcrumbList","@id":"https:\/\/sandzakpress.net\/arhiva\/mavric-osuden-na-30-godina-za-ubistvo-policajca\/#breadcrumb","itemListElement":[{"@type":"ListItem","position":1,"name":"Home","item":"https:\/\/sandzakpress.net\/arhiva\/"},{"@type":"ListItem","position":2,"name":"Mavri\u0107 osu\u0111en na 30 godina za ubistvo policajca"}]},{"@type":"WebSite","@id":"https:\/\/sandzakpress.net\/arhiva\/#website","url":"https:\/\/sandzakpress.net\/arhiva\/","name":"Sand\u017eak PRESS","description":"Prve elektronske novine u Sand\u017eaku","publisher":{"@id":"https:\/\/sandzakpress.net\/arhiva\/#\/schema\/person\/6e72b67d6e51910a1117b3b483ba20bd"},"potentialAction":[{"@type":"SearchAction","target":{"@type":"EntryPoint","urlTemplate":"https:\/\/sandzakpress.net\/arhiva\/?s={search_term_string}"},"query-input":{"@type":"PropertyValueSpecification","valueRequired":true,"valueName":"search_term_string"}}],"inLanguage":"bs-BA"},{"@type":["Person","Organization"],"@id":"https:\/\/sandzakpress.net\/arhiva\/#\/schema\/person\/6e72b67d6e51910a1117b3b483ba20bd","name":"Kul","image":{"@type":"ImageObject","inLanguage":"bs-BA","@id":"https:\/\/sandzakpress.net\/arhiva\/#\/schema\/person\/image\/","url":"https:\/\/secure.gravatar.com\/avatar\/42263f39aa27ac04c43cab85c280eb2e?s=96&d=mm&r=pg","contentUrl":"https:\/\/secure.gravatar.com\/avatar\/42263f39aa27ac04c43cab85c280eb2e?s=96&d=mm&r=pg","caption":"Kul"},"logo":{"@id":"https:\/\/sandzakpress.net\/arhiva\/#\/schema\/person\/image\/"}},{"@type":"Person","@id":"","url":"https:\/\/sandzakpress.net\/arhiva\/author\/"}]}},"_links":{"self":[{"href":"https:\/\/sandzakpress.net\/arhiva\/wp-json\/wp\/v2\/posts\/39547"}],"collection":[{"href":"https:\/\/sandzakpress.net\/arhiva\/wp-json\/wp\/v2\/posts"}],"about":[{"href":"https:\/\/sandzakpress.net\/arhiva\/wp-json\/wp\/v2\/types\/post"}],"author":[{"embeddable":true,"href":"https:\/\/sandzakpress.net\/arhiva\/wp-json\/wp\/v2\/users\/13"}],"replies":[{"embeddable":true,"href":"https:\/\/sandzakpress.net\/arhiva\/wp-json\/wp\/v2\/comments?post=39547"}],"version-history":[{"count":0,"href":"https:\/\/sandzakpress.net\/arhiva\/wp-json\/wp\/v2\/posts\/39547\/revisions"}],"wp:featuredmedia":[{"embeddable":true,"href":"https:\/\/sandzakpress.net\/arhiva\/wp-json\/wp\/v2\/media\/39548"}],"wp:attachment":[{"href":"https:\/\/sandzakpress.net\/arhiva\/wp-json\/wp\/v2\/media?parent=39547"}],"wp:term":[{"taxonomy":"category","embeddable":true,"href":"https:\/\/sandzakpress.net\/arhiva\/wp-json\/wp\/v2\/categories?post=39547"},{"taxonomy":"post_tag","embeddable":true,"href":"https:\/\/sandzakpress.net\/arhiva\/wp-json\/wp\/v2\/tags?post=39547"}],"curies":[{"name":"wp","href":"https:\/\/api.w.org\/{rel}","templated":true}]}}