{"id":39518,"date":"2012-05-17T18:36:17","date_gmt":"2012-05-17T16:36:17","guid":{"rendered":"https:\/\/sandzakpress.net\/arhiva\/?p=39518"},"modified":"2012-05-17T18:37:16","modified_gmt":"2012-05-17T16:37:16","slug":"39518","status":"publish","type":"post","link":"https:\/\/sandzakpress.net\/arhiva\/39518\/","title":{"rendered":"SEDA dobila akreditaciju"},"content":{"rendered":"<p><a href=\"https:\/\/sandzakpress.net\/arhiva\/wp-content\/uploads\/2012\/05\/sedaakreditacija000000011.jpg\"><img loading=\"lazy\" decoding=\"async\" class=\"alignleft size-medium wp-image-39519\" title=\"sedaakreditacija000000011\" src=\"https:\/\/sandzakpress.net\/arhiva\/wp-content\/uploads\/2012\/05\/sedaakreditacija000000011-300x240.jpg\" alt=\"\" width=\"300\" height=\"240\" \/><\/a><strong>Sjeverni Sand\u017eak -Regionalna Razvojna Agencija Sand\u017eaka \u201cSEDA\u201d je akreditovana od strane Ministarstva ekonomije i regionalnog razvoja Republike Srbije i Nacionalne Agencije za Regionalni Razvoj 07. marta 2012. godine za obavljanje poslova razvoja i unapre\u0111enja regionalnog razvoja u Regionu \u0160umadije i Zapadne \u00a0Srbije na period od dve godine. <\/strong><\/p>\n<p><strong> <\/strong>ARRA znak je \u00a0uru\u010dio \u00a0Direktor Nacionalne Agencije za Regionalni Razvoj Gospodin Ivica E\u017edenci, stoji u saop\u0161tenju koje je dostavljeno na\u0161oj redakciji.<\/p>\n<div id=\"_mcePaste\">Sve\u010danoj dodeli \u00a0su \u00a0prisustvovali osniva\u010di Agencije \u201cSEDA\u201d, glavni partneri i saradnici, kao i predstavnici Delegacije Evropske Unije u Republici Srbiji, predstavnici me\u0111unarodnih programa i organizacija, Regionalnih Razvojnih Agencija, Vladinih i Ne-vladinih organizacija, kao i predstavnici gradskih vlasti i Op\u0161tina, ka\u017ee se na kraju saop\u0161tenja.<\/div>\n<p>Regionalna Razvojna Agencija Sand\u017eaka \u201cSEDA\u201d je akreditovana od strane Ministarstva ekonomije i regionalnog razvoja Republike Srbije i Nacionalne Agencije za Regionalni Razvoj 07. marta 2012. godine za obavljanje poslova razvoja i unapre\u0111enja regionalnog razvoja u Regionu \u0160umadije i Zapadne \u00a0Srbije na period od dve godine. ARRA znak je \u00a0uru\u010dio \u00a0Direktor Nacionalne Agencije za Regionalni Razvoj Gospodin Ivica E\u017edenci, stoji u saop\u0161tenju koje je dostavljeno na\u0161oj redakciji.<br \/>\nSve\u010danoj dodeli \u00a0su \u00a0prisustvovali osniva\u010di Agencije \u201cSEDA\u201d, glavni partneri i saradnici, kao i predstavnici Delegacije Evropske Unije u Republici Srbiji, predstavnici me\u0111unarodnih programa i organizacija, Regionalnih Razvojnih Agencija, Vladinih i Ne-vladinih organizacija, kao i predstavnici gradskih vlasti i Op\u0161tina, ka\u017ee se na kraju saop\u0161tenja.<\/p>\n<p>Izvor: <strong>Jedinstvo.tv<\/strong><\/p>\n","protected":false},"excerpt":{"rendered":"<p>Sjeverni Sand\u017eak -Regionalna Razvojna Agencija Sand\u017eaka \u201cSEDA\u201d je akreditovana od strane Ministarstva ekonomije i regionalnog razvoja Republike Srbije i Nacionalne Agencije za Regionalni Razvoj 07. marta 2012. godine za obavljanje poslova razvoja i unapre\u0111enja regionalnog razvoja u Regionu \u0160umadije i Zapadne \u00a0Srbije na period od dve godine. ARRA znak je \u00a0uru\u010dio \u00a0Direktor Nacionalne Agencije za [&hellip;]<\/p>\n","protected":false},"author":16,"featured_media":39519,"comment_status":"open","ping_status":"open","sticky":false,"template":"","format":"standard","meta":{"footnotes":""},"categories":[72,52,327,392,3,393,394],"tags":[],"class_list":{"0":"post-39518","1":"post","2":"type-post","3":"status-publish","4":"format-standard","5":"has-post-thumbnail","7":"category-novi-pazar","8":"category-sjenica","9":"category-tutin","10":"category-prijepolje_","11":"category-privreda","12":"category-priboj","13":"category-nova-varos"},"yoast_head":"<!-- This site is optimized with the Yoast SEO Premium plugin v23.1 (Yoast SEO v24.9) - https:\/\/yoast.com\/wordpress\/plugins\/seo\/ -->\n<title>SEDA dobila akreditaciju<\/title>\n<meta name=\"robots\" content=\"index, follow, max-snippet:-1, max-image-preview:large, max-video-preview:-1\" \/>\n<link rel=\"canonical\" href=\"https:\/\/sandzakpress.net\/arhiva\/39518\/\" \/>\n<meta property=\"og:locale\" content=\"bs_BA\" \/>\n<meta property=\"og:type\" content=\"article\" \/>\n<meta property=\"og:title\" content=\"SEDA dobila akreditaciju\" \/>\n<meta property=\"og:description\" content=\"Sjeverni Sand\u017eak -Regionalna Razvojna Agencija Sand\u017eaka \u201cSEDA\u201d je akreditovana od strane Ministarstva ekonomije i regionalnog razvoja Republike Srbije i Nacionalne Agencije za Regionalni Razvoj 07. marta 2012. godine za obavljanje poslova razvoja i unapre\u0111enja regionalnog razvoja u Regionu \u0160umadije i Zapadne \u00a0Srbije na period od dve godine. ARRA znak je \u00a0uru\u010dio \u00a0Direktor Nacionalne Agencije za [&hellip;]\" \/>\n<meta property=\"og:url\" content=\"https:\/\/sandzakpress.net\/arhiva\/39518\/\" \/>\n<meta property=\"og:site_name\" content=\"Sand\u017eak PRESS\" \/>\n<meta property=\"article:published_time\" content=\"2012-05-17T16:36:17+00:00\" \/>\n<meta property=\"article:modified_time\" content=\"2012-05-17T16:37:16+00:00\" \/>\n<meta property=\"og:image\" content=\"https:\/\/sandzakpress.net\/arhiva\/wp-content\/uploads\/2012\/05\/sedaakreditacija000000011.jpg\" \/>\n\t<meta property=\"og:image:width\" content=\"616\" \/>\n\t<meta property=\"og:image:height\" content=\"493\" \/>\n\t<meta property=\"og:image:type\" content=\"image\/jpeg\" \/>\n<meta name=\"twitter:card\" content=\"summary_large_image\" \/>\n<meta name=\"twitter:label1\" content=\"Written by\" \/>\n\t<meta name=\"twitter:data1\" content=\"\" \/>\n\t<meta name=\"twitter:label2\" content=\"Est. reading time\" \/>\n\t<meta name=\"twitter:data2\" content=\"1 minuta\" \/>\n<script type=\"application\/ld+json\" class=\"yoast-schema-graph\">{\"@context\":\"https:\/\/schema.org\",\"@graph\":[{\"@type\":\"Article\",\"@id\":\"https:\/\/sandzakpress.net\/arhiva\/39518\/#article\",\"isPartOf\":{\"@id\":\"https:\/\/sandzakpress.net\/arhiva\/39518\/\"},\"author\":{\"name\":\"\",\"@id\":\"\"},\"headline\":\"SEDA dobila akreditaciju\",\"datePublished\":\"2012-05-17T16:36:17+00:00\",\"dateModified\":\"2012-05-17T16:37:16+00:00\",\"mainEntityOfPage\":{\"@id\":\"https:\/\/sandzakpress.net\/arhiva\/39518\/\"},\"wordCount\":249,\"commentCount\":0,\"publisher\":{\"@id\":\"https:\/\/sandzakpress.net\/arhiva\/#\/schema\/person\/6e72b67d6e51910a1117b3b483ba20bd\"},\"image\":{\"@id\":\"https:\/\/sandzakpress.net\/arhiva\/39518\/#primaryimage\"},\"thumbnailUrl\":\"https:\/\/sandzakpress.net\/arhiva\/wp-content\/uploads\/2012\/05\/sedaakreditacija000000011.jpg\",\"articleSection\":[\"Novi Pazar\",\"Sjenica\",\"Tutin\",\"Prijepolje\",\"Privreda\",\"Priboj\",\"Nova Varo\u0161\"],\"inLanguage\":\"bs-BA\",\"potentialAction\":[{\"@type\":\"CommentAction\",\"name\":\"Comment\",\"target\":[\"https:\/\/sandzakpress.net\/arhiva\/39518\/#respond\"]}]},{\"@type\":\"WebPage\",\"@id\":\"https:\/\/sandzakpress.net\/arhiva\/39518\/\",\"url\":\"https:\/\/sandzakpress.net\/arhiva\/39518\/\",\"name\":\"SEDA dobila akreditaciju\",\"isPartOf\":{\"@id\":\"https:\/\/sandzakpress.net\/arhiva\/#website\"},\"primaryImageOfPage\":{\"@id\":\"https:\/\/sandzakpress.net\/arhiva\/39518\/#primaryimage\"},\"image\":{\"@id\":\"https:\/\/sandzakpress.net\/arhiva\/39518\/#primaryimage\"},\"thumbnailUrl\":\"https:\/\/sandzakpress.net\/arhiva\/wp-content\/uploads\/2012\/05\/sedaakreditacija000000011.jpg\",\"datePublished\":\"2012-05-17T16:36:17+00:00\",\"dateModified\":\"2012-05-17T16:37:16+00:00\",\"breadcrumb\":{\"@id\":\"https:\/\/sandzakpress.net\/arhiva\/39518\/#breadcrumb\"},\"inLanguage\":\"bs-BA\",\"potentialAction\":[{\"@type\":\"ReadAction\",\"target\":[\"https:\/\/sandzakpress.net\/arhiva\/39518\/\"]}]},{\"@type\":\"ImageObject\",\"inLanguage\":\"bs-BA\",\"@id\":\"https:\/\/sandzakpress.net\/arhiva\/39518\/#primaryimage\",\"url\":\"https:\/\/sandzakpress.net\/arhiva\/wp-content\/uploads\/2012\/05\/sedaakreditacija000000011.jpg\",\"contentUrl\":\"https:\/\/sandzakpress.net\/arhiva\/wp-content\/uploads\/2012\/05\/sedaakreditacija000000011.jpg\",\"width\":616,\"height\":493},{\"@type\":\"BreadcrumbList\",\"@id\":\"https:\/\/sandzakpress.net\/arhiva\/39518\/#breadcrumb\",\"itemListElement\":[{\"@type\":\"ListItem\",\"position\":1,\"name\":\"Home\",\"item\":\"https:\/\/sandzakpress.net\/arhiva\/\"},{\"@type\":\"ListItem\",\"position\":2,\"name\":\"SEDA dobila akreditaciju\"}]},{\"@type\":\"WebSite\",\"@id\":\"https:\/\/sandzakpress.net\/arhiva\/#website\",\"url\":\"https:\/\/sandzakpress.net\/arhiva\/\",\"name\":\"Sand\u017eak PRESS\",\"description\":\"Prve elektronske novine u Sand\u017eaku\",\"publisher\":{\"@id\":\"https:\/\/sandzakpress.net\/arhiva\/#\/schema\/person\/6e72b67d6e51910a1117b3b483ba20bd\"},\"potentialAction\":[{\"@type\":\"SearchAction\",\"target\":{\"@type\":\"EntryPoint\",\"urlTemplate\":\"https:\/\/sandzakpress.net\/arhiva\/?s={search_term_string}\"},\"query-input\":{\"@type\":\"PropertyValueSpecification\",\"valueRequired\":true,\"valueName\":\"search_term_string\"}}],\"inLanguage\":\"bs-BA\"},{\"@type\":[\"Person\",\"Organization\"],\"@id\":\"https:\/\/sandzakpress.net\/arhiva\/#\/schema\/person\/6e72b67d6e51910a1117b3b483ba20bd\",\"name\":\"Kul\",\"image\":{\"@type\":\"ImageObject\",\"inLanguage\":\"bs-BA\",\"@id\":\"https:\/\/sandzakpress.net\/arhiva\/#\/schema\/person\/image\/\",\"url\":\"https:\/\/secure.gravatar.com\/avatar\/42263f39aa27ac04c43cab85c280eb2e?s=96&d=mm&r=pg\",\"contentUrl\":\"https:\/\/secure.gravatar.com\/avatar\/42263f39aa27ac04c43cab85c280eb2e?s=96&d=mm&r=pg\",\"caption\":\"Kul\"},\"logo\":{\"@id\":\"https:\/\/sandzakpress.net\/arhiva\/#\/schema\/person\/image\/\"}},{\"@type\":\"Person\",\"@id\":\"\",\"url\":\"https:\/\/sandzakpress.net\/arhiva\/author\/\"}]}<\/script>\n<!-- \/ Yoast SEO Premium plugin. -->","yoast_head_json":{"title":"SEDA dobila akreditaciju","robots":{"index":"index","follow":"follow","max-snippet":"max-snippet:-1","max-image-preview":"max-image-preview:large","max-video-preview":"max-video-preview:-1"},"canonical":"https:\/\/sandzakpress.net\/arhiva\/39518\/","og_locale":"bs_BA","og_type":"article","og_title":"SEDA dobila akreditaciju","og_description":"Sjeverni Sand\u017eak -Regionalna Razvojna Agencija Sand\u017eaka \u201cSEDA\u201d je akreditovana od strane Ministarstva ekonomije i regionalnog razvoja Republike Srbije i Nacionalne Agencije za Regionalni Razvoj 07. marta 2012. godine za obavljanje poslova razvoja i unapre\u0111enja regionalnog razvoja u Regionu \u0160umadije i Zapadne \u00a0Srbije na period od dve godine. ARRA znak je \u00a0uru\u010dio \u00a0Direktor Nacionalne Agencije za [&hellip;]","og_url":"https:\/\/sandzakpress.net\/arhiva\/39518\/","og_site_name":"Sand\u017eak PRESS","article_published_time":"2012-05-17T16:36:17+00:00","article_modified_time":"2012-05-17T16:37:16+00:00","og_image":[{"width":616,"height":493,"url":"https:\/\/sandzakpress.net\/arhiva\/wp-content\/uploads\/2012\/05\/sedaakreditacija000000011.jpg","type":"image\/jpeg"}],"twitter_card":"summary_large_image","twitter_misc":{"Written by":"","Est. reading time":"1 minuta"},"schema":{"@context":"https:\/\/schema.org","@graph":[{"@type":"Article","@id":"https:\/\/sandzakpress.net\/arhiva\/39518\/#article","isPartOf":{"@id":"https:\/\/sandzakpress.net\/arhiva\/39518\/"},"author":{"name":"","@id":""},"headline":"SEDA dobila akreditaciju","datePublished":"2012-05-17T16:36:17+00:00","dateModified":"2012-05-17T16:37:16+00:00","mainEntityOfPage":{"@id":"https:\/\/sandzakpress.net\/arhiva\/39518\/"},"wordCount":249,"commentCount":0,"publisher":{"@id":"https:\/\/sandzakpress.net\/arhiva\/#\/schema\/person\/6e72b67d6e51910a1117b3b483ba20bd"},"image":{"@id":"https:\/\/sandzakpress.net\/arhiva\/39518\/#primaryimage"},"thumbnailUrl":"https:\/\/sandzakpress.net\/arhiva\/wp-content\/uploads\/2012\/05\/sedaakreditacija000000011.jpg","articleSection":["Novi Pazar","Sjenica","Tutin","Prijepolje","Privreda","Priboj","Nova Varo\u0161"],"inLanguage":"bs-BA","potentialAction":[{"@type":"CommentAction","name":"Comment","target":["https:\/\/sandzakpress.net\/arhiva\/39518\/#respond"]}]},{"@type":"WebPage","@id":"https:\/\/sandzakpress.net\/arhiva\/39518\/","url":"https:\/\/sandzakpress.net\/arhiva\/39518\/","name":"SEDA dobila akreditaciju","isPartOf":{"@id":"https:\/\/sandzakpress.net\/arhiva\/#website"},"primaryImageOfPage":{"@id":"https:\/\/sandzakpress.net\/arhiva\/39518\/#primaryimage"},"image":{"@id":"https:\/\/sandzakpress.net\/arhiva\/39518\/#primaryimage"},"thumbnailUrl":"https:\/\/sandzakpress.net\/arhiva\/wp-content\/uploads\/2012\/05\/sedaakreditacija000000011.jpg","datePublished":"2012-05-17T16:36:17+00:00","dateModified":"2012-05-17T16:37:16+00:00","breadcrumb":{"@id":"https:\/\/sandzakpress.net\/arhiva\/39518\/#breadcrumb"},"inLanguage":"bs-BA","potentialAction":[{"@type":"ReadAction","target":["https:\/\/sandzakpress.net\/arhiva\/39518\/"]}]},{"@type":"ImageObject","inLanguage":"bs-BA","@id":"https:\/\/sandzakpress.net\/arhiva\/39518\/#primaryimage","url":"https:\/\/sandzakpress.net\/arhiva\/wp-content\/uploads\/2012\/05\/sedaakreditacija000000011.jpg","contentUrl":"https:\/\/sandzakpress.net\/arhiva\/wp-content\/uploads\/2012\/05\/sedaakreditacija000000011.jpg","width":616,"height":493},{"@type":"BreadcrumbList","@id":"https:\/\/sandzakpress.net\/arhiva\/39518\/#breadcrumb","itemListElement":[{"@type":"ListItem","position":1,"name":"Home","item":"https:\/\/sandzakpress.net\/arhiva\/"},{"@type":"ListItem","position":2,"name":"SEDA dobila akreditaciju"}]},{"@type":"WebSite","@id":"https:\/\/sandzakpress.net\/arhiva\/#website","url":"https:\/\/sandzakpress.net\/arhiva\/","name":"Sand\u017eak PRESS","description":"Prve elektronske novine u Sand\u017eaku","publisher":{"@id":"https:\/\/sandzakpress.net\/arhiva\/#\/schema\/person\/6e72b67d6e51910a1117b3b483ba20bd"},"potentialAction":[{"@type":"SearchAction","target":{"@type":"EntryPoint","urlTemplate":"https:\/\/sandzakpress.net\/arhiva\/?s={search_term_string}"},"query-input":{"@type":"PropertyValueSpecification","valueRequired":true,"valueName":"search_term_string"}}],"inLanguage":"bs-BA"},{"@type":["Person","Organization"],"@id":"https:\/\/sandzakpress.net\/arhiva\/#\/schema\/person\/6e72b67d6e51910a1117b3b483ba20bd","name":"Kul","image":{"@type":"ImageObject","inLanguage":"bs-BA","@id":"https:\/\/sandzakpress.net\/arhiva\/#\/schema\/person\/image\/","url":"https:\/\/secure.gravatar.com\/avatar\/42263f39aa27ac04c43cab85c280eb2e?s=96&d=mm&r=pg","contentUrl":"https:\/\/secure.gravatar.com\/avatar\/42263f39aa27ac04c43cab85c280eb2e?s=96&d=mm&r=pg","caption":"Kul"},"logo":{"@id":"https:\/\/sandzakpress.net\/arhiva\/#\/schema\/person\/image\/"}},{"@type":"Person","@id":"","url":"https:\/\/sandzakpress.net\/arhiva\/author\/"}]}},"_links":{"self":[{"href":"https:\/\/sandzakpress.net\/arhiva\/wp-json\/wp\/v2\/posts\/39518"}],"collection":[{"href":"https:\/\/sandzakpress.net\/arhiva\/wp-json\/wp\/v2\/posts"}],"about":[{"href":"https:\/\/sandzakpress.net\/arhiva\/wp-json\/wp\/v2\/types\/post"}],"author":[{"embeddable":true,"href":"https:\/\/sandzakpress.net\/arhiva\/wp-json\/wp\/v2\/users\/16"}],"replies":[{"embeddable":true,"href":"https:\/\/sandzakpress.net\/arhiva\/wp-json\/wp\/v2\/comments?post=39518"}],"version-history":[{"count":0,"href":"https:\/\/sandzakpress.net\/arhiva\/wp-json\/wp\/v2\/posts\/39518\/revisions"}],"wp:featuredmedia":[{"embeddable":true,"href":"https:\/\/sandzakpress.net\/arhiva\/wp-json\/wp\/v2\/media\/39519"}],"wp:attachment":[{"href":"https:\/\/sandzakpress.net\/arhiva\/wp-json\/wp\/v2\/media?parent=39518"}],"wp:term":[{"taxonomy":"category","embeddable":true,"href":"https:\/\/sandzakpress.net\/arhiva\/wp-json\/wp\/v2\/categories?post=39518"},{"taxonomy":"post_tag","embeddable":true,"href":"https:\/\/sandzakpress.net\/arhiva\/wp-json\/wp\/v2\/tags?post=39518"}],"curies":[{"name":"wp","href":"https:\/\/api.w.org\/{rel}","templated":true}]}}