{"id":39388,"date":"2012-05-16T16:04:50","date_gmt":"2012-05-16T14:04:50","guid":{"rendered":"https:\/\/sandzakpress.net\/arhiva\/?p=39388"},"modified":"2012-05-16T16:04:50","modified_gmt":"2012-05-16T14:04:50","slug":"apel-muftije-zukorlica-udruzimo-se-u-alijansu-protiv-politickog-kriminala","status":"publish","type":"post","link":"https:\/\/sandzakpress.net\/arhiva\/apel-muftije-zukorlica-udruzimo-se-u-alijansu-protiv-politickog-kriminala\/","title":{"rendered":"Apel Muftije Zukorli\u0107a: Udru\u017eimo se u Alijansu protiv politi\u010dkog kriminala"},"content":{"rendered":"<p><a href=\"https:\/\/sandzakpress.net\/arhiva\/wp-content\/uploads\/2012\/05\/01.jpg\"><img loading=\"lazy\" decoding=\"async\" class=\"alignleft size-medium wp-image-39389\" title=\"01\" src=\"https:\/\/sandzakpress.net\/arhiva\/wp-content\/uploads\/2012\/05\/01-211x300.jpg\" alt=\"\" width=\"211\" height=\"300\" \/><\/a>Polaze\u0107i od uvjerenja da je sloboda neprikosnovena ljudska vrijednost;<\/p>\n<p>Svjestan da se sloboda ne daje ve\u0107 osvaja;<\/p>\n<p>Ubije\u0111en da dr\u017eava i dru\u0161tvo klize prema ponoru politi\u010dkog i medijskog monopola;<\/p>\n<p>Uvjeren da je sloboda izbora neosporni postulat demokratije;<\/p>\n<p>Odlu\u010dan da branim individualna i kolektivna prava i slobode ljudi;<\/p>\n<p>Pozivam sve gra\u0111ane i gra\u0111anke Srbije koji vjeruju u ideal slobode, bez obzira na politi\u010dke, ideolo\u0161ke, socijalne, etni\u010dke i konfesionalne razlike da se udru\u017eimo u<\/p>\n<p style=\"text-align: center;\"><strong>ALIJANSU PROTIV POLITI\u010cKOG KRIMINALA<!--more--><\/strong><\/p>\n<p>Dvanaest godina nakon petog oktobra, umjesto najavljenih promjena, dr\u017eava i dru\u0161tvo su pod punom kontrolom sprege politike i kriminala. Skoro svi uticajni mediji, uklju\u010duju\u0107i i javni servis, kontrolisani su od vladaju\u0107e politi\u010dko-finansijske oligarhije, dok je ono malo opozicionih medija pod pritiskom bez ozbiljne \u0161anse dostupnosti gra\u0111anima. Masovna kra\u0111a na proteklim izborima na svim nivoima i beskrupulozna kupovina glasova predstavljaju posljednje upozorenje od opasnosti potpunog kraha slobode i demokratije u Srbiji.<\/p>\n<p>Vjerujem da je ovo neodlo\u017eni trenutak da se svi gra\u0111ani, a posebno slobodni pripadnici svih elita u ovoj zemlji, okupe oko zajedni\u010dkog cilja i poka\u017eu da je vrijednost slobode ja\u010da od svih razlika!<\/p>\n<p style=\"text-align: center;\">U Novom Pazaru, 16. 5. 2012. godine<\/p>\n<p style=\"text-align: right;\"><strong>Muftija Muamer ef. Zukorli\u0107<\/strong><\/p>\n","protected":false},"excerpt":{"rendered":"<p>Polaze\u0107i od uvjerenja da je sloboda neprikosnovena ljudska vrijednost; Svjestan da se sloboda ne daje ve\u0107 osvaja; Ubije\u0111en da dr\u017eava i dru\u0161tvo klize prema ponoru politi\u010dkog i medijskog monopola; Uvjeren da je sloboda izbora neosporni postulat demokratije; Odlu\u010dan da branim individualna i kolektivna prava i slobode ljudi; Pozivam sve gra\u0111ane i gra\u0111anke Srbije koji vjeruju [&hellip;]<\/p>\n","protected":false},"author":83,"featured_media":39389,"comment_status":"open","ping_status":"open","sticky":false,"template":"","format":"standard","meta":{"footnotes":""},"categories":[72,800],"tags":[],"class_list":{"0":"post-39388","1":"post","2":"type-post","3":"status-publish","4":"format-standard","5":"has-post-thumbnail","7":"category-novi-pazar","8":"category-nacija"},"yoast_head":"<!-- This site is optimized with the Yoast SEO Premium plugin v23.1 (Yoast SEO v24.9) - https:\/\/yoast.com\/wordpress\/plugins\/seo\/ -->\n<title>Apel Muftije Zukorli\u0107a: Udru\u017eimo se u Alijansu protiv politi\u010dkog kriminala<\/title>\n<meta name=\"robots\" content=\"index, follow, max-snippet:-1, max-image-preview:large, max-video-preview:-1\" \/>\n<link rel=\"canonical\" href=\"https:\/\/sandzakpress.net\/arhiva\/apel-muftije-zukorlica-udruzimo-se-u-alijansu-protiv-politickog-kriminala\/\" \/>\n<meta property=\"og:locale\" content=\"bs_BA\" \/>\n<meta property=\"og:type\" content=\"article\" \/>\n<meta property=\"og:title\" content=\"Apel Muftije Zukorli\u0107a: Udru\u017eimo se u Alijansu protiv politi\u010dkog kriminala\" \/>\n<meta property=\"og:description\" content=\"Polaze\u0107i od uvjerenja da je sloboda neprikosnovena ljudska vrijednost; Svjestan da se sloboda ne daje ve\u0107 osvaja; Ubije\u0111en da dr\u017eava i dru\u0161tvo klize prema ponoru politi\u010dkog i medijskog monopola; Uvjeren da je sloboda izbora neosporni postulat demokratije; Odlu\u010dan da branim individualna i kolektivna prava i slobode ljudi; Pozivam sve gra\u0111ane i gra\u0111anke Srbije koji vjeruju [&hellip;]\" \/>\n<meta property=\"og:url\" content=\"https:\/\/sandzakpress.net\/arhiva\/apel-muftije-zukorlica-udruzimo-se-u-alijansu-protiv-politickog-kriminala\/\" \/>\n<meta property=\"og:site_name\" content=\"Sand\u017eak PRESS\" \/>\n<meta property=\"article:published_time\" content=\"2012-05-16T14:04:50+00:00\" \/>\n<meta property=\"og:image\" content=\"https:\/\/sandzakpress.net\/arhiva\/wp-content\/uploads\/2012\/05\/01.jpg\" \/>\n\t<meta property=\"og:image:width\" content=\"565\" \/>\n\t<meta property=\"og:image:height\" content=\"800\" \/>\n\t<meta property=\"og:image:type\" content=\"image\/jpeg\" \/>\n<meta name=\"author\" content=\"bosniak\" \/>\n<meta name=\"twitter:card\" content=\"summary_large_image\" \/>\n<meta name=\"twitter:label1\" content=\"Written by\" \/>\n\t<meta name=\"twitter:data1\" content=\"bosniak\" \/>\n\t<meta name=\"twitter:label2\" content=\"Est. reading time\" \/>\n\t<meta name=\"twitter:data2\" content=\"1 minuta\" \/>\n<script type=\"application\/ld+json\" class=\"yoast-schema-graph\">{\"@context\":\"https:\/\/schema.org\",\"@graph\":[{\"@type\":\"Article\",\"@id\":\"https:\/\/sandzakpress.net\/arhiva\/apel-muftije-zukorlica-udruzimo-se-u-alijansu-protiv-politickog-kriminala\/#article\",\"isPartOf\":{\"@id\":\"https:\/\/sandzakpress.net\/arhiva\/apel-muftije-zukorlica-udruzimo-se-u-alijansu-protiv-politickog-kriminala\/\"},\"author\":{\"name\":\"bosniak\",\"@id\":\"https:\/\/sandzakpress.net\/arhiva\/#\/schema\/person\/c8baee722073534b583ea7bdb2e36c02\"},\"headline\":\"Apel Muftije Zukorli\u0107a: Udru\u017eimo se u Alijansu protiv politi\u010dkog kriminala\",\"datePublished\":\"2012-05-16T14:04:50+00:00\",\"mainEntityOfPage\":{\"@id\":\"https:\/\/sandzakpress.net\/arhiva\/apel-muftije-zukorlica-udruzimo-se-u-alijansu-protiv-politickog-kriminala\/\"},\"wordCount\":226,\"commentCount\":14,\"publisher\":{\"@id\":\"https:\/\/sandzakpress.net\/arhiva\/#\/schema\/person\/6e72b67d6e51910a1117b3b483ba20bd\"},\"image\":{\"@id\":\"https:\/\/sandzakpress.net\/arhiva\/apel-muftije-zukorlica-udruzimo-se-u-alijansu-protiv-politickog-kriminala\/#primaryimage\"},\"thumbnailUrl\":\"https:\/\/sandzakpress.net\/arhiva\/wp-content\/uploads\/2012\/05\/01.jpg\",\"articleSection\":[\"Novi Pazar\",\"Nacija\"],\"inLanguage\":\"bs-BA\",\"potentialAction\":[{\"@type\":\"CommentAction\",\"name\":\"Comment\",\"target\":[\"https:\/\/sandzakpress.net\/arhiva\/apel-muftije-zukorlica-udruzimo-se-u-alijansu-protiv-politickog-kriminala\/#respond\"]}]},{\"@type\":\"WebPage\",\"@id\":\"https:\/\/sandzakpress.net\/arhiva\/apel-muftije-zukorlica-udruzimo-se-u-alijansu-protiv-politickog-kriminala\/\",\"url\":\"https:\/\/sandzakpress.net\/arhiva\/apel-muftije-zukorlica-udruzimo-se-u-alijansu-protiv-politickog-kriminala\/\",\"name\":\"Apel Muftije Zukorli\u0107a: Udru\u017eimo se u Alijansu protiv politi\u010dkog kriminala\",\"isPartOf\":{\"@id\":\"https:\/\/sandzakpress.net\/arhiva\/#website\"},\"primaryImageOfPage\":{\"@id\":\"https:\/\/sandzakpress.net\/arhiva\/apel-muftije-zukorlica-udruzimo-se-u-alijansu-protiv-politickog-kriminala\/#primaryimage\"},\"image\":{\"@id\":\"https:\/\/sandzakpress.net\/arhiva\/apel-muftije-zukorlica-udruzimo-se-u-alijansu-protiv-politickog-kriminala\/#primaryimage\"},\"thumbnailUrl\":\"https:\/\/sandzakpress.net\/arhiva\/wp-content\/uploads\/2012\/05\/01.jpg\",\"datePublished\":\"2012-05-16T14:04:50+00:00\",\"breadcrumb\":{\"@id\":\"https:\/\/sandzakpress.net\/arhiva\/apel-muftije-zukorlica-udruzimo-se-u-alijansu-protiv-politickog-kriminala\/#breadcrumb\"},\"inLanguage\":\"bs-BA\",\"potentialAction\":[{\"@type\":\"ReadAction\",\"target\":[\"https:\/\/sandzakpress.net\/arhiva\/apel-muftije-zukorlica-udruzimo-se-u-alijansu-protiv-politickog-kriminala\/\"]}]},{\"@type\":\"ImageObject\",\"inLanguage\":\"bs-BA\",\"@id\":\"https:\/\/sandzakpress.net\/arhiva\/apel-muftije-zukorlica-udruzimo-se-u-alijansu-protiv-politickog-kriminala\/#primaryimage\",\"url\":\"https:\/\/sandzakpress.net\/arhiva\/wp-content\/uploads\/2012\/05\/01.jpg\",\"contentUrl\":\"https:\/\/sandzakpress.net\/arhiva\/wp-content\/uploads\/2012\/05\/01.jpg\",\"width\":565,\"height\":800},{\"@type\":\"BreadcrumbList\",\"@id\":\"https:\/\/sandzakpress.net\/arhiva\/apel-muftije-zukorlica-udruzimo-se-u-alijansu-protiv-politickog-kriminala\/#breadcrumb\",\"itemListElement\":[{\"@type\":\"ListItem\",\"position\":1,\"name\":\"Home\",\"item\":\"https:\/\/sandzakpress.net\/arhiva\/\"},{\"@type\":\"ListItem\",\"position\":2,\"name\":\"Apel Muftije Zukorli\u0107a: Udru\u017eimo se u Alijansu protiv politi\u010dkog kriminala\"}]},{\"@type\":\"WebSite\",\"@id\":\"https:\/\/sandzakpress.net\/arhiva\/#website\",\"url\":\"https:\/\/sandzakpress.net\/arhiva\/\",\"name\":\"Sand\u017eak PRESS\",\"description\":\"Prve elektronske novine u Sand\u017eaku\",\"publisher\":{\"@id\":\"https:\/\/sandzakpress.net\/arhiva\/#\/schema\/person\/6e72b67d6e51910a1117b3b483ba20bd\"},\"potentialAction\":[{\"@type\":\"SearchAction\",\"target\":{\"@type\":\"EntryPoint\",\"urlTemplate\":\"https:\/\/sandzakpress.net\/arhiva\/?s={search_term_string}\"},\"query-input\":{\"@type\":\"PropertyValueSpecification\",\"valueRequired\":true,\"valueName\":\"search_term_string\"}}],\"inLanguage\":\"bs-BA\"},{\"@type\":[\"Person\",\"Organization\"],\"@id\":\"https:\/\/sandzakpress.net\/arhiva\/#\/schema\/person\/6e72b67d6e51910a1117b3b483ba20bd\",\"name\":\"Kul\",\"image\":{\"@type\":\"ImageObject\",\"inLanguage\":\"bs-BA\",\"@id\":\"https:\/\/sandzakpress.net\/arhiva\/#\/schema\/person\/image\/\",\"url\":\"https:\/\/secure.gravatar.com\/avatar\/42263f39aa27ac04c43cab85c280eb2e?s=96&d=mm&r=pg\",\"contentUrl\":\"https:\/\/secure.gravatar.com\/avatar\/42263f39aa27ac04c43cab85c280eb2e?s=96&d=mm&r=pg\",\"caption\":\"Kul\"},\"logo\":{\"@id\":\"https:\/\/sandzakpress.net\/arhiva\/#\/schema\/person\/image\/\"}},{\"@type\":\"Person\",\"@id\":\"https:\/\/sandzakpress.net\/arhiva\/#\/schema\/person\/c8baee722073534b583ea7bdb2e36c02\",\"name\":\"bosniak\",\"image\":{\"@type\":\"ImageObject\",\"inLanguage\":\"bs-BA\",\"@id\":\"https:\/\/sandzakpress.net\/arhiva\/#\/schema\/person\/image\/\",\"url\":\"https:\/\/secure.gravatar.com\/avatar\/a04fd330bfe3a36a72a0ad4a6d89fca7?s=96&d=mm&r=pg\",\"contentUrl\":\"https:\/\/secure.gravatar.com\/avatar\/a04fd330bfe3a36a72a0ad4a6d89fca7?s=96&d=mm&r=pg\",\"caption\":\"bosniak\"},\"url\":\"https:\/\/sandzakpress.net\/arhiva\/author\/bosniak\/\"}]}<\/script>\n<!-- \/ Yoast SEO Premium plugin. -->","yoast_head_json":{"title":"Apel Muftije Zukorli\u0107a: Udru\u017eimo se u Alijansu protiv politi\u010dkog kriminala","robots":{"index":"index","follow":"follow","max-snippet":"max-snippet:-1","max-image-preview":"max-image-preview:large","max-video-preview":"max-video-preview:-1"},"canonical":"https:\/\/sandzakpress.net\/arhiva\/apel-muftije-zukorlica-udruzimo-se-u-alijansu-protiv-politickog-kriminala\/","og_locale":"bs_BA","og_type":"article","og_title":"Apel Muftije Zukorli\u0107a: Udru\u017eimo se u Alijansu protiv politi\u010dkog kriminala","og_description":"Polaze\u0107i od uvjerenja da je sloboda neprikosnovena ljudska vrijednost; Svjestan da se sloboda ne daje ve\u0107 osvaja; Ubije\u0111en da dr\u017eava i dru\u0161tvo klize prema ponoru politi\u010dkog i medijskog monopola; Uvjeren da je sloboda izbora neosporni postulat demokratije; Odlu\u010dan da branim individualna i kolektivna prava i slobode ljudi; Pozivam sve gra\u0111ane i gra\u0111anke Srbije koji vjeruju [&hellip;]","og_url":"https:\/\/sandzakpress.net\/arhiva\/apel-muftije-zukorlica-udruzimo-se-u-alijansu-protiv-politickog-kriminala\/","og_site_name":"Sand\u017eak PRESS","article_published_time":"2012-05-16T14:04:50+00:00","og_image":[{"width":565,"height":800,"url":"https:\/\/sandzakpress.net\/arhiva\/wp-content\/uploads\/2012\/05\/01.jpg","type":"image\/jpeg"}],"author":"bosniak","twitter_card":"summary_large_image","twitter_misc":{"Written by":"bosniak","Est. reading time":"1 minuta"},"schema":{"@context":"https:\/\/schema.org","@graph":[{"@type":"Article","@id":"https:\/\/sandzakpress.net\/arhiva\/apel-muftije-zukorlica-udruzimo-se-u-alijansu-protiv-politickog-kriminala\/#article","isPartOf":{"@id":"https:\/\/sandzakpress.net\/arhiva\/apel-muftije-zukorlica-udruzimo-se-u-alijansu-protiv-politickog-kriminala\/"},"author":{"name":"bosniak","@id":"https:\/\/sandzakpress.net\/arhiva\/#\/schema\/person\/c8baee722073534b583ea7bdb2e36c02"},"headline":"Apel Muftije Zukorli\u0107a: Udru\u017eimo se u Alijansu protiv politi\u010dkog kriminala","datePublished":"2012-05-16T14:04:50+00:00","mainEntityOfPage":{"@id":"https:\/\/sandzakpress.net\/arhiva\/apel-muftije-zukorlica-udruzimo-se-u-alijansu-protiv-politickog-kriminala\/"},"wordCount":226,"commentCount":14,"publisher":{"@id":"https:\/\/sandzakpress.net\/arhiva\/#\/schema\/person\/6e72b67d6e51910a1117b3b483ba20bd"},"image":{"@id":"https:\/\/sandzakpress.net\/arhiva\/apel-muftije-zukorlica-udruzimo-se-u-alijansu-protiv-politickog-kriminala\/#primaryimage"},"thumbnailUrl":"https:\/\/sandzakpress.net\/arhiva\/wp-content\/uploads\/2012\/05\/01.jpg","articleSection":["Novi Pazar","Nacija"],"inLanguage":"bs-BA","potentialAction":[{"@type":"CommentAction","name":"Comment","target":["https:\/\/sandzakpress.net\/arhiva\/apel-muftije-zukorlica-udruzimo-se-u-alijansu-protiv-politickog-kriminala\/#respond"]}]},{"@type":"WebPage","@id":"https:\/\/sandzakpress.net\/arhiva\/apel-muftije-zukorlica-udruzimo-se-u-alijansu-protiv-politickog-kriminala\/","url":"https:\/\/sandzakpress.net\/arhiva\/apel-muftije-zukorlica-udruzimo-se-u-alijansu-protiv-politickog-kriminala\/","name":"Apel Muftije Zukorli\u0107a: Udru\u017eimo se u Alijansu protiv politi\u010dkog kriminala","isPartOf":{"@id":"https:\/\/sandzakpress.net\/arhiva\/#website"},"primaryImageOfPage":{"@id":"https:\/\/sandzakpress.net\/arhiva\/apel-muftije-zukorlica-udruzimo-se-u-alijansu-protiv-politickog-kriminala\/#primaryimage"},"image":{"@id":"https:\/\/sandzakpress.net\/arhiva\/apel-muftije-zukorlica-udruzimo-se-u-alijansu-protiv-politickog-kriminala\/#primaryimage"},"thumbnailUrl":"https:\/\/sandzakpress.net\/arhiva\/wp-content\/uploads\/2012\/05\/01.jpg","datePublished":"2012-05-16T14:04:50+00:00","breadcrumb":{"@id":"https:\/\/sandzakpress.net\/arhiva\/apel-muftije-zukorlica-udruzimo-se-u-alijansu-protiv-politickog-kriminala\/#breadcrumb"},"inLanguage":"bs-BA","potentialAction":[{"@type":"ReadAction","target":["https:\/\/sandzakpress.net\/arhiva\/apel-muftije-zukorlica-udruzimo-se-u-alijansu-protiv-politickog-kriminala\/"]}]},{"@type":"ImageObject","inLanguage":"bs-BA","@id":"https:\/\/sandzakpress.net\/arhiva\/apel-muftije-zukorlica-udruzimo-se-u-alijansu-protiv-politickog-kriminala\/#primaryimage","url":"https:\/\/sandzakpress.net\/arhiva\/wp-content\/uploads\/2012\/05\/01.jpg","contentUrl":"https:\/\/sandzakpress.net\/arhiva\/wp-content\/uploads\/2012\/05\/01.jpg","width":565,"height":800},{"@type":"BreadcrumbList","@id":"https:\/\/sandzakpress.net\/arhiva\/apel-muftije-zukorlica-udruzimo-se-u-alijansu-protiv-politickog-kriminala\/#breadcrumb","itemListElement":[{"@type":"ListItem","position":1,"name":"Home","item":"https:\/\/sandzakpress.net\/arhiva\/"},{"@type":"ListItem","position":2,"name":"Apel Muftije Zukorli\u0107a: Udru\u017eimo se u Alijansu protiv politi\u010dkog kriminala"}]},{"@type":"WebSite","@id":"https:\/\/sandzakpress.net\/arhiva\/#website","url":"https:\/\/sandzakpress.net\/arhiva\/","name":"Sand\u017eak PRESS","description":"Prve elektronske novine u Sand\u017eaku","publisher":{"@id":"https:\/\/sandzakpress.net\/arhiva\/#\/schema\/person\/6e72b67d6e51910a1117b3b483ba20bd"},"potentialAction":[{"@type":"SearchAction","target":{"@type":"EntryPoint","urlTemplate":"https:\/\/sandzakpress.net\/arhiva\/?s={search_term_string}"},"query-input":{"@type":"PropertyValueSpecification","valueRequired":true,"valueName":"search_term_string"}}],"inLanguage":"bs-BA"},{"@type":["Person","Organization"],"@id":"https:\/\/sandzakpress.net\/arhiva\/#\/schema\/person\/6e72b67d6e51910a1117b3b483ba20bd","name":"Kul","image":{"@type":"ImageObject","inLanguage":"bs-BA","@id":"https:\/\/sandzakpress.net\/arhiva\/#\/schema\/person\/image\/","url":"https:\/\/secure.gravatar.com\/avatar\/42263f39aa27ac04c43cab85c280eb2e?s=96&d=mm&r=pg","contentUrl":"https:\/\/secure.gravatar.com\/avatar\/42263f39aa27ac04c43cab85c280eb2e?s=96&d=mm&r=pg","caption":"Kul"},"logo":{"@id":"https:\/\/sandzakpress.net\/arhiva\/#\/schema\/person\/image\/"}},{"@type":"Person","@id":"https:\/\/sandzakpress.net\/arhiva\/#\/schema\/person\/c8baee722073534b583ea7bdb2e36c02","name":"bosniak","image":{"@type":"ImageObject","inLanguage":"bs-BA","@id":"https:\/\/sandzakpress.net\/arhiva\/#\/schema\/person\/image\/","url":"https:\/\/secure.gravatar.com\/avatar\/a04fd330bfe3a36a72a0ad4a6d89fca7?s=96&d=mm&r=pg","contentUrl":"https:\/\/secure.gravatar.com\/avatar\/a04fd330bfe3a36a72a0ad4a6d89fca7?s=96&d=mm&r=pg","caption":"bosniak"},"url":"https:\/\/sandzakpress.net\/arhiva\/author\/bosniak\/"}]}},"_links":{"self":[{"href":"https:\/\/sandzakpress.net\/arhiva\/wp-json\/wp\/v2\/posts\/39388"}],"collection":[{"href":"https:\/\/sandzakpress.net\/arhiva\/wp-json\/wp\/v2\/posts"}],"about":[{"href":"https:\/\/sandzakpress.net\/arhiva\/wp-json\/wp\/v2\/types\/post"}],"author":[{"embeddable":true,"href":"https:\/\/sandzakpress.net\/arhiva\/wp-json\/wp\/v2\/users\/83"}],"replies":[{"embeddable":true,"href":"https:\/\/sandzakpress.net\/arhiva\/wp-json\/wp\/v2\/comments?post=39388"}],"version-history":[{"count":0,"href":"https:\/\/sandzakpress.net\/arhiva\/wp-json\/wp\/v2\/posts\/39388\/revisions"}],"wp:featuredmedia":[{"embeddable":true,"href":"https:\/\/sandzakpress.net\/arhiva\/wp-json\/wp\/v2\/media\/39389"}],"wp:attachment":[{"href":"https:\/\/sandzakpress.net\/arhiva\/wp-json\/wp\/v2\/media?parent=39388"}],"wp:term":[{"taxonomy":"category","embeddable":true,"href":"https:\/\/sandzakpress.net\/arhiva\/wp-json\/wp\/v2\/categories?post=39388"},{"taxonomy":"post_tag","embeddable":true,"href":"https:\/\/sandzakpress.net\/arhiva\/wp-json\/wp\/v2\/tags?post=39388"}],"curies":[{"name":"wp","href":"https:\/\/api.w.org\/{rel}","templated":true}]}}